{"id":7367,"date":"2018-01-18T12:42:00","date_gmt":"2018-01-18T11:42:00","guid":{"rendered":"http:\/\/kommentatorenblog.de\/?p=7367"},"modified":"2021-03-07T13:01:36","modified_gmt":"2021-03-07T12:01:36","slug":"kommentatorenblog-921-schnelldurchlauf","status":"publish","type":"post","link":"https:\/\/kommentatorenblog.de\/?p=7367","title":{"rendered":"[Kommentatorenblog #921] \u2013 Schnelldurchlauf"},"content":{"rendered":"\n<p>(Beitrag von Frederik, reposted von Nico)<\/p>\n\n\n\n<p>N\u2019Abend allerseits!<\/p>\n\n\n\n<p>Heute nur ein Schnelldurchlauf. M\u00f6gliche Fehler bitten wir zu entschuldigen. Sch\u00f6nes Wochenende!<\/p>\n\n\n\n<p><em><strong>Die Ansetzungen vom 19. Januar 2017 bis 22. Januar 2018<\/strong><\/em><\/p>\n\n\n\n<p><em><strong>Bundesliga, 19. Spieltag<\/strong><\/em><\/p>\n\n\n\n<p>Freitag, 19. Januar 2018, ab 19.30 Uhr (Eurosport 2 Xtra)<\/p>\n\n\n\n<p><em><strong>Hertha BSC \u2013 Borussia Dortmund (20.30 Uhr)<\/strong><\/em><\/p>\n\n\n\n<ul class=\"wp-block-list\"><li>Eurosport 2 Xtra: Marco Hagemann<\/li><\/ul>\n\n\n\n<p>Moderation (Eurosport 2 Xtra): Jan Henkel; Experte: Matthias Sammer<\/p>\n\n\n\n<p>Samstag, 20. Januar 2018, ab 13.00 Uhr (Sky)<\/p>\n\n\n\n<p><em><strong>Borussia M\u2019gladbach \u2013 FC Augsburg (15.30 Uhr)<\/strong><\/em><\/p>\n\n\n\n<ul class=\"wp-block-list\"><li>Sky: Tom Bayer (Einzelspiel), Jonas Friedrich (Konferenz)<\/li><\/ul>\n\n\n\n<p><em><strong>VfL Wolfsburg \u2013 Eintracht Frankfurt (15.30 Uhr)<\/strong><\/em><\/p>\n\n\n\n<ul class=\"wp-block-list\"><li>Sky: Michael Born (Einzelspiel), Oliver Seidler (Konferenz)<\/li><\/ul>\n\n\n\n<p><em><strong>1. FSV Mainz 05 \u2013 VfB Stuttgart (15.30 Uhr)<\/strong><\/em><\/p>\n\n\n\n<ul class=\"wp-block-list\"><li>Sky: Florian Schmidt-Sommerfeld (Einzelspiel), Roland Evers (Konferenz)<\/li><\/ul>\n\n\n\n<p><em><strong>SC Freiburg \u2013 RB Leipzig (15.30 Uhr)<\/strong><\/em><\/p>\n\n\n\n<ul class=\"wp-block-list\"><li>Sky: Holger Pfandt (Einzelspiel), Toni Tomic (Konferenz)<\/li><\/ul>\n\n\n\n<p><em><strong>1899 Hoffenheim \u2013 Bayer Leverkusen (15.30 Uhr)<\/strong><\/em><\/p>\n\n\n\n<ul class=\"wp-block-list\"><li>Sky: Marcus Lindemann (Einzelspiel), Wolff Fuss (Konferenz)<\/li><\/ul>\n\n\n\n<p>ab 17.30 Uhr (Sky)<\/p>\n\n\n\n<p><em><strong>Hamburger SV \u2013 1. FC K\u00f6ln (18.30 Uhr)<\/strong><\/em><\/p>\n\n\n\n<ul class=\"wp-block-list\"><li>Sky: Martin Gro\u00df<\/li><\/ul>\n\n\n\n<p>Moderation (Sky): Esther Sedlaczek &amp; Yannick Erkenbrecher; Experten: Lothar Matth\u00e4us, Christoph Metzelder &amp; Reiner Calmund<\/p>\n\n\n\n<p>Sonntag, 21. Januar 2018, ab 14.30 Uhr (Sky)<\/p>\n\n\n\n<p><em><strong>FC Bayern M\u00fcnchen \u2013 Werder Bremen (15.30 Uhr)<\/strong><\/em><\/p>\n\n\n\n<ul class=\"wp-block-list\"><li>Sky: Kai Dittmann<\/li><\/ul>\n\n\n\n<p>ab 17.30 Uhr (Sky)<\/p>\n\n\n\n<p><em><strong>FC Schalke 04 \u2013 Hannover 96 (18.00 Uhr)<\/strong><\/em><\/p>\n\n\n\n<ul class=\"wp-block-list\"><li>Sky: Wolff Fuss<\/li><\/ul>\n\n\n\n<p>Moderation (Sky): Michael Leopold; Experte: Dietmar Hamann<\/p>\n\n\n\n<hr class=\"wp-block-separator\"\/>\n\n\n\n<p><strong><em>3<\/em><\/strong><em><strong>. Liga, 21. Spieltag<\/strong><\/em>Samstag, 20. Januar 2018, ab 13.45 Uhr (Telekom Sport)<\/p>\n\n\n\n<p><em><strong>SV Wehen-Wiesbaden \u2013 VfL Osnabr\u00fcck (14.00 Uhr)<\/strong><\/em><\/p>\n\n\n\n<ul class=\"wp-block-list\"><li>Telekom Sport: Markus H\u00f6hner<\/li><\/ul>\n\n\n\n<p>Moderation (Telekom Sport): Thomas Wagner<\/p>\n\n\n\n<p><em><strong>Hallescher FC \u2013 VfR Aalen (14.00 Uhr)<\/strong><\/em><\/p>\n\n\n\n<ul class=\"wp-block-list\"><li>Telekom Sport: Alexander K\u00fcpper<\/li><\/ul>\n\n\n\n<p>Moderation (Telekom Sport): Anett Sattler<\/p>\n\n\n\n<p><em><strong>Chemnitzer FC \u2013 SC Paderborn 07 (14.00 Uhr)<\/strong><\/em><\/p>\n\n\n\n<ul class=\"wp-block-list\"><li>Telekom Sport: Andreas Mann<\/li><\/ul>\n\n\n\n<p>Moderation (Telekom Sport): Stefanie Blochwitz<\/p>\n\n\n\n<p><em><strong>Sportfreunde Lotte \u2013 FSV Zwickau (14.00 Uhr)<\/strong><\/em><\/p>\n\n\n\n<ul class=\"wp-block-list\"><li>Telekom Sport: S\u00f6nke Sievers<\/li><\/ul>\n\n\n\n<p>Moderation (Telekom Sport): Cedric Pick<\/p>\n\n\n\n<p>jeweils ab ca. 13.55 Uhr (Telekom Sport, SWR, BR, MDR, NDR &amp; WDR)<\/p>\n\n\n\n<p><em><strong>Karlsruher SC \u2013 SpVgg Unterhaching (14.00 Uhr)<\/strong><\/em><\/p>\n\n\n\n<ul class=\"wp-block-list\"><li>SWR: Martin Maib\u00fccher<\/li><li>BR: ???<\/li><li>Telekom Sport: Alexander Klich<\/li><\/ul>\n\n\n\n<p>Moderation (SWR): ???<br>Moderation (BR): Dominik Vischer<\/p>\n\n\n\n<p><em><strong>Fortuna K\u00f6ln \u2013 FC Carl Zeiss Jena (14.00 Uhr)<\/strong><\/em><\/p>\n\n\n\n<ul class=\"wp-block-list\"><li>WDR: ???<\/li><li>MDR: Markus Herwig<\/li><li>Telekom Sport: Martin Piller<\/li><\/ul>\n\n\n\n<p>Moderation (WDR): ???<br>Moderation (MDR): Stephanie M\u00fcller-Spirra<\/p>\n\n\n\n<p><em><strong>SG Sonnehof Gro\u00dfaspach \u2013 Hansa Rostock (14.00 Uhr)<\/strong><\/em><\/p>\n\n\n\n<ul class=\"wp-block-list\"><li>NDR: Jan Neumann<\/li><li>Telekom Sport: Gari Paubandt<\/li><\/ul>\n\n\n\n<p>Moderation (NDR): Andreas K\u00e4ckell<\/p>\n\n\n\n<p>Sonntag, 21. Januar 2018, ab 13.45 (Telekom Sport)<\/p>\n\n\n\n<p><em><strong>SV Werder Bremen II \u2013 FC W\u00fcrzburger Kickers (14.00 Uhr)<\/strong><\/em><\/p>\n\n\n\n<ul class=\"wp-block-list\"><li>Telekom Sport: Christian Stra\u00dfburger<\/li><\/ul>\n\n\n\n<p>Moderation (Telekom Sport): Cedric Pick<\/p>\n\n\n\n<p><em><strong>SV Meppen \u2013 SC Preu\u00dfen M\u00fcnster (14.00 Uhr)<\/strong><\/em><\/p>\n\n\n\n<ul class=\"wp-block-list\"><li>Telekom Sport: Markus H\u00f6hner<\/li><\/ul>\n\n\n\n<p>Moderation (Telekom Sport): Thomas Wager<\/p>\n\n\n\n<p>Montag, 22. Januar 2018, ab 20.15 Uhr (MDR) bzw. 20.25 Uhr (Telekom Sport)<\/p>\n\n\n\n<p><em><strong>Rot-Wei\u00df Erfurt \u2013 1. FC Magdeburg (20.30 Uhr)<\/strong><\/em><\/p>\n\n\n\n<ul class=\"wp-block-list\"><li>MDR: ???<\/li><li>Telekom Sport: Alexander Klich<\/li><\/ul>\n\n\n\n<p>Moderation (MDR): Stephanie M\u00fcller-Spirra<\/p>\n\n\n\n<hr class=\"wp-block-separator\"\/>\n\n\n\n<p><em><strong>Fu\u00dfball International<\/strong><\/em><\/p>\n\n\n\n<p>Freitag, 19. Januar 2018<\/p>\n\n\n\n<p>Liga NOS, 19. Spieltag:&nbsp;<em><strong>Vitoria Setubal \u2013 Sporting Lissabon (20.00 Uhr)<\/strong><\/em><\/p>\n\n\n\n<ul class=\"wp-block-list\"><li>sportdigital: Arne Malsch<\/li><\/ul>\n\n\n\n<p>Ligue 1, 22. Spieltag:&nbsp;<em><strong>SM Caen \u2013 Olympique Marseille (20.45 Uhr)<\/strong><\/em><\/p>\n\n\n\n<ul class=\"wp-block-list\"><li>Sport1+: Peter Kohl<\/li><\/ul>\n\n\n\n<p>Liga NOS, 19. Spieltag:&nbsp;<em><strong>FC Porto \u2013 CD Tondela (22.00 Uhr)<\/strong><\/em><\/p>\n\n\n\n<ul class=\"wp-block-list\"><li>sportdigital: J\u00f6rg Steiger<\/li><\/ul>\n\n\n\n<p>Samstag, 20. Januar 2018<\/p>\n\n\n\n<p>Sky Bet Championship, 28. Spieltag:&nbsp;<em><strong>Aston Villa \u2013 FC Barnsley (16.00 Uhr)<\/strong><\/em><\/p>\n\n\n\n<ul class=\"wp-block-list\"><li>sportdigital: Karsten Linke<\/li><\/ul>\n\n\n\n<p>Ligue 1, 22. Spieltag:&nbsp;<em><strong>FC Nantes \u2013 Girondins Bordeaux&nbsp;<\/strong><strong>(17.00 Uhr)<\/strong><\/em><\/p>\n\n\n\n<ul class=\"wp-block-list\"><li>Sport1+: Peter Kohl<\/li><\/ul>\n\n\n\n<p>Sky Bet Championship, 28. Spieltag:&nbsp;<em><strong>Sheffield Wednesday \u2013 Bristol City (18.30 Uhr)<\/strong><\/em><\/p>\n\n\n\n<ul class=\"wp-block-list\"><li>sportdigital: Marcus Radefeld<\/li><li>Sport1+: Jack Marshall (ab ca. 18.55 Uhr)<\/li><\/ul>\n\n\n\n<p>Sonntag, 21. Januar 2018<strong><\/strong><\/p>\n\n\n\n<p>Hyundai A-League, 17. Spieltag:&nbsp;<em><strong>Melbourne City \u2013 Adelaide United (09.00 Uhr)<\/strong><\/em><\/p>\n\n\n\n<ul class=\"wp-block-list\"><li>sportdigital: Christian Blunck<\/li><\/ul>\n\n\n\n<p>Eredivisie, 19. Spieltag:&nbsp;<em><strong>Ajax Amsterdam \u2013 Feyenoord Rotterdam (14.30 Uhr)<\/strong><\/em><\/p>\n\n\n\n<ul class=\"wp-block-list\"><li>sportdigital: Karsten Linke<\/li><\/ul>\n\n\n\n<p>Serie A, 21. Spieltag:&nbsp;<em><strong>Sampdoria Genua \u2013 AC Florenz (15.00 Uhr)<\/strong><\/em><\/p>\n\n\n\n<ul class=\"wp-block-list\"><li>Sport1+: Sebastian Bernsdorff<\/li><\/ul>\n\n\n\n<p>Eredivisie, 19. Spieltag:&nbsp;<em><strong>SC Heracles Almelo \u2013 PSV Eindhoven (16.45 Uhr)<\/strong><\/em><\/p>\n\n\n\n<ul class=\"wp-block-list\"><li>sportdigital: J\u00f6rg Steiger<\/li><\/ul>\n\n\n\n<p>Ligue 1, 22. Spieltag:&nbsp;<em><strong>AS Monaco \u2013 FC Metz (17.00 Uhr)<\/strong><\/em><\/p>\n\n\n\n<ul class=\"wp-block-list\"><li>Sport1+: Peter Kohl<\/li><\/ul>\n\n\n\n<p>Ligue 1, 22. Spieltag:&nbsp;<em><strong>KRC Genk \u2013 RSC Anderlecht (19.00 Uhr)<\/strong><\/em><\/p>\n\n\n\n<ul class=\"wp-block-list\"><li>Sport1+: Rudi Br\u00fcckner<\/li><\/ul>\n\n\n\n<p><strong>DAZN<\/strong><\/p>\n\n\n\n<ul class=\"wp-block-list\"><li><a href=\"https:\/\/web.archive.org\/web\/20180119225838\/http:\/\/www.spox.com\/de\/sport\/fussball\/international\/england\/livestream\/premier-league-programm-dazn.html\" target=\"_blank\" rel=\"noreferrer noopener\">Premier-League-Ansetzungen<\/a><\/li><li><a href=\"https:\/\/web.archive.org\/web\/20180119225838\/http:\/\/www.spox.com\/de\/sport\/fussball\/international\/spanien\/livestream\/primera-division-programm-la-liga-dazn.html\" target=\"_blank\" rel=\"noreferrer noopener\">Primera-Division-Ansetzungen<\/a><\/li><li><a href=\"https:\/\/web.archive.org\/web\/20180119225838\/http:\/\/www.spox.com\/de\/sport\/fussball\/international\/frankreich\/livestream\/ligue-1-programm-dazn.html\" target=\"_blank\" rel=\"noreferrer noopener\">Ligue-1-Ansetzungen<\/a><\/li><li><a href=\"https:\/\/web.archive.org\/web\/20180119225838\/http:\/\/www.spox.com\/de\/sport\/fussball\/international\/italien\/livestream\/serie-a-programm-dazn.html\" target=\"_blank\" rel=\"noreferrer noopener\">Serie-A-Ansetzungen<\/a><\/li><\/ul>\n\n\n\n<hr class=\"wp-block-separator\"\/>\n\n\n\n<p><em>Die<\/em><em>&nbsp;aufgef\u00fchrten Ansetzungen gew\u00e4hren keine Vollst\u00e4ndigkeit. Die Autoren des Kommentatorenblogs behalten es sich vor, TV-\u00dcbertragungen und Livestreams zu ignorieren. Grunds\u00e4tzlich nicht aufgef\u00fchrt werden Ansetzungen ausl\u00e4ndischer Sender.<\/em><\/p>\n","protected":false},"excerpt":{"rendered":"<p>(Beitrag von Frederik, reposted von Nico) N\u2019Abend allerseits! Heute nur ein Schnelldurchlauf. M\u00f6gliche Fehler bitten wir zu entschuldigen. Sch\u00f6nes Wochenende! Die Ansetzungen vom 19. Januar 2017 bis 22. Januar 2018 Bundesliga, 19. Spieltag Freitag, 19. Januar 2018, ab 19.30 Uhr (Eurosport 2 Xtra) Hertha BSC \u2013 Borussia Dortmund (20.30 Uhr) Eurosport 2 Xtra: Marco Hagemann [&hellip;]<\/p>\n","protected":false},"author":1,"featured_media":0,"comment_status":"open","ping_status":"open","sticky":false,"template":"","format":"standard","meta":{"footnotes":""},"categories":[424,1],"tags":[],"class_list":["post-7367","post","type-post","status-publish","format-standard","hentry","category-bundesliga-und-co","category-uncategorized"],"_links":{"self":[{"href":"https:\/\/kommentatorenblog.de\/index.php?rest_route=\/wp\/v2\/posts\/7367","targetHints":{"allow":["GET"]}}],"collection":[{"href":"https:\/\/kommentatorenblog.de\/index.php?rest_route=\/wp\/v2\/posts"}],"about":[{"href":"https:\/\/kommentatorenblog.de\/index.php?rest_route=\/wp\/v2\/types\/post"}],"author":[{"embeddable":true,"href":"https:\/\/kommentatorenblog.de\/index.php?rest_route=\/wp\/v2\/users\/1"}],"replies":[{"embeddable":true,"href":"https:\/\/kommentatorenblog.de\/index.php?rest_route=%2Fwp%2Fv2%2Fcomments&post=7367"}],"version-history":[{"count":1,"href":"https:\/\/kommentatorenblog.de\/index.php?rest_route=\/wp\/v2\/posts\/7367\/revisions"}],"predecessor-version":[{"id":7368,"href":"https:\/\/kommentatorenblog.de\/index.php?rest_route=\/wp\/v2\/posts\/7367\/revisions\/7368"}],"wp:attachment":[{"href":"https:\/\/kommentatorenblog.de\/index.php?rest_route=%2Fwp%2Fv2%2Fmedia&parent=7367"}],"wp:term":[{"taxonomy":"category","embeddable":true,"href":"https:\/\/kommentatorenblog.de\/index.php?rest_route=%2Fwp%2Fv2%2Fcategories&post=7367"},{"taxonomy":"post_tag","embeddable":true,"href":"https:\/\/kommentatorenblog.de\/index.php?rest_route=%2Fwp%2Fv2%2Ftags&post=7367"}],"curies":[{"name":"wp","href":"https:\/\/api.w.org\/{rel}","templated":true}]}}