{"id":7375,"date":"2017-12-07T12:53:00","date_gmt":"2017-12-07T11:53:00","guid":{"rendered":"http:\/\/kommentatorenblog.de\/?p=7375"},"modified":"2021-03-07T13:01:36","modified_gmt":"2021-03-07T12:01:36","slug":"kommentatorenblog-911-kommse-rein","status":"publish","type":"post","link":"https:\/\/kommentatorenblog.de\/?p=7375","title":{"rendered":"[Kommentatorenblog #911] \u2013 Komm\u2019se rein!"},"content":{"rendered":"\n<p>(Beitrag von Frederik, reposted von Nico)<\/p>\n\n\n\n<p>N\u2019Abend allerseits!<\/p>\n\n\n\n<p>In vielen Sportarten schon Standard, im Fu\u00dfball ausgeschlossen: Bilder aus der Kabine.&nbsp;<strong>Sky<\/strong>-Chef Carsten Schmidt hat nun in einem GQ-Interview erz\u00e4hlt, wie er sein Unternehmen k\u00fcnftig ausrichten will. Dazu geh\u00f6rt nicht nur die St\u00e4rkung der Sparten abseits des Sports, sondern auch eine Intensivierung der Fu\u00dfball-\u00dcbertragung. Und da fordert Schmidt von den Clubs mehr ein: zum Beispiel&nbsp;<strong>Zugang zu den Kabinen<\/strong>.<\/p>\n\n\n\n<p>Es ist ein schmaler Grat. Auf der einen Seite zahlen die Bundesliga-Rechteinhaber immer mehr Geld an die DFL und ihre Clubs. Auf der anderen Seite wissen die Sportler und Funktion\u00e4re ganz genau, was sie m\u00fcssen und was nicht. Und so gab es schon zu Guardiolas Zeiten die meisten Interviews mit dem Bayern-Trainer nur im clubeigenen TV-Sender. Und vor die Sky-Kameras trat Pep nur, weil und wenn er musste.<\/p>\n\n\n\n<p>Beim im Moment von Sky an den Tag gelegten \u00dcbertragungsstil kann man streiten, ob man \u00fcberhaupt will, dass der Sender seine Leute in die Kabinen schickt \u2013 wer wei\u00df, was dabei herauskommt. F\u00fcr den Zuschauer kann der unkommentierte Einblick nat\u00fcrlich spannend sein. In der Basketball-Euroleague konnte man aber zum Beispiel sehen, wie der Mehrwert auch nicht aussehen k\u00f6nnte: Bambergs Coach Andrea Trinchieri hat dort immer eine kurze Ansprache gehalten, w\u00e4hrend seine Spieler gelangweilt auf ihren B\u00e4nken sa\u00dfen. Das war sicher nicht die Realit\u00e4t. Diesen Einblick h\u00e4tte ich als Zuschauer nicht gebraucht.<\/p>\n\n\n\n<p>Und ihr? Wollt ihr Einblicke in die Kabine?<\/p>\n\n\n\n<p>Kurzer Blick zum Motorsport: Die&nbsp;<strong>DTM<\/strong>&nbsp;f\u00e4hrt ab der kommenden Saison in&nbsp;<strong>Sat.1<\/strong>. Es war abzusehen, dass die ARD die Rechte angesichts mauer Quoten nicht verl\u00e4ngert. Sport1 h\u00e4tte die Serie wohl gerne an Land gezogen, d\u00fcrfte der DTM aber zu klein als Partner sein. Nun bleiben die Tourenwagen zumindest einem der gro\u00dfen Free-TV-Sender erhalten. F\u00fcr Sat.1 wird es kein leichtes Unterfangen, die nicht sonderlich beliebte Rennserie zu einem Erfolg zu machen. Versucht werden soll das nat\u00fcrlich \u00fcber Crossmedialit\u00e4t: Die Qualifyings gibt es zum Beispiel nur online. Jaques-Schulz-Fans d\u00fcrften bei dieser Nachricht mit den Ohren schlackern. Beim letzen ran-Motorsport-Versuch (die GT-Masters liefen bei kabel eins) war Schulz der Kommentator und vielleicht wird er das ja auch ab der neuen Saison in Sat.1 sein.<\/p>\n\n\n\n<p><em><strong>Die Ansetzungen vom 08. Dezember 2017 bis 11. Dezember 2017<\/strong><\/em><\/p>\n\n\n\n<p><em><strong>Bundesliga, 15. Spieltag<\/strong><\/em><\/p>\n\n\n\n<p>Freitag, 08. Dezember 2017, ab 19.30 Uhr (Eurosport 2 Xtra)<\/p>\n\n\n\n<p><em><strong>VfB Stuttgart \u2013 Bayer Leverkusen (20.30 Uhr)<\/strong><\/em><\/p>\n\n\n\n<ul class=\"wp-block-list\"><li>Eurosport 2 Xtra: Marco Hagemann<\/li><\/ul>\n\n\n\n<p>Moderation (Eurosport 2 Xtra): Jan Henkel; Experte: Matthias Sammer<\/p>\n\n\n\n<p>Samstag, 09. Dezember 2017, ab 13.00 Uhr (Sky)<\/p>\n\n\n\n<p><em><strong>Eintracht Frankfurt \u2013 FC Bayern M\u00fcnchen (15.30 Uhr)<\/strong><\/em><\/p>\n\n\n\n<ul class=\"wp-block-list\"><li>Sky: Tom Bayer (Einzelspiel), Kai Dittmann (Konferenz)<\/li><\/ul>\n\n\n\n<p><em><strong>Borussia Dortmund \u2013 Werder Bremen (15.30 Uhr)<\/strong><\/em><\/p>\n\n\n\n<ul class=\"wp-block-list\"><li>Sky: Marcus Lindemann (Einzelspiel), Jonas Friedrich (Konferenz)<\/li><\/ul>\n\n\n\n<p><em><strong>RB Leipzig \u2013 1. FSV Mainz 05 (15.30 Uhr)<\/strong><\/em><\/p>\n\n\n\n<ul class=\"wp-block-list\"><li>Sky: Hansi K\u00fcpper (Einzelspiel), Martin Gro\u00df (Konferenz)<\/li><\/ul>\n\n\n\n<p><em><strong>Hamburger SV \u2013 VfL Wolfsburg (15.30 Uhr)<\/strong><\/em><\/p>\n\n\n\n<ul class=\"wp-block-list\"><li>Sky: Florian Schmidt-Sommerfeld (Einzelspiel), Roland Evers (Konferenz)<\/li><\/ul>\n\n\n\n<p>ab 17.30 Uhr (Sky)<\/p>\n\n\n\n<p><em><strong>Borussia M\u2019gladbach \u2013 FC Schalke 04(18.30 Uhr)<\/strong><\/em><\/p>\n\n\n\n<ul class=\"wp-block-list\"><li>Sky: Wolff Fuss<\/li><\/ul>\n\n\n\n<p>Moderation (Sky): Esther Sedlaczeck &amp; Yannick Erkenbrecher; Experten: Lothar Matth\u00e4us, Christoph Metzelder &amp; Reiner Calmund<\/p>\n\n\n\n<p>Sonntag, 10. Dezember 2017, ab 12.30 Uhr (Eurosport 2 Xtra)<\/p>\n\n\n\n<p><em><strong>1. FC K\u00f6ln \u2013 SC Freiburg (13.30 Uhr)<\/strong><\/em><\/p>\n\n\n\n<ul class=\"wp-block-list\"><li>Eurosport 2 Xtra: Marco Hagemann<\/li><\/ul>\n\n\n\n<p>Moderation (Eurosport 2 Xtra): Jan Henkel; Experte: Matthias Sammer<\/p>\n\n\n\n<p>ab 14.30 Uhr (Sky)<\/p>\n\n\n\n<p><em><strong>Hannover 96 \u2013 1899 Hoffenheim (15.30 Uhr)<\/strong><\/em><\/p>\n\n\n\n<ul class=\"wp-block-list\"><li>Sky: Jonas Friedrich<\/li><\/ul>\n\n\n\n<p>ab 17.30 Uhr (Sky)<\/p>\n\n\n\n<p><em><strong>FC Augsburg \u2013 Hertha BSC (18.00 Uhr)<\/strong><\/em><\/p>\n\n\n\n<ul class=\"wp-block-list\"><li>Sky: Marc Hindelang<\/li><\/ul>\n\n\n\n<p>Moderation (Sky): Michael Leopold; Experte: Dietmar Hamann<\/p>\n\n\n\n<hr class=\"wp-block-separator\"\/>\n\n\n\n<p><em><strong>2. Bundesliga, 17. Spieltag<\/strong><\/em><\/p>\n\n\n\n<p>Freitag, 08. Dezember 2017, ab 18.15 Uhr (Sky)<\/p>\n\n\n\n<p><em><strong>Eintracht Braunschweig \u2013 Holstein Kiel (18.30 Uhr)<\/strong><\/em><\/p>\n\n\n\n<ul class=\"wp-block-list\"><li>Sky: Torsten Kunde (Einzelspiel), Sascha Roos (Konferenz)<\/li><\/ul>\n\n\n\n<p><em><strong>Erzgebirge Aue \u2013 SV Darmstadt 98 (18.30 Uhr)<\/strong><\/em><\/p>\n\n\n\n<ul class=\"wp-block-list\"><li>Sky: Sven Schr\u00f6ter (Einzelspiel), Klaus Veltman (Konferenz)<\/li><\/ul>\n\n\n\n<p>Moderation (Sky): Christina Rann<\/p>\n\n\n\n<p>Samstag, 09. Dezember 2017, ab 12.30 Uhr (Sky)<\/p>\n\n\n\n<p><em><strong>1. FC Union Berlin \u2013 Dynamo Dresden (13.00 Uhr)<\/strong><\/em><\/p>\n\n\n\n<ul class=\"wp-block-list\"><li>Sky: Michael Born (Einzelspiel), Toni Tomic (Konferenz)<\/li><\/ul>\n\n\n\n<p><em><strong>Jahn Regensburg \u2013 VfL Bochum (13.00 Uhr)<\/strong><\/em><\/p>\n\n\n\n<ul class=\"wp-block-list\"><li>Sky: Klaus Veltman (Einzelspiel), J\u00f6rg Dahlmann (Konferenz)<\/li><\/ul>\n\n\n\n<p><em><strong>SpVgg Greuther F\u00fcrth \u2013 1. FC Heidenheim (13.00 Uhr)<\/strong><\/em><\/p>\n\n\n\n<ul class=\"wp-block-list\"><li>Sky: J\u00fcrgen Schmitz (Einzelspiel), Holger Pfandt (Konferenz)<\/li><\/ul>\n\n\n\n<p>Moderation (Sky): Peter Hardenacke<\/p>\n\n\n\n<p>Sonntag, 10. Dezember 2017, ab 13.00 Uhr (Sky)<\/p>\n\n\n\n<p><em><strong>FC St. Pauli \u2013 MSV Duisburg (13.30 Uhr)<\/strong><\/em><\/p>\n\n\n\n<ul class=\"wp-block-list\"><li>Sky: Sven Haist (Einzelspiel), Holger Pfandt (Konferenz)<\/li><\/ul>\n\n\n\n<p><em><strong>1. FC Kaiserslautern \u2013 FC Ingolstadt 04 (13.30 Uhr)<\/strong><\/em><\/p>\n\n\n\n<ul class=\"wp-block-list\"><li>Sky: Ulli Potofski (Einzelspiel), Martin Gro\u00df (Konferenz)<\/li><\/ul>\n\n\n\n<p><em><strong>SV Sandhausen \u2013 DSC Arminia Bielefeld (13.30 Uhr)<\/strong><\/em><\/p>\n\n\n\n<ul class=\"wp-block-list\"><li>Sky: Christina Graf (Einzelspiel), Markus Gaupp (Konferenz)<\/li><\/ul>\n\n\n\n<p>Moderation (Sky): Stefan Hempel<\/p>\n\n\n\n<p>Montag, 11. Dezember 2017, ab 20.15 Uhr (Sky)<\/p>\n\n\n\n<p><em><strong>Fortuna D\u00fcsseldorf \u2013 1. FC N\u00fcrnberg (20.30 Uhr)<\/strong><\/em><\/p>\n\n\n\n<ul class=\"wp-block-list\"><li>Sky: Hansi K\u00fcpper<\/li><\/ul>\n\n\n\n<p>Moderation (Sky): Yannick Erkenbrecher<\/p>\n\n\n\n<hr class=\"wp-block-separator\"\/>\n\n\n\n<p><em><strong>3. Liga, 19. Spieltag<\/strong><\/em><\/p>\n\n\n\n<p>Freitag, 08. Dezember 2017, ab 18.15 Uhr (Telekom Sport)<\/p>\n\n\n\n<p><em><strong>FC W\u00fcrzburger Kickers \u2013 Rot-Wei\u00df Erfurt (18.30 Uhr)<\/strong><\/em><\/p>\n\n\n\n<ul class=\"wp-block-list\"><li>Telekom Sport: Alexander Klich<\/li><\/ul>\n\n\n\n<p>Moderation (Telekom Sport): Sascha Bandermann<\/p>\n\n\n\n<p>ab 18.45 Uhr (Telekom Sport)<\/p>\n\n\n\n<p><em><strong>1. FC Magdeburg \u2013 Sportfreunde Lotte (14.00 Uhr)<\/strong><\/em><\/p>\n\n\n\n<ul class=\"wp-block-list\"><li>Telekom Sport: Markus Herwig<\/li><\/ul>\n\n\n\n<p>Moderation (Telekom Sport): Anett Sattler<\/p>\n\n\n\n<p>Samstag, 09. Dezember 2017, jeweils ab ca. 12.55 Uhr (MDR, SWR &amp; Telekom Sport)<\/p>\n\n\n\n<p><em><strong>FC Carl Zeiss Jena \u2013 Karlsruher SC (13.00 Uhr)<\/strong><\/em><\/p>\n\n\n\n<ul class=\"wp-block-list\"><li>MDR: Markus Herwig<\/li><li>SWR: Florian Winkler<\/li><li>Telekom Sport: Basti Schwele<\/li><\/ul>\n\n\n\n<p>Moderation (MDR): Michael Drevenstedt<\/p>\n\n\n\n<p>ab 13.45 Uhr (Telekom Sport)<\/p>\n\n\n\n<p><em><strong>VfR Aalen \u2013 SV Wehen Wiesbaden (14.00 Uhr)<\/strong><\/em><\/p>\n\n\n\n<ul class=\"wp-block-list\"><li>Telekom Sport: Mario Bast<\/li><\/ul>\n\n\n\n<p>Moderation (Telekom Sport): Nele Schenker<\/p>\n\n\n\n<p><em><strong>SC Preu\u00dfen M\u00fcnster \u2013 SG Sonnenhof Gro\u00dfaspach (14.00 Uhr)<\/strong><\/em><\/p>\n\n\n\n<ul class=\"wp-block-list\"><li>Telekom Sport: Alexander K\u00fcpper<\/li><\/ul>\n\n\n\n<p>Moderation (Telekom Sport): Konstantin Klostermann<\/p>\n\n\n\n<p><em><strong>SV Meppen \u2013 SV Werder Bremen II (14.00 Uhr)<\/strong><\/em><\/p>\n\n\n\n<ul class=\"wp-block-list\"><li>Telekom Sport: Edgar Mielke<\/li><\/ul>\n\n\n\n<p>Moderation (Telekom Sport): Janna Betten<\/p>\n\n\n\n<p>jeweils ab ca. 14.00 Uhr (NDR, WDR, &amp; Telekom Sport)<\/p>\n\n\n\n<p><em><strong>VfL Osnabr\u00fcck \u2013 SpVgg Unterhaching (14.05 Uhr)<\/strong><\/em><\/p>\n\n\n\n<ul class=\"wp-block-list\"><li>NDR: Hendrik Deichmann<\/li><li>Telekom Sport: Alexander Klich<\/li><\/ul>\n\n\n\n<p>Moderation (NDR): Andreas K\u00e4ckell<\/p>\n\n\n\n<p><em><strong>SC Paderborn 07 \u2013 Fortuna K\u00f6ln (14.05 Uhr)<\/strong><\/em><\/p>\n\n\n\n<ul class=\"wp-block-list\"><li>WDR: ???<\/li><li>Telekom Sport: Martin Piller<\/li><\/ul>\n\n\n\n<p>Moderation (WDR): ???<\/p>\n\n\n\n<p>Sonntag, 10. Dezember 2017, ab 13.45 Uhr (Telekom Sport)<\/p>\n\n\n\n<p><em><strong>FC Hansa Rostock \u2013 Chemnitzer FC (14.00 Uhr)<\/strong><\/em><\/p>\n\n\n\n<ul class=\"wp-block-list\"><li>Telekom Sport: Markus Herwig<\/li><\/ul>\n\n\n\n<p>Moderation (Telekom Sport): Anett Sattler<\/p>\n\n\n\n<p>jeweils ab ca. 13.55 Uhr (MDR &amp; Telekom Sport)<\/p>\n\n\n\n<p><em><strong>FSV Zwickau \u2013 Hallescher FC (14.00 Uhr)<\/strong><\/em><\/p>\n\n\n\n<ul class=\"wp-block-list\"><li>MDR: Andreas Mann<\/li><li>Telekom Sport: Franz B\u00fcchner<\/li><\/ul>\n\n\n\n<p>Moderation (MDR): Michael Drevenstedt<\/p>\n\n\n\n<hr class=\"wp-block-separator\"\/>\n\n\n\n<p><em><strong>Regionalliga<\/strong><\/em><\/p>\n\n\n\n<p>Montag, 11. Dezember 2017, ab 19.50 Uhr (Sport1)<\/p>\n\n\n\n<p>Nord, 20. Spieltag:<em><strong>&nbsp;VfB L\u00fcbeck \u2013 VfL Wolfsburg II (20.15 Uhr)<\/strong><\/em><\/p>\n\n\n\n<ul class=\"wp-block-list\"><li>Sport1: Thomas Herrmann<\/li><\/ul>\n\n\n\n<p>Moderation (Sport1): Nele Schenker<\/p>\n\n\n\n<hr class=\"wp-block-separator\"\/>\n\n\n\n<p><em><strong>Fu\u00dfball International<\/strong><\/em><\/p>\n\n\n\n<p>Freitag, 08. Dezember 2017<\/p>\n\n\n\n<p>Ligue 1, 17. Spieltag:&nbsp;<em><strong>Girondins Bordeaux \u2013 RC Strasbourg (20.45 Uhr)<\/strong><\/em><\/p>\n\n\n\n<ul class=\"wp-block-list\"><li>Sport1+: Sebastian Bernsdorff<\/li><\/ul>\n\n\n\n<p>Sky Bet Championship, 21. Spieltag:&nbsp;<em><strong>Sheffield Wednesday \u2013 Bristol City (20.45 Uhr)<\/strong><\/em><\/p>\n\n\n\n<ul class=\"wp-block-list\"><li>sportdigital: Ulf Kahmke<\/li><\/ul>\n\n\n\n<p>Samstag, 09. Dezember 2017<\/p>\n\n\n\n<p>Hyundai A-League, 10. Spieltag:&nbsp;<em><strong>Western Sydney Wanderers \u2013 Sydney FC (9.56 Uhr)<\/strong><\/em><\/p>\n\n\n\n<ul class=\"wp-block-list\"><li>sportdigital: Ulf Kahmke<\/li><\/ul>\n\n\n\n<p>Sky Bet Championship, 21. Spieltag:&nbsp;<em><strong>Queens Park Rangers \u2013 Leeds United (16.00 Uhr)<\/strong><\/em><\/p>\n\n\n\n<ul class=\"wp-block-list\"><li>sportdigital: Marcus Radefeld<\/li><\/ul>\n\n\n\n<p>MAXtv Prva Liga, 19. Spieltag:&nbsp;<em><strong>Dinamo Zagreb \u2013 NK Istra (15.00 Uhr)<\/strong><\/em><\/p>\n\n\n\n<ul class=\"wp-block-list\"><li>Sport1+: ???<\/li><\/ul>\n\n\n\n<p>Ligue 1, 17. Spieltag:&nbsp;<em><strong>Paris St.-Germain \u2013 OSC Lille (17.00 Uhr)<\/strong><\/em><\/p>\n\n\n\n<ul class=\"wp-block-list\"><li>Sport1+: Peter Kohl<\/li><\/ul>\n\n\n\n<p>Sky Bet Championship, 21. Spieltag:&nbsp;<em><strong>Norwich City \u2013 Sheffield Wednesday (18.30 Uhr)<\/strong><\/em><\/p>\n\n\n\n<ul class=\"wp-block-list\"><li>sportdigital: Karsten Linke<\/li><\/ul>\n\n\n\n<p>Liga NOS, 14. Spieltag:&nbsp;<em><strong>Boavista Porto FC \u2013 Sporting Lissabon (21.30 Uhr)<\/strong><\/em><\/p>\n\n\n\n<ul class=\"wp-block-list\"><li>sportdigital: Karsten Linke<\/li><\/ul>\n\n\n\n<p>MLS, Play-offs:&nbsp;<em><strong>Toronto FC \u2013 Seattle Sounders (ca. 22.35 Uhr)<\/strong><\/em><\/p>\n\n\n\n<ul class=\"wp-block-list\"><li>Eurosport 2: Oliver Fa\u00dfnacht<\/li><\/ul>\n\n\n\n<p>Sonntag, 10. Dezember 201<strong><em>7<\/em><\/strong><\/p>\n\n\n\n<p>Scottish Premiership, 17. Spieltag:&nbsp;<em><strong>Hibernian Edinburgh \u2013 Celtic Glasgow (13.30 Uhr)<\/strong><\/em><\/p>\n\n\n\n<ul class=\"wp-block-list\"><li>Sport1+: Manni Winter<\/li><\/ul>\n\n\n\n<p>Premjer Liga, 20. Spieltag:&nbsp;<em><strong>Spartak Moskau \u2013 ZSKA Moskau (14.30 Uhr)<\/strong><\/em><\/p>\n\n\n\n<ul class=\"wp-block-list\"><li>sportdigital: Karsten Linke<\/li><\/ul>\n\n\n\n<p>Serie A, 16. Spieltag:&nbsp;<em><strong>SSC Neapel \u2013 AC Florenz (15.00 Uhr\/Live-Einstieg ca. 15.25)<\/strong><\/em><\/p>\n\n\n\n<ul class=\"wp-block-list\"><li>Sport1+: Sebastian Bernsdorff<\/li><\/ul>\n\n\n\n<p>Eredivisie, 15. Spieltag:&nbsp;<em><strong>Ajax Amsterdam \u2013 PSV Eindhoven (16.45 Uhr)<\/strong><\/em><\/p>\n\n\n\n<ul class=\"wp-block-list\"><li>sportdigital: Karsten Linke<\/li><\/ul>\n\n\n\n<p>Ligue 1, 17. Spieltag:&nbsp;<em><strong>FC Nantes \u2013 OGC Nizza (17.00 Uhr)<\/strong><\/em><\/p>\n\n\n\n<ul class=\"wp-block-list\"><li>Sport1+: Thomas Herrmann<\/li><\/ul>\n\n\n\n<p>MAXtv Prva Liga, 19. Spieltag:&nbsp;<em><strong>??? \u2013 ??? (19.00 Uhr)<\/strong><\/em><\/p>\n\n\n\n<ul class=\"wp-block-list\"><li>Sport1+: ???<\/li><\/ul>\n\n\n\n<p>Liga NOS, 14. Spieltag:&nbsp;<em><strong>Vitoria Setubal \u2013 FC Porto (21.15 Uhr)<\/strong><\/em><\/p>\n\n\n\n<ul class=\"wp-block-list\"><li>sportdigital: Hannes Herrmann<\/li><\/ul>\n\n\n\n<p>Superliga Argentinia, 12. Spieltag:&nbsp;<em><strong>??? \u2013 ??? (23.15 Uhr)<\/strong><\/em><\/p>\n\n\n\n<ul class=\"wp-block-list\"><li>Sport1+: ???<\/li><\/ul>\n\n\n\n<p>Montag, 11. Dezember 2017<\/p>\n\n\n\n<p>Superliga Argentinia, 12. Spieltag:&nbsp;<em><strong>Estudiantes de La Plata \u2013 Boca Juniors (01.30 Uhr)<\/strong><\/em><\/p>\n\n\n\n<ul class=\"wp-block-list\"><li>sportdigital: Christian Blunck<\/li><\/ul>\n\n\n\n<p><strong>DAZN<\/strong><\/p>\n\n\n\n<ul class=\"wp-block-list\"><li><a href=\"https:\/\/web.archive.org\/web\/20171219084620\/http:\/\/www.spox.com\/de\/sport\/fussball\/international\/england\/livestream\/premier-league-programm-dazn.html\" target=\"_blank\" rel=\"noreferrer noopener\">Premier-League-Ansetzungen<\/a><\/li><li><a href=\"https:\/\/web.archive.org\/web\/20171219084620\/http:\/\/www.spox.com\/de\/sport\/fussball\/international\/spanien\/livestream\/primera-division-programm-la-liga-dazn.html\" target=\"_blank\" rel=\"noreferrer noopener\">Primera-Division-Ansetzungen<\/a><\/li><li><a href=\"https:\/\/web.archive.org\/web\/20171219084620\/http:\/\/www.spox.com\/de\/sport\/fussball\/international\/frankreich\/livestream\/ligue-1-programm-dazn.html\" target=\"_blank\" rel=\"noreferrer noopener\">Ligue-1-Ansetzungen<\/a><\/li><li><a href=\"https:\/\/web.archive.org\/web\/20171219084620\/http:\/\/www.spox.com\/de\/sport\/fussball\/international\/italien\/livestream\/serie-a-programm-dazn.html\" target=\"_blank\" rel=\"noreferrer noopener\">Serie-A-Ansetzungen<\/a><\/li><\/ul>\n\n\n\n<hr class=\"wp-block-separator\"\/>\n\n\n\n<p><em><strong>Allianz Frauen-Bundesliga, 10. Spieltag<\/strong><\/em><\/p>\n\n\n\n<p>Sonntag, 10. Dezember 2017, ab 13.55 Uhr (Telekom Sport)<\/p>\n\n\n\n<p><em><strong>1. FFC Frankfurt \u2013 SGS Essen (14.00 Uhr)<\/strong><\/em><\/p>\n\n\n\n<ul class=\"wp-block-list\"><li>Telekom Sport: Christoph Fetzer<\/li><\/ul>\n\n\n\n<p>Montag, 11. Dezember jeweils ab 17.55 Uhr (Telekom Sport &amp; Sport1)<\/p>\n\n\n\n<p><em><strong>VfL Wolfsburg \u2013 FC Bayern M\u00fcnchen (18.00 Uhr)<\/strong><\/em><\/p>\n\n\n\n<ul class=\"wp-block-list\"><li>Telekom Sport: Christoph Fetzer<\/li><li>Sport1: Jan Platte<\/li><\/ul>\n\n\n\n<hr class=\"wp-block-separator\"\/>\n\n\n\n<p><em>Die<\/em><em>&nbsp;aufgef\u00fchrten Ansetzungen gew\u00e4hren keine Vollst\u00e4ndigkeit. Die Autoren des Kommentatorenblogs behalten es sich vor, TV-\u00dcbertragungen und Livestreams zu ignorieren. Grunds\u00e4tzlich nicht aufgef\u00fchrt werden Ansetzungen ausl\u00e4ndischer Sender.<\/em><\/p>\n\n\n\n<hr class=\"wp-block-separator\"\/>\n\n\n\n<p><em><strong>Die Analyse<\/strong><\/em><\/p>\n\n\n\n<p>W\u00e4hrend Marco Hagemann die Bundesliga f\u00fcr Eurosport gleich im Doppelpack \u00fcbernimmt, sind ein paar Sky-Stimmen auch an diesem Wochenende wieder nicht dabei: Frank Buschmann, Oliver Seidler und Marcel Meinert fehlen. Dadurch geht es f\u00fcr Schmiso, Sven Haist in der zweiten Liga und Jonas Friedrich, der schon am Samstag in der Konferenz sitzt, recht weit in den Norden, Hansi K\u00fcpper ist in Leizpig. Im Fokus steht Eintracht vs. Bayern mit Tom Bayer und Kai Dittmann bzw. nat\u00fcrlich das Topspiel am Samstagabend zwischen Gladbach und Schalke mit Wolff Fuss. Torsten Kunde und Michael Born bleiben an diesem Wochenende in Zweitliga-Einzelspielen. Immer wieder spannend, was Martin Gro\u00df so macht: Nach Madrid erwartet ihn erst die Bundesliga-Konferenz mit Leipzig und Mainz, am Sonntag sogar der Tabellenletzte der zweiten Liga. Holger Pfandt bleibt ganz in den Zweitliga-Konferenzen.<\/p>\n\n\n\n<p>In der 3. Liga f\u00e4llt vor allem Markus Herwig ins Auge, der sich dieser Tage mal wieder einen Dreierpack g\u00f6nnt: Freitag f\u00fcr die Telekom in Magdeburg, Samstag f\u00fcr den MDR in Jena, Sonntag f\u00fcr die Telekom in Rostock \u2013 drei Spiele, drei Bundesl\u00e4nder, drei Tage.<\/p>\n\n\n\n<p>Im internationalen Fu\u00dfball best\u00e4tigt sich bei Sport1+ die Tendenz der vergangenen Wochen: Die Routiniers Kohl, Bernsdorff und Herrmann sind weiter vermehrt im Einsatz. Es wiederholen sich zudem die Auftritte von Ulf Kahmke bei sportdigital. Sein Eurosport-Kollege Oliver Fa\u00dfnacht ist f\u00fcr die MLS zust\u00e4ndig.<\/p>\n\n\n\n<p>Christoph Fetzer indes ist wie so oft f\u00fcr den Frauenfu\u00dfball im Dienst. Die offenen L\u00fccken k\u00f6nnen wir hoffentlich in den n\u00e4chsten Tagen noch f\u00fcllen.<\/p>\n\n\n\n<p>Ein sch\u00f6nes Wochenende!<\/p>\n","protected":false},"excerpt":{"rendered":"<p>(Beitrag von Frederik, reposted von Nico) N\u2019Abend allerseits! In vielen Sportarten schon Standard, im Fu\u00dfball ausgeschlossen: Bilder aus der Kabine.&nbsp;Sky-Chef Carsten Schmidt hat nun in einem GQ-Interview erz\u00e4hlt, wie er sein Unternehmen k\u00fcnftig ausrichten will. Dazu geh\u00f6rt nicht nur die St\u00e4rkung der Sparten abseits des Sports, sondern auch eine Intensivierung der Fu\u00dfball-\u00dcbertragung. Und da fordert [&hellip;]<\/p>\n","protected":false},"author":1,"featured_media":0,"comment_status":"open","ping_status":"open","sticky":false,"template":"","format":"standard","meta":{"footnotes":""},"categories":[424,1],"tags":[],"class_list":["post-7375","post","type-post","status-publish","format-standard","hentry","category-bundesliga-und-co","category-uncategorized"],"_links":{"self":[{"href":"https:\/\/kommentatorenblog.de\/index.php?rest_route=\/wp\/v2\/posts\/7375","targetHints":{"allow":["GET"]}}],"collection":[{"href":"https:\/\/kommentatorenblog.de\/index.php?rest_route=\/wp\/v2\/posts"}],"about":[{"href":"https:\/\/kommentatorenblog.de\/index.php?rest_route=\/wp\/v2\/types\/post"}],"author":[{"embeddable":true,"href":"https:\/\/kommentatorenblog.de\/index.php?rest_route=\/wp\/v2\/users\/1"}],"replies":[{"embeddable":true,"href":"https:\/\/kommentatorenblog.de\/index.php?rest_route=%2Fwp%2Fv2%2Fcomments&post=7375"}],"version-history":[{"count":1,"href":"https:\/\/kommentatorenblog.de\/index.php?rest_route=\/wp\/v2\/posts\/7375\/revisions"}],"predecessor-version":[{"id":7376,"href":"https:\/\/kommentatorenblog.de\/index.php?rest_route=\/wp\/v2\/posts\/7375\/revisions\/7376"}],"wp:attachment":[{"href":"https:\/\/kommentatorenblog.de\/index.php?rest_route=%2Fwp%2Fv2%2Fmedia&parent=7375"}],"wp:term":[{"taxonomy":"category","embeddable":true,"href":"https:\/\/kommentatorenblog.de\/index.php?rest_route=%2Fwp%2Fv2%2Fcategories&post=7375"},{"taxonomy":"post_tag","embeddable":true,"href":"https:\/\/kommentatorenblog.de\/index.php?rest_route=%2Fwp%2Fv2%2Ftags&post=7375"}],"curies":[{"name":"wp","href":"https:\/\/api.w.org\/{rel}","templated":true}]}}