{"id":766,"date":"2019-12-09T22:45:45","date_gmt":"2019-12-09T22:45:45","guid":{"rendered":"http:\/\/kommentatorenblog.de\/?p=766"},"modified":"2020-12-30T15:54:09","modified_gmt":"2020-12-30T15:54:09","slug":"1039-advent-advent-wintersportsaison-verpennt","status":"publish","type":"post","link":"https:\/\/kommentatorenblog.de\/?p=766","title":{"rendered":"1039 \u2013 Advent, Advent, Wintersportsaison verpennt"},"content":{"rendered":"\n<p>Beim durchzappen durch die verschiedensten TV-Programme am vergangenen Wochenende musste ich folgendes feststellen: Die Wintersportsaison l\u00e4uft ja schon wieder auf Hochtouren. Endlich gibt es wieder den Wintersportmarathon, der einen durch einen langweiligen, freien Tag rettet. Fr\u00fch morgens um 5 geht es mit Snowboarden los, ehe der Wintersporttag abends um kurz vor 8 mit Skispringen sein Ende findet. <\/p>\n\n\n\n<p>Aber wieso \u00fcberrascht es mich eigentlich so sehr, dass es nun wieder soviel Wintersport zu sehen gibt? Nun, dass mag mitunter daran liegen, dass der Winter hierzulande gr\u00f6\u00dftenteils noch ziemlich auf sich warten l\u00e4sst. Schaue ich aus meinem Fenster bekomme ich eher das Gef\u00fchl vermittelt, wir w\u00fcrden jetzt noch irgendwo im Niemandsland des Oktobers herumd\u00fcmpeln, irgendwo zwischen gut und b\u00f6se, irgendwo zwischen tristem Nebel, strahlender Sonne und st\u00fcrmischen Windb\u00f6en. Nein, ein Gef\u00fchl von &#8222;Winter&#8220;, oder gar Weihnachten, das Fest, welches Ger\u00fcchten zur Folge ja auch unmittelbar bevor steht, kommt da nicht so wirklich auf. Und ich spreche aus eigener Erfahrung wenn ich sage, dass es wirklich nicht so der Hit ist, bei +9 Grad Celsius und leichtem, s\u00fcddeutschen Nieselregen \u00fcber einen Weihnachtsmarkt zu gehen. Das einzige, was da Weihnachtsfeeling hervorruft ist der liebliche Geruch von verbrannten Mandeln und der liebliche Klang jener Kinderch\u00f6re, welche ihre liebsten Weihnachtslieder zum Besten geben. Und nat\u00fcrlich eben jene Personen, die ein bisschen zu tief in den Gl\u00fchweinbecher geschaut haben und nun dezente Probleme haben, oben und unten zu unterscheiden. <\/p>\n\n\n\n<p>Wie auch immer: Ob wir wollen oder nicht, es geht auf\u00b4s Weihnachtsfest zu. Ob es eine stressige Vorweihnachtszeit wird oder nicht hat jeder in seiner eigenen Hand. Ich bin ja nun bereits seit mehreren Jahren der Auffassung, dass Geschenke sch\u00f6n und gut sind, man es aber als gr\u00f6\u00dftes Geschenk ansehen sollte, die Zeit mit seinen Liebsten verbringen zu k\u00f6nnen. <\/p>\n\n\n\n<p>So, dass war das Wort zum Dienstag, nun zum Tagesgesch\u00e4ft!<\/p>\n\n\n\n<p><strong><em><span style=\"text-decoration: underline;\">Die Ansetzungen vom 10. Dezember 2019 bis zum 12. Dezember 2019<\/span><\/em><\/strong><\/p>\n\n\n\n<p><strong>UEFA Champions League, 6. Spieltag<\/strong><\/p>\n\n\n\n<p><span style=\"text-decoration: underline;\">Dienstag, 10. Dezember 2019 ab 18.40 Uhr (DAZN) bzw. 18.30 Uhr (Sky)<\/span><\/p>\n\n\n\n<p><strong><em>FC Salzburg<\/em><\/strong> <strong><em>\u2013<\/em><\/strong> <strong><em>FC Liverpool (18.55 Uhr)<\/em><\/strong><\/p>\n\n\n\n<p>DAZN: Jan Platte, Experte: Ralph Gunesch, Field-Reporter: Sebastian Benesch,  Moderation (DAZN): Tobi Wahnschaffe <br>DAZN (\u00d6sterreichischer Kommentar): Christian Brugger, Experte: Oliver Lederer<\/p>\n\n\n\n<p>Sky: Hansi K\u00fcpper (Konferenz)<\/p>\n\n\n\n<p><strong><em>SSC Neapel<\/em><\/strong> <strong><em>\u2013<\/em><\/strong> <strong><em>KRC Genk (18.55 Uhr)<\/em><\/strong><\/p>\n\n\n\n<p>DAZN: Carsten Fu\u00df (Einzelspiel)<\/p>\n\n\n\n<p>Sky: Roland Evers (Konferenz)<\/p>\n\n\n\n<p><span style=\"text-decoration: underline;\">ab 19.30 Uhr (Sky) bzw. 20.40 Uhr (DAZN)<\/span><\/p>\n\n\n\n<p><strong><em>Borussia Dortmund<\/em><\/strong> <strong><em>\u2013<\/em><\/strong> <strong><em>Slavia Prag (21.00 Uhr)<\/em><\/strong><\/p>\n\n\n\n<p>DAZN: Marco Hagemann, Experte: Jonas Hummels (Einzelspiel), Field-Reporter: Daniel Herzog<\/p>\n\n\n\n<p>Sky: Kai Dittmann (Konferenz), Field-Reporterin: Jessica Libbertz<\/p>\n\n\n\n<p>Moderation (DAZN): Alex Schl\u00fcter<\/p>\n\n\n\n<p><strong><em>Olympique Lyon<\/em><\/strong> <strong><em>\u2013<\/em><\/strong> <strong><em>RB Leipzig (21.00 Uhr)<\/em><\/strong><\/p>\n\n\n\n<p>Sky: Martin Gro\u00df (Einzelspiel), Jonas Friedrich (Konferenz), Field-Reporter: Jens Westen <\/p>\n\n\n\n<p><strong><em>Inter Mailand<\/em><\/strong> <strong><em>\u2013<\/em><\/strong> <strong><em>FC Barcelona (21.00 Uhr)<\/em><\/strong><\/p>\n\n\n\n<p>DAZN: Lukas Sch\u00f6nm\u00fcller, Experte: Sebastian Knei\u00dfl (Einzelspiel)<\/p>\n\n\n\n<p>Sky: Michael Born (Konferenz)<\/p>\n\n\n\n<p><strong><em>FC Chelsea<\/em><\/strong> <strong><em>\u2013<\/em><\/strong> <strong><em>LOSC Lille (21.00 Uhr)<\/em><\/strong><\/p>\n\n\n\n<p>DAZN: Franz B\u00fcchner (Einzelspiel)<\/p>\n\n\n\n<p>Sky: Klaus Veltmann (Konferenz)<\/p>\n\n\n\n<p><strong><em>Ajax Amsterdam<\/em><\/strong> <strong><em>\u2013<\/em><\/strong> <strong><em>FC Valencia (21.00 Uhr)<\/em><\/strong><\/p>\n\n\n\n<p>DAZN: Freddy Harder (Einzelspiel)<\/p>\n\n\n\n<p>Sky: Oliver Seidler (Konferenz)<\/p>\n\n\n\n<p><strong><em>Benfica Lissabon<\/em><\/strong> <strong><em>\u2013<\/em><\/strong> <strong><em>Zenit St. Petersburg (21.00 Uhr)<\/em><\/strong><\/p>\n\n\n\n<p>DAZN: Oliver Forster (Einzelspiel)<\/p>\n\n\n\n<p>Sky: Markus G\u00f6tz (Konferenz)<\/p>\n\n\n\n<p>Moderation (Sky): Michael Leopold, Experten: Ewald Lienen und Giovane \u00c9lber <\/p>\n\n\n\n<p><span style=\"text-decoration: underline;\">Mittwoch, 11. Dezember 2019 ab 18.40 Uhr (DAZN) bzw. 18.30 Uhr (Sky)<\/span><\/p>\n\n\n\n<p><strong><em>Dinamo Zagreb<\/em><\/strong> <strong><em>\u2013<\/em><\/strong> <strong><em>Manchester City (18.55 Uhr)<\/em><\/strong><\/p>\n\n\n\n<p>DAZN: Daniel G\u00fcnther (Einzelspiel)<\/p>\n\n\n\n<p>Sky: Toni Tomic (Konferenz)<\/p>\n\n\n\n<p><strong><em>Schachtjor Donezk<\/em><\/strong> <strong><em>\u2013<\/em><\/strong> <strong><em>Atalanta Bergamo (18.55 Uhr)<\/em><\/strong><\/p>\n\n\n\n<p>DAZN: Andreas Renner (Einzelspiel)<\/p>\n\n\n\n<p>Sky: Florian Schmidt-Sommerfeld (Konferenz)<\/p>\n\n\n\n<p><span style=\"text-decoration: underline;\">ab 19.30 Uhr (Sky) bzw. 20.40 Uhr (DAZN)<\/span><\/p>\n\n\n\n<p><strong><em>FC Bayern M\u00fcnchen<\/em><\/strong> <strong><em>\u2013<\/em><\/strong> <strong><em>Tottenham Hotspur (21.00 Uhr)<\/em><\/strong><\/p>\n\n\n\n<p>Sky: Wolff Fuss (Einzelspiel), Kai Dittmann (Konferenz), Field-Reporter: Patrick Wasserziehr<\/p>\n\n\n\n<p><strong><em>Bayer 04 Leverkusen<\/em><\/strong> <strong><em>\u2013<\/em><\/strong> <strong><em>J<\/em>uventus Turin<\/strong> <strong><em>(21.00 Uhr)<\/em><\/strong><\/p>\n\n\n\n<p>DAZN: Jan Platte, Experte: Sebastian Knei\u00dfl (Einzelspiel), Field-Reporterin:  Ann-Sophie Kimmel <\/p>\n\n\n\n<p>Sky: Roland Evers (Konferenz), Field-Reporter: Marco Wiefel<\/p>\n\n\n\n<p><strong><em>FC Br\u00fcgge<\/em><\/strong> <strong><em>\u2013<\/em><\/strong> <strong><em>Real Madrid (21.00 Uhr)<\/em><\/strong><\/p>\n\n\n\n<p>DAZN: Uwe Morawe (Einzelspiel)<\/p>\n\n\n\n<p>Sky: Klaus Veltmann (Konferenz)<\/p>\n\n\n\n<p><strong><em>Atletico Madrid<\/em><\/strong> <strong><em>\u2013<\/em><\/strong> <strong><em>Lokomotive Moskau (21.00 Uhr)<\/em><\/strong><\/p>\n\n\n\n<p>DAZN: Matthias Naebers, Experte: Lutz Pfannenstiel (Einzelspiel)<\/p>\n\n\n\n<p>Sky: Hansi K\u00fcpper (Konferenz)<\/p>\n\n\n\n<p><strong><em>Paris Saint Germain<\/em><\/strong> <strong><em>\u2013<\/em><\/strong> <strong><em>Galatasaray (21.00 Uhr)<\/em><\/strong><\/p>\n\n\n\n<p>DAZN: Stefan Galler, Experte: Alexis Menuge (Einzelspiel)<\/p>\n\n\n\n<p>Sky: Michael Born (Konferenz)<\/p>\n\n\n\n<p><strong><em>Olympiakos Pir\u00e4us<\/em><\/strong> <strong><em>\u2013<\/em><\/strong> <strong><em>Roter Stern Belgrad (21.00 Uhr)<\/em><\/strong><\/p>\n\n\n\n<p>DAZN: Flo Eckl (Einzelspiel)<\/p>\n\n\n\n<p>Sky: J\u00f6rg Dahlmann (Konferenz)<\/p>\n\n\n\n<p>Moderation (Sky): Sebastian Hellmann, Experten: Lothar Matth\u00e4us und Didi Hamann<\/p>\n\n\n\n<p><strong>Europa League, Gruppenphase, 6. Spieltag<\/strong><\/p>\n\n\n\n<p><span style=\"text-decoration: underline;\">Donnerstag, 12. Dezember 2019 ab 18.50 Uhr (DAZN)<\/span><\/p>\n\n\n\n<p><strong><em>GoalZone<\/em><\/strong><\/p>\n\n\n\n<p>DAZN: Christoph Stadler (Leadkommentator 18.55 Uhr) und Lukas Sch\u00f6nm\u00fcller (Leadkommentator 21.00 Uhr), Experte: Jonas Hummels <\/p>\n\n\n\n<p><strong><em>Eintracht Frankfurt \u2013 Vitoria Guimaraes (18.55 Uhr)<\/em><\/strong><\/p>\n\n\n\n<p>DAZN: Jan Platte, Experte: Sebastian Knei\u00dfl, Field-Reporter: Sebastian Benesch<\/p>\n\n\n\n<p>Moderation (DAZN): Alex Schl\u00fcter<\/p>\n\n\n\n<p><em><strong>Standard L\u00fcttich \u2013 FC Arsenal (18.55 Uhr)<\/strong><\/em><\/p>\n\n\n\n<p>DAZN: Oliver Forster, Experte: Helge Payer<\/p>\n\n\n\n<p><em><strong>Linzer ASK \u2013 Sporting Lissabon (18.55 Uhr)<\/strong><\/em><\/p>\n\n\n\n<p>DAZN: Philipp Krummholz, Experte: Oliver Lederer<\/p>\n\n\n\n<p><strong><em>Stade Rennes \u2013 Lazio Rom (18.55 Uhr)<\/em><\/strong><\/p>\n\n\n\n<p>DAZN: Mario Rieker<\/p>\n\n\n\n<p><strong><em>CFR Cluj \u2013 Celtic Glasgow (18.55 Uhr)<\/em><\/strong><\/p>\n\n\n\n<p>DAZN: Max Gross<\/p>\n\n\n\n<p><strong><em>FC Kopenhagen \u2013 Malm\u00f6 FF (18.55 Uhr)<\/em><\/strong><\/p>\n\n\n\n<p>DAZN: Andreas Renner<\/p>\n\n\n\n<p><span style=\"text-decoration: underline;\">ab 20.55 Uhr (DAZN) \/ ab 20.15 Uhr (RTL)<\/span><\/p>\n\n\n\n<p><em><strong>Borussia M\u00b4Gladbach \u2013 Istanbul <\/strong><\/em><strong><em>Basaksehir <\/em><\/strong><em><strong>(21.00 Uhr)<\/strong><\/em><\/p>\n\n\n\n<p>RTL: Marco Hagemann, Experte: Steffen Freund<\/p>\n\n\n\n<p>Moderation (RTL): Laura Wontorra, Experte: Roman Weidenfeller<\/p>\n\n\n\n<p>DAZN: Uli Hebel, Experte: Ralph Gunesch, Field-Reporter: Daniel Herzog<\/p>\n\n\n\n<p>Moderation (DAZN): Tobi Wahnschaffe<\/p>\n\n\n\n<p><em><strong>VfL Wolfsburg \u2013 AS Saint-Etienne (21.00 Uhr)<\/strong><\/em><\/p>\n\n\n\n<p>DAZN: Uwe Morawe, Experte: Benny Lauth<\/p>\n\n\n\n<p><strong><em>AS Rom  \u2013 Wolfsberger AC (21.00 Uhr)<\/em><\/strong><\/p>\n\n\n\n<p>DAZN: Christian Brugger, Experte: Andreas Ivanschitz<\/p>\n\n\n\n<p><strong><em>Manchester United \u2013 AZ Alkmaar (21.00 Uhr)<\/em><\/strong><\/p>\n\n\n\n<p>DAZN: Daniel G\u00fcnther, Experte: Lutz Pfannenstiel<\/p>\n\n\n\n<p><strong><em>FC Porto \u2013 Feyenoord Rotterdam (21.00 Uhr)<\/em><\/strong><\/p>\n\n\n\n<p>DAZN: Flo Hauser<\/p>\n\n\n\n<p><strong><em>Glasgow Rangers \u2013 Young Boys Bern (21.00 Uhr)<\/em><\/strong><\/p>\n\n\n\n<p>DAZN: Guido H\u00fcsgen<\/p>\n\n\n\n<p><strong>Die Analyse<\/strong> <\/p>\n\n\n\n<p>Schauen wir zuerst einmal auf den Dienstag: Hier bietet DAZN beim Spiel mit \u00d6sterreichischer Beteiligung extra einen Stream mit \u00f6sterreichischem Kommentar an. Wenn es denn sein muss&#8230; Ansonsten: Die Ansetzung von Carsten Fu\u00df bei einem Spiel mit italienischer Mannschaft d\u00fcrfte wohl keinen \u00fcberraschen. Dann der Blick auf die deutschen Spiele: DAZN bekommt das Einzelspiel des BVB und schickt Marco Hagemann ins Stadion, Sky schickt Martin Gro\u00df auf die Reise nach Frankreich. Ansonsten legt DAZN wert auf die Partie zwischen Inter und Barcelona &#8211; daran zu erkennen, dass hier ein Experte im Einsatz ist. Bei Sky \u00fcberrascht vielleicht die Tatsache, dass Markus G\u00f6tz mal wieder in der Konferenz zu Gast ist. <\/p>\n\n\n\n<p>Ein Blick auf den Mittwoch: Die fr\u00fche Konferenz best\u00fccken Tomic und Schmiso. In den deutschen Einzelspielen gibt es Fuss und Platte auf die Ohren, Dittmann und Evers \u00fcbernehmen eben jene Partien in der Konferenz. Was auff\u00e4llt: Reine Konferenz-Woche f\u00fcr Dittmann, wobei er sowohl die Bayern, als auch den BVB zu sehen bekommt. Ansonsten h\u00f6ren wir in der Konferenz, die ja eh keiner sehen darf, weil diese den Fu\u00dfball zerst\u00f6rt (Kappa), die \u00fcblichen Verd\u00e4chtigen, auch J\u00f6rg Dahlmann ist wieder am Start. <\/p>\n\n\n\n<p>Ein Blick in die Europa League: F\u00fcr Jan Platte gilt: Nach Leverkusen ist vor Frankfurt, auch hier steht im Sebastian Knei\u00dfl zur Seite. Ansonsten gibt es Oli Forster bei den Gunners, Mario Rieker kommentiert auch im Ligabetrieb ab und an mal die italienische Spitzenklasse und Max Gross kann auch was anderes wie den FC Valencia kommentieren. Andreas Renner hat mit einem skandinavischen Spektakel ein wahres Hammerlos gezogen.  Der Blick auf die sp\u00e4ten Spiele: RTL ist in M\u00f6nchengladbach vor Ort, DAZN schickt Hebel, Gunesch, Herzog und Wahnschaffe ins Rennen. Mir f\u00e4llt gerade folgendes auf: Hatten wir uns zu Beginn der Saison nicht noch ein bissle \u00fcber die Fohlen lustig gemacht, nachdem sie dem Wolfsberger AC unterlagen? Nun, wenige Monate sp\u00e4ter staunen alle dar\u00fcber, dass eben jener Club auf Rang 1 der Bundesliga steht &#8211; Fu\u00dfball, manchmal bist du doch einfach nur verr\u00fcckt. <br>Uwe Morawe ist, nat\u00fcrlich, wie sollte es auch anders sein, bei den Wolfsburgern zu h\u00f6ren. <\/p>\n\n\n\n<p>Euch eine wunderbare Woche und, falls man sich an dieser Stelle zuvor nicht mehr liest: Eine besinnliche und ruhige Vorweihnachtszeit von meiner Seite aus! War recht wenig Sport im Vorwort heute, aber man kann ja auch mal ein bisschen abdriften.<\/p>\n","protected":false},"excerpt":{"rendered":"<p>Beim durchzappen durch die verschiedensten TV-Programme am vergangenen Wochenende musste ich folgendes feststellen: Die Wintersportsaison l\u00e4uft ja schon wieder auf Hochtouren. Endlich gibt es wieder den Wintersportmarathon, der einen durch einen langweiligen, freien Tag rettet. Fr\u00fch morgens um 5 geht es mit Snowboarden los, ehe der Wintersporttag abends um kurz vor 8 mit Skispringen sein [&hellip;]<\/p>\n","protected":false},"author":4,"featured_media":0,"comment_status":"open","ping_status":"open","sticky":false,"template":"","format":"standard","meta":{"footnotes":""},"categories":[425],"tags":[160,13,42,22],"class_list":["post-766","post","type-post","status-publish","format-standard","hentry","category-champions-league-und-co","tag-champions-league","tag-dazn","tag-europa-league","tag-sky"],"_links":{"self":[{"href":"https:\/\/kommentatorenblog.de\/index.php?rest_route=\/wp\/v2\/posts\/766","targetHints":{"allow":["GET"]}}],"collection":[{"href":"https:\/\/kommentatorenblog.de\/index.php?rest_route=\/wp\/v2\/posts"}],"about":[{"href":"https:\/\/kommentatorenblog.de\/index.php?rest_route=\/wp\/v2\/types\/post"}],"author":[{"embeddable":true,"href":"https:\/\/kommentatorenblog.de\/index.php?rest_route=\/wp\/v2\/users\/4"}],"replies":[{"embeddable":true,"href":"https:\/\/kommentatorenblog.de\/index.php?rest_route=%2Fwp%2Fv2%2Fcomments&post=766"}],"version-history":[{"count":12,"href":"https:\/\/kommentatorenblog.de\/index.php?rest_route=\/wp\/v2\/posts\/766\/revisions"}],"predecessor-version":[{"id":17307,"href":"https:\/\/kommentatorenblog.de\/index.php?rest_route=\/wp\/v2\/posts\/766\/revisions\/17307"}],"wp:attachment":[{"href":"https:\/\/kommentatorenblog.de\/index.php?rest_route=%2Fwp%2Fv2%2Fmedia&parent=766"}],"wp:term":[{"taxonomy":"category","embeddable":true,"href":"https:\/\/kommentatorenblog.de\/index.php?rest_route=%2Fwp%2Fv2%2Fcategories&post=766"},{"taxonomy":"post_tag","embeddable":true,"href":"https:\/\/kommentatorenblog.de\/index.php?rest_route=%2Fwp%2Fv2%2Ftags&post=766"}],"curies":[{"name":"wp","href":"https:\/\/api.w.org\/{rel}","templated":true}]}}