{"id":7786,"date":"2021-03-23T14:39:29","date_gmt":"2021-03-23T13:39:29","guid":{"rendered":"http:\/\/kommentatorenblog.de\/?p=7786"},"modified":"2021-03-27T19:13:33","modified_gmt":"2021-03-27T18:13:33","slug":"1158-es-gibt-nur-ein-uli-hoeness","status":"publish","type":"post","link":"https:\/\/kommentatorenblog.de\/?p=7786","title":{"rendered":"1158 \u2013 Es gibt nur ein&#8216; Uli Hoene\u00df"},"content":{"rendered":"\n<p>N&#8217;Abend allerseits,<\/p>\n\n\n\n<p>leider gibt\u00b4s das gleiche Schicksal wie am Donnerstag zu verk\u00fcnden. Bedingt durch berufliche Verpflichtungen schaffe ich heute kein &#8222;normales&#8220; Vorwort zu schreiben. So viel aber an dieser Stelle: <a href=\"https:\/\/www.kicker.de\/so-teilen-sich-sky-und-dazn-das-cl-viertelfinale-auf-800427\/artikel\">Hier<\/a> w\u00fcrdet ihr die Aufteilung der CL-Viertelfinals zwischen Sky und DAZN finden &#8211; f\u00fcr den unwahrscheinlichen Fall, dass ihr es heute noch nicht mitbekommen habt! Und wie letzte Woche hebe ich einfach mal die Analyse wieder hervor! <\/p>\n\n\n\n<p><strong>Die Analyse<\/strong><\/p>\n\n\n\n<p><strong>Hoene\u00df-Deb\u00fct<\/strong><\/p>\n\n\n\n<p>Nachdem sich J\u00fcrgen Klinsmann bei RTL als L\u00e4nderspiel-Experte in Aus gespielt hat, wurde beim K\u00f6lner Sender beispielsweise ja Lukas Podolski &#8222;ausprobiert&#8220;. Bei den n\u00e4chsten drei WM-Quali-Spielen der &#8222;Die Mannschaft&#8220; greift RTL ja bekanntlich ins oberste Regal &#8211; Ex-Bayern-Boss Uli Hoene\u00df \u00fcbernimmt an der Seite von Moderator Florian K\u00f6nig. Standesgem\u00e4\u00df kommentieren Marco Hagemann und Steffen Freund die Spiele &#8211; in diesem Beitrag thematisieren wir ja die Auftritte gegen Island und Rum\u00e4nien. <\/p>\n\n\n\n<p><strong>Fast keine Experten an &#8222;Deutschland-Spieltagen&#8220;<\/strong><\/p>\n\n\n\n<p>Die restlichen Quali-Spiele laufen nat\u00fcrlich bei DAZN. Wenn am Donnerstag und Sonntag die Partien der deutschen Mannschaft bei RTL l\u00e4uft, werden bei DAZN fast keine Experten eingesetzt. Lediglich Ralph Gunesch gibt am Donnerstag bei Spanien-Griechenland seine Expertise ab. Hier wird Jan Platte kommentieren &#8211; m\u00fcsste nicht das erste Mal bei einem Auftritt der La Furia Roja sein. <\/p>\n\n\n\n<p>Wenn die ersten Partien in dieser L\u00e4nderspiel-Woche am Mittwoch stattfinden, wird DAZN allerdings voll auf die Experten-Karte setzen, Menuge, Lauth und Knei\u00dfl sind im Einsatz. Samstag und Sonntag wird\u00b4s, Stand jetzt, beim zweiten Spieltag der European Qualifiers zur WM keine Experten-Eins\u00e4tze bei DAZN geben. <\/p>\n\n\n\n<p><strong>Drei &#8222;neue&#8220; Gesichter bei ran zur U21-EM<\/strong><\/p>\n\n\n\n<p>Coronabedingt wird ja in dieser L\u00e4nderspiel-Pause auch die Vorrunde der U21-EM ausgespielt. Neben der klassischen Aufstellung Stach\/Morawe, D\u00fcren und Adler, hat sich die ran-Redaktion noch mit weiteren Gesichtern verst\u00e4rkt. Franz B\u00fcchner, den die Mehrheit in diesem Blog von Magenta Sport (DEL und 3. Liga) und DAZN (Fu\u00dfball, NHL und American Football) kennt, wird einige Spiele im TV und Stream kommentieren. Zudem gibt\u00b4s neben D\u00fcren\/Stach mit Anna Kraft\/Markus Feulner ein weiteres Duo, dass durch die Studio-Sendungen f\u00fchrt.  Die PR-Kollegen von ran habe sich auf unsere Anfrage noch nicht gemeldet, aber \u00fcber einige andere Kontakte und Nachrichten mit den Beteiligten sind wir quasi zu diesen Ansetzungen gekommen :D. Alle Angaben, vor allem die Studio-Besetzungen, ohne Gew\u00e4hr. Die Kommentatoren-Einteilungen, soweit sie aufgef\u00fchrt sind, sollten aber stimmen. <\/p>\n\n\n\n<p><strong>Nachholspiel, Frauenfu\u00dfball und 7-Tage-Inzidenz<\/strong> <strong>von 0,3<\/strong><\/p>\n\n\n\n<p>Wie kommt ihr in der n\u00e4chsten Woche noch auf eure t\u00e4gliche Dosis Fu\u00dfball?! In der 3. Liga findet am Samstag das Nachholspiel zwischen Uerdingen und Zwickau statt, das Personal sollten hier keinen \u00fcberraschen. UPDATE: Gari Paubandt ersetzt Christian Stra\u00dfburger. Im Frauenfu\u00dfball hingegen geht der Liga und CL-Betrieb weiter. In der heimischen Frauen-Bundesliga sind Eurosport und Magenta Sport wieder am Werk. In der Champions League kommentieren wie gewohnt Peter Kohl und Oliver Forster die Auftritte von Bayern und Wolfsburg.  <\/p>\n\n\n\n<p>Last but not least wird auch in der A-League weiter gespielt. Neidisch blicken wir auf Australien, die zurzeit eine 7-Tage-Inzidenz von 0,3 hat. Weil Insel, etc. hinkt hier nat\u00fcrlich der Vergleich mit europ\u00e4ischen Staaten. Zur\u00fcck zum Fu\u00dfball: sportdigital FUSSBALL zeigt zwischen Mittwoch und Sonntag vier Partien live, darunter am Samstag das tabellarische Topspiel zwischen Melbourne City und den Western Sydney Wanderers. <\/p>\n\n\n\n<p>Macht das Beste draus!<\/p>\n\n\n\n<hr class=\"wp-block-separator\"\/>\n\n\n\n<p><strong><em>Die Ansetzungen vom 23. M\u00e4rz bis zum 29. M\u00e4rz 2021<\/em><\/strong><\/p>\n\n\n\n<p><strong>WM-Qualifikation, 01. Spieltag<\/strong><\/p>\n\n\n\n<p><span style=\"text-decoration: underline;\">Donnerstag, 25. M\u00e4rz 2021, ab 20.15 Uhr (RTL)<\/span><\/p>\n\n\n\n<p><strong><em>Deutschland \u2013 Island (20.45 Uhr)<\/em><\/strong><\/p>\n\n\n\n<p><img loading=\"lazy\" decoding=\"async\" width=\"10\" height=\"21\" class=\"wp-image-3656\" style=\"width: 10px;\" src=\"http:\/\/kommentatorenblog.de\/wp-content\/uploads\/2020\/09\/shure-55sh-ii-e1601485394796.jpg\" alt=\"\" srcset=\"https:\/\/kommentatorenblog.de\/wp-content\/uploads\/2020\/09\/shure-55sh-ii-e1601485394796.jpg 415w, https:\/\/kommentatorenblog.de\/wp-content\/uploads\/2020\/09\/shure-55sh-ii-e1601485394796-142x300.jpg 142w\" sizes=\"auto, (max-width: 10px) 100vw, 10px\" \/> Marco Hagemann, Experte: Steffen Freund<\/p>\n\n\n\n<p>Moderation: Florian K\u00f6nig, Experte: Uli Hoene\u00df<\/p>\n\n\n\n<p><strong>WM-Qualifikation, 02. Spieltag<\/strong><\/p>\n\n\n\n<p><span style=\"text-decoration: underline;\">Sonntag, 28. M\u00e4rz 2021, ab 20.15 Uhr (RTL)<\/span><\/p>\n\n\n\n<p><strong><em>Rum\u00e4nien \u2013 Deutschland (20.45 Uhr)<\/em><\/strong><\/p>\n\n\n\n<p><img loading=\"lazy\" decoding=\"async\" width=\"10\" height=\"21\" class=\"wp-image-3656\" style=\"width: 10px;\" src=\"http:\/\/kommentatorenblog.de\/wp-content\/uploads\/2020\/09\/shure-55sh-ii-e1601485394796.jpg\" alt=\"\" srcset=\"https:\/\/kommentatorenblog.de\/wp-content\/uploads\/2020\/09\/shure-55sh-ii-e1601485394796.jpg 415w, https:\/\/kommentatorenblog.de\/wp-content\/uploads\/2020\/09\/shure-55sh-ii-e1601485394796-142x300.jpg 142w\" sizes=\"auto, (max-width: 10px) 100vw, 10px\" \/> Marco Hagemann, Experte: Steffen Freund<\/p>\n\n\n\n<p>Moderation: Florian K\u00f6nig, Experte: Uli Hoene\u00df<\/p>\n\n\n\n<hr class=\"wp-block-separator\"\/>\n\n\n\n<p><strong>WM-Qualifikation, 01. Spieltag<\/strong> <strong>(DAZN &#8211; Spiele ohne deutsche Beteiligung)<\/strong><\/p>\n\n\n\n<p><span style=\"text-decoration: underline;\">Mittwoch, 24. M\u00e4rz 2021<\/span><\/p>\n\n\n\n<p><span style=\"text-decoration: underline;\">ab 17.55 Uhr<\/span><\/p>\n\n\n\n<p><strong><em>T\u00fcrkei \u2013 Niederlande (18.00 Uhr)<\/em><\/strong><\/p>\n\n\n\n<p><img loading=\"lazy\" decoding=\"async\" width=\"10\" height=\"21\" class=\"wp-image-3656\" style=\"width: 10px;\" src=\"http:\/\/kommentatorenblog.de\/wp-content\/uploads\/2020\/09\/shure-55sh-ii-e1601485394796.jpg\" alt=\"\" srcset=\"https:\/\/kommentatorenblog.de\/wp-content\/uploads\/2020\/09\/shure-55sh-ii-e1601485394796.jpg 415w, https:\/\/kommentatorenblog.de\/wp-content\/uploads\/2020\/09\/shure-55sh-ii-e1601485394796-142x300.jpg 142w\" sizes=\"auto, (max-width: 10px) 100vw, 10px\" \/> Flo Hauser, Experte: Benny Lauth<\/p>\n\n\n\n<p><span style=\"text-decoration: underline;\">ab 20.40 Uhr<\/span> <\/p>\n\n\n\n<p><strong><em>Belgien \u2013 Wales (20.45 Uhr)<\/em><\/strong><\/p>\n\n\n\n<p><img loading=\"lazy\" decoding=\"async\" width=\"10\" height=\"21\" class=\"wp-image-3656\" style=\"width: 10px;\" src=\"http:\/\/kommentatorenblog.de\/wp-content\/uploads\/2020\/09\/shure-55sh-ii-e1601485394796.jpg\" alt=\"\" srcset=\"https:\/\/kommentatorenblog.de\/wp-content\/uploads\/2020\/09\/shure-55sh-ii-e1601485394796.jpg 415w, https:\/\/kommentatorenblog.de\/wp-content\/uploads\/2020\/09\/shure-55sh-ii-e1601485394796-142x300.jpg 142w\" sizes=\"auto, (max-width: 10px) 100vw, 10px\" \/> Uli Hebel, Experte: Sebastian Knei\u00dfl <\/p>\n\n\n\n<p><strong><em>Frankreich \u2013 Ukraine (20.45 Uhr)<\/em><\/strong><\/p>\n\n\n\n<p><img loading=\"lazy\" decoding=\"async\" width=\"10\" height=\"21\" class=\"wp-image-3656\" style=\"width: 10px;\" src=\"http:\/\/kommentatorenblog.de\/wp-content\/uploads\/2020\/09\/shure-55sh-ii-e1601485394796.jpg\" alt=\"\" srcset=\"https:\/\/kommentatorenblog.de\/wp-content\/uploads\/2020\/09\/shure-55sh-ii-e1601485394796.jpg 415w, https:\/\/kommentatorenblog.de\/wp-content\/uploads\/2020\/09\/shure-55sh-ii-e1601485394796-142x300.jpg 142w\" sizes=\"auto, (max-width: 10px) 100vw, 10px\" \/> David Ploch, Experte: Alexis Menuge <\/p>\n\n\n\n<p><strong><em><strong><em>Portugal<\/em><\/strong> \u2013 Aserbaidschan (20.45 Uhr)<\/em><\/strong><\/p>\n\n\n\n<p><img loading=\"lazy\" decoding=\"async\" width=\"10\" height=\"21\" class=\"wp-image-3656\" style=\"width: 10px;\" src=\"http:\/\/kommentatorenblog.de\/wp-content\/uploads\/2020\/09\/shure-55sh-ii-e1601485394796.jpg\" alt=\"\" srcset=\"https:\/\/kommentatorenblog.de\/wp-content\/uploads\/2020\/09\/shure-55sh-ii-e1601485394796.jpg 415w, https:\/\/kommentatorenblog.de\/wp-content\/uploads\/2020\/09\/shure-55sh-ii-e1601485394796-142x300.jpg 142w\" sizes=\"auto, (max-width: 10px) 100vw, 10px\" \/> Ruben Zimmermann<\/p>\n\n\n\n<p><span style=\"text-decoration: underline;\">Donnerstag, 25. M\u00e4rz 2021<\/span><\/p>\n\n\n\n<p><span style=\"text-decoration: underline;\">ab 17.55 Uhr<\/span><\/p>\n\n\n\n<p><strong><em>Bulgarien \u2013 Schweiz (18.00 Uhr)<\/em><\/strong><\/p>\n\n\n\n<p><img loading=\"lazy\" decoding=\"async\" width=\"10\" height=\"21\" class=\"wp-image-3656\" style=\"width: 10px;\" src=\"http:\/\/kommentatorenblog.de\/wp-content\/uploads\/2020\/09\/shure-55sh-ii-e1601485394796.jpg\" alt=\"\" srcset=\"https:\/\/kommentatorenblog.de\/wp-content\/uploads\/2020\/09\/shure-55sh-ii-e1601485394796.jpg 415w, https:\/\/kommentatorenblog.de\/wp-content\/uploads\/2020\/09\/shure-55sh-ii-e1601485394796-142x300.jpg 142w\" sizes=\"auto, (max-width: 10px) 100vw, 10px\" \/> Fabian Pavlakovic <\/p>\n\n\n\n<p><span style=\"text-decoration: underline;\">ab 20.40 Uhr<\/span> <\/p>\n\n\n\n<p><strong><em>Spanien \u2013 Griechenland (20.45 Uhr)<\/em><\/strong><\/p>\n\n\n\n<p><img loading=\"lazy\" decoding=\"async\" width=\"10\" height=\"21\" class=\"wp-image-3656\" style=\"width: 10px;\" src=\"http:\/\/kommentatorenblog.de\/wp-content\/uploads\/2020\/09\/shure-55sh-ii-e1601485394796.jpg\" alt=\"\" srcset=\"https:\/\/kommentatorenblog.de\/wp-content\/uploads\/2020\/09\/shure-55sh-ii-e1601485394796.jpg 415w, https:\/\/kommentatorenblog.de\/wp-content\/uploads\/2020\/09\/shure-55sh-ii-e1601485394796-142x300.jpg 142w\" sizes=\"auto, (max-width: 10px) 100vw, 10px\" \/> Jan Platte, Experte: Ralph Gunesch <\/p>\n\n\n\n<p><strong><em>Schottland \u2013 \u00d6sterreich (20.45 Uhr)<\/em><\/strong><\/p>\n\n\n\n<p><img loading=\"lazy\" decoding=\"async\" width=\"10\" height=\"21\" class=\"wp-image-3656\" style=\"width: 10px;\" src=\"http:\/\/kommentatorenblog.de\/wp-content\/uploads\/2020\/09\/shure-55sh-ii-e1601485394796.jpg\" alt=\"\" srcset=\"https:\/\/kommentatorenblog.de\/wp-content\/uploads\/2020\/09\/shure-55sh-ii-e1601485394796.jpg 415w, https:\/\/kommentatorenblog.de\/wp-content\/uploads\/2020\/09\/shure-55sh-ii-e1601485394796-142x300.jpg 142w\" sizes=\"auto, (max-width: 10px) 100vw, 10px\" \/> Max Gross<\/p>\n\n\n\n<p><strong><em>England \u2013 San Marino (20.45 Uhr)<\/em><\/strong><\/p>\n\n\n\n<p><img loading=\"lazy\" decoding=\"async\" width=\"10\" height=\"21\" class=\"wp-image-3656\" style=\"width: 10px;\" src=\"http:\/\/kommentatorenblog.de\/wp-content\/uploads\/2020\/09\/shure-55sh-ii-e1601485394796.jpg\" alt=\"\" srcset=\"https:\/\/kommentatorenblog.de\/wp-content\/uploads\/2020\/09\/shure-55sh-ii-e1601485394796.jpg 415w, https:\/\/kommentatorenblog.de\/wp-content\/uploads\/2020\/09\/shure-55sh-ii-e1601485394796-142x300.jpg 142w\" sizes=\"auto, (max-width: 10px) 100vw, 10px\" \/> Freddie Schulz <\/p>\n\n\n\n<p><strong><em><strong><em>Italien<\/em><\/strong> \u2013 Nordirland (20.45 Uhr)<\/em><\/strong><\/p>\n\n\n\n<p><img loading=\"lazy\" decoding=\"async\" width=\"10\" height=\"21\" class=\"wp-image-3656\" style=\"width: 10px;\" src=\"http:\/\/kommentatorenblog.de\/wp-content\/uploads\/2020\/09\/shure-55sh-ii-e1601485394796.jpg\" alt=\"\" srcset=\"https:\/\/kommentatorenblog.de\/wp-content\/uploads\/2020\/09\/shure-55sh-ii-e1601485394796.jpg 415w, https:\/\/kommentatorenblog.de\/wp-content\/uploads\/2020\/09\/shure-55sh-ii-e1601485394796-142x300.jpg 142w\" sizes=\"auto, (max-width: 10px) 100vw, 10px\" \/> Carsten Fu\u00df <\/p>\n\n\n\n<p><strong><em><strong><em>Ungarn<\/em><\/strong> \u2013 Polen (20.45 Uhr)<\/em><\/strong><\/p>\n\n\n\n<p><img loading=\"lazy\" decoding=\"async\" width=\"10\" height=\"21\" class=\"wp-image-3656\" style=\"width: 10px;\" src=\"http:\/\/kommentatorenblog.de\/wp-content\/uploads\/2020\/09\/shure-55sh-ii-e1601485394796.jpg\" alt=\"\" srcset=\"https:\/\/kommentatorenblog.de\/wp-content\/uploads\/2020\/09\/shure-55sh-ii-e1601485394796.jpg 415w, https:\/\/kommentatorenblog.de\/wp-content\/uploads\/2020\/09\/shure-55sh-ii-e1601485394796-142x300.jpg 142w\" sizes=\"auto, (max-width: 10px) 100vw, 10px\" \/> Martin Sedlaczek<\/p>\n\n\n\n<hr class=\"wp-block-separator\"\/>\n\n\n\n<p><strong>WM-Qualifikation, 02. Spieltag<\/strong> <strong>(DAZN &#8211; Spiele ohne deutsche Beteiligung)<\/strong><\/p>\n\n\n\n<p><span style=\"text-decoration: underline;\">Samstag, 27. M\u00e4rz 2021<\/span><\/p>\n\n\n\n<p><span style=\"text-decoration: underline;\">ab 17.55 Uhr<\/span><\/p>\n\n\n\n<p><strong><em>Norwegen \u2013 T\u00fcrkei (18.00 Uhr)<\/em><\/strong><\/p>\n\n\n\n<p><img loading=\"lazy\" decoding=\"async\" width=\"10\" height=\"21\" class=\"wp-image-3656\" style=\"width: 10px;\" src=\"http:\/\/kommentatorenblog.de\/wp-content\/uploads\/2020\/09\/shure-55sh-ii-e1601485394796.jpg\" alt=\"\" srcset=\"https:\/\/kommentatorenblog.de\/wp-content\/uploads\/2020\/09\/shure-55sh-ii-e1601485394796.jpg 415w, https:\/\/kommentatorenblog.de\/wp-content\/uploads\/2020\/09\/shure-55sh-ii-e1601485394796-142x300.jpg 142w\" sizes=\"auto, (max-width: 10px) 100vw, 10px\" \/> Nico Seepe <\/p>\n\n\n\n<p><strong><em>Niederlande \u2013 Lettland (18.00 Uhr)<\/em><\/strong><\/p>\n\n\n\n<p><img loading=\"lazy\" decoding=\"async\" width=\"10\" height=\"21\" class=\"wp-image-3656\" style=\"width: 10px;\" src=\"http:\/\/kommentatorenblog.de\/wp-content\/uploads\/2020\/09\/shure-55sh-ii-e1601485394796.jpg\" alt=\"\" srcset=\"https:\/\/kommentatorenblog.de\/wp-content\/uploads\/2020\/09\/shure-55sh-ii-e1601485394796.jpg 415w, https:\/\/kommentatorenblog.de\/wp-content\/uploads\/2020\/09\/shure-55sh-ii-e1601485394796-142x300.jpg 142w\" sizes=\"auto, (max-width: 10px) 100vw, 10px\" \/> Oliver Forster <\/p>\n\n\n\n<p><span style=\"text-decoration: underline;\">ab 20.40 Uhr<\/span> <\/p>\n\n\n\n<p><strong><em>Serbien \u2013 Portugal (20.45 Uhr)<\/em><\/strong><\/p>\n\n\n\n<p><img loading=\"lazy\" decoding=\"async\" width=\"10\" height=\"21\" class=\"wp-image-3656\" style=\"width: 10px;\" src=\"http:\/\/kommentatorenblog.de\/wp-content\/uploads\/2020\/09\/shure-55sh-ii-e1601485394796.jpg\" alt=\"\" srcset=\"https:\/\/kommentatorenblog.de\/wp-content\/uploads\/2020\/09\/shure-55sh-ii-e1601485394796.jpg 415w, https:\/\/kommentatorenblog.de\/wp-content\/uploads\/2020\/09\/shure-55sh-ii-e1601485394796-142x300.jpg 142w\" sizes=\"auto, (max-width: 10px) 100vw, 10px\" \/> Christoph Stadtler  <\/p>\n\n\n\n<p><strong><em>Tschechien \u2013 Belgien (20.45 Uhr)<\/em><\/strong><\/p>\n\n\n\n<p><img loading=\"lazy\" decoding=\"async\" width=\"10\" height=\"21\" class=\"wp-image-3656\" style=\"width: 10px;\" src=\"http:\/\/kommentatorenblog.de\/wp-content\/uploads\/2020\/09\/shure-55sh-ii-e1601485394796.jpg\" alt=\"\" srcset=\"https:\/\/kommentatorenblog.de\/wp-content\/uploads\/2020\/09\/shure-55sh-ii-e1601485394796.jpg 415w, https:\/\/kommentatorenblog.de\/wp-content\/uploads\/2020\/09\/shure-55sh-ii-e1601485394796-142x300.jpg 142w\" sizes=\"auto, (max-width: 10px) 100vw, 10px\" \/> Hans von Brockhausen <\/p>\n\n\n\n<p><span style=\"text-decoration: underline;\">Sonntag, 28. M\u00e4rz 2021<\/span><\/p>\n\n\n\n<p><span style=\"text-decoration: underline;\">ab 14.55 Uhr<\/span><\/p>\n\n\n\n<p><strong><em>Kasachstan \u2013 Frankreich (15.00 Uhr)<\/em><\/strong><\/p>\n\n\n\n<p><img loading=\"lazy\" decoding=\"async\" width=\"10\" height=\"21\" class=\"wp-image-3656\" style=\"width: 10px;\" src=\"http:\/\/kommentatorenblog.de\/wp-content\/uploads\/2020\/09\/shure-55sh-ii-e1601485394796.jpg\" alt=\"\" srcset=\"https:\/\/kommentatorenblog.de\/wp-content\/uploads\/2020\/09\/shure-55sh-ii-e1601485394796.jpg 415w, https:\/\/kommentatorenblog.de\/wp-content\/uploads\/2020\/09\/shure-55sh-ii-e1601485394796-142x300.jpg 142w\" sizes=\"auto, (max-width: 10px) 100vw, 10px\" \/> Matthias Naebers <\/p>\n\n\n\n<p><span style=\"text-decoration: underline;\">ab 17.55 Uhr<\/span><\/p>\n\n\n\n<p><strong><em>Albanien \u2013 England (18.00 Uhr)<\/em><\/strong><\/p>\n\n\n\n<p><img loading=\"lazy\" decoding=\"async\" width=\"10\" height=\"21\" class=\"wp-image-3656\" style=\"width: 10px;\" src=\"http:\/\/kommentatorenblog.de\/wp-content\/uploads\/2020\/09\/shure-55sh-ii-e1601485394796.jpg\" alt=\"\" srcset=\"https:\/\/kommentatorenblog.de\/wp-content\/uploads\/2020\/09\/shure-55sh-ii-e1601485394796.jpg 415w, https:\/\/kommentatorenblog.de\/wp-content\/uploads\/2020\/09\/shure-55sh-ii-e1601485394796-142x300.jpg 142w\" sizes=\"auto, (max-width: 10px) 100vw, 10px\" \/> Tobi Fischbeck <\/p>\n\n\n\n<p><strong><em>Georgien \u2013 Spanien (18.00 Uhr)<\/em><\/strong><\/p>\n\n\n\n<p><img loading=\"lazy\" decoding=\"async\" width=\"10\" height=\"21\" class=\"wp-image-3656\" style=\"width: 10px;\" src=\"http:\/\/kommentatorenblog.de\/wp-content\/uploads\/2020\/09\/shure-55sh-ii-e1601485394796.jpg\" alt=\"\" srcset=\"https:\/\/kommentatorenblog.de\/wp-content\/uploads\/2020\/09\/shure-55sh-ii-e1601485394796.jpg 415w, https:\/\/kommentatorenblog.de\/wp-content\/uploads\/2020\/09\/shure-55sh-ii-e1601485394796-142x300.jpg 142w\" sizes=\"auto, (max-width: 10px) 100vw, 10px\" \/> Julian Engelhard <\/p>\n\n\n\n<p><span style=\"text-decoration: underline;\">ab 20.40 Uhr<\/span> <\/p>\n\n\n\n<p><strong><em>\u00d6sterreich \u2013 Far\u00f6er (20.45 Uhr)<\/em><\/strong><\/p>\n\n\n\n<p><img loading=\"lazy\" decoding=\"async\" width=\"10\" height=\"21\" class=\"wp-image-3656\" style=\"width: 10px;\" src=\"http:\/\/kommentatorenblog.de\/wp-content\/uploads\/2020\/09\/shure-55sh-ii-e1601485394796.jpg\" alt=\"\" srcset=\"https:\/\/kommentatorenblog.de\/wp-content\/uploads\/2020\/09\/shure-55sh-ii-e1601485394796.jpg 415w, https:\/\/kommentatorenblog.de\/wp-content\/uploads\/2020\/09\/shure-55sh-ii-e1601485394796-142x300.jpg 142w\" sizes=\"auto, (max-width: 10px) 100vw, 10px\" \/> Stefan Galler <\/p>\n\n\n\n<p><strong><em>Schweiz \u2013 Litauen (20.45 Uhr)<\/em><\/strong><\/p>\n\n\n\n<p><img loading=\"lazy\" decoding=\"async\" width=\"10\" height=\"21\" class=\"wp-image-3656\" style=\"width: 10px;\" src=\"http:\/\/kommentatorenblog.de\/wp-content\/uploads\/2020\/09\/shure-55sh-ii-e1601485394796.jpg\" alt=\"\" srcset=\"https:\/\/kommentatorenblog.de\/wp-content\/uploads\/2020\/09\/shure-55sh-ii-e1601485394796.jpg 415w, https:\/\/kommentatorenblog.de\/wp-content\/uploads\/2020\/09\/shure-55sh-ii-e1601485394796-142x300.jpg 142w\" sizes=\"auto, (max-width: 10px) 100vw, 10px\" \/> Claus M\u00fcller  <\/p>\n\n\n\n<hr class=\"wp-block-separator\"\/>\n\n\n\n<p><strong>U-21-EM-Vorrunde, 01. Spieltag (ProSiebenMaxx)<\/strong><\/p>\n\n\n\n<p><span style=\"text-decoration: underline;\">Mittwoch, 24. M\u00e4rz 2021, ab 17.45 Uhr (ProSieben Maxx)<\/span><\/p>\n\n\n\n<p><strong><em>Slowenien \u2013 Spanien (18.00 Uhr)<\/em><\/strong><\/p>\n\n\n\n<p><img loading=\"lazy\" decoding=\"async\" width=\"10\" height=\"21\" class=\"wp-image-3656\" style=\"width: 10px;\" src=\"http:\/\/kommentatorenblog.de\/wp-content\/uploads\/2020\/09\/shure-55sh-ii-e1601485394796.jpg\" alt=\"\" srcset=\"https:\/\/kommentatorenblog.de\/wp-content\/uploads\/2020\/09\/shure-55sh-ii-e1601485394796.jpg 415w, https:\/\/kommentatorenblog.de\/wp-content\/uploads\/2020\/09\/shure-55sh-ii-e1601485394796-142x300.jpg 142w\" sizes=\"auto, (max-width: 10px) 100vw, 10px\" \/> Uwe Morawe<\/p>\n\n\n\n<p>Moderation: Christian D\u00fcren, Experte: Ren\u00e9 Adler<\/p>\n\n\n\n<p><span style=\"text-decoration: underline;\">ab 20.15 Uhr (ProSieben)<\/span><\/p>\n\n\n\n<p><strong><em>Ungarn \u2013 Deutschland (21.00 Uhr)<\/em><\/strong><\/p>\n\n\n\n<p><img loading=\"lazy\" decoding=\"async\" width=\"10\" height=\"21\" class=\"wp-image-3656\" style=\"width: 10px;\" src=\"http:\/\/kommentatorenblog.de\/wp-content\/uploads\/2020\/09\/shure-55sh-ii-e1601485394796.jpg\" alt=\"\" srcset=\"https:\/\/kommentatorenblog.de\/wp-content\/uploads\/2020\/09\/shure-55sh-ii-e1601485394796.jpg 415w, https:\/\/kommentatorenblog.de\/wp-content\/uploads\/2020\/09\/shure-55sh-ii-e1601485394796-142x300.jpg 142w\" sizes=\"auto, (max-width: 10px) 100vw, 10px\" \/> Matthias Stach, Field-Reporter: Max Zielke <\/p>\n\n\n\n<p>Moderation: Christian D\u00fcren, Experte: Ren\u00e9 Adler<\/p>\n\n\n\n<p><span style=\"text-decoration: underline;\">Donnerstag, 25. M\u00e4rz 2021, ab 14.50 Uhr (ProSieben Maxx)<\/span><\/p>\n\n\n\n<p><strong><em>England \u2013 Schweiz (15.00 Uhr)<\/em><\/strong><\/p>\n\n\n\n<p><img loading=\"lazy\" decoding=\"async\" width=\"10\" height=\"21\" class=\"wp-image-3656\" style=\"width: 10px;\" src=\"http:\/\/kommentatorenblog.de\/wp-content\/uploads\/2020\/09\/shure-55sh-ii-e1601485394796.jpg\" alt=\"\" srcset=\"https:\/\/kommentatorenblog.de\/wp-content\/uploads\/2020\/09\/shure-55sh-ii-e1601485394796.jpg 415w, https:\/\/kommentatorenblog.de\/wp-content\/uploads\/2020\/09\/shure-55sh-ii-e1601485394796-142x300.jpg 142w\" sizes=\"auto, (max-width: 10px) 100vw, 10px\" \/> Uwe Morawe<\/p>\n\n\n\n<p><span style=\"text-decoration: underline;\">ab 17.50 Uhr<\/span><\/p>\n\n\n\n<p><strong><em>Russland \u2013 Island (18.00 Uhr)<\/em><\/strong><\/p>\n\n\n\n<p><img loading=\"lazy\" decoding=\"async\" width=\"10\" height=\"21\" class=\"wp-image-3656\" style=\"width: 10px;\" src=\"http:\/\/kommentatorenblog.de\/wp-content\/uploads\/2020\/09\/shure-55sh-ii-e1601485394796.jpg\" alt=\"\" srcset=\"https:\/\/kommentatorenblog.de\/wp-content\/uploads\/2020\/09\/shure-55sh-ii-e1601485394796.jpg 415w, https:\/\/kommentatorenblog.de\/wp-content\/uploads\/2020\/09\/shure-55sh-ii-e1601485394796-142x300.jpg 142w\" sizes=\"auto, (max-width: 10px) 100vw, 10px\" \/> Franz B\u00fcchner<\/p>\n\n\n\n<p><span style=\"text-decoration: underline;\">ab 20.00 Uhr<\/span><\/p>\n\n\n\n<p><strong><em>Frankreich \u2013 D\u00e4nemark (21.00 Uhr)<\/em><\/strong><\/p>\n\n\n\n<p><img loading=\"lazy\" decoding=\"async\" width=\"10\" height=\"21\" class=\"wp-image-3656\" style=\"width: 10px;\" src=\"http:\/\/kommentatorenblog.de\/wp-content\/uploads\/2020\/09\/shure-55sh-ii-e1601485394796.jpg\" alt=\"\" srcset=\"https:\/\/kommentatorenblog.de\/wp-content\/uploads\/2020\/09\/shure-55sh-ii-e1601485394796.jpg 415w, https:\/\/kommentatorenblog.de\/wp-content\/uploads\/2020\/09\/shure-55sh-ii-e1601485394796-142x300.jpg 142w\" sizes=\"auto, (max-width: 10px) 100vw, 10px\" \/> Matthias Stach <\/p>\n\n\n\n<p>Moderation: Christian D\u00fcren, Experte: Ren\u00e9 Adler<\/p>\n\n\n\n<hr class=\"wp-block-separator\"\/>\n\n\n\n<p><strong>U-21-EM-Vorrunde, 02. Spieltag (ProSiebenMaxx)<\/strong><\/p>\n\n\n\n<p><span style=\"text-decoration: underline;\">Samstag, 27. M\u00e4rz 2021, ab 17.45 Uhr (ProSieben Maxx)<\/span><\/p>\n\n\n\n<p><strong><em>Ungarn \u2013 Rum\u00e4nien (18.00 Uhr)<\/em><\/strong><\/p>\n\n\n\n<p><img loading=\"lazy\" decoding=\"async\" width=\"10\" height=\"21\" class=\"wp-image-3656\" style=\"width: 10px;\" src=\"http:\/\/kommentatorenblog.de\/wp-content\/uploads\/2020\/09\/shure-55sh-ii-e1601485394796.jpg\" alt=\"\" srcset=\"https:\/\/kommentatorenblog.de\/wp-content\/uploads\/2020\/09\/shure-55sh-ii-e1601485394796.jpg 415w, https:\/\/kommentatorenblog.de\/wp-content\/uploads\/2020\/09\/shure-55sh-ii-e1601485394796-142x300.jpg 142w\" sizes=\"auto, (max-width: 10px) 100vw, 10px\" \/> Uwe Morawe<\/p>\n\n\n\n<p>Moderation: Anna Kraft, Experte: Markus Feulner <\/p>\n\n\n\n<p><span style=\"text-decoration: underline;\">ab 20.15 Uhr (ProSieben)<\/span><\/p>\n\n\n\n<p><strong><em>Deutschland \u2013 Niederlande (21.00 Uhr)<\/em><\/strong><\/p>\n\n\n\n<p><img loading=\"lazy\" decoding=\"async\" width=\"10\" height=\"21\" class=\"wp-image-3656\" style=\"width: 10px;\" src=\"http:\/\/kommentatorenblog.de\/wp-content\/uploads\/2020\/09\/shure-55sh-ii-e1601485394796.jpg\" alt=\"\" srcset=\"https:\/\/kommentatorenblog.de\/wp-content\/uploads\/2020\/09\/shure-55sh-ii-e1601485394796.jpg 415w, https:\/\/kommentatorenblog.de\/wp-content\/uploads\/2020\/09\/shure-55sh-ii-e1601485394796-142x300.jpg 142w\" sizes=\"auto, (max-width: 10px) 100vw, 10px\" \/>  Matthias Stach, Field-Reporter: Max Zielke <\/p>\n\n\n\n<p>Moderation: Christian D\u00fcren, Experte: Ren\u00e9 Adler<\/p>\n\n\n\n<p><span style=\"text-decoration: underline;\">Sonntag, 28. M\u00e4rz 2021, ab 14.50 Uhr (ProSieben Maxx)<\/span><\/p>\n\n\n\n<p><strong><em>Island \u2013 D\u00e4nemark (15.00 Uhr)<\/em><\/strong><\/p>\n\n\n\n<p><img loading=\"lazy\" decoding=\"async\" width=\"10\" height=\"21\" class=\"wp-image-3656\" style=\"width: 10px;\" src=\"http:\/\/kommentatorenblog.de\/wp-content\/uploads\/2020\/09\/shure-55sh-ii-e1601485394796.jpg\" alt=\"\" srcset=\"https:\/\/kommentatorenblog.de\/wp-content\/uploads\/2020\/09\/shure-55sh-ii-e1601485394796.jpg 415w, https:\/\/kommentatorenblog.de\/wp-content\/uploads\/2020\/09\/shure-55sh-ii-e1601485394796-142x300.jpg 142w\" sizes=\"auto, (max-width: 10px) 100vw, 10px\" \/> Franz B\u00fcchner <\/p>\n\n\n\n<p><span style=\"text-decoration: underline;\">ab 17.30 Uhr (ProSieben Maxx)<\/span><\/p>\n\n\n\n<p><strong><em>Kroatien \u2013 <strong><em>Schweiz<\/em><\/strong><\/em><\/strong> <strong><em>(18.00 Uhr)<\/em><\/strong><\/p>\n\n\n\n<p><img loading=\"lazy\" decoding=\"async\" width=\"10\" height=\"21\" class=\"wp-image-3656\" style=\"width: 10px;\" src=\"http:\/\/kommentatorenblog.de\/wp-content\/uploads\/2020\/09\/shure-55sh-ii-e1601485394796.jpg\" alt=\"\" srcset=\"https:\/\/kommentatorenblog.de\/wp-content\/uploads\/2020\/09\/shure-55sh-ii-e1601485394796.jpg 415w, https:\/\/kommentatorenblog.de\/wp-content\/uploads\/2020\/09\/shure-55sh-ii-e1601485394796-142x300.jpg 142w\" sizes=\"auto, (max-width: 10px) 100vw, 10px\" \/> Uwe Morawe<\/p>\n\n\n\n<p>Moderation: Anna Kraft, Experte: Markus Feulner<\/p>\n\n\n\n<p><span style=\"text-decoration: underline;\">ab 20.30 Uhr (ProSieben Maxx)<\/span><\/p>\n\n\n\n<p><strong><em>Portugal \u2013 England (21.00 Uhr)<\/em><\/strong><\/p>\n\n\n\n<p><img loading=\"lazy\" decoding=\"async\" width=\"10\" height=\"21\" class=\"wp-image-3656\" style=\"width: 10px;\" src=\"http:\/\/kommentatorenblog.de\/wp-content\/uploads\/2020\/09\/shure-55sh-ii-e1601485394796.jpg\" alt=\"\" srcset=\"https:\/\/kommentatorenblog.de\/wp-content\/uploads\/2020\/09\/shure-55sh-ii-e1601485394796.jpg 415w, https:\/\/kommentatorenblog.de\/wp-content\/uploads\/2020\/09\/shure-55sh-ii-e1601485394796-142x300.jpg 142w\" sizes=\"auto, (max-width: 10px) 100vw, 10px\" \/> Matthias Stach<\/p>\n\n\n\n<p>Moderation: Christian D\u00fcren, Experte: Ren\u00e9 Adler   <\/p>\n\n\n\n<hr class=\"wp-block-separator\"\/>\n\n\n\n<p><strong>3. Liga, Nachholspiel 24. Spieltag<\/strong><\/p>\n\n\n\n<p><span style=\"text-decoration: underline;\">Samstag, 27. M\u00e4rz 2021, ab 13.45 Uhr Magenta Sport)<\/span><\/p>\n\n\n\n<p><strong><em>KFC Uerdingen<\/em><\/strong> <strong><em>\u2013<\/em><\/strong> <strong><em>FSV Zwickau (14.00 Uhr)<\/em><\/strong><\/p>\n\n\n\n<p><img loading=\"lazy\" decoding=\"async\" width=\"10\" height=\"21\" class=\"wp-image-3656\" style=\"width: 10px;\" src=\"http:\/\/kommentatorenblog.de\/wp-content\/uploads\/2020\/09\/shure-55sh-ii-e1601485394796.jpg\" alt=\"\" srcset=\"https:\/\/kommentatorenblog.de\/wp-content\/uploads\/2020\/09\/shure-55sh-ii-e1601485394796.jpg 415w, https:\/\/kommentatorenblog.de\/wp-content\/uploads\/2020\/09\/shure-55sh-ii-e1601485394796-142x300.jpg 142w\" sizes=\"auto, (max-width: 10px) 100vw, 10px\" \/> Magenta Sport: Gari Paubandt <\/p>\n\n\n\n<p><img loading=\"lazy\" decoding=\"async\" width=\"10\" height=\"21\" class=\"wp-image-3656\" style=\"width: 10px;\" src=\"http:\/\/kommentatorenblog.de\/wp-content\/uploads\/2020\/09\/shure-55sh-ii-e1601485394796.jpg\" alt=\"\" srcset=\"https:\/\/kommentatorenblog.de\/wp-content\/uploads\/2020\/09\/shure-55sh-ii-e1601485394796.jpg 415w, https:\/\/kommentatorenblog.de\/wp-content\/uploads\/2020\/09\/shure-55sh-ii-e1601485394796-142x300.jpg 142w\" sizes=\"auto, (max-width: 10px) 100vw, 10px\" \/> MDR: Eik Galley <\/p>\n\n\n\n<p>Moderation (Magenta Sport): Thomas Wagner<\/p>\n\n\n\n<p>Moderation (MDR): Stephanie M\u00fcller-Spirra, Experte : Lutz Lindemann  <\/p>\n\n\n\n<hr class=\"wp-block-separator\"\/>\n\n\n\n<p><strong>Bayerischer Landespokal, Halbfinale<\/strong><\/p>\n\n\n\n<p><span style=\"text-decoration: underline;\">Samstag, 27. M\u00e4rz 2021, ab 14.00 Uhr (BR)<\/span><\/p>\n\n\n\n<p><strong><em>TSV 1860 M\u00fcnchen<\/em><\/strong> <strong><em>\u2013<\/em><\/strong> <strong><em>FC Ingolstadt (14.00 Uhr)<\/em><\/strong><\/p>\n\n\n\n<p><img loading=\"lazy\" decoding=\"async\" width=\"10\" height=\"21\" class=\"wp-image-3656\" style=\"width: 10px;\" src=\"http:\/\/kommentatorenblog.de\/wp-content\/uploads\/2020\/09\/shure-55sh-ii-e1601485394796.jpg\" alt=\"\" srcset=\"https:\/\/kommentatorenblog.de\/wp-content\/uploads\/2020\/09\/shure-55sh-ii-e1601485394796.jpg 415w, https:\/\/kommentatorenblog.de\/wp-content\/uploads\/2020\/09\/shure-55sh-ii-e1601485394796-142x300.jpg 142w\" sizes=\"auto, (max-width: 10px) 100vw, 10px\" \/> Philipp Eger-B\u00fcchler  <\/p>\n\n\n\n<hr class=\"wp-block-separator\"\/>\n\n\n\n<p><strong>Frauen-Bundesliga, 16. Spieltag<\/strong><\/p>\n\n\n\n<p><span style=\"text-decoration: underline;\">Freitag, 26. M\u00e4rz 2021, ab 19.00 Uhr (Eurosport)\/ ab 19.15 Uhr Magenta Sport)<\/span><\/p>\n\n\n\n<p><strong><em>Bayer 04 Leverkusen<\/em><\/strong> <strong><em>\u2013<\/em><\/strong> <strong><em>Eintracht Frankfurt (19.15 Uhr)<\/em><\/strong><\/p>\n\n\n\n<p><img loading=\"lazy\" decoding=\"async\" width=\"10\" height=\"21\" class=\"wp-image-3656\" style=\"width: 10px;\" src=\"http:\/\/kommentatorenblog.de\/wp-content\/uploads\/2020\/09\/shure-55sh-ii-e1601485394796.jpg\" alt=\"\" srcset=\"https:\/\/kommentatorenblog.de\/wp-content\/uploads\/2020\/09\/shure-55sh-ii-e1601485394796.jpg 415w, https:\/\/kommentatorenblog.de\/wp-content\/uploads\/2020\/09\/shure-55sh-ii-e1601485394796-142x300.jpg 142w\" sizes=\"auto, (max-width: 10px) 100vw, 10px\" \/> Eurosport: Markus Theil <\/p>\n\n\n\n<p><img loading=\"lazy\" decoding=\"async\" width=\"10\" height=\"21\" class=\"wp-image-3656\" style=\"width: 10px;\" src=\"http:\/\/kommentatorenblog.de\/wp-content\/uploads\/2020\/09\/shure-55sh-ii-e1601485394796.jpg\" alt=\"\" srcset=\"https:\/\/kommentatorenblog.de\/wp-content\/uploads\/2020\/09\/shure-55sh-ii-e1601485394796.jpg 415w, https:\/\/kommentatorenblog.de\/wp-content\/uploads\/2020\/09\/shure-55sh-ii-e1601485394796-142x300.jpg 142w\" sizes=\"auto, (max-width: 10px) 100vw, 10px\" \/> Magenta Sport: Alex Kunz <\/p>\n\n\n\n<p>Moderation: Anna Kraft <\/p>\n\n\n\n<p><span style=\"text-decoration: underline;\">Sonntag, 28. M\u00e4rz 2021, ab 14.00 Uhr Magenta Sport)<\/span><\/p>\n\n\n\n<p><strong><em>MSV Duisburg<\/em><\/strong> <strong><em>\u2013<\/em><\/strong> <strong><em>FC Bayern M\u00fcnchen (14.00 Uhr)<\/em><\/strong><\/p>\n\n\n\n<p><img loading=\"lazy\" decoding=\"async\" width=\"10\" height=\"21\" class=\"wp-image-3656\" style=\"width: 10px;\" src=\"http:\/\/kommentatorenblog.de\/wp-content\/uploads\/2020\/09\/shure-55sh-ii-e1601485394796.jpg\" alt=\"\" srcset=\"https:\/\/kommentatorenblog.de\/wp-content\/uploads\/2020\/09\/shure-55sh-ii-e1601485394796.jpg 415w, https:\/\/kommentatorenblog.de\/wp-content\/uploads\/2020\/09\/shure-55sh-ii-e1601485394796-142x300.jpg 142w\" sizes=\"auto, (max-width: 10px) 100vw, 10px\" \/> Magenta Sport: Oskar Heirler <\/p>\n\n\n\n<hr class=\"wp-block-separator\"\/>\n\n\n\n<p><strong>Champions League der Frauen, Viertelfinal-Hinspiele<\/strong> <strong>(SPORT1)<\/strong><\/p>\n\n\n\n<p><span style=\"text-decoration: underline;\">Mittwoch, 24. M\u00e4rz 2021, ab 16.55 Uhr<\/span><\/p>\n\n\n\n<p><strong><em>FC Chelsea<\/em><\/strong> <strong><em>\u2013<\/em><\/strong> <strong><em>VfL Wolfsburg (17.00 Uhr)<\/em><\/strong><\/p>\n\n\n\n<p><img loading=\"lazy\" decoding=\"async\" width=\"10\" height=\"21\" class=\"wp-image-3656\" style=\"width: 10px;\" src=\"http:\/\/kommentatorenblog.de\/wp-content\/uploads\/2020\/09\/shure-55sh-ii-e1601485394796.jpg\" alt=\"\" srcset=\"https:\/\/kommentatorenblog.de\/wp-content\/uploads\/2020\/09\/shure-55sh-ii-e1601485394796.jpg 415w, https:\/\/kommentatorenblog.de\/wp-content\/uploads\/2020\/09\/shure-55sh-ii-e1601485394796-142x300.jpg 142w\" sizes=\"auto, (max-width: 10px) 100vw, 10px\" \/> Peter Kohl <\/p>\n\n\n\n<p><span style=\"text-decoration: underline;\">ab 18.55 Uhr<\/span><\/p>\n\n\n\n<p><strong><em>FC Bayern M\u00fcnchen<\/em><\/strong> <strong><em>\u2013<\/em><\/strong> <strong><em>FC Rosengard (19.15 Uhr)<\/em><\/strong><\/p>\n\n\n\n<p><img loading=\"lazy\" decoding=\"async\" width=\"10\" height=\"21\" class=\"wp-image-3656\" style=\"width: 10px;\" src=\"http:\/\/kommentatorenblog.de\/wp-content\/uploads\/2020\/09\/shure-55sh-ii-e1601485394796.jpg\" alt=\"\" srcset=\"https:\/\/kommentatorenblog.de\/wp-content\/uploads\/2020\/09\/shure-55sh-ii-e1601485394796.jpg 415w, https:\/\/kommentatorenblog.de\/wp-content\/uploads\/2020\/09\/shure-55sh-ii-e1601485394796-142x300.jpg 142w\" sizes=\"auto, (max-width: 10px) 100vw, 10px\" \/> Oliver Forster <\/p>\n\n\n\n<hr class=\"wp-block-separator\"\/>\n\n\n\n<p><strong>Internationaler Fussball<\/strong>&nbsp;<strong>(Sportdigital FUSSBALL)<\/strong><\/p>\n\n\n\n<p><span style=\"text-decoration: underline;\">Mittwoch, 24. M\u00e4rz 2021<\/span><\/p>\n\n\n\n<p>A-League, Woche 13:<strong><em> Perth Glory<\/em><\/strong> <strong><em>\u2013<\/em><\/strong> <strong><em>Sydney FC (11.20 Uhr)<\/em><\/strong><\/p>\n\n\n\n<p><img loading=\"lazy\" decoding=\"async\" width=\"10\" height=\"21\" class=\"wp-image-3656\" style=\"width: 10px;\" src=\"http:\/\/kommentatorenblog.de\/wp-content\/uploads\/2020\/09\/shure-55sh-ii-e1601485394796.jpg\" alt=\"\" srcset=\"https:\/\/kommentatorenblog.de\/wp-content\/uploads\/2020\/09\/shure-55sh-ii-e1601485394796.jpg 415w, https:\/\/kommentatorenblog.de\/wp-content\/uploads\/2020\/09\/shure-55sh-ii-e1601485394796-142x300.jpg 142w\" sizes=\"auto, (max-width: 10px) 100vw, 10px\" \/> Karsten Linke  <\/p>\n\n\n\n<p><span style=\"text-decoration: underline;\">Freitag, 26. M\u00e4rz 2021<\/span><\/p>\n\n\n\n<p>A-League, Woche 13:<strong><em> Melbourne City<\/em><\/strong> <strong><em>\u2013<\/em><\/strong> <strong><em>Western Sydney Wanderers (09.05 Uhr)<\/em><\/strong><\/p>\n\n\n\n<p><img loading=\"lazy\" decoding=\"async\" width=\"10\" height=\"21\" class=\"wp-image-3656\" style=\"width: 10px;\" src=\"http:\/\/kommentatorenblog.de\/wp-content\/uploads\/2020\/09\/shure-55sh-ii-e1601485394796.jpg\" alt=\"\" srcset=\"https:\/\/kommentatorenblog.de\/wp-content\/uploads\/2020\/09\/shure-55sh-ii-e1601485394796.jpg 415w, https:\/\/kommentatorenblog.de\/wp-content\/uploads\/2020\/09\/shure-55sh-ii-e1601485394796-142x300.jpg 142w\" sizes=\"auto, (max-width: 10px) 100vw, 10px\" \/> Ulf Kahmke <\/p>\n\n\n\n<p><span style=\"text-decoration: underline;\">Samstag, 27. M\u00e4rz 2021<\/span><\/p>\n\n\n\n<p>A-League, Woche 13 :<strong><em>Central Coast Mariners<\/em><\/strong> <strong><em>\u2013<\/em><\/strong> <strong><em>Melbourne Victory (09.10 Uhr)<\/em><\/strong><\/p>\n\n\n\n<p><img loading=\"lazy\" decoding=\"async\" width=\"10\" height=\"21\" class=\"wp-image-3656\" style=\"width: 10px;\" src=\"http:\/\/kommentatorenblog.de\/wp-content\/uploads\/2020\/09\/shure-55sh-ii-e1601485394796.jpg\" alt=\"\" srcset=\"https:\/\/kommentatorenblog.de\/wp-content\/uploads\/2020\/09\/shure-55sh-ii-e1601485394796.jpg 415w, https:\/\/kommentatorenblog.de\/wp-content\/uploads\/2020\/09\/shure-55sh-ii-e1601485394796-142x300.jpg 142w\" sizes=\"auto, (max-width: 10px) 100vw, 10px\" \/> Christian Blunck <\/p>\n\n\n\n<p><span style=\"text-decoration: underline;\">Sonntag, 28. M\u00e4rz 2021<\/span><\/p>\n\n\n\n<p>A-League, Woche 13:<strong><em> Adelaide United<\/em><\/strong> <strong><em>\u2013<\/em><\/strong> <strong><em>Sydney FC (09.05 Uhr)<\/em><\/strong><\/p>\n\n\n\n<p><img loading=\"lazy\" decoding=\"async\" width=\"10\" height=\"21\" class=\"wp-image-3656\" style=\"width: 10px;\" src=\"http:\/\/kommentatorenblog.de\/wp-content\/uploads\/2020\/09\/shure-55sh-ii-e1601485394796.jpg\" alt=\"\" srcset=\"https:\/\/kommentatorenblog.de\/wp-content\/uploads\/2020\/09\/shure-55sh-ii-e1601485394796.jpg 415w, https:\/\/kommentatorenblog.de\/wp-content\/uploads\/2020\/09\/shure-55sh-ii-e1601485394796-142x300.jpg 142w\" sizes=\"auto, (max-width: 10px) 100vw, 10px\" \/> Jakob Vogel<\/p>\n","protected":false},"excerpt":{"rendered":"<p>N&#8217;Abend allerseits, leider gibt\u00b4s das gleiche Schicksal wie am Donnerstag zu verk\u00fcnden. Bedingt durch berufliche Verpflichtungen schaffe ich heute kein &#8222;normales&#8220; Vorwort zu schreiben. So viel aber an dieser Stelle: Hier w\u00fcrdet ihr die Aufteilung der CL-Viertelfinals zwischen Sky und DAZN finden &#8211; f\u00fcr den unwahrscheinlichen Fall, dass ihr es heute noch nicht mitbekommen habt! [&hellip;]<\/p>\n","protected":false},"author":3,"featured_media":0,"comment_status":"open","ping_status":"open","sticky":false,"template":"","format":"standard","meta":{"footnotes":""},"categories":[426],"tags":[10,509,153,517,166,323,177,35,165,147,14,132,148,120,182,179,48,9,43,516,176,449,202,137,108,140,84,138,222,134,151,33,203,515,136,105,513,149,514],"class_list":["post-7786","post","type-post","status-publish","format-standard","hentry","category-laenderspiele","tag-3-liga","tag-a-league","tag-alexis-menuge","tag-anna-kraft","tag-benny-lauth","tag-champions-league-frauen","tag-christian-dueren","tag-christian-strassburger","tag-david-ploch","tag-european-qualifiers","tag-eurosport","tag-flo-hauser","tag-florian-koenig","tag-franz-buechner","tag-frauen-bundesliga","tag-hyundai-a-league","tag-jan-platte","tag-magenta-sport","tag-marco-hagemann","tag-markus-feulner","tag-matthias-stach","tag-max-zielke","tag-prosieben","tag-prosieben-maxx","tag-ralph-gunesch","tag-ran","tag-rene-adler","tag-rtl","tag-sebastian-kneissl","tag-sportdigital-fussball","tag-steffen-freund","tag-thomas-wagner","tag-u-21","tag-u-21-em","tag-u21","tag-uli-hebel","tag-uli-hoeness","tag-uwe-morawe","tag-wm-qualifikation"],"_links":{"self":[{"href":"https:\/\/kommentatorenblog.de\/index.php?rest_route=\/wp\/v2\/posts\/7786","targetHints":{"allow":["GET"]}}],"collection":[{"href":"https:\/\/kommentatorenblog.de\/index.php?rest_route=\/wp\/v2\/posts"}],"about":[{"href":"https:\/\/kommentatorenblog.de\/index.php?rest_route=\/wp\/v2\/types\/post"}],"author":[{"embeddable":true,"href":"https:\/\/kommentatorenblog.de\/index.php?rest_route=\/wp\/v2\/users\/3"}],"replies":[{"embeddable":true,"href":"https:\/\/kommentatorenblog.de\/index.php?rest_route=%2Fwp%2Fv2%2Fcomments&post=7786"}],"version-history":[{"count":66,"href":"https:\/\/kommentatorenblog.de\/index.php?rest_route=\/wp\/v2\/posts\/7786\/revisions"}],"predecessor-version":[{"id":7870,"href":"https:\/\/kommentatorenblog.de\/index.php?rest_route=\/wp\/v2\/posts\/7786\/revisions\/7870"}],"wp:attachment":[{"href":"https:\/\/kommentatorenblog.de\/index.php?rest_route=%2Fwp%2Fv2%2Fmedia&parent=7786"}],"wp:term":[{"taxonomy":"category","embeddable":true,"href":"https:\/\/kommentatorenblog.de\/index.php?rest_route=%2Fwp%2Fv2%2Fcategories&post=7786"},{"taxonomy":"post_tag","embeddable":true,"href":"https:\/\/kommentatorenblog.de\/index.php?rest_route=%2Fwp%2Fv2%2Ftags&post=7786"}],"curies":[{"name":"wp","href":"https:\/\/api.w.org\/{rel}","templated":true}]}}