{"id":8707,"date":"2021-05-06T00:28:00","date_gmt":"2021-05-05T22:28:00","guid":{"rendered":"http:\/\/kommentatorenblog.de\/?p=8707"},"modified":"2021-05-09T17:01:19","modified_gmt":"2021-05-09T15:01:19","slug":"1170-zeitungsbeilage-und-kassettenrekorder-das-abschiedsinterview-mit-tom-bayer","status":"publish","type":"post","link":"https:\/\/kommentatorenblog.de\/?p=8707","title":{"rendered":"1170 \u2013 Zeitungsbeilage und Kassettenrekorder &#8211; das Abschiedsinterview mit Tom Bayer"},"content":{"rendered":"\n<p><strong><em>Nach 36 Jahren ist Schluss \u2013 Reporter-Legende Tom Bayer verabschiedet sich nach dem Ende dieser Bundesliga-Saison in den wohlverdienten Ruhestand. Das Gespr\u00e4ch mit \u201eder Stimme des Rheinlands\u201c war zugegebenerma\u00dfen besonders, weil Tom und ich (Anm. d. Red.: Leon) uns seit meiner fr\u00fchesten Kindheit kennen. Die Anekdoten und Geschichten von damals kann man sich aber immer wieder anh\u00f6ren&#8230;<\/em><\/strong><\/p>\n\n\n\n<p><em><strong>In Teil 1 des exklusiven kommentatorenblog-Interviews erz\u00e4hlt uns Tom Bayer von seinem ungew\u00f6hnlichen Weg zum Traumjob Fu\u00dfballkommentator. Zudem sprechen wir \u00fcber seine erste Live-Reportage und seine Highlights aus 15 Jahren beim WDR-H\u00f6rfunk.<\/strong><\/em><em><strong>&nbsp;<\/strong><\/em><\/p>\n\n\n\n<p><strong>kommentatorenblog: Tom, deine Sportreporter-Karriere fing in den 1980er-Jahren beim WDR an. Ich wei\u00df, dass die Antwort ausf\u00fchrlich sein wird, deshalb meine kurze und direkte Frage: Wie bist du Fu\u00dfballkommentator geworden?<\/strong><\/p>\n\n\n\n<p><strong>Tom Bayer: <\/strong>Ja, da muss ich bei der ersten Antwort direkt ein bisschen ausholen (schmunzelt). Fu\u00dfballkommentator beim Radio ist immer mein Traumjob gewesen. In den 80er-Jahren konntest du aber nicht wirklich darauf hinarbeiten. Im Gegensatz zu heute existierten Studieng\u00e4nge wie Kommunikationswissenschaften oder dergleichen nicht. Nach meinem Abitur habe ich angefangen Jura zu studieren. Ich habe es einfach nicht f\u00fcr realistisch empfunden habe, dass ich meinen Traumjob erreichen kann.<\/p>\n\n\n\n<p>Wie es der Zufall so will, hatte ich zu dieser Zeit im K\u00f6lner Stadt-Anzeiger eine Beilage entdeckt, die im Nachhinein mein ganzes Leben ver\u00e4ndert hat. In einem Artikel beklagte sich Kurt Brumme, der damalige Sportchef beim WDR-H\u00f6rfunk, \u00fcber mangelnden Kommentator-Nachwuchs. Meine Frau dr\u00e4ngte direkt darauf, dass ich mich bewerben soll. Da ich jedoch keine journalistische Vorbildung, Praktika oder \u00e4hnliches vorweise konnte, war ich anfangs eher skeptisch. Daraufhin hat sie gesagt, dass ich sp\u00e4ter auch nicht jammern soll, weil ich es nicht probiert h\u00e4tte. Schlie\u00dflich hatte ich wirklich nichts zu verlieren und habe zumindest einen offenen Bewerbungsbrief geschrieben. Damit hatte ich die Sache f\u00fcr mich auch ad acta gelegt.<\/p>\n\n\n\n<p><strong>Du hast zun\u00e4chst nicht an dich und dein Talent geglaubt. Wenig sp\u00e4ter folgte aber die Einladung vom WDR zum Probekommentar. Wie ist dies damals abgelaufen?<\/strong><\/p>\n\n\n\n<p>Die Sportsendungen in den ARD-Radios fingen zu dieser Zeit alle erst um 21.00 Uhr an, obwohl beispielsweise die Bundesligaspiele am Freitagabend bereits um 20.00 Uhr angepfiffen wurden. F\u00fcr den Kommentator bedeutete dies, dass er in der ersten Halbzeit eigentlich nichts zu tun hatte, au\u00dfer sich das Spiel anzugucken. Ab und zu hat der WDR diese Stunde vor Sendebeginn trotzdem sinnvoll genutzt. Es wurden vier, f\u00fcnf Bewerber eingeladen, von denen jeder so sieben bis acht Minuten als Test im Stadion kommentieren durfte. Damals wurden die Proben noch \u00fcber Kassettenrekorder aufgenommen (lacht). Der jeweilige WDR-Kommentator hat diese dann am n\u00e4chsten Tag mit ins Funkhaus (Anm. d. Red.: WDR-Geb\u00e4ude in der K\u00f6lner Innenstadt) genommen, sodass sich Kurt Brumme die verschiedenen Kassetten anh\u00f6ren konnte.<\/p>\n\n\n\n<p>Ich durfte damals bei einem Spiel zwischen dem 1.FC K\u00f6ln und dem VfL Bochum Probe kommentieren. Tats\u00e4chlich hatte ich auch das Gl\u00fcck, dass in meiner Zeitspanne ein Tor gefallen ist. Danach bin ich zwar mit einem guten Gef\u00fchl aus dem Stadion gegangen, hatte allerdings nicht wirklich mit einer Anstellung beim WDR gerechnet. Zwei Wochen sp\u00e4ter klingelte dann aber das Telefon bei mir. Kurt Brumme war am anderen Ende der Leitung. Mein Kommentar w\u00e4re \u201evielversprechend\u201c gewesen und ich wurde zu einem Gespr\u00e4ch ins Funkhaus eingeladen.<\/p>\n\n\n\n<p><strong>Immer wieder eine sehr romantische Geschichte\u2026<\/strong><\/p>\n\n\n\n<p>Ja, das war nat\u00fcrlich ein absoluter Quereinstieg. Ich war 28 Jahre alt und wollte eigentlich auch mein Studium beenden. Allerdings habe ich mich damals beim WDR-H\u00f6rfunk schnell bew\u00e4hrt. Ich habe immer mehr Spiele, immer bessere Spiele bekommen. Irgendwann wollte Kurt Brumme dann, dass ich auch im Europapokal eingesetzt werde. Diese Eins\u00e4tze waren nat\u00fcrlich mit mehrt\u00e4gigen Reisen unter der Woche verbunden. Fu\u00dfballkommentator und Jura-Student \u2013 beides gleichzeitig war einfach nicht mehr m\u00f6glich. Deshalb habe ich mich dann f\u00fcr meinen Traumjob entschieden, der vielleicht mit mehr Risiko verbunden war. Meine Eltern waren anfangs nicht so begeistert davon. Aber im Nachhinein kann man glaube ich schon sagen, dass es die richtige Entscheidung gewesen ist (schmunzelt).<\/p>\n\n\n\n<p><strong>Viele Fu\u00dfballfans hierzulande k\u00f6nnen mit deiner damaligen Entscheidung leben. Ich w\u00fcrde gerne weiter mit dir in Anekdoten versinken und versuche es mal mit einer rhetorischen Frage: Kannst du dich noch an das erste Spiel erinnern, dass du als Fu\u00dfballkommentator im Radio begleitet hast?<\/strong><\/p>\n\n\n\n<p>Klar, das war im September 1985. Der VfL Bochum spielte gegen Borussia Dortmund. Die Partie endete mit einem 6:1 f\u00fcr den VfL. Ein Ergebnis, dass wir so heutzutage nicht mehr erleben werden. Mir schlug nat\u00fcrlich vor Nervosit\u00e4t das Herz bis zum Hals. Zu meinem Gl\u00fcck waren die damaligen Umst\u00e4nde andere. Im Vorfeld von einem Bundesligaspiel war alles ein bisschen lockerer. So sind einige Spieler des VfL Bochum nach der Busankunft in den Presseraum gekommen, um noch eine Tasse Kaffee vor dem Spiel zu trinken. In diesem Moment habe ich mein Herz in beide H\u00e4nde genommen und mich bei Bochumer Torwart Ralf Zumdick vorgestellt. Ich hatte ihm erz\u00e4hlt, dass ich heute mein erstes Spiel kommentieren werde. Zumdick sagte nur, dass ich nicht nerv\u00f6s sein muss und mich setzen soll. Au\u00dferdem hat mir die VfL-Aufstellung verraten. Das sind so kleine Geschichten, auf die ich heute immer wieder gerne zur\u00fcckdenke.<\/p>\n\n\n\n<p><strong>Umso sch\u00f6ner, dass du diese Erinnerungen mit uns teilst.<\/strong> <strong>Von 1985 bis 2000 hast du beim WDR-H\u00f6rfunk als Sportkommentator gearbeitet. Welche Erlebnisse waren f\u00fcr dich die absoluten Highlights?<\/strong><\/p>\n\n\n\n<p>Ich hatte das gro\u00dfe Gl\u00fcck, dass ich im Fu\u00dfball drei EM- und zwei WM-Finals kommentieren durfte. Vor allem an meine erste Fu\u00dfball-Weltmeisterschaft 1990 in Italien habe ich immer noch sehr positive Erinnerungen, nicht nur an den Fu\u00dfball, sondern auch an Land und Leute. Das Deutschland noch Weltmeister wurde, kam dann noch als Kirsche oben drauf.<\/p>\n\n\n\n<p>In Sachen Dramatik w\u00fcrde ich mich Sicherheit die Bundesliga-Meisterschaftsentscheidung 1992 nennen. Ich war bei bei Leverkusen gegen Stuttgart im Einsatz und kurz vor Schluss fiel noch das Kopfballtor f\u00fcr den VfB (Anm. d. Red. Guido Buchwald traf in der 88. Minute zum 2:1). Der VfB Stuttgart wurde unter Trainer Christoph Daum Deutscher Meister.<\/p>\n\n\n\n<p>Last but not least durfte ich auch 1997 in M\u00fcnchen das Champions League Finale zwischen Borussia Dortmund und Juventus Turin kommentieren. Diese Spiele sind Erfahrungen, die ich nicht missen m\u00f6chte.&nbsp;&nbsp;&nbsp;<\/p>\n\n\n\n<p><strong>Nach den f\u00fcnfzehn erfolgreichen Jahren beim Radio folgte 2000 eine neue Aufgabe beim Fernsehen. Wie ist der Wechsel zu Premiere zustande gekommen?<\/strong><\/p>\n\n\n\n<p>Die erste Anfrage von Premiere hatte ich 1997 bekommen. Freundlicher Weise hat mir der WDR direkt erlaubt, dass ich ungef\u00e4hr eine Partie im Monat f\u00fcr Premiere kommentieren durfte. Zwischen 1997 und 2000 habe ich zun\u00e4chst parallel f\u00fcr den WDR und Premiere gearbeitet. Das Hauptaugenmerk lag hier aber weiterhin in meiner T\u00e4tigkeit beim WDR. 2000 hatte Benno Neum\u00fcller, der damalige Sportchef von Premiere, die Konferenzschaltung auch im Fernsehen eingef\u00fchrt. Premiere brauchte dann eine viel gr\u00f6\u00dfere Anzahl an Kommentatoren. Ich musste mich entscheiden, weil das Modell mit einem Einsatz im Monat f\u00fcr Premiere keinen Sinn mehr gemacht h\u00e4tte. Es folgte dann der endg\u00fcltige Wechsel vom WDR zu Premiere.<\/p>\n\n\n\n<p><strong>Dieses Gespr\u00e4ch f\u00fchrte Leon Geis.<\/strong><\/p>\n\n\n\n<p><strong><em>Im zweiten Teil (n\u00e4chste oder \u00fcbern\u00e4chste Woche :D) blicken wir mit Tom Bayer auf die Anf\u00e4nge der Bundesliga-Konferenz zur\u00fcck und der Fu\u00dfballkommentator erkl\u00e4rt, wieso das Format nicht mit einer Konferenz im \u201eRedzone-style\u201c zu vergleichen ist. Au\u00dferdem thematisieren wir seine Treue zu Premiere\/Sky (auch als im Jahr 2006 die Bundesliga-Rechte zu Arena wechselten) und Bayer verr\u00e4t uns seine Pl\u00e4ne f\u00fcr die Zukunft.<\/em><\/strong><\/p>\n\n\n\n<hr class=\"wp-block-separator\"\/>\n\n\n\n<p><strong><em>Die Ansetzungen vom 07. Mai bis zum 10. Mai 2021<\/em><\/strong><\/p>\n\n\n\n<p><strong>Bundesliga, 32. Spieltag<\/strong><\/p>\n\n\n\n<p><span style=\"text-decoration: underline;\">Freitag, 07. Mai 2021, ab 20.15 Uhr (DAZN)<\/span><\/p>\n\n\n\n<p><strong><em>VfB Stuttgart \u2013 FC Augsburg (20.30 Uhr)<\/em><\/strong><\/p>\n\n\n\n<p class=\"has-normal-font-size\"><img loading=\"lazy\" decoding=\"async\" width=\"10\" height=\"21\" class=\"wp-image-3656\" style=\"width: 10px;\" src=\"http:\/\/kommentatorenblog.de\/wp-content\/uploads\/2020\/09\/shure-55sh-ii-e1601485394796.jpg\" alt=\"\" srcset=\"https:\/\/kommentatorenblog.de\/wp-content\/uploads\/2020\/09\/shure-55sh-ii-e1601485394796.jpg 415w, https:\/\/kommentatorenblog.de\/wp-content\/uploads\/2020\/09\/shure-55sh-ii-e1601485394796-142x300.jpg 142w\" sizes=\"auto, (max-width: 10px) 100vw, 10px\" \/> Marco Hagemann, Experte: Ralph Gunesch<\/p>\n\n\n\n<p>Moderation: Daniel Herzog, Field-Reporter: Sebastian Benesch <\/p>\n\n\n\n<p><span style=\"text-decoration: underline;\">Samstag, 08. Mai 2021, ab 14.00 Uhr (Sky)<\/span><\/p>\n\n\n\n<p><strong><em>Borussia Dortmund <strong><em>\u2013<\/em><\/strong> RB Leipzig (15.30 Uhr)<\/em><\/strong><\/p>\n\n\n\n<p class=\"has-normal-font-size\"><img loading=\"lazy\" decoding=\"async\" width=\"10\" height=\"21\" class=\"wp-image-3656\" style=\"width: 10px;\" src=\"http:\/\/kommentatorenblog.de\/wp-content\/uploads\/2020\/09\/shure-55sh-ii-e1601485394796.jpg\" alt=\"\" srcset=\"https:\/\/kommentatorenblog.de\/wp-content\/uploads\/2020\/09\/shure-55sh-ii-e1601485394796.jpg 415w, https:\/\/kommentatorenblog.de\/wp-content\/uploads\/2020\/09\/shure-55sh-ii-e1601485394796-142x300.jpg 142w\" sizes=\"auto, (max-width: 10px) 100vw, 10px\" \/> Martin Gro\u00df (Einzelspiel), Kai Dittmann (Konferenz)<\/p>\n\n\n\n<p>Field-Reporter: Marcus Lindemann<\/p>\n\n\n\n<p><strong><em>Werder Bremen <strong><em>\u2013<\/em><\/strong>&nbsp;Bayer Leverkusen (15.30 Uhr)<\/em><\/strong><\/p>\n\n\n\n<p class=\"has-normal-font-size\"><img loading=\"lazy\" decoding=\"async\" width=\"10\" height=\"21\" class=\"wp-image-3656\" style=\"width: 10px;\" src=\"http:\/\/kommentatorenblog.de\/wp-content\/uploads\/2020\/09\/shure-55sh-ii-e1601485394796.jpg\" alt=\"\" srcset=\"https:\/\/kommentatorenblog.de\/wp-content\/uploads\/2020\/09\/shure-55sh-ii-e1601485394796.jpg 415w, https:\/\/kommentatorenblog.de\/wp-content\/uploads\/2020\/09\/shure-55sh-ii-e1601485394796-142x300.jpg 142w\" sizes=\"auto, (max-width: 10px) 100vw, 10px\" \/> Oliver Seidler (Einzelspiel), Frank Buschmann (Konferenz)<\/p>\n\n\n\n<p>Field-Reporter: Ecki Heuser<\/p>\n\n\n\n<p><strong><em>1899 Hoffenheim <strong><em>\u2013<\/em><\/strong> FC Schalke 04 (15.30 Uhr)<\/em><\/strong><\/p>\n\n\n\n<p class=\"has-normal-font-size\"><img loading=\"lazy\" decoding=\"async\" width=\"10\" height=\"21\" class=\"wp-image-3656\" style=\"width: 10px;\" src=\"http:\/\/kommentatorenblog.de\/wp-content\/uploads\/2020\/09\/shure-55sh-ii-e1601485394796.jpg\" alt=\"\" srcset=\"https:\/\/kommentatorenblog.de\/wp-content\/uploads\/2020\/09\/shure-55sh-ii-e1601485394796.jpg 415w, https:\/\/kommentatorenblog.de\/wp-content\/uploads\/2020\/09\/shure-55sh-ii-e1601485394796-142x300.jpg 142w\" sizes=\"auto, (max-width: 10px) 100vw, 10px\" \/> Jonas Friedrich (Einzelspiel), Tom Bayer (Konferenz)<\/p>\n\n\n\n<p>Field-Reporter: Ulli Potofski <\/p>\n\n\n\n<p><strong><em>VfL Wolfsburg <strong><em>\u2013<\/em><\/strong>&nbsp;1. FC Union Berlin (15.30 Uhr)<\/em><\/strong><\/p>\n\n\n\n<p class=\"has-normal-font-size\"><img loading=\"lazy\" decoding=\"async\" width=\"10\" height=\"21\" class=\"wp-image-3656\" style=\"width: 10px;\" src=\"http:\/\/kommentatorenblog.de\/wp-content\/uploads\/2020\/09\/shure-55sh-ii-e1601485394796.jpg\" alt=\"\" srcset=\"https:\/\/kommentatorenblog.de\/wp-content\/uploads\/2020\/09\/shure-55sh-ii-e1601485394796.jpg 415w, https:\/\/kommentatorenblog.de\/wp-content\/uploads\/2020\/09\/shure-55sh-ii-e1601485394796-142x300.jpg 142w\" sizes=\"auto, (max-width: 10px) 100vw, 10px\" \/> J\u00fcrgen Schmitz (Einzelspiel), Hansi K\u00fcpper (Konferenz)<\/p>\n\n\n\n<p>Field-Reporter: Jens Westen<\/p>\n\n\n\n<p>Moderation: Michael Leopold, Experte: Didi Hamann<\/p>\n\n\n\n<p><span style=\"text-decoration: underline;\">ab 17.30 Uhr (Sky)<\/span><\/p>\n\n\n\n<p><strong><em>FC Bayern M\u00fcnchen <strong><em>\u2013<\/em><\/strong> Borussia M\u00f6nchengladbach (18.30 Uhr)<\/em><\/strong><\/p>\n\n\n\n<p class=\"has-normal-font-size\"><img loading=\"lazy\" decoding=\"async\" width=\"10\" height=\"21\" class=\"wp-image-3656\" style=\"width: 10px;\" src=\"http:\/\/kommentatorenblog.de\/wp-content\/uploads\/2020\/09\/shure-55sh-ii-e1601485394796.jpg\" alt=\"\" srcset=\"https:\/\/kommentatorenblog.de\/wp-content\/uploads\/2020\/09\/shure-55sh-ii-e1601485394796.jpg 415w, https:\/\/kommentatorenblog.de\/wp-content\/uploads\/2020\/09\/shure-55sh-ii-e1601485394796-142x300.jpg 142w\" sizes=\"auto, (max-width: 10px) 100vw, 10px\" \/> Wolff Fuss<\/p>\n\n\n\n<p>Field-Reporter: Patrick Wasserziehr<\/p>\n\n\n\n<p>Moderation: Sebastian Hellmann, Experte: Lothar Matth\u00e4us<\/p>\n\n\n\n<p><span style=\"text-decoration: underline;\">Sonntag, 09. Mai 2021, ab 13.15 Uhr (DAZN)<\/span><\/p>\n\n\n\n<p><strong><em>1. FC K\u00f6ln \u2013 SC Freiburg (13.30 Uhr)<\/em><\/strong><\/p>\n\n\n\n<p class=\"has-normal-font-size\"><img loading=\"lazy\" decoding=\"async\" width=\"10\" height=\"21\" class=\"wp-image-3656\" style=\"width: 10px;\" src=\"http:\/\/kommentatorenblog.de\/wp-content\/uploads\/2020\/09\/shure-55sh-ii-e1601485394796.jpg\" alt=\"\" srcset=\"https:\/\/kommentatorenblog.de\/wp-content\/uploads\/2020\/09\/shure-55sh-ii-e1601485394796.jpg 415w, https:\/\/kommentatorenblog.de\/wp-content\/uploads\/2020\/09\/shure-55sh-ii-e1601485394796-142x300.jpg 142w\" sizes=\"auto, (max-width: 10px) 100vw, 10px\" \/> Jan Platte, Experte: Sascha M\u00f6lders<\/p>\n\n\n\n<p>Moderation: Tobi Wahnschaffe, Field-Reporter: Alex Schl\u00fcter <\/p>\n\n\n\n<p><span style=\"text-decoration: underline;\">ab 14.30 Uhr (Sky)<\/span><\/p>\n\n\n\n<p><strong><em>Eintracht Frankfurt&nbsp;\u2013&nbsp;1. FSV Mainz 05 (15.30 Uhr)<\/em><\/strong><\/p>\n\n\n\n<p class=\"has-normal-font-size\"><img loading=\"lazy\" decoding=\"async\" width=\"10\" height=\"21\" class=\"wp-image-3656\" style=\"width: 10px;\" src=\"http:\/\/kommentatorenblog.de\/wp-content\/uploads\/2020\/09\/shure-55sh-ii-e1601485394796.jpg\" alt=\"\" srcset=\"https:\/\/kommentatorenblog.de\/wp-content\/uploads\/2020\/09\/shure-55sh-ii-e1601485394796.jpg 415w, https:\/\/kommentatorenblog.de\/wp-content\/uploads\/2020\/09\/shure-55sh-ii-e1601485394796-142x300.jpg 142w\" sizes=\"auto, (max-width: 10px) 100vw, 10px\" \/> Hansi K\u00fcpper<\/p>\n\n\n\n<p class=\"has-normal-font-size\">Field-Reporter: Martin Gro\u00df <\/p>\n\n\n\n<p><span style=\"text-decoration: underline;\">ab 17.30 Uhr (Sky)<\/span><\/p>\n\n\n\n<p><strong><em>Hertha BSC&nbsp;\u2013&nbsp;Arminia Bielefeld (18.00 Uhr)<\/em><\/strong> <\/p>\n\n\n\n<p class=\"has-normal-font-size\"><img loading=\"lazy\" decoding=\"async\" width=\"10\" height=\"21\" class=\"wp-image-3656\" style=\"width: 10px;\" src=\"http:\/\/kommentatorenblog.de\/wp-content\/uploads\/2020\/09\/shure-55sh-ii-e1601485394796.jpg\" alt=\"\" srcset=\"https:\/\/kommentatorenblog.de\/wp-content\/uploads\/2020\/09\/shure-55sh-ii-e1601485394796.jpg 415w, https:\/\/kommentatorenblog.de\/wp-content\/uploads\/2020\/09\/shure-55sh-ii-e1601485394796-142x300.jpg 142w\" sizes=\"auto, (max-width: 10px) 100vw, 10px\" \/> Toni Tomic<\/p>\n\n\n\n<p>Field-Reporter: Martin Winkler<\/p>\n\n\n\n<p>Moderation:&nbsp;Britta Hofmann, Experte:&nbsp;Bendedikt H\u00f6wedes<\/p>\n\n\n\n<hr class=\"wp-block-separator\"\/>\n\n\n\n<p><strong>2<\/strong>. <strong>Bundesliga, 32. Spieltag<\/strong> <strong>(Sky)<\/strong><\/p>\n\n\n\n<p><span style=\"text-decoration: underline;\">Freitag, 07. Mai 2021, ab 18.00 Uhr<\/span><\/p>\n\n\n\n<p><strong><em>Holstein Kiel&nbsp;\u2013&nbsp;FC St. Pauli (18.30 Uhr) <\/em><\/strong><\/p>\n\n\n\n<p><img loading=\"lazy\" decoding=\"async\" width=\"10\" height=\"21\" class=\"wp-image-3656\" style=\"width: 10px;\" src=\"http:\/\/kommentatorenblog.de\/wp-content\/uploads\/2020\/09\/shure-55sh-ii-e1601485394796.jpg\" alt=\"\" srcset=\"https:\/\/kommentatorenblog.de\/wp-content\/uploads\/2020\/09\/shure-55sh-ii-e1601485394796.jpg 415w, https:\/\/kommentatorenblog.de\/wp-content\/uploads\/2020\/09\/shure-55sh-ii-e1601485394796-142x300.jpg 142w\" sizes=\"auto, (max-width: 10px) 100vw, 10px\" \/> Klaus Veltman, Field-Reporter: Sven T\u00f6llner<\/p>\n\n\n\n<p><strong><em>Hannover 96&nbsp;\u2013&nbsp;SV Darmstadt 98<\/em><\/strong> <strong><em>(18.30 Uhr)<\/em><\/strong><\/p>\n\n\n\n<p><img loading=\"lazy\" decoding=\"async\" width=\"10\" height=\"21\" class=\"wp-image-3656\" style=\"width: 10px;\" src=\"http:\/\/kommentatorenblog.de\/wp-content\/uploads\/2020\/09\/shure-55sh-ii-e1601485394796.jpg\" alt=\"\" srcset=\"https:\/\/kommentatorenblog.de\/wp-content\/uploads\/2020\/09\/shure-55sh-ii-e1601485394796.jpg 415w, https:\/\/kommentatorenblog.de\/wp-content\/uploads\/2020\/09\/shure-55sh-ii-e1601485394796-142x300.jpg 142w\" sizes=\"auto, (max-width: 10px) 100vw, 10px\" \/> Holger Pfandt, Interviews: Schalte<\/p>\n\n\n\n<p>Moderation: Hartmut von Kameke<\/p>\n\n\n\n<p><span style=\"text-decoration: underline;\">Samstag, 08. Mai 2021, ab 12.30 Uhr<\/span><\/p>\n\n\n\n<p><strong><em>SpVgg Greuther F\u00fcrth&nbsp;\u2013&nbsp;Karlsruher SC (13.00 Uhr)<\/em><\/strong><\/p>\n\n\n\n<p><img loading=\"lazy\" decoding=\"async\" width=\"10\" height=\"21\" class=\"wp-image-3656\" style=\"width: 10px;\" src=\"http:\/\/kommentatorenblog.de\/wp-content\/uploads\/2020\/09\/shure-55sh-ii-e1601485394796.jpg\" alt=\"\" srcset=\"https:\/\/kommentatorenblog.de\/wp-content\/uploads\/2020\/09\/shure-55sh-ii-e1601485394796.jpg 415w, https:\/\/kommentatorenblog.de\/wp-content\/uploads\/2020\/09\/shure-55sh-ii-e1601485394796-142x300.jpg 142w\" sizes=\"auto, (max-width: 10px) 100vw, 10px\" \/> Klaus Veltman, Field-Reporter: Martin Winkler<\/p>\n\n\n\n<p><strong><em>Fortuna D\u00fcsseldorf \u2013&nbsp;Eintracht Braunschweig<\/em><\/strong> <strong><em>(13.00 Uhr)<\/em><\/strong> <\/p>\n\n\n\n<p><img loading=\"lazy\" decoding=\"async\" width=\"10\" height=\"21\" class=\"wp-image-3656\" style=\"width: 10px;\" src=\"http:\/\/kommentatorenblog.de\/wp-content\/uploads\/2020\/09\/shure-55sh-ii-e1601485394796.jpg\" alt=\"\" srcset=\"https:\/\/kommentatorenblog.de\/wp-content\/uploads\/2020\/09\/shure-55sh-ii-e1601485394796.jpg 415w, https:\/\/kommentatorenblog.de\/wp-content\/uploads\/2020\/09\/shure-55sh-ii-e1601485394796-142x300.jpg 142w\" sizes=\"auto, (max-width: 10px) 100vw, 10px\" \/> Sven Haist, Interviews: Schalte<\/p>\n\n\n\n<p><em><strong>W\u00fcrzburger Kickers \u2013&nbsp;VfL Osnabr\u00fcck (13.00 Uhr)<\/strong><\/em><\/p>\n\n\n\n<p><img loading=\"lazy\" decoding=\"async\" width=\"10\" height=\"21\" class=\"wp-image-3656\" style=\"width: 10px;\" src=\"http:\/\/kommentatorenblog.de\/wp-content\/uploads\/2020\/09\/shure-55sh-ii-e1601485394796.jpg\" alt=\"\" srcset=\"https:\/\/kommentatorenblog.de\/wp-content\/uploads\/2020\/09\/shure-55sh-ii-e1601485394796.jpg 415w, https:\/\/kommentatorenblog.de\/wp-content\/uploads\/2020\/09\/shure-55sh-ii-e1601485394796-142x300.jpg 142w\" sizes=\"auto, (max-width: 10px) 100vw, 10px\" \/> Holger Pfandt, Interviews: Schalte<\/p>\n\n\n\n<p>Moderation: Nele Schenker <\/p>\n\n\n\n<p><span style=\"text-decoration: underline;\">Sonntag, 09. Mai 2021, ab 13.00 Uhr<\/span><\/p>\n\n\n\n<p><strong><em>VfL Bochum&nbsp;\u2013&nbsp;Jahn Regensburg (13.30 Uhr)<\/em><\/strong><\/p>\n\n\n\n<p><img loading=\"lazy\" decoding=\"async\" width=\"10\" height=\"21\" class=\"wp-image-3656\" style=\"width: 10px;\" src=\"http:\/\/kommentatorenblog.de\/wp-content\/uploads\/2020\/09\/shure-55sh-ii-e1601485394796.jpg\" alt=\"\" srcset=\"https:\/\/kommentatorenblog.de\/wp-content\/uploads\/2020\/09\/shure-55sh-ii-e1601485394796.jpg 415w, https:\/\/kommentatorenblog.de\/wp-content\/uploads\/2020\/09\/shure-55sh-ii-e1601485394796-142x300.jpg 142w\" sizes=\"auto, (max-width: 10px) 100vw, 10px\" \/> Torsten Kunde, Field-Reporter: Dirk gro\u00dfe Schlarmann<\/p>\n\n\n\n<p><strong><em>Erzgebirge Aue \u2013&nbsp;SC Paderborn 07 (13.30 Uhr) <\/em><\/strong><\/p>\n\n\n\n<p><img loading=\"lazy\" decoding=\"async\" width=\"10\" height=\"21\" class=\"wp-image-3656\" style=\"width: 10px;\" src=\"http:\/\/kommentatorenblog.de\/wp-content\/uploads\/2020\/09\/shure-55sh-ii-e1601485394796.jpg\" alt=\"\" srcset=\"https:\/\/kommentatorenblog.de\/wp-content\/uploads\/2020\/09\/shure-55sh-ii-e1601485394796.jpg 415w, https:\/\/kommentatorenblog.de\/wp-content\/uploads\/2020\/09\/shure-55sh-ii-e1601485394796-142x300.jpg 142w\" sizes=\"auto, (max-width: 10px) 100vw, 10px\" \/> Heiko Mallwitz<\/p>\n\n\n\n<p><strong><em>1. FC Heidenheim \u2013&nbsp;SV Sandhausen<strong><em> <\/em><\/strong>(13.30 Uhr)<\/em><\/strong><\/p>\n\n\n\n<p><img loading=\"lazy\" decoding=\"async\" width=\"10\" height=\"21\" class=\"wp-image-3656\" style=\"width: 10px;\" src=\"http:\/\/kommentatorenblog.de\/wp-content\/uploads\/2020\/09\/shure-55sh-ii-e1601485394796.jpg\" alt=\"\" srcset=\"https:\/\/kommentatorenblog.de\/wp-content\/uploads\/2020\/09\/shure-55sh-ii-e1601485394796.jpg 415w, https:\/\/kommentatorenblog.de\/wp-content\/uploads\/2020\/09\/shure-55sh-ii-e1601485394796-142x300.jpg 142w\" sizes=\"auto, (max-width: 10px) 100vw, 10px\" \/> Holger Pfandt, Interviews: Schalte<\/p>\n\n\n\n<p>Moderation: Yannick Erkenbrecher<\/p>\n\n\n\n<p><span style=\"text-decoration: underline;\">Montag, 10. Mai 2021, ab 20.00 Uhr<\/span><\/p>\n\n\n\n<p><strong><em>Hamburger SV  \u2013&nbsp;1. FC N\u00fcrnberg (20.30 Uhr) <\/em><\/strong><\/p>\n\n\n\n<p><img loading=\"lazy\" decoding=\"async\" width=\"10\" height=\"21\" class=\"wp-image-3656\" style=\"width: 10px;\" src=\"http:\/\/kommentatorenblog.de\/wp-content\/uploads\/2020\/09\/shure-55sh-ii-e1601485394796.jpg\" alt=\"\" srcset=\"https:\/\/kommentatorenblog.de\/wp-content\/uploads\/2020\/09\/shure-55sh-ii-e1601485394796.jpg 415w, https:\/\/kommentatorenblog.de\/wp-content\/uploads\/2020\/09\/shure-55sh-ii-e1601485394796-142x300.jpg 142w\" sizes=\"auto, (max-width: 10px) 100vw, 10px\" \/> Stefan Hempel, Experte: Torsten Mattuschka<\/p>\n\n\n\n<hr class=\"wp-block-separator\"\/>\n\n\n\n<p><strong>2<\/strong>. <strong>Bundesliga, Nachholspiel 26. Spieltag<\/strong> <strong>(Sky)<\/strong><\/p>\n\n\n\n<p><span style=\"text-decoration: underline;\">Montag, 10. Mai 2021, ab 17.45 Uhr<\/span><\/p>\n\n\n\n<p><strong><em>Holstein Kiel \u2013 Hannover 96 (18.00 Uhr)<\/em><\/strong><\/p>\n\n\n\n<p><img loading=\"lazy\" decoding=\"async\" width=\"10\" height=\"21\" class=\"wp-image-3656\" style=\"width: 10px;\" src=\"http:\/\/kommentatorenblog.de\/wp-content\/uploads\/2020\/09\/shure-55sh-ii-e1601485394796.jpg\" alt=\"\" srcset=\"https:\/\/kommentatorenblog.de\/wp-content\/uploads\/2020\/09\/shure-55sh-ii-e1601485394796.jpg 415w, https:\/\/kommentatorenblog.de\/wp-content\/uploads\/2020\/09\/shure-55sh-ii-e1601485394796-142x300.jpg 142w\" sizes=\"auto, (max-width: 10px) 100vw, 10px\" \/> Sven Schr\u00f6ter, Interviews: Schalte <\/p>\n\n\n\n<hr class=\"wp-block-separator\"\/>\n\n\n\n<p><strong>3. Liga, 36. Spieltag<\/strong><\/p>\n\n\n\n<p><span style=\"text-decoration: underline;\">Freitag, 07. Mai 2021, ab 18.30 Uhr (Magenta Sport)<\/span><\/p>\n\n\n\n<p><strong><em>T\u00fcrkg\u00fcc\u00fc M\u00fcnchen \u2013 SC Verl (19.00 Uhr)<\/em><\/strong><\/p>\n\n\n\n<p><img loading=\"lazy\" decoding=\"async\" width=\"10\" height=\"21\" class=\"wp-image-3656\" style=\"width: 10px;\" src=\"http:\/\/kommentatorenblog.de\/wp-content\/uploads\/2020\/09\/shure-55sh-ii-e1601485394796.jpg\" alt=\"\" srcset=\"https:\/\/kommentatorenblog.de\/wp-content\/uploads\/2020\/09\/shure-55sh-ii-e1601485394796.jpg 415w, https:\/\/kommentatorenblog.de\/wp-content\/uploads\/2020\/09\/shure-55sh-ii-e1601485394796-142x300.jpg 142w\" sizes=\"auto, (max-width: 10px) 100vw, 10px\" \/> Martin Piller<\/p>\n\n\n\n<p>Moderation: Sascha Bandermann, Experte: Martin Lanig  <\/p>\n\n\n\n<p><span style=\"text-decoration: underline;\">Samstag, 08. Mai 2021, ab 13.45 Uhr (Magenta Sport)<\/span><\/p>\n\n\n\n<p><strong><em>Konferenz (14.00 Uhr)<\/em><\/strong><\/p>\n\n\n\n<p><img loading=\"lazy\" decoding=\"async\" width=\"10\" height=\"21\" class=\"wp-image-3656\" style=\"width: 10px;\" src=\"http:\/\/kommentatorenblog.de\/wp-content\/uploads\/2020\/09\/shure-55sh-ii-e1601485394796.jpg\" alt=\"\" srcset=\"https:\/\/kommentatorenblog.de\/wp-content\/uploads\/2020\/09\/shure-55sh-ii-e1601485394796.jpg 415w, https:\/\/kommentatorenblog.de\/wp-content\/uploads\/2020\/09\/shure-55sh-ii-e1601485394796-142x300.jpg 142w\" sizes=\"auto, (max-width: 10px) 100vw, 10px\" \/> Alex Klich und Sascha Bandermann<\/p>\n\n\n\n<p><strong><em>1.FC Magdeburg \u2013 MSV Duisburg (14.00 Uhr)<\/em><\/strong><\/p>\n\n\n\n<p><img loading=\"lazy\" decoding=\"async\" width=\"10\" height=\"21\" class=\"wp-image-3656\" style=\"width: 10px;\" src=\"http:\/\/kommentatorenblog.de\/wp-content\/uploads\/2020\/09\/shure-55sh-ii-e1601485394796.jpg\" alt=\"\" srcset=\"https:\/\/kommentatorenblog.de\/wp-content\/uploads\/2020\/09\/shure-55sh-ii-e1601485394796.jpg 415w, https:\/\/kommentatorenblog.de\/wp-content\/uploads\/2020\/09\/shure-55sh-ii-e1601485394796-142x300.jpg 142w\" sizes=\"auto, (max-width: 10px) 100vw, 10px\" \/> Lenny Leonhardt<\/p>\n\n\n\n<p>Moderation: Stefanie Blochwitz<\/p>\n\n\n\n<p><strong><em>FC Ingolstadt \u2013 1.FC Saarbr\u00fccken (14.00 Uhr)<\/em><\/strong><\/p>\n\n\n\n<p><img loading=\"lazy\" decoding=\"async\" width=\"10\" height=\"21\" class=\"wp-image-3656\" style=\"width: 10px;\" src=\"http:\/\/kommentatorenblog.de\/wp-content\/uploads\/2020\/09\/shure-55sh-ii-e1601485394796.jpg\" alt=\"\" srcset=\"https:\/\/kommentatorenblog.de\/wp-content\/uploads\/2020\/09\/shure-55sh-ii-e1601485394796.jpg 415w, https:\/\/kommentatorenblog.de\/wp-content\/uploads\/2020\/09\/shure-55sh-ii-e1601485394796-142x300.jpg 142w\" sizes=\"auto, (max-width: 10px) 100vw, 10px\" \/> Oskar Heirler<\/p>\n\n\n\n<p>Moderation: Simon K\u00f6pfer<\/p>\n\n\n\n<p><strong><em>Dynamo Dresden \u2013 Viktoria K\u00f6ln (14.00 Uhr) <\/em><\/strong><\/p>\n\n\n\n<p><img loading=\"lazy\" decoding=\"async\" width=\"10\" height=\"21\" class=\"wp-image-3656\" style=\"width: 10px;\" src=\"http:\/\/kommentatorenblog.de\/wp-content\/uploads\/2020\/09\/shure-55sh-ii-e1601485394796.jpg\" alt=\"\" srcset=\"https:\/\/kommentatorenblog.de\/wp-content\/uploads\/2020\/09\/shure-55sh-ii-e1601485394796.jpg 415w, https:\/\/kommentatorenblog.de\/wp-content\/uploads\/2020\/09\/shure-55sh-ii-e1601485394796-142x300.jpg 142w\" sizes=\"auto, (max-width: 10px) 100vw, 10px\" \/> Andreas Mann<\/p>\n\n\n\n<p>Moderation: Anett Sattler<\/p>\n\n\n\n<p><span style=\"text-decoration: underline;\">ab 13.45 Uhr (Magenta Sport) \/ ab 14 Uhr (NDR\/MDR\/HR\/SWR\/BR\/WDR)<\/span><\/p>\n\n\n\n<p><strong><em>SV Wehen Wiesbaden \u2013 TSV 1860 M\u00fcnchen (14.00 Uhr)<\/em><\/strong><\/p>\n\n\n\n<p><img loading=\"lazy\" decoding=\"async\" width=\"10\" height=\"21\" class=\"wp-image-3656\" style=\"width: 10px;\" src=\"http:\/\/kommentatorenblog.de\/wp-content\/uploads\/2020\/09\/shure-55sh-ii-e1601485394796.jpg\" alt=\"\" srcset=\"https:\/\/kommentatorenblog.de\/wp-content\/uploads\/2020\/09\/shure-55sh-ii-e1601485394796.jpg 415w, https:\/\/kommentatorenblog.de\/wp-content\/uploads\/2020\/09\/shure-55sh-ii-e1601485394796-142x300.jpg 142w\" sizes=\"auto, (max-width: 10px) 100vw, 10px\" \/> Magenta Sport: Mario Bast<\/p>\n\n\n\n<p><img loading=\"lazy\" decoding=\"async\" width=\"10\" height=\"21\" class=\"wp-image-3656\" style=\"width: 10px;\" src=\"http:\/\/kommentatorenblog.de\/wp-content\/uploads\/2020\/09\/shure-55sh-ii-e1601485394796.jpg\" alt=\"\" srcset=\"https:\/\/kommentatorenblog.de\/wp-content\/uploads\/2020\/09\/shure-55sh-ii-e1601485394796.jpg 415w, https:\/\/kommentatorenblog.de\/wp-content\/uploads\/2020\/09\/shure-55sh-ii-e1601485394796-142x300.jpg 142w\" sizes=\"auto, (max-width: 10px) 100vw, 10px\" \/> BR: Florian Eckl<\/p>\n\n\n\n<p><img loading=\"lazy\" decoding=\"async\" width=\"10\" height=\"21\" class=\"wp-image-3656\" style=\"width: 10px;\" src=\"http:\/\/kommentatorenblog.de\/wp-content\/uploads\/2020\/09\/shure-55sh-ii-e1601485394796.jpg\" alt=\"\" srcset=\"https:\/\/kommentatorenblog.de\/wp-content\/uploads\/2020\/09\/shure-55sh-ii-e1601485394796.jpg 415w, https:\/\/kommentatorenblog.de\/wp-content\/uploads\/2020\/09\/shure-55sh-ii-e1601485394796-142x300.jpg 142w\" sizes=\"auto, (max-width: 10px) 100vw, 10px\" \/> HR: ???<\/p>\n\n\n\n<p>Moderation (Magenta Sport): Kamila Benschop<\/p>\n\n\n\n<p>Moderation (BR): Dominik Vischer <\/p>\n\n\n\n<p>Moderation (HR): ???<\/p>\n\n\n\n<p><strong><em>1.FC Kaiserslautern \u2013 KFC Uerdingen (14.00 Uhr)<\/em><\/strong><\/p>\n\n\n\n<p><img loading=\"lazy\" decoding=\"async\" width=\"10\" height=\"21\" class=\"wp-image-3656\" style=\"width: 10px;\" src=\"http:\/\/kommentatorenblog.de\/wp-content\/uploads\/2020\/09\/shure-55sh-ii-e1601485394796.jpg\" alt=\"\" srcset=\"https:\/\/kommentatorenblog.de\/wp-content\/uploads\/2020\/09\/shure-55sh-ii-e1601485394796.jpg 415w, https:\/\/kommentatorenblog.de\/wp-content\/uploads\/2020\/09\/shure-55sh-ii-e1601485394796-142x300.jpg 142w\" sizes=\"auto, (max-width: 10px) 100vw, 10px\" \/> Magenta Sport: Markus H\u00f6hner<\/p>\n\n\n\n<p><img loading=\"lazy\" decoding=\"async\" width=\"10\" height=\"21\" class=\"wp-image-3656\" style=\"width: 10px;\" src=\"http:\/\/kommentatorenblog.de\/wp-content\/uploads\/2020\/09\/shure-55sh-ii-e1601485394796.jpg\" alt=\"\" srcset=\"https:\/\/kommentatorenblog.de\/wp-content\/uploads\/2020\/09\/shure-55sh-ii-e1601485394796.jpg 415w, https:\/\/kommentatorenblog.de\/wp-content\/uploads\/2020\/09\/shure-55sh-ii-e1601485394796-142x300.jpg 142w\" sizes=\"auto, (max-width: 10px) 100vw, 10px\" \/> SWR: Florian Winkler<\/p>\n\n\n\n<p><img loading=\"lazy\" decoding=\"async\" width=\"10\" height=\"21\" class=\"wp-image-3656\" style=\"width: 10px;\" src=\"http:\/\/kommentatorenblog.de\/wp-content\/uploads\/2020\/09\/shure-55sh-ii-e1601485394796.jpg\" alt=\"\" srcset=\"https:\/\/kommentatorenblog.de\/wp-content\/uploads\/2020\/09\/shure-55sh-ii-e1601485394796.jpg 415w, https:\/\/kommentatorenblog.de\/wp-content\/uploads\/2020\/09\/shure-55sh-ii-e1601485394796-142x300.jpg 142w\" sizes=\"auto, (max-width: 10px) 100vw, 10px\" \/> WDR: Benedikt Brinsa <\/p>\n\n\n\n<p>Moderation (Magenta Sport): Thomas Wagner <\/p>\n\n\n\n<p>Moderation (SWR): Benjamin W\u00fcst<\/p>\n\n\n\n<p>Moderation (WDR): Tobi Sch\u00e4fer <\/p>\n\n\n\n<p><strong><em>Hansa Rostock \u2013 FSV Zwickau (14.00 Uhr)<\/em><\/strong><\/p>\n\n\n\n<p><img loading=\"lazy\" decoding=\"async\" width=\"10\" height=\"21\" class=\"wp-image-3656\" style=\"width: 10px;\" src=\"http:\/\/kommentatorenblog.de\/wp-content\/uploads\/2020\/09\/shure-55sh-ii-e1601485394796.jpg\" alt=\"\" srcset=\"https:\/\/kommentatorenblog.de\/wp-content\/uploads\/2020\/09\/shure-55sh-ii-e1601485394796.jpg 415w, https:\/\/kommentatorenblog.de\/wp-content\/uploads\/2020\/09\/shure-55sh-ii-e1601485394796-142x300.jpg 142w\" sizes=\"auto, (max-width: 10px) 100vw, 10px\" \/> Magenta Sport: Mike M\u00fcnkel<\/p>\n\n\n\n<p><img loading=\"lazy\" decoding=\"async\" width=\"10\" height=\"21\" class=\"wp-image-3656\" style=\"width: 10px;\" src=\"http:\/\/kommentatorenblog.de\/wp-content\/uploads\/2020\/09\/shure-55sh-ii-e1601485394796.jpg\" alt=\"\" srcset=\"https:\/\/kommentatorenblog.de\/wp-content\/uploads\/2020\/09\/shure-55sh-ii-e1601485394796.jpg 415w, https:\/\/kommentatorenblog.de\/wp-content\/uploads\/2020\/09\/shure-55sh-ii-e1601485394796-142x300.jpg 142w\" sizes=\"auto, (max-width: 10px) 100vw, 10px\" \/> Eik Galley <\/p>\n\n\n\n<p><img loading=\"lazy\" decoding=\"async\" width=\"10\" height=\"21\" class=\"wp-image-3656\" style=\"width: 10px;\" src=\"http:\/\/kommentatorenblog.de\/wp-content\/uploads\/2020\/09\/shure-55sh-ii-e1601485394796.jpg\" alt=\"\" srcset=\"https:\/\/kommentatorenblog.de\/wp-content\/uploads\/2020\/09\/shure-55sh-ii-e1601485394796.jpg 415w, https:\/\/kommentatorenblog.de\/wp-content\/uploads\/2020\/09\/shure-55sh-ii-e1601485394796-142x300.jpg 142w\" sizes=\"auto, (max-width: 10px) 100vw, 10px\" \/> NDR: Jan Neumann <\/p>\n\n\n\n<p>Moderation (Magenta Sport): Gari Paubandt<\/p>\n\n\n\n<p>Moderation (MDR): Tom Scheunemann, Experte: Lutz Lindemann <\/p>\n\n\n\n<p>Moderation (NDR): Ben Wozny <\/p>\n\n\n\n<p><span style=\"text-decoration: underline;\">Sonntag, 09. Mai 2021, 12.45 Uhr (Magenta Sport)<\/span><\/p>\n\n\n\n<p><strong><em>SV Meppen \u2013 VfB L\u00fcbeck (13.00 Uhr)<\/em><\/strong><\/p>\n\n\n\n<p><img loading=\"lazy\" decoding=\"async\" width=\"10\" height=\"21\" class=\"wp-image-3656\" style=\"width: 10px;\" src=\"http:\/\/kommentatorenblog.de\/wp-content\/uploads\/2020\/09\/shure-55sh-ii-e1601485394796.jpg\" alt=\"\" srcset=\"https:\/\/kommentatorenblog.de\/wp-content\/uploads\/2020\/09\/shure-55sh-ii-e1601485394796.jpg 415w, https:\/\/kommentatorenblog.de\/wp-content\/uploads\/2020\/09\/shure-55sh-ii-e1601485394796-142x300.jpg 142w\" sizes=\"auto, (max-width: 10px) 100vw, 10px\" \/> Michael Augustin<\/p>\n\n\n\n<p>Moderation: Thomas Wagner<\/p>\n\n\n\n<p><span style=\"text-decoration: underline;\">ab 13.45 Uhr (Magenta Sport)<\/span><\/p>\n\n\n\n<p><strong><em>FC Bayern M\u00fcnchen II \u2013 SpVgg Unterhaching (14.00 Uhr)<\/em><\/strong><\/p>\n\n\n\n<p><img loading=\"lazy\" decoding=\"async\" width=\"10\" height=\"21\" class=\"wp-image-3656\" style=\"width: 10px;\" src=\"http:\/\/kommentatorenblog.de\/wp-content\/uploads\/2020\/09\/shure-55sh-ii-e1601485394796.jpg\" alt=\"\" srcset=\"https:\/\/kommentatorenblog.de\/wp-content\/uploads\/2020\/09\/shure-55sh-ii-e1601485394796.jpg 415w, https:\/\/kommentatorenblog.de\/wp-content\/uploads\/2020\/09\/shure-55sh-ii-e1601485394796-142x300.jpg 142w\" sizes=\"auto, (max-width: 10px) 100vw, 10px\" \/> Alex Kunz<\/p>\n\n\n\n<p>Moderation: Simon K\u00f6pfer<\/p>\n\n\n\n<p><span style=\"text-decoration: underline;\">Montag, 10. Mai 2021, 18.45 Uhr (Magenta Sport)<\/span><\/p>\n\n\n\n<p><strong><em><strong><em>SV Waldhof Mannheim<\/em><\/strong>\u2013 Hallescher FC (19.00 Uhr)<\/em><\/strong><\/p>\n\n\n\n<p><img loading=\"lazy\" decoding=\"async\" width=\"10\" height=\"21\" class=\"wp-image-3656\" style=\"width: 10px;\" src=\"http:\/\/kommentatorenblog.de\/wp-content\/uploads\/2020\/09\/shure-55sh-ii-e1601485394796.jpg\" alt=\"\" srcset=\"https:\/\/kommentatorenblog.de\/wp-content\/uploads\/2020\/09\/shure-55sh-ii-e1601485394796.jpg 415w, https:\/\/kommentatorenblog.de\/wp-content\/uploads\/2020\/09\/shure-55sh-ii-e1601485394796-142x300.jpg 142w\" sizes=\"auto, (max-width: 10px) 100vw, 10px\" \/> Christian Stra\u00dfburger<\/p>\n\n\n\n<p>Moderation: Cedric Pick<\/p>\n\n\n\n<hr class=\"wp-block-separator\"\/>\n\n\n\n<p><strong>Frauen-Bundesliga, 20. Spieltag<\/strong><\/p>\n\n\n\n<p><span style=\"text-decoration: underline;\">Freitag, 07. Mai 2021 (Eurosport\/Magenta Sport)<\/span><\/p>\n\n\n\n<p><strong><em>TSG Hoffenheim \u2013 SC Sand (19.15 Uhr)<\/em><\/strong><\/p>\n\n\n\n<p><img loading=\"lazy\" decoding=\"async\" width=\"10\" height=\"21\" class=\"wp-image-3656\" style=\"width: 10px;\" src=\"http:\/\/kommentatorenblog.de\/wp-content\/uploads\/2020\/09\/shure-55sh-ii-e1601485394796.jpg\" alt=\"\" srcset=\"https:\/\/kommentatorenblog.de\/wp-content\/uploads\/2020\/09\/shure-55sh-ii-e1601485394796.jpg 415w, https:\/\/kommentatorenblog.de\/wp-content\/uploads\/2020\/09\/shure-55sh-ii-e1601485394796-142x300.jpg 142w\" sizes=\"auto, (max-width: 10px) 100vw, 10px\" \/> Magenta Sport: Oskar Heirler<\/p>\n\n\n\n<p><img loading=\"lazy\" decoding=\"async\" width=\"10\" height=\"21\" class=\"wp-image-3656\" style=\"width: 10px;\" src=\"http:\/\/kommentatorenblog.de\/wp-content\/uploads\/2020\/09\/shure-55sh-ii-e1601485394796.jpg\" alt=\"\" srcset=\"https:\/\/kommentatorenblog.de\/wp-content\/uploads\/2020\/09\/shure-55sh-ii-e1601485394796.jpg 415w, https:\/\/kommentatorenblog.de\/wp-content\/uploads\/2020\/09\/shure-55sh-ii-e1601485394796-142x300.jpg 142w\" sizes=\"auto, (max-width: 10px) 100vw, 10px\" \/> Eurosport: Markus Theil <\/p>\n\n\n\n<p>Moderation (Eurosport): Anna Kraft <\/p>\n\n\n\n<p><span style=\"text-decoration: underline;\">Sonntag, 09. Mai 2021 (Magenta Sport\/BR\/NDR)<\/span><\/p>\n\n\n\n<p><strong><em>VfL Wolfsburg \u2013 FC Bayern M\u00fcnchen (13.00 Uhr)<\/em><\/strong><\/p>\n\n\n\n<p><img loading=\"lazy\" decoding=\"async\" width=\"10\" height=\"21\" class=\"wp-image-3656\" style=\"width: 10px;\" src=\"http:\/\/kommentatorenblog.de\/wp-content\/uploads\/2020\/09\/shure-55sh-ii-e1601485394796.jpg\" alt=\"\" srcset=\"https:\/\/kommentatorenblog.de\/wp-content\/uploads\/2020\/09\/shure-55sh-ii-e1601485394796.jpg 415w, https:\/\/kommentatorenblog.de\/wp-content\/uploads\/2020\/09\/shure-55sh-ii-e1601485394796-142x300.jpg 142w\" sizes=\"auto, (max-width: 10px) 100vw, 10px\" \/> Magenta Sport: Christoph Fetzer<\/p>\n\n\n\n<p><img loading=\"lazy\" decoding=\"async\" width=\"10\" height=\"21\" class=\"wp-image-3656\" style=\"width: 10px;\" src=\"http:\/\/kommentatorenblog.de\/wp-content\/uploads\/2020\/09\/shure-55sh-ii-e1601485394796.jpg\" alt=\"\" srcset=\"https:\/\/kommentatorenblog.de\/wp-content\/uploads\/2020\/09\/shure-55sh-ii-e1601485394796.jpg 415w, https:\/\/kommentatorenblog.de\/wp-content\/uploads\/2020\/09\/shure-55sh-ii-e1601485394796-142x300.jpg 142w\" sizes=\"auto, (max-width: 10px) 100vw, 10px\" \/> BR\/NDR: Bernd Schmelzer<\/p>\n\n\n\n<p>Moderation (BR): Dominik Vischer<\/p>\n\n\n\n<hr class=\"wp-block-separator\"\/>\n\n\n\n<p><strong>Premier League, 35. Spieltag (Sky)<\/strong><\/p>\n\n\n\n<p><span style=\"text-decoration: underline;\">Freitag, 07. Mai 2021, ab 20.50 Uhr<\/span><\/p>\n\n\n\n<p><strong><em>Leicester City \u2013&nbsp;Newcastle United (21.00 Uhr)<\/em><\/strong><\/p>\n\n\n\n<p><img loading=\"lazy\" decoding=\"async\" width=\"10\" height=\"21\" class=\"wp-image-3656\" style=\"width: 10px;\" src=\"http:\/\/kommentatorenblog.de\/wp-content\/uploads\/2020\/09\/shure-55sh-ii-e1601485394796.jpg\" alt=\"\" srcset=\"https:\/\/kommentatorenblog.de\/wp-content\/uploads\/2020\/09\/shure-55sh-ii-e1601485394796.jpg 415w, https:\/\/kommentatorenblog.de\/wp-content\/uploads\/2020\/09\/shure-55sh-ii-e1601485394796-142x300.jpg 142w\" sizes=\"auto, (max-width: 10px) 100vw, 10px\" \/> Hannes Herrmann<\/p>\n\n\n\n<p><span style=\"text-decoration: underline;\">Samstag, 08. Mai 2021, ab 13.20 Uhr<\/span><\/p>\n\n\n\n<p><strong><em>Leeds United \u2013&nbsp;Tottenham Hotspur (13.30 Uhr)<\/em><\/strong><\/p>\n\n\n\n<p><img loading=\"lazy\" decoding=\"async\" width=\"10\" height=\"21\" class=\"wp-image-3656\" style=\"width: 10px;\" src=\"http:\/\/kommentatorenblog.de\/wp-content\/uploads\/2020\/09\/shure-55sh-ii-e1601485394796.jpg\" alt=\"\" srcset=\"https:\/\/kommentatorenblog.de\/wp-content\/uploads\/2020\/09\/shure-55sh-ii-e1601485394796.jpg 415w, https:\/\/kommentatorenblog.de\/wp-content\/uploads\/2020\/09\/shure-55sh-ii-e1601485394796-142x300.jpg 142w\" sizes=\"auto, (max-width: 10px) 100vw, 10px\" \/> Joachim Hebel<\/p>\n\n\n\n<p><span style=\"text-decoration: underline;\">ab 15.50 Uhr<\/span><\/p>\n\n\n\n<p><strong><em>Sheffield United&nbsp;\u2013&nbsp;Crystal Palace<\/em><\/strong> <strong><em>(16.00 Uhr)<\/em><\/strong><\/p>\n\n\n\n<p><img loading=\"lazy\" decoding=\"async\" width=\"10\" height=\"21\" class=\"wp-image-3656\" style=\"width: 10px;\" src=\"http:\/\/kommentatorenblog.de\/wp-content\/uploads\/2020\/09\/shure-55sh-ii-e1601485394796.jpg\" alt=\"\" srcset=\"https:\/\/kommentatorenblog.de\/wp-content\/uploads\/2020\/09\/shure-55sh-ii-e1601485394796.jpg 415w, https:\/\/kommentatorenblog.de\/wp-content\/uploads\/2020\/09\/shure-55sh-ii-e1601485394796-142x300.jpg 142w\" sizes=\"auto, (max-width: 10px) 100vw, 10px\" \/> Marcel Meinert<\/p>\n\n\n\n<p><span style=\"text-decoration: underline;\">ab 18.00 Uhr<\/span><\/p>\n\n\n\n<p><strong><em>Manchester City \u2013 FC Chelsea (18.30 Uhr)<\/em><\/strong> <\/p>\n\n\n\n<p><img loading=\"lazy\" decoding=\"async\" width=\"10\" height=\"21\" class=\"wp-image-3656\" style=\"width: 10px;\" src=\"http:\/\/kommentatorenblog.de\/wp-content\/uploads\/2020\/09\/shure-55sh-ii-e1601485394796.jpg\" alt=\"\" srcset=\"https:\/\/kommentatorenblog.de\/wp-content\/uploads\/2020\/09\/shure-55sh-ii-e1601485394796.jpg 415w, https:\/\/kommentatorenblog.de\/wp-content\/uploads\/2020\/09\/shure-55sh-ii-e1601485394796-142x300.jpg 142w\" sizes=\"auto, (max-width: 10px) 100vw, 10px\" \/> Florian Schmidt-Sommerfeld, Experte: Manuel Baum<\/p>\n\n\n\n<p><span style=\"text-decoration: underline;\">ab 21.05 Uhr<\/span><\/p>\n\n\n\n<p><strong><em>FC&nbsp;Liverpool \u2013&nbsp;FC Southampton (21.15 Uhr)<\/em><\/strong><\/p>\n\n\n\n<p><img loading=\"lazy\" decoding=\"async\" width=\"10\" height=\"21\" class=\"wp-image-3656\" style=\"width: 10px;\" src=\"http:\/\/kommentatorenblog.de\/wp-content\/uploads\/2020\/09\/shure-55sh-ii-e1601485394796.jpg\" alt=\"\" srcset=\"https:\/\/kommentatorenblog.de\/wp-content\/uploads\/2020\/09\/shure-55sh-ii-e1601485394796.jpg 415w, https:\/\/kommentatorenblog.de\/wp-content\/uploads\/2020\/09\/shure-55sh-ii-e1601485394796-142x300.jpg 142w\" sizes=\"auto, (max-width: 10px) 100vw, 10px\" \/> Toni Tomic<\/p>\n\n\n\n<p><span style=\"text-decoration: underline;\">Sonntag, 09. Mai 2021, ab 12.50 Uhr<\/span><\/p>\n\n\n\n<p><em style=\"\"><b>Wolverhampton Wanderers \u2013&nbsp;Brighton &amp; Hove Albion<\/b><\/em><strong><em> (13.00 Uhr)<\/em><\/strong><\/p>\n\n\n\n<p><img loading=\"lazy\" decoding=\"async\" width=\"10\" height=\"21\" class=\"wp-image-3656\" style=\"width: 10px;\" src=\"http:\/\/kommentatorenblog.de\/wp-content\/uploads\/2020\/09\/shure-55sh-ii-e1601485394796.jpg\" alt=\"\" srcset=\"https:\/\/kommentatorenblog.de\/wp-content\/uploads\/2020\/09\/shure-55sh-ii-e1601485394796.jpg 415w, https:\/\/kommentatorenblog.de\/wp-content\/uploads\/2020\/09\/shure-55sh-ii-e1601485394796-142x300.jpg 142w\" sizes=\"auto, (max-width: 10px) 100vw, 10px\" \/> Sven Haist<\/p>\n\n\n\n<p><span style=\"text-decoration: underline;\">ab 15.00 Uhr<\/span><\/p>\n\n\n\n<p><strong><em>Aston Villa \u2013&nbsp;Manchester United (15.05 Uhr)<\/em><\/strong><\/p>\n\n\n\n<p><img loading=\"lazy\" decoding=\"async\" width=\"10\" height=\"21\" class=\"wp-image-3656\" style=\"width: 10px;\" src=\"http:\/\/kommentatorenblog.de\/wp-content\/uploads\/2020\/09\/shure-55sh-ii-e1601485394796.jpg\" alt=\"\" srcset=\"https:\/\/kommentatorenblog.de\/wp-content\/uploads\/2020\/09\/shure-55sh-ii-e1601485394796.jpg 415w, https:\/\/kommentatorenblog.de\/wp-content\/uploads\/2020\/09\/shure-55sh-ii-e1601485394796-142x300.jpg 142w\" sizes=\"auto, (max-width: 10px) 100vw, 10px\" \/> Hannes Herrmann<\/p>\n\n\n\n<p><span style=\"text-decoration: underline;\">ab 17.20 Uhr<\/span><\/p>\n\n\n\n<p><strong><em>West Ham&nbsp;United \u2013 FC&nbsp;Everton (17.30 Uhr)<\/em><\/strong><\/p>\n\n\n\n<p><img loading=\"lazy\" decoding=\"async\" width=\"10\" height=\"21\" class=\"wp-image-3656\" style=\"width: 10px;\" src=\"http:\/\/kommentatorenblog.de\/wp-content\/uploads\/2020\/09\/shure-55sh-ii-e1601485394796.jpg\" alt=\"\" srcset=\"https:\/\/kommentatorenblog.de\/wp-content\/uploads\/2020\/09\/shure-55sh-ii-e1601485394796.jpg 415w, https:\/\/kommentatorenblog.de\/wp-content\/uploads\/2020\/09\/shure-55sh-ii-e1601485394796-142x300.jpg 142w\" sizes=\"auto, (max-width: 10px) 100vw, 10px\" \/> Joachim Hebel<\/p>\n\n\n\n<p><span style=\"text-decoration: underline;\">ab 19.50 Uhr<\/span><\/p>\n\n\n\n<p><strong><em>FC Arsenal \u2013&nbsp;West Bromwich Albion (20.00 Uhr)<\/em><\/strong> <\/p>\n\n\n\n<p><img loading=\"lazy\" decoding=\"async\" width=\"10\" height=\"21\" class=\"wp-image-3656\" style=\"width: 10px;\" src=\"http:\/\/kommentatorenblog.de\/wp-content\/uploads\/2020\/09\/shure-55sh-ii-e1601485394796.jpg\" alt=\"\" srcset=\"https:\/\/kommentatorenblog.de\/wp-content\/uploads\/2020\/09\/shure-55sh-ii-e1601485394796.jpg 415w, https:\/\/kommentatorenblog.de\/wp-content\/uploads\/2020\/09\/shure-55sh-ii-e1601485394796-142x300.jpg 142w\" sizes=\"auto, (max-width: 10px) 100vw, 10px\" \/> Roland Evers<\/p>\n\n\n\n<p><span style=\"text-decoration: underline;\">Montag, 10. Mai 2021, ab 20.50 Uhr<\/span><\/p>\n\n\n\n<p><strong><em>FC Fulham \u2013&nbsp;FC Burnley (21.00 Uhr)<\/em><\/strong><\/p>\n\n\n\n<p><img loading=\"lazy\" decoding=\"async\" width=\"10\" height=\"21\" class=\"wp-image-3656\" style=\"width: 10px;\" src=\"http:\/\/kommentatorenblog.de\/wp-content\/uploads\/2020\/09\/shure-55sh-ii-e1601485394796.jpg\" alt=\"\" srcset=\"https:\/\/kommentatorenblog.de\/wp-content\/uploads\/2020\/09\/shure-55sh-ii-e1601485394796.jpg 415w, https:\/\/kommentatorenblog.de\/wp-content\/uploads\/2020\/09\/shure-55sh-ii-e1601485394796-142x300.jpg 142w\" sizes=\"auto, (max-width: 10px) 100vw, 10px\" \/> Markus Gaupp<\/p>\n\n\n\n<hr class=\"wp-block-separator\"\/>\n\n\n\n<p><strong>La Liga, 35. Spieltag (DAZN)<\/strong><\/p>\n\n\n\n<p><span style=\"text-decoration: underline;\">Samstag, 08. Mai 2021, ab 16.00 Uhr<\/span><\/p>\n\n\n\n<p><strong><em><strong><em>FC Barcelona<\/em><\/strong> \u2013 Atl\u00e9tico Madrid (16.15 Uhr)<\/em><\/strong><\/p>\n\n\n\n<p><img loading=\"lazy\" decoding=\"async\" width=\"10\" height=\"21\" class=\"wp-image-3656\" style=\"width: 10px;\" src=\"http:\/\/kommentatorenblog.de\/wp-content\/uploads\/2020\/09\/shure-55sh-ii-e1601485394796.jpg\" alt=\"\" srcset=\"https:\/\/kommentatorenblog.de\/wp-content\/uploads\/2020\/09\/shure-55sh-ii-e1601485394796.jpg 415w, https:\/\/kommentatorenblog.de\/wp-content\/uploads\/2020\/09\/shure-55sh-ii-e1601485394796-142x300.jpg 142w\" sizes=\"auto, (max-width: 10px) 100vw, 10px\" \/> Jan Platte, Experte: Sebastian Knei\u00dfl<\/p>\n\n\n\n<p>Moderation: Tobi Wahnschaffe<\/p>\n\n\n\n<p><span style=\"text-decoration: underline;\">Sonntag, 09. Mai 2021, ab 20.45 Uhr<\/span><\/p>\n\n\n\n<p><strong><em>Real Madrid \u2013 FC Sevilla (21.00 Uhr) <\/em><\/strong><\/p>\n\n\n\n<p><img loading=\"lazy\" decoding=\"async\" width=\"10\" height=\"21\" class=\"wp-image-3656\" style=\"width: 10px;\" src=\"http:\/\/kommentatorenblog.de\/wp-content\/uploads\/2020\/09\/shure-55sh-ii-e1601485394796.jpg\" alt=\"\" srcset=\"https:\/\/kommentatorenblog.de\/wp-content\/uploads\/2020\/09\/shure-55sh-ii-e1601485394796.jpg 415w, https:\/\/kommentatorenblog.de\/wp-content\/uploads\/2020\/09\/shure-55sh-ii-e1601485394796-142x300.jpg 142w\" sizes=\"auto, (max-width: 10px) 100vw, 10px\" \/> Uli Hebel, Experte: Benny Lauth<\/p>\n\n\n\n<p>Moderation: Daniel Herzog <\/p>\n\n\n\n<p><span style=\"text-decoration: underline;\">Montag, 10. Mai 2021<\/span><\/p>\n\n\n\n<p><strong><em>Real Betis \u2013 Granada CF (21.00 Uhr) <\/em><\/strong><\/p>\n\n\n\n<p><img loading=\"lazy\" decoding=\"async\" width=\"10\" height=\"21\" class=\"wp-image-3656\" style=\"width: 10px;\" src=\"http:\/\/kommentatorenblog.de\/wp-content\/uploads\/2020\/09\/shure-55sh-ii-e1601485394796.jpg\" alt=\"\" srcset=\"https:\/\/kommentatorenblog.de\/wp-content\/uploads\/2020\/09\/shure-55sh-ii-e1601485394796.jpg 415w, https:\/\/kommentatorenblog.de\/wp-content\/uploads\/2020\/09\/shure-55sh-ii-e1601485394796-142x300.jpg 142w\" sizes=\"auto, (max-width: 10px) 100vw, 10px\" \/> Felix Keil <\/p>\n\n\n\n<hr class=\"wp-block-separator\"\/>\n\n\n\n<p><strong>Serie A, 35. Spieltag (DAZN)<\/strong><\/p>\n\n\n\n<p><span style=\"text-decoration: underline;\">Samstag, 08. Mai 2021<\/span><\/p>\n\n\n\n<p><strong><em>Inter Mailand \u2013 Sampdoria Genua (18.00 Uhr)<\/em><\/strong><\/p>\n\n\n\n<p><img loading=\"lazy\" decoding=\"async\" width=\"10\" height=\"21\" class=\"wp-image-3656\" style=\"width: 10px;\" src=\"http:\/\/kommentatorenblog.de\/wp-content\/uploads\/2020\/09\/shure-55sh-ii-e1601485394796.jpg\" alt=\"\" srcset=\"https:\/\/kommentatorenblog.de\/wp-content\/uploads\/2020\/09\/shure-55sh-ii-e1601485394796.jpg 415w, https:\/\/kommentatorenblog.de\/wp-content\/uploads\/2020\/09\/shure-55sh-ii-e1601485394796-142x300.jpg 142w\" sizes=\"auto, (max-width: 10px) 100vw, 10px\" \/> Carsten Fu\u00df <\/p>\n\n\n\n<p><span style=\"text-decoration: underline;\">Sonntag, 09. Mai 2021, ab 20.35 Uhr<\/span><\/p>\n\n\n\n<p><strong><em>Juventus Turin \u2013 AC Mailand (20.45 Uhr) <\/em><\/strong><\/p>\n\n\n\n<p><img loading=\"lazy\" decoding=\"async\" width=\"10\" height=\"21\" class=\"wp-image-3656\" style=\"width: 10px;\" src=\"http:\/\/kommentatorenblog.de\/wp-content\/uploads\/2020\/09\/shure-55sh-ii-e1601485394796.jpg\" alt=\"\" srcset=\"https:\/\/kommentatorenblog.de\/wp-content\/uploads\/2020\/09\/shure-55sh-ii-e1601485394796.jpg 415w, https:\/\/kommentatorenblog.de\/wp-content\/uploads\/2020\/09\/shure-55sh-ii-e1601485394796-142x300.jpg 142w\" sizes=\"auto, (max-width: 10px) 100vw, 10px\" \/> Marco Hagemann, Experte: Christian Bernhard<\/p>\n\n\n\n<p>Moderation: Sebastian Benesch <\/p>\n\n\n\n<hr class=\"wp-block-separator\"\/>\n\n\n\n<p><strong>Ligue 1, 36. Spieltag (DAZN)<\/strong><\/p>\n\n\n\n<p><span style=\"text-decoration: underline;\">Freitag, 07. Mai 2021<\/span><\/p>\n\n\n\n<p><em><strong>RC Lens <strong>\u2013<\/strong><\/strong> <strong>OSC Lille (21.00 Uhr)<\/strong><\/em><\/p>\n\n\n\n<p><img loading=\"lazy\" decoding=\"async\" width=\"10\" height=\"21\" class=\"wp-image-3656\" style=\"width: 10px;\" src=\"http:\/\/kommentatorenblog.de\/wp-content\/uploads\/2020\/09\/shure-55sh-ii-e1601485394796.jpg\" alt=\"\" srcset=\"https:\/\/kommentatorenblog.de\/wp-content\/uploads\/2020\/09\/shure-55sh-ii-e1601485394796.jpg 415w, https:\/\/kommentatorenblog.de\/wp-content\/uploads\/2020\/09\/shure-55sh-ii-e1601485394796-142x300.jpg 142w\" sizes=\"auto, (max-width: 10px) 100vw, 10px\" \/> Claus M\u00fcller <\/p>\n\n\n\n<p><span style=\"text-decoration: underline;\">Sonntag, 09. Mai 2021<\/span><\/p>\n\n\n\n<p><strong><em>Stade Rennes \u2013 Paris Saint-Germain (21.00 Uhr) <\/em><\/strong><\/p>\n\n\n\n<p><img loading=\"lazy\" decoding=\"async\" width=\"10\" height=\"21\" class=\"wp-image-3656\" style=\"width: 10px;\" src=\"http:\/\/kommentatorenblog.de\/wp-content\/uploads\/2020\/09\/shure-55sh-ii-e1601485394796.jpg\" alt=\"\" srcset=\"https:\/\/kommentatorenblog.de\/wp-content\/uploads\/2020\/09\/shure-55sh-ii-e1601485394796.jpg 415w, https:\/\/kommentatorenblog.de\/wp-content\/uploads\/2020\/09\/shure-55sh-ii-e1601485394796-142x300.jpg 142w\" sizes=\"auto, (max-width: 10px) 100vw, 10px\" \/> Stefan Galler, Experte: Alexis Menuge <\/p>\n\n\n\n<hr class=\"wp-block-separator\"\/>\n\n\n\n<p><strong>Internationaler Fussball (Sportdigital FUSSBALL)<\/strong><\/p>\n\n\n\n<p><span style=\"text-decoration: underline;\">Freitag, 07. Mai 2021<\/span><\/p>\n\n\n\n<p>Ekstraklasa, 29. Spieltag: <strong><em>Zaglebie Lubin \u2013 Pogon Szczecin (17.30 Uhr)<\/em><\/strong><\/p>\n\n\n\n<p><img loading=\"lazy\" decoding=\"async\" width=\"10\" height=\"21\" class=\"wp-image-3656\" style=\"width: 10px;\" src=\"http:\/\/kommentatorenblog.de\/wp-content\/uploads\/2020\/09\/shure-55sh-ii-e1601485394796.jpg\" alt=\"\" srcset=\"https:\/\/kommentatorenblog.de\/wp-content\/uploads\/2020\/09\/shure-55sh-ii-e1601485394796.jpg 415w, https:\/\/kommentatorenblog.de\/wp-content\/uploads\/2020\/09\/shure-55sh-ii-e1601485394796-142x300.jpg 142w\" sizes=\"auto, (max-width: 10px) 100vw, 10px\" \/> Christian Blunck<\/p>\n\n\n\n<p><span style=\"text-decoration: underline;\">Samstag, 08. Mai 2021<\/span><\/p>\n\n\n\n<p>A-League, Woche 20: <strong><em>Newcastle United Jets<\/em><\/strong> <strong><em>\u2013 Sydney FC (9.05 Uhr)<\/em><\/strong><\/p>\n\n\n\n<p><img loading=\"lazy\" decoding=\"async\" width=\"10\" height=\"21\" class=\"wp-image-3656\" style=\"width: 10px;\" src=\"http:\/\/kommentatorenblog.de\/wp-content\/uploads\/2020\/09\/shure-55sh-ii-e1601485394796.jpg\" alt=\"\" srcset=\"https:\/\/kommentatorenblog.de\/wp-content\/uploads\/2020\/09\/shure-55sh-ii-e1601485394796.jpg 415w, https:\/\/kommentatorenblog.de\/wp-content\/uploads\/2020\/09\/shure-55sh-ii-e1601485394796-142x300.jpg 142w\" sizes=\"auto, (max-width: 10px) 100vw, 10px\" \/> Jakob Vogel<\/p>\n\n\n\n<p>A-League, Woche 20: <strong><em>Western Sydney Wanderers<strong><em> \u2013<\/em> <em>Western United FC<\/em><\/strong><\/em><\/strong> <strong><em>(11.10 Uhr)<\/em><\/strong><\/p>\n\n\n\n<p><img loading=\"lazy\" decoding=\"async\" width=\"10\" height=\"21\" class=\"wp-image-3656\" style=\"width: 10px;\" src=\"http:\/\/kommentatorenblog.de\/wp-content\/uploads\/2020\/09\/shure-55sh-ii-e1601485394796.jpg\" alt=\"\" srcset=\"https:\/\/kommentatorenblog.de\/wp-content\/uploads\/2020\/09\/shure-55sh-ii-e1601485394796.jpg 415w, https:\/\/kommentatorenblog.de\/wp-content\/uploads\/2020\/09\/shure-55sh-ii-e1601485394796-142x300.jpg 142w\" sizes=\"auto, (max-width: 10px) 100vw, 10px\" \/> Ulf Kahmke <\/p>\n\n\n\n<p>Sky Bet Championship, 46. Spieltag: <em style=\"font-weight: bold;\">Derby County \u2013 <\/em><strong><em>Sheffield Wednesday (13.30 Uhr)<\/em><\/strong><\/p>\n\n\n\n<p><img loading=\"lazy\" decoding=\"async\" width=\"10\" height=\"21\" class=\"wp-image-3656\" style=\"width: 10px;\" src=\"http:\/\/kommentatorenblog.de\/wp-content\/uploads\/2020\/09\/shure-55sh-ii-e1601485394796.jpg\" alt=\"\" srcset=\"https:\/\/kommentatorenblog.de\/wp-content\/uploads\/2020\/09\/shure-55sh-ii-e1601485394796.jpg 415w, https:\/\/kommentatorenblog.de\/wp-content\/uploads\/2020\/09\/shure-55sh-ii-e1601485394796-142x300.jpg 142w\" sizes=\"auto, (max-width: 10px) 100vw, 10px\" \/> Marcus Radefeld <\/p>\n\n\n\n<p>Eredivisie, 32. Spieltag: <strong><em>AZ Alkmaar \u2013 Fortuna Sittard (20.00 Uhr)<\/em><\/strong><\/p>\n\n\n\n<p><img loading=\"lazy\" decoding=\"async\" width=\"10\" height=\"21\" class=\"wp-image-3656\" style=\"width: 10px;\" src=\"http:\/\/kommentatorenblog.de\/wp-content\/uploads\/2020\/09\/shure-55sh-ii-e1601485394796.jpg\" alt=\"\" srcset=\"https:\/\/kommentatorenblog.de\/wp-content\/uploads\/2020\/09\/shure-55sh-ii-e1601485394796.jpg 415w, https:\/\/kommentatorenblog.de\/wp-content\/uploads\/2020\/09\/shure-55sh-ii-e1601485394796-142x300.jpg 142w\" sizes=\"auto, (max-width: 10px) 100vw, 10px\" \/> Karsten Linke <\/p>\n\n\n\n<p><span style=\"text-decoration: underline;\">Sonntag, 25. April 2021<\/span><\/p>\n\n\n\n<p>K League, 14. Spieltag: <strong><em>Jeonbuk Hyundai Motors \u2013 Suwon Bluewings (09.30 Uhr)<\/em><\/strong><\/p>\n\n\n\n<p><img loading=\"lazy\" decoding=\"async\" width=\"10\" height=\"21\" class=\"wp-image-3656\" style=\"width: 10px;\" src=\"http:\/\/kommentatorenblog.de\/wp-content\/uploads\/2020\/09\/shure-55sh-ii-e1601485394796.jpg\" alt=\"\" srcset=\"https:\/\/kommentatorenblog.de\/wp-content\/uploads\/2020\/09\/shure-55sh-ii-e1601485394796.jpg 415w, https:\/\/kommentatorenblog.de\/wp-content\/uploads\/2020\/09\/shure-55sh-ii-e1601485394796-142x300.jpg 142w\" sizes=\"auto, (max-width: 10px) 100vw, 10px\" \/> Marcus Radefeld<\/p>\n\n\n\n<p>Eredivisie, 32. Spieltag: <strong><em>Feyenoord Rotterdam \u2013 Ajax Amsterdam (14.30 Uhr)<\/em><\/strong><\/p>\n\n\n\n<p><img loading=\"lazy\" decoding=\"async\" width=\"10\" height=\"21\" class=\"wp-image-3656\" style=\"width: 10px;\" src=\"http:\/\/kommentatorenblog.de\/wp-content\/uploads\/2020\/09\/shure-55sh-ii-e1601485394796.jpg\" alt=\"\" srcset=\"https:\/\/kommentatorenblog.de\/wp-content\/uploads\/2020\/09\/shure-55sh-ii-e1601485394796.jpg 415w, https:\/\/kommentatorenblog.de\/wp-content\/uploads\/2020\/09\/shure-55sh-ii-e1601485394796-142x300.jpg 142w\" sizes=\"auto, (max-width: 10px) 100vw, 10px\" \/> Karsten Linke <\/p>\n\n\n\n<p>Eredivisie, 32. Spieltag: <strong><em>Willem II Tilburg \u2013 PSV Eindhoven (16.45 Uhr)<\/em><\/strong><\/p>\n\n\n\n<p><img loading=\"lazy\" decoding=\"async\" width=\"10\" height=\"21\" class=\"wp-image-3656\" style=\"width: 10px;\" src=\"http:\/\/kommentatorenblog.de\/wp-content\/uploads\/2020\/09\/shure-55sh-ii-e1601485394796.jpg\" alt=\"\" srcset=\"https:\/\/kommentatorenblog.de\/wp-content\/uploads\/2020\/09\/shure-55sh-ii-e1601485394796.jpg 415w, https:\/\/kommentatorenblog.de\/wp-content\/uploads\/2020\/09\/shure-55sh-ii-e1601485394796-142x300.jpg 142w\" sizes=\"auto, (max-width: 10px) 100vw, 10px\" \/> Christian Blunck <\/p>\n\n\n\n<p>MLS, 04. Spieltag: <em style=\"font-weight: bold;\">Inter Miami<\/em> <strong><em>\u2013 Atlanta United (19.08 Uhr)<\/em><\/strong><\/p>\n\n\n\n<p><img loading=\"lazy\" decoding=\"async\" width=\"10\" height=\"21\" class=\"wp-image-3656\" style=\"width: 10px;\" src=\"http:\/\/kommentatorenblog.de\/wp-content\/uploads\/2020\/09\/shure-55sh-ii-e1601485394796.jpg\" alt=\"\" srcset=\"https:\/\/kommentatorenblog.de\/wp-content\/uploads\/2020\/09\/shure-55sh-ii-e1601485394796.jpg 415w, https:\/\/kommentatorenblog.de\/wp-content\/uploads\/2020\/09\/shure-55sh-ii-e1601485394796-142x300.jpg 142w\" sizes=\"auto, (max-width: 10px) 100vw, 10px\" \/> Ulf Kahmke <\/p>\n\n\n\n<p><span style=\"text-decoration: underline;\">Montag, 26. April 2021<\/span><\/p>\n\n\n\n<p>Ekstraklasa, 29. Spieltag: <em style=\"font-weight: bold;\">Rakow Czestochowa <\/em><strong><em>\u2013 Piast Gliwice (18.00 Uhr)<\/em><\/strong><\/p>\n\n\n\n<p><img loading=\"lazy\" decoding=\"async\" width=\"10\" height=\"21\" class=\"wp-image-3656\" style=\"width: 10px;\" src=\"http:\/\/kommentatorenblog.de\/wp-content\/uploads\/2020\/09\/shure-55sh-ii-e1601485394796.jpg\" alt=\"\" srcset=\"https:\/\/kommentatorenblog.de\/wp-content\/uploads\/2020\/09\/shure-55sh-ii-e1601485394796.jpg 415w, https:\/\/kommentatorenblog.de\/wp-content\/uploads\/2020\/09\/shure-55sh-ii-e1601485394796-142x300.jpg 142w\" sizes=\"auto, (max-width: 10px) 100vw, 10px\" \/> tba <\/p>\n\n\n\n<p>Liga NOS, 32. Spieltag: <em style=\"font-weight: bold;\">FC Porto <\/em><strong><em>\u2013 SC Farense (21.00 Uhr)<\/em><\/strong><\/p>\n\n\n\n<p><img loading=\"lazy\" decoding=\"async\" width=\"10\" height=\"21\" class=\"wp-image-3656\" style=\"width: 10px;\" src=\"http:\/\/kommentatorenblog.de\/wp-content\/uploads\/2020\/09\/shure-55sh-ii-e1601485394796.jpg\" alt=\"\" srcset=\"https:\/\/kommentatorenblog.de\/wp-content\/uploads\/2020\/09\/shure-55sh-ii-e1601485394796.jpg 415w, https:\/\/kommentatorenblog.de\/wp-content\/uploads\/2020\/09\/shure-55sh-ii-e1601485394796-142x300.jpg 142w\" sizes=\"auto, (max-width: 10px) 100vw, 10px\" \/> Karsten Linke <\/p>\n\n\n\n<p><strong>Die Analyse<\/strong><\/p>\n\n\n\n<p><strong>Kleines Freitags-Fazit <\/strong><\/p>\n\n\n\n<p>Das letzte Freitagsspiel dieser Spielzeit ist die Partie zwischen Stuttgart und Augsburg. Urspr\u00fcnglich war Hertha-Bielefeld hier angesetzt, die Team-Quarant\u00e4ne hat den Spielplan aber bekanntlich etwas durcheinandergewirbelt. Die \u00dcbertragung an diesem Freitag kommt, wie bei 27 von den bisherigen 29 Freitagsspielen &#8211; leider aus der Box. Daniel Herzog \u00fcbernimmt die Moderation, die Alternativen Alex Schl\u00fcter und Tobi Wahnschaffe sind ja Tags zuvor beim Nachholspiel zwischen Hertha und Freiburg schon mit von der Partie. Durch die 90 Minuten f\u00fchrt das gesch\u00e4tzte Duo Hagemann\/Gunesch. Field-Reporter in beim Weinzierl-Deb\u00fct wird Sebastian Benesch sein.  <\/p>\n\n\n\n<p><strong>Vorgezogene Meisterschaftsentscheidung? und Schmitz again<\/strong><\/p>\n\n\n\n<p>Samstagnachmittag f\u00fchren Michael Leopold und Didi Hamann durch die Sendung auf Sky. Weil am Sonntag letztmals in dieser Saison drei Bundesliga-Spiele stattfinden werden, werden am Samstag um 15.30 Uhr nur vier Partien angepfiffen. Vom Kampf um die internationalen Pl\u00e4tze bis hin zum Abstiegskampf ist alles mit dabei. <\/p>\n\n\n\n<p>Im Zweifel liegt der Fokus auf der Generalprobe des Pokalfinals, Dortmund empf\u00e4ngt Leipzig. Bei Unentschieden (Tordifferenz spricht klar f\u00fcr Bayern) oder Sieg BVB w\u00e4re der FC Bayern Deutscher Meister. Sky schickt mit Martin Gro\u00df einen seiner drei Topspielkommentatoren in den Signal Iduna Park (wohlgemerkt sein sechster Saison-Einsatz in Dortmund als Kommentator &#8211; Spitzenwert!), Field-Reporter wird Marcus Lindemann sein, das West-Duo ist also vereint. Bei den anderen Einzelspiel-Ansetzungen f\u00e4llt wieder J\u00fcrgen Schmitz in Wolfsburg ins Auge, der zum wiederholten Male in de letzten Wochen auch in der ersten Liga zum Einsatz kommt. &#8222;Normalerweise&#8220; ist die 2.Bundesliga ja sein Steckenpferd. <\/p>\n\n\n\n<p><strong>&#8222;Bayer-Exkurs&#8220; und &#8222;Legenden-Konferenz&#8220;<\/strong><\/p>\n\n\n\n<p>In der Konferenz kommt auf eigenen Wunsch mal wieder unser Gespr\u00e4chsgast Tom Bayer zum Zug. Am 33. Spieltag wird er ebenfalls nochmal nach M\u00fcnchen reisen (nach so langer Zeit will man sich ja auch von den Kollegen verabschieden), bevor er am 34. Spieltag seinen Abschluss mit einem Live-Kommentar im Stadion &#8222;feiern&#8220; wird. Und der Vollst\u00e4ndigkeit halber: Unter der Woche \u00fcbernimmt er noch das Nachholspiel zwischen Schalke und der Hertha! <\/p>\n\n\n\n<p>Zur\u00fcck zum 32. Spieltag: Die Konferenz mit Dittmann, Buschmann, K\u00fcpper und Bayer riecht nach purer Erfahrung. K\u00f6nnte ein launiger Nachmittag werden. <\/p>\n\n\n\n<p><strong>Heimspiel f\u00fcr Fuss, Experten-Deb\u00fct und H\u00f6wedes-Einsatz<\/strong><\/p>\n\n\n\n<p>Beim Topspiel am Samstagabend gibt\u00b4s ein Heimspiel f\u00fcr Wolff Fuss. Interviews f\u00fchrt selbstverst\u00e4ndlich Patrick Wasserziehr. Beider werden im Zweifel so lange beim FCB eingesetzt wird, bis dieser endlich offiziell Meister ist. Im Studio wartet das \u00fcbliche Duo auf uns. <\/p>\n\n\n\n<p>Das fr\u00fche Spiel am Sonntagnachmittag zwischen K\u00f6ln und Freiburg zeigt DAZN. Tobi Wahnschaffe und Jan Platte freuen sich auf ein neues Gesicht an ihrer Seite. 1860er Sascha M\u00f6lders wird Experte sein. Stadionluft f\u00fcr die Interviews darf, wie so oft in den letzten Wochen, Sendergesicht Alex Schl\u00fcter schnuppern. <\/p>\n\n\n\n<p>Bei Sky hingegen, wo die beiden sp\u00e4teren Sonntagsspiele standesgem\u00e4\u00df laufen, ist Rio-Weltmeister Benedikt H\u00f6wedes mal wieder in der Bundesliga im Einsatz. Nach Mainz zieht\u00b4s Hansi K\u00fcpper und Martin Gro\u00df. Toni Tomic und Martin Winkler nehmen die Reise nach Berlin auf sich. Nachdem Winklers erstes Sonntagsspiel als Reporter ja der Quarant\u00e4ne der Hertha zum Opfer gefallen ist, gibt es nun den erneuten Versuch!<\/p>\n\n\n\n<p><strong>Dreifacher Pfandt und doppeltes Kiel<\/strong><\/p>\n\n\n\n<p>In der 2. Bundesliga wird Holger Pfandt am Wochenende dreimal! eingesetzt. Schade, dass er nach Bekanntgabe seines Sky-Abschieds irgendwie nicht mehr so oft in der 1.Bundesliga eingesetzt wird. Andererseits schauen eine Zweitliga-Konferenz nat\u00fcrlich vielmehr Leute als so manches Einzelspiel in der Bundesliga. <\/p>\n\n\n\n<p>Sportlich l\u00e4sst sich festhalten, dass Holstein Kiel nach dem Heimsieg gegen Sandhausen am Freitag (gegen Pauli) und am Montag (gegen Hannover) ran muss. Klaus Veltman und etwas \u00fcberraschend Sven Schr\u00f6ter \u00fcbernehmen. Interview-M\u00f6glichkeiten gibt es an diesem Wochenende an acht von neun Spielorten. <\/p>\n\n\n\n<p>Samstag moderiert Nele Schenker, weil Peter Hardenacke in Sachen Formel1 in Barcelona besch\u00e4ftigt ist. Beim Topspiel am Montag zwischen dem Hamburger SV und dem 1.FC N\u00fcrnberg sind Stefan Hempel und Torsten Mattuschka tats\u00e4chlich mal wieder im Stadion, auf einen Field-Reporter wird verzichtet! Klingt aus Kommentatorenblog-Sicht nach einer interessanten Idee, wir schauen uns die Umsetzung an. <\/p>\n\n\n\n<p><strong>\u00d6Rs sind &#8222;gef\u00fchlt&#8220; alle dabei<\/strong><\/p>\n\n\n\n<p>In der 3. Liga gibt es die volle Bandbreite an \u00f6ffentlich-rechtlichen Sendern. In sieben Regionalprogrammen l\u00e4uft am Samstag die 3. Liga. Viel Brisanz steckt im Abstiegskampf, das direkten Duell zwischen Lautern und dem KFC Uerdingen steht an. F\u00fcr Magenta Sport sind Markus H\u00f6hner und Thomas Wagner am &#8222;Betze&#8220;, im SWR bzw. WDR \u00fcbernehmen als Kommentatoren Florian Winkler und Benedikt Brinsa. Doppelt im Einsatz f\u00fcr Magenta Sport werden an diese Spieltag die Herren Bandermann, Wagner und K\u00f6pfer sen. <\/p>\n\n\n\n<p>Stichwort: \u00d6ffentlich-rechtlicher Rundfunk. Sonntag \u00fcbertragen neben Magenta Sport auch NDR und BR die Begegnung zwischen Serienmeister Wolfsburg und Bayern in der Frauen-Bundesliga. <\/p>\n\n\n\n<p><strong>Meisterentscheidung in England?<\/strong><\/p>\n\n\n\n<p>Zur selben Zeit, zu der die Bayern in Deutschland die Meisterschaft klar machen k\u00f6nnen, k\u00f6nnte es auch in England zur Entscheidung kommen. Manchester City w\u00fcrde sich mit einem Sieg in der Generalprobe des Champions League Finals zum Premier League Champion 2021 kr\u00f6nen. F\u00fcr Sky \u00fcbernimmt nat\u00fcrlich Florian Schmidt-Sommerfeld, an seiner Seite sitzt diesmal Manuel Baum. Ansonsten gibt es die gewohnten Doppeleins\u00e4tze f\u00fcr Jogi Hebel und Hannes Herrmann und f\u00fcr Roland Evers bleibt &#8211; leider &#8211; wie so oft &#8222;nur ein Premier League Spiel&#8220; \u00fcbrig. In der Bundesliga fehlt er wieder. <\/p>\n\n\n\n<p><strong>Wahnsinns-Wochenende in Spanien<\/strong><\/p>\n\n\n\n<p>In La Liga warten am Wochenende zwei Topspiele auf uns! Die schon feststehenden Top Vier der Liga treffen in direkten Duellen aufeinander. DAZN setzt bei beiden Begegnungen auf Moderatoren und kleine Vorberichte. Jan Platte, Sebastian Knei\u00dfl und Tobi Wahnschaffe k\u00fcmmern sich um Barcelona gegen Atl\u00e9tico und Uli Hebel, Benny Lauth und Daniel Herzog um Real gegen Sevilla. Spannung garantiert, Einschalten fast Pflicht!<\/p>\n\n\n\n<p><strong>Entschieden und nicht entschieden \ud83d\ude00 <\/strong><\/p>\n\n\n\n<p>In der Serie A ist die Entscheidung um die Meisterschaft bereits am vergangenen Spieltag zugunsten von Inter Mailand gefallen. Das erste Schaulaufen \u00fcbernimmt Legende Carsten Fu\u00df. Bei Juventus Turin gegen AC Mailand kommt Sebastian Benesch mal wieder zu einem seiner selteneren Eins\u00e4tze als Moderator. Mehr Spiele werden am Wochenende nicht auf Deutsch kommentiert. <\/p>\n\n\n\n<p>Noch lange nicht entschieden ist hingegen der Titel-Kampf in Frankreich. Galler\/Menuge widmen sich mal wieder PSG. Bereits am Freitagabend schaut Claus M\u00fcller, ob Lille vorlegen kann. <\/p>\n\n\n\n<p>Au\u00dferdem gibt\u00b4s bei sportdigital FUSSBALL wieder die \u00fcbliche Dosis. Den Kommentator f\u00fcr das Ekstraklasa-Spiel am Montag reichen wir nach.<\/p>\n\n\n\n<p>Macht das Beste draus! <\/p>\n","protected":false},"excerpt":{"rendered":"<p>Nach 36 Jahren ist Schluss \u2013 Reporter-Legende Tom Bayer verabschiedet sich nach dem Ende dieser Bundesliga-Saison in den wohlverdienten Ruhestand. Das Gespr\u00e4ch mit \u201eder Stimme des Rheinlands\u201c war zugegebenerma\u00dfen besonders, weil Tom und ich (Anm. d. Red.: Leon) uns seit meiner fr\u00fchesten Kindheit kennen. Die Anekdoten und Geschichten von damals kann man sich aber immer [&hellip;]<\/p>\n","protected":false},"author":1,"featured_media":0,"comment_status":"open","ping_status":"open","sticky":false,"template":"","format":"standard","meta":{"footnotes":""},"categories":[424],"tags":[20,10,49,153,527,337,178,60,131,13,30,251,55,89,501,61,182,25,90,48,86,93,53,198,159,79,158,31,43,112,95,320,17,88,15,94,23,108,45,533,189,98,127,22,134,154,28,27,16,252,85,24,346,107],"class_list":["post-8707","post","type-post","status-publish","format-standard","hentry","category-bundesliga-und-co","tag-2-bundesliga","tag-3-liga","tag-alex-schlueter","tag-alexis-menuge","tag-benedikt-brinsa","tag-benedikt-hoewedes","tag-br","tag-bundesliga","tag-carsten-fuss","tag-dazn","tag-didi-hamann","tag-ekstraklasa","tag-eredivisie","tag-florian-schmidt-sommerfeld","tag-florian-winkler","tag-frank-buschmann","tag-frauen-bundesliga","tag-hansi-kuepper","tag-holger-pfandt","tag-jan-platte","tag-juergen-schmitz","tag-kai-dittmann","tag-klaus-veltmann","tag-konferenz","tag-la-liga","tag-liga-nos","tag-ligue-1","tag-lothar-matthaeus","tag-marco-hagemann","tag-marcus-lindemann","tag-martin-gross","tag-martin-winkler","tag-mdr","tag-michael-leopold","tag-ndr","tag-patrick-wasserziehr","tag-premier-league","tag-ralph-gunesch","tag-roland-evers","tag-sascha-moelders","tag-sebastian-benesch","tag-sebastian-hellmann","tag-serie-a","tag-sky","tag-sportdigital-fussball","tag-stefan-galler","tag-stefan-hempel","tag-sven-schroeter","tag-swr","tag-tobi-wahnschaffe","tag-tom-bayer","tag-toni-tomic","tag-torsten-mattuschka","tag-wolff-fuss"],"_links":{"self":[{"href":"https:\/\/kommentatorenblog.de\/index.php?rest_route=\/wp\/v2\/posts\/8707","targetHints":{"allow":["GET"]}}],"collection":[{"href":"https:\/\/kommentatorenblog.de\/index.php?rest_route=\/wp\/v2\/posts"}],"about":[{"href":"https:\/\/kommentatorenblog.de\/index.php?rest_route=\/wp\/v2\/types\/post"}],"author":[{"embeddable":true,"href":"https:\/\/kommentatorenblog.de\/index.php?rest_route=\/wp\/v2\/users\/1"}],"replies":[{"embeddable":true,"href":"https:\/\/kommentatorenblog.de\/index.php?rest_route=%2Fwp%2Fv2%2Fcomments&post=8707"}],"version-history":[{"count":93,"href":"https:\/\/kommentatorenblog.de\/index.php?rest_route=\/wp\/v2\/posts\/8707\/revisions"}],"predecessor-version":[{"id":8863,"href":"https:\/\/kommentatorenblog.de\/index.php?rest_route=\/wp\/v2\/posts\/8707\/revisions\/8863"}],"wp:attachment":[{"href":"https:\/\/kommentatorenblog.de\/index.php?rest_route=%2Fwp%2Fv2%2Fmedia&parent=8707"}],"wp:term":[{"taxonomy":"category","embeddable":true,"href":"https:\/\/kommentatorenblog.de\/index.php?rest_route=%2Fwp%2Fv2%2Fcategories&post=8707"},{"taxonomy":"post_tag","embeddable":true,"href":"https:\/\/kommentatorenblog.de\/index.php?rest_route=%2Fwp%2Fv2%2Ftags&post=8707"}],"curies":[{"name":"wp","href":"https:\/\/api.w.org\/{rel}","templated":true}]}}