{"id":882,"date":"2019-12-19T16:54:12","date_gmt":"2019-12-19T16:54:12","guid":{"rendered":"http:\/\/kommentatorenblog.de\/?p=882"},"modified":"2020-12-30T16:02:02","modified_gmt":"2020-12-30T16:02:02","slug":"1042-endspurt-und-fliegende-pfeile","status":"publish","type":"post","link":"https:\/\/kommentatorenblog.de\/?p=882","title":{"rendered":"1042 &#8211; Endspurt und fliegende Pfeile"},"content":{"rendered":"\n<p>N\u2019Abend allerseits,<\/p>\n\n\n\n<p>das Ende des Jahres ist schon fast wieder erklommen. Damit steht nun auch der letzte Spieltag vor der Winterpause an. Zumindest in Deutschlands Fu\u00dfball-Ligen. In England spendet der Boxing Day noch ein wenig Trost, ehe auch auf der Insel die fu\u00dfballfreie Zeit beginnt. <\/p>\n\n\n\n<p>Trotzdem gibt es einen guten, sportlichen Grund, seinen Blick nach London ausschweifen zu lassen. Denn dort beginnt ab dem 26. Dezember die eingemachte Phase der Darts-WM, die schon seit einer Woche in vollem Gange ist.<\/p>\n\n\n\n<p>Die Einen str\u00e4uben sich noch immer, den Fernseher einzuschalten und die Show zu genie\u00dfen. Schlie\u00dflich sei es kein Sport, die Fans albern verkleidet und die Protagonisten in der Regel korpulent.<\/p>\n\n\n\n<p>Zugegeben, die letzten beiden Punkte lassen sich nicht ganz bestreiten. Dennoch z\u00e4hle ich zu \u201eden Anderen\u201c, die sich jedes Jahr aufs Neue vom Hype anstecken lassen und mitfiebern, wenn die Pfeile Richtung Board steuern. Umso mehr freut es mich, in diesem Jahr erstmals bei einer Weltmeisterschaft live dabei sein zu d\u00fcrfen. Zwischen Weihnachten und Silvester zieht es mich f\u00fcr zwei Tage in den Ally Pally.<\/p>\n\n\n\n<p><strong>Erkl\u00e4rung der Darts WM und ihr Modus<\/strong><\/p>\n\n\n\n<p>Zun\u00e4chst m\u00f6chte ich mit ein paar Begrifflichkeiten aufr\u00e4umen. Der Ally Pally ist der sogenannte Alexandra Palace im Norden Londons, in dem seit 2007 die Darts-Weltmeisterschaften des professionellen Darts-Verbands PDC ausgetragen werden. Ein bisschen verwirrend, aber eigentlich ganz einfach, ist die Zuordnung der Jahre. Denn auf dem Papier wird gerade schon der Titel f\u00fcr die WM 2020 ausgespielt. Das liegt schlicht daran, dass das Finale traditionell am 1. Januar 2020 stattfindet. Es ist also ein bisschen so wie bei FIFA 20.<\/p>\n\n\n\n<p>Das Teilnehmerfeld wurde zur vergangenen WM von 72 auf 96 aufgestockt. Das machte es m\u00f6glich, dass erstmals auch zwei Frauen an den Start gingen. Die besten 32 der PDC-Weltrangliste sind automatisch f\u00fcr die 2. Runde qualifiziert. 32 weitere Spieler qualifizieren sich \u00fcber die Pro-Tour und steigen bereits in Runde eins ein. Gleiches trifft auf die letzten 32 Akteure zu, die \u00fcber eine \u201eWild Card\u201c ihren Weg nach London einschlagen. Meistens gilt es daf\u00fcr, bei weiteren ausgew\u00e4hlten Turnieren zu triumphieren.&nbsp;<\/p>\n\n\n\n<p>Um ein Leg zu gewinnen, m\u00fcssen die Akteure so schnell wie m\u00f6glich 501 Punkte auf Null bringen. Der entscheidende Wurf, um auf Null zu kommen, muss allerdings \u00fcber eines der Doppelfelder (\u00e4u\u00dferer Ring oder Bulls Eye) erfolgen. Das nennt man &#8222;Double-Out&#8220;. Wer drei Legs f\u00fcr sich entscheidet, dem geh\u00f6rt der Satz \/ das Set.<\/p>\n\n\n\n<p>Dass im Set-Modus gespielt wird, ist eine Besonderheit. Denn so kommt es auf den richtigen Moment an. Ein Beispiel: Wenn jeder neun Legs gewinnt, steht es im Leg-Modus zwangsl\u00e4ufig 9:9. Im Set-Modus kann es passieren, dass jeder neun Legs holt, der eine aber 3:1 in S\u00e4tzen gewinnt. Das w\u00e4re der Fall, wenn Spieler A seine drei S\u00e4tze jeweils mit 3:2 gewinnt und Spieler B sein Set mit 3:0. Die Spieldauer steigt mit jeder Runde an. Angefangen mit \u201eBest of Five\u201c wird im Finale dann \u201eBest of 13\u201c gespielt.<\/p>\n\n\n\n<p>Das ist zwar noch lange nicht alles, was man wissen sollte, doch f\u00fcr alles weitere sollten Sport1 und DAZN bem\u00fcht werden. Denn was ein Anwurf-Vorteil \u00fcberhaupt bedeutet, was die Kommentatoren meinen, wenn sie von \u201eDouble Trouble\u201c sprechen und vor den Mikrofonen h\u00f6rbar eingehen, jemand am Neun-Darter kratzt oder wie dramatisch es wird, wenn ein Sudden Death legt zum Einsatz kommt, das lernt und erlebt man nur vor dem Bildschirm\u2026 oder eben live vor Ort.<\/p>\n\n\n\n<p><strong>Ohne Legenden &#8211; Favoriten schon raus<\/strong><\/p>\n\n\n\n<p>Viele kennen den Sport nur dank der Legende Phil Taylor oder aktuellen festen Gr\u00f6\u00dfen wie Michael van Gerwen. Phil \u201eThe Power\u201c &#8211; jeder Spieler hat bekanntlich seinen eigenen Spitznamen &#8211; genie\u00dft den Ruhestand und kann sich seit 2018 zur\u00fccklehnen. \u201eIch genie\u00dfe das\u201c, sagt der Mann, der 16 Weltmeistertitel auf dem Buckel hat. \u201eIch bin viel gereist, habe viel gespielt und auch viel Zeit mit meiner Familie verbringen k\u00f6nnen.\u201c<\/p>\n\n\n\n<p>Die zweitmeisten Titel (5) hat Raymond van Barneveld gesammelt. RvB gilt als der erfolgreichste Darts-Spieler aus den Niederlanden, noch vor Michael van Gerwen. Die Darts-WM 2020 sollte sein letzter verhei\u00dfungsvoller Aufritt als Profi werden. Aber gegen Darin Young verlor er schon in der ersten Runde und beendet so seine eindrucksvolle Karriere mit einer entt\u00e4uschenden Pleite.<\/p>\n\n\n\n<p>Noch am gleichen Abend war auch Schluss f\u00fcr Rob Cross. Der gelernte Elektriker ist Zweiter in der Weltrangliste und sein Ausscheiden demonstriert bestens, dass jeder im Darts eine Chance hat. Denn es ist ein Konzentrationssport, bei dem jede Schw\u00e4che gnadenlos bestraft wird. So purzelte auch Vorjahresfinalist Michael Smith in seinem ersten Spiel aus dem Turnier. <\/p>\n\n\n\n<p><strong>Aus deutscher Perspektive<\/strong><\/p>\n\n\n\n<p>Jetzt m\u00fcssen es andere richten, die vielleicht nicht zum engsten Favoritenkreis z\u00e4hlen. F\u00fcr eine \u00dcberraschung sorgen, will auch Deutschlands Darts-Hoffnung Max Hopp. Der \u201eMaximiser\u201c hat sich dank eines tollen Jahres erstmals \u00fcber die Setzliste (Platz 24) qualifiziert und muss erst in Runde zwei einsteigen. Sein Gegner morgen Abend hei\u00dft Benito van de Pas. Der Niederl\u00e4nder besiegte zuletzt schon Gabriel Clemens. Er kann es also gegen Deutsche und ist nicht nur deshalb eine ganz harte Nuss.<\/p>\n\n\n\n<p>Wer aber ganz nach oben will, und Max Hopp hat langfristig diese Ambition, der muss jeden schlagen k\u00f6nnen. Im Viertelfinale w\u00fcrde n\u00e4mlich unter Umst\u00e4nden Michael van Gerwen warten, wie der Spielplan es andeutet. Gegen den war im vergangenen Jahr in der dritten Runde Schluss, als Hopp sich mit 1:4 geschlagen geben musste. &#8222;Ich wei\u00df, dass es ein Viertelfinale gegen van Gerwen sein kann, es w\u00e4re dann auch die Revanche aus dem letzten Jahr, wenn ich gut drauf bin\u201c, gibt sich der Wiesbadener k\u00e4mpferisch.<\/p>\n\n\n\n<p>R\u00fcckendeckung f\u00fcr den 23-J\u00e4hrigen gibt es vom Darts-Thron: &#8222;Max ist gro\u00dfartig. Ich liebe ihn. Er hat einen sch\u00f6nen Stil\u201c, schw\u00e4rmte zuletzt sogar Phil Taylor \u00fcber den Youngster. Die anderen Deutschen seien noch l\u00e4ngst nicht so weit, betonte Taylor. Neben Hopp und dem bereits ausgeschiedenen Clemens geht auch noch Nico Kurz an den Start. Dieser sorgte in der ersten Runde gleich mal f\u00fcr ein Ausrufezeichen, indem er Routinier James Wilson rauskegelte. Wir bleiben gespannt!<\/p>\n\n\n\n<p><strong>Die packendsten Momente f\u00fcr mich als Zuschauer<\/strong><\/p>\n\n\n\n<p>Bevor ich diesen kleinen Exkurs schlie\u00dfe, m\u00f6chte ich noch die beiden sch\u00f6nsten bzw. packendsten Darts-Momente mit euch teilen, die ich live im TV miterleben durfte. Und auch wenn ich schon viele Spiele verfolgt habe, war es f\u00fcr mich ein Leichtes, mich festzulegen.<\/p>\n\n\n\n<ol class=\"wp-block-list\"><li><a href=\"https:\/\/www.youtube.com\/watch?v=HWUPUCDOE3Y\">Paul Lim landet fast den Neundarter<\/a>: Ich hatte vor zwei Jahren die Aufgabe, das Zweitrundenspiel zwischen Paul Lim und Gary Anderson live zu tickern. Anderson galt als klarer Favorit und setzte sich auch erwartungsgem\u00e4\u00df durch. Aber sein Gegner sorgte zwischendurch fast f\u00fcr eine Sensation. Der sympathische Darts-Opa aus Singapur spielte acht perfekte Darts. Und dann musste es nur noch die Doppel 12 sein, aber um Milimeter vergab Lim. Trotzdem gab es die anerkennende Geste von Gary Anderson, der wusste, dass sein Gegen\u00fcber gerade beinahe Geschichte geschrieben h\u00e4tte. Der letzte Neundarter bei einer WM war dem \u201eFlying Scottsman\u201c \u00fcbrigens selbst 2016 gelungen.<\/li><\/ol>\n\n\n\n<ol class=\"wp-block-list\"><li><a href=\"https:\/\/www.youtube.com\/watch?v=j-y1kMtBp9c\">Das Halbfinale der WM 2018<\/a>: Rob Cross und Michael van Gerwen trafen aufeinander. Der scheinbar unbesiegbare Holl\u00e4nder miss sich mit dem Newcomer, der zu diesem Zeitpunkt eigentlich noch nicht viel mehr war als ein gelernter Elektriker, der es \u00fcberraschend ins Halbfinale der WM geschafft hatte. Aber in einem hochdramatischen Show-Down, das schlie\u00dflich im Sudden Death Leg entschieden werden musste, bewies der Brite Nervenst\u00e4rke. Und profitierte davon, dass MvG insgesamt f\u00fcnf Matchdarts liegen lie\u00df. Am Ende triumphierte Cross dann im Finale \u00fcber Phil Taylor.<\/li><\/ol>\n\n\n\n<p>Mir ist \u00fcbrigens gerade aufgefallen, dass dieser Beitrag nicht 1042, sondern eigentlich 180 hei\u00dfen m\u00fcsste. In diesem Sinne, viel Spa\u00df mit den verbleibenden 10 Tagen der Darts-WM! Und nun zum Tagesgesch\u00e4ft:<\/p>\n\n\n\n<p><strong><em>Die Ansetzungen vom 20. Dezember 2019 bis zum 23. Dezember 2019<\/em><\/strong><\/p>\n\n\n\n<p><strong>Bundesliga, 17. Spieltag<\/strong><\/p>\n\n\n\n<p><span style=\"text-decoration: underline;\">Freitag, 20. Dezember 2019 ab 20.15 Uhr (ZDF)\/(DAZN)<\/span><\/p>\n\n\n\n<p><strong><em>TSG 1899 Hoffenheim <\/em><\/strong><strong><em>\u2013<\/em><\/strong> <strong><em>Borussia Dortmund (20.30 Uhr)<\/em><\/strong><\/p>\n\n\n\n<p>ZDF: B\u00e9la R\u00e9thy, Field-Reporter: Claudia Neumann und Boris B\u00fcchler<\/p>\n\n\n\n<p>DAZN: Lukas Sch\u00f6nm\u00fcller, Experte: Ralph Gunesch, Field-Reporter: Daniel Herzog<\/p>\n\n\n\n<p>Moderation (ZDF): Kathrin M\u00fcller-Hohenstein, Experte: Oliver Kahn<\/p>\n\n\n\n<p>Moderation (DAZN): Alex Schl\u00fcter<\/p>\n\n\n\n<p><span style=\"text-decoration: underline;\">Samstag, 21. Dezember 2019, ab 14.00 Uhr (Sky)<\/span><\/p>\n\n\n\n<p><strong><em>1.FSV Mainz 05<\/em><\/strong> <strong><em>\u2013<\/em><\/strong> <strong><em>Bayer Leverkusen (15.30)<\/em><\/strong><\/p>\n\n\n\n<p>Sky: Oliver Seidler (Einzelspiel), Klaus Veltmann (Konferenz)<\/p>\n\n\n\n<p>Field-Reporter: Ulli Potofski <\/p>\n\n\n\n<p><strong><em>FC Bayern M\u00fcnchen<\/em><\/strong> <strong><em>\u2013<\/em><\/strong> <strong><em>VfL Wolfsburg (15.30 Uhr<\/em><\/strong>)<\/p>\n\n\n\n<p>Sky: Wolff Fuss (Einzelspiel), Jonas Friedrich (Konferenz)<\/p>\n\n\n\n<p>Field-Reporter: Patrick Wasserziehr<\/p>\n\n\n\n<p><strong><em>FC Schalke 04<\/em><\/strong> <strong><em>\u2013<\/em><\/strong> <strong><em>SC Freiburg (15.30 Uhr)<\/em><\/strong><\/p>\n\n\n\n<p>Sky: Marcus Lindemann (Einzelspiel), Tom Bayer (Konferenz)<\/p>\n\n\n\n<p>Field-Reporter: Martin Gro\u00df<\/p>\n\n\n\n<p><strong><em>1.FC K\u00f6ln<\/em><\/strong> <em style=\"font-weight: bold;\">\u2013<\/em> <strong><em>Werder Bremen (15.30 Uhr)<\/em><\/strong><\/p>\n\n\n\n<p>Sky: Roland Evers (Einzelspiel), Florian Schmidt-Sommerfeld (Konferenz)<\/p>\n\n\n\n<p>Field-Reporter: Michael Leopold<\/p>\n\n\n\n<p><strong><em>RB Leipzig<\/em><\/strong> <strong><em>\u2013<\/em><\/strong> <strong><em>FC Augsburg (15.30 Uhr)<\/em><\/strong><\/p>\n\n\n\n<p>Sky: Toni Tomic (Einzelspiel, Michael Born (Konferenz)<\/p>\n\n\n\n<p>Field-Reporter: Jens Westen <\/p>\n\n\n\n<p>Moderation (Sky): Jessica Libbertz, Experte: Didi Hamann<\/p>\n\n\n\n<p><span style=\"text-decoration: underline;\">ab 17.30 Uhr (Sky)<\/span><\/p>\n\n\n\n<p><strong><em>Hertha BSC<\/em><\/strong> <strong><em>\u2013<\/em><\/strong> <strong><em>Borussia M\u00f6nchengladbach (18.30 Uhr)<\/em><\/strong><\/p>\n\n\n\n<p>Sky: Kai Dittmann, Field-Reporter: Ecki Heuser<\/p>\n\n\n\n<p>Moderation (Sky): Sebastian Hellmann, Experte: Lothar Matth\u00e4us <\/p>\n\n\n\n<p><span style=\"text-decoration: underline;\">Sonntag, 20. Dezember 2019, ab 14.30 Uhr (Sky)<\/span><\/p>\n\n\n\n<p><strong><em>Fortuna D\u00fcsseldorf<\/em><\/strong> <strong><em>\u2013<\/em><\/strong> <strong><em>1.FC Union Berlin (15.30 Uhr)<\/em><\/strong><\/p>\n\n\n\n<p>Sky: Martin Gro\u00df<\/p>\n\n\n\n<p>Field-Reporter: Peter Hardenacke <\/p>\n\n\n\n<p><span style=\"text-decoration: underline;\">ab 17.30 Uhr (Sky)<\/span><\/p>\n\n\n\n<p><strong><em>SC Paderborn \u2013&nbsp;Eintracht Frankfurt (18.00 Uhr)<\/em><\/strong><\/p>\n\n\n\n<p>Sky: Michael Born<\/p>\n\n\n\n<p>Field-Reporter: Marcus Lindemann <\/p>\n\n\n\n<p>Moderation (Sky): Britta Hofmann, Experte: Heribert Bruchhagen  <\/p>\n\n\n\n<p><strong>2. Bundesliga, 18. Spieltag<\/strong><\/p>\n\n\n\n<p><span style=\"text-decoration: underline;\">Freitag, 20. Dezember 2019, ab 18.00 Uhr (Sky)<\/span><\/p>\n\n\n\n<p><strong><em>Karlsruher SC<\/em><\/strong> <strong><em>\u2013<\/em><\/strong> <strong><em>SV Wehen Wiesbaden (18.30 Uhr)<\/em><\/strong><\/p>\n\n\n\n<p>Sky: J\u00f6rg Dahlmann, Interviews: Schalte<\/p>\n\n\n\n<p><strong><em>1.FC N\u00fcrnberg<\/em><\/strong> <strong><em>\u2013<\/em><\/strong> <strong><em>Dynamo Dresden (18.30 Uhr)<\/em><\/strong><\/p>\n\n\n\n<p>Sky: Holger Pfandt, Field-Reporter: Jurek Rohrberg<\/p>\n\n\n\n<p>Moderation (Sky): Stefan Hempel<\/p>\n\n\n\n<p><span style=\"text-decoration: underline;\">Samstag, 21. Dezember 2019 ab 12.30 Uhr (Sky)<\/span><\/p>\n\n\n\n<p><strong><em>Erzgebirge Aue<\/em><\/strong> <strong><em>\u2013<\/em><\/strong> <strong><em>SpVgg Greuther F\u00fcrth (13.00 Uhr)<\/em><\/strong><\/p>\n\n\n\n<p>Sky: J\u00f6rg Dahlmann<\/p>\n\n\n\n<p><strong><em>FC St. Pauli \u2013 Arminia Bielefeld&nbsp;<\/em><\/strong><strong><em>(13.00 Uhr)<\/em><\/strong><\/p>\n\n\n\n<p>Sky: J\u00fcrgen Schmitz, Interviews: Schalte <\/p>\n\n\n\n<p><strong><em>Hannover 96<\/em><\/strong> <strong><em>\u2013<\/em><\/strong> <strong><em>VfB Stuttgart (13.00 Uhr)<\/em><\/strong><\/p>\n\n\n\n<p>Sky: Hansi K\u00fcpper, Field-Reporter: Sven T\u00f6llner <\/p>\n\n\n\n<p><strong><em>SV Darmstadt 98<\/em><\/strong> <strong><em>\u2013<\/em><\/strong> <strong><em>Hamburger SV (13.00 Uhr)<\/em><\/strong><\/p>\n\n\n\n<p>Sky: Torsten Kunde, Interviews: Schalte<\/p>\n\n\n\n<p>Moderation (Sky): Peter Hardenacke<\/p>\n\n\n\n<p><span style=\"text-decoration: underline;\">Sonntag, 22. Dezember 2019, ab 13.00 Uhr (Sky)<\/span><\/p>\n\n\n\n<p><em><strong>SV Sandhausen<\/strong><\/em> <strong><em>\u2013<\/em><\/strong> <em><strong>Holstein Kiel (13.30 Uhr)<\/strong><\/em><\/p>\n\n\n\n<p>Sky: Sven Haist<\/p>\n\n\n\n<p><strong><em>VfL Bochum<\/em><\/strong> <strong><em>\u2013<\/em><\/strong> <strong><em>SSV Jahn Regensburg (13.30 Uhr)<\/em><\/strong><\/p>\n\n\n\n<p>Sky: Ulli Potofski<\/p>\n\n\n\n<p><em><strong>1.FC Heidenheim<\/strong><\/em> <strong><em>\u2013<\/em><\/strong> <em><strong>VfL Osnabr\u00fcck (13.30 Uhr)<\/strong><\/em><\/p>\n\n\n\n<p>Sky: Klaus Veltmann, Interviews: Schalte <\/p>\n\n\n\n<p>Moderation (Sky): Hartmut von Kameke<\/p>\n\n\n\n<p><strong>3. Liga, 20. Spieltag<\/strong><\/p>\n\n\n\n<p><span style=\"text-decoration: underline;\">Freitag, 20. Dezember 2019, ab 18.30 Uhr (Magenta Sport)<\/span><\/p>\n\n\n\n<p><strong><em>FC Viktoria K\u00f6ln<\/em><\/strong> <strong><em>\u2013<\/em><\/strong> <strong><em>Hansa Rostock (19.00 Uhr)<\/em><\/strong><\/p>\n\n\n\n<p>Magenta Sport: Markus H\u00f6hner<\/p>\n\n\n\n<p>Moderation (Magenta Sport): Cedric Pick, Experte: Rudi Bommer<\/p>\n\n\n\n<p><span style=\"text-decoration: underline;\">Samstag, 21. Dezember 2019, ab 13.45 Uhr (Magenta Sport)\/ab 14.00 Uhr (Dritte)<\/span><\/p>\n\n\n\n<p><strong><em>Konferenz (14.00 Uhr)<\/em><\/strong><\/p>\n\n\n\n<p>Magenta Sport: Alexander Klich, Martin Piller<\/p>\n\n\n\n<p><strong><em>SpVgg Unterhaching<\/em><\/strong> <strong><em>\u2013<\/em><\/strong> <strong><em>1.FC Kaiserslautern (14.00 Uhr)<\/em><\/strong><\/p>\n\n\n\n<p>Magenta Sport: Franz B\u00fcchner<\/p>\n\n\n\n<p>Moderation (Magenta Sport): Sascha Bandermann<\/p>\n\n\n\n<p><em><strong>FSV Zwickau<\/strong><\/em> <strong><em>\u2013<\/em><\/strong> <em><strong>SV Meppen (14.00 Uhr)<\/strong><\/em><\/p>\n\n\n\n<p>Magenta Sport: Lenny Leonhardt<\/p>\n\n\n\n<p>Moderation (Magenta Sport): Stefanie Blochwitz<\/p>\n\n\n\n<p><strong><em>Preu\u00dfen M\u00fcnster<\/em><\/strong> <strong><em>\u2013<\/em><\/strong> <strong><em>1860 M\u00fcnchen (14.00 Uhr)<\/em><\/strong><\/p>\n\n\n\n<p>Magenta Sport: Stefan Fuckert<\/p>\n\n\n\n<p>BR: Flo Eckl <\/p>\n\n\n\n<p>WDR: ???<\/p>\n\n\n\n<p>Moderation (Magenta Sport): Kamila Benschop<\/p>\n\n\n\n<p>Moderation (BR): Markus Othmer<\/p>\n\n\n\n<p><strong><em>SG Sonnenhof Gro\u00dfaspach<\/em><\/strong> <strong><em>\u2013<\/em><\/strong> <strong><em>MSV Duisburg (14.00 Uhr)<\/em><\/strong><\/p>\n\n\n\n<p>Magenta Sport: Markus H\u00f6hner<\/p>\n\n\n\n<p>Moderation (Magenta Sport): Thomas Wagner<\/p>\n\n\n\n<p><strong><em>SV Waldhof Mannheim<\/em><\/strong> <strong><em>\u2013<\/em><\/strong> <strong><em>Chemnitzer FC (14.00 Uhr)<\/em><\/strong><\/p>\n\n\n\n<p>Magenta Sport: Mario Bast <\/p>\n\n\n\n<p>Moderation (Magenta Sport): Konstantin Klostermann<\/p>\n\n\n\n<p><em><strong>Eintracht Braunschweig<\/strong><\/em> <strong><em>\u2013<\/em><\/strong> <em><strong>1.FC Magdeburg (14.00 Uhr)<\/strong><\/em><\/p>\n\n\n\n<p>Magenta Sport: Andreas Mann <\/p>\n\n\n\n<p>NDR: ???<\/p>\n\n\n\n<p>MDR: Markus Herwig<\/p>\n\n\n\n<p>Moderation (Magenta Sport): Gari Paubandt <\/p>\n\n\n\n<p>Moderation (NDR): <\/p>\n\n\n\n<p>Moderation (MDR): Ren\u00e9 Kindermann, Experte: Lutz Lindemann<\/p>\n\n\n\n<p><span style=\"text-decoration: underline;\">Sonntag, 22. Dezember 2019, ab 12.45 Uhr (Magenta Sport)<\/span><\/p>\n\n\n\n<p><em><strong>Hallescher FC<\/strong><\/em> <strong><em>\u2013<\/em><\/strong> <em><strong>KFC Uerdingen (13.00 Uhr)<\/strong><\/em><\/p>\n\n\n\n<p>Magenta Sport: Andreas Mann<\/p>\n\n\n\n<p>Moderation (Magenta Sport): Gari Paubandt<\/p>\n\n\n\n<p><span style=\"text-decoration: underline;\">ab 13.45 Uhr (Magenta Sport)<\/span><\/p>\n\n\n\n<p><strong><em>FC Ingolstadt 04<\/em><\/strong> <strong><em>\u2013<\/em><\/strong> <strong><em>FC Carl Zeiss Jena (14.00 Uhr)<\/em><\/strong><\/p>\n\n\n\n<p>Magenta Sport: Franz B\u00fcchner<\/p>\n\n\n\n<p>Moderation (Magenta Sport): Thomas Wagner<\/p>\n\n\n\n<p><span style=\"text-decoration: underline;\">ab 14.45 Uhr (Magenta Sport)<\/span><\/p>\n\n\n\n<p><em><strong>FC Bayern M\u00fcnchen II<\/strong><\/em> <strong><em>\u2013<\/em><\/strong> <em><strong>W\u00fcrzburger Kickers (15.00 Uhr)<\/strong><\/em><\/p>\n\n\n\n<p>Magenta Sport: Martin Piller<\/p>\n\n\n\n<p>Moderation (Magenta Sport): Sascha Bandermann <\/p>\n\n\n\n<p><strong>Premier League, 18. Spieltag<\/strong><\/p>\n\n\n\n<p><span style=\"text-decoration: underline;\">Samstag, 21. Dezember 2019, ab 13.20 Uhr (Sky)<\/span><\/p>\n\n\n\n<p><em><strong>FC Everton<\/strong><\/em> <strong><em>\u2013<\/em><\/strong> <strong><em>FC <\/em><\/strong><em><strong>Arsenal London (13.30 Uhr)<\/strong><\/em><\/p>\n\n\n\n<p>Sky: Hannes Hermann<\/p>\n\n\n\n<p><span style=\"text-decoration: underline;\">ab 15.50 Uhr (Sky)<\/span><\/p>\n\n\n\n<p><strong><em>Newcastle United<\/em><\/strong> <strong><em>\u2013<\/em><\/strong> <strong><em>Crystal Palace (16.00 Uhr)<\/em><\/strong><\/p>\n\n\n\n<p>Sky: Sven Schr\u00f6ter<\/p>\n\n\n\n<p><span style=\"text-decoration: underline;\">ab 18.20 Uhr (Sky)<\/span><\/p>\n\n\n\n<p><em><strong>Manchester City<\/strong><\/em> <strong><em>\u2013<\/em><\/strong> <em><strong>Leicester City (18.30 Uhr)<\/strong><\/em><\/p>\n\n\n\n<p>Sky: Jogi Hebel<\/p>\n\n\n\n<p><span style=\"text-decoration: underline;\">Sonntag, 22. Dezember 2019, ab 14:50 Uhr (Sky)<\/span><\/p>\n\n\n\n<p><em><strong>FC Watford<\/strong><\/em> <strong><em>\u2013<\/em><\/strong> <em><strong>Manchester United (15.00 Uhr)<\/strong><\/em><\/p>\n\n\n\n<p>Sky: Hansi K\u00fcpper<\/p>\n\n\n\n<p><span style=\"text-decoration: underline;\">ab 17.00 Uhr (Sky)<\/span><\/p>\n\n\n\n<p><em><strong>Tottenham Hotspur<\/strong><\/em> <strong><em>\u2013<\/em><\/strong> <strong><em>FC <\/em><\/strong><em><strong>Chelse<\/strong><\/em><strong>a (17.30 Uhr)<\/strong><\/p>\n\n\n\n<p>Sky: Florian Schmidt-Sommerfeld, Experte: Ren\u00e9 Adler <\/p>\n\n\n\n<p><strong>Fu\u00dfball International<\/strong><\/p>\n\n\n\n<p><span style=\"text-decoration: underline;\">Freitag, 20. Dezember 2019<\/span><\/p>\n\n\n\n<p>Serie A, 17. Spieltag: <strong><em>AC Florenz<\/em><\/strong> <strong><em>\u2013<\/em><\/strong> <strong><em>AS Roma (20.45 Uhr)<\/em><\/strong><\/p>\n\n\n\n<p>DAZN: Carsten Fu\u00df<\/p>\n\n\n\n<p>Sky Bet Championship, 23.&nbsp;Spieltag: <strong><em>FC Middlesbrough<\/em><\/strong> <strong><em>\u2013<\/em><\/strong> <strong><em>Stoke City (20.45 Uhr) <\/em><\/strong><\/p>\n\n\n\n<p>sportdigital FUSSBALL: Arne Malsch<\/p>\n\n\n\n<p><span style=\"text-decoration: underline;\">Samstag, 21. Dezember 2019<\/span><\/p>\n\n\n\n<p>Hyundai A-League, 11.&nbsp;Spieltag: <strong><em>Melbourne City <\/em><\/strong><strong><em>\u2013<\/em><\/strong> <strong><em>Melbourne Victory (07.05 Uhr)<\/em><\/strong>  <\/p>\n\n\n\n<p>sportdigital FUSSBALL: Karsten Linke<\/p>\n\n\n\n<p>LaLiga, 18. Spieltag: <strong><em>RCD Mallorca<\/em><\/strong> <strong><em>\u2013<\/em><\/strong> <strong><em>FC Sevilla (13.00 Uhr)<\/em><\/strong><\/p>\n\n\n\n<p>DAZN: Robby Hunke<\/p>\n\n\n\n<p>Sky Bet Championship, 23.&nbsp;Spieltag: <em><strong>Cardiff City<\/strong><\/em> <strong><em>\u2013<\/em><\/strong> <em><strong>Preston North End<\/strong><\/em><strong><em> (13.30 Uhr) <\/em><\/strong><\/p>\n\n\n\n<p>sportdigital FUSSBALL: Florian Obst<\/p>\n\n\n\n<p>FIFA, Klub-WM, Spiel um Platz 3: <strong><em>Monterrey \u2013 Al Hilal (15.30 Uhr)<\/em><\/strong><\/p>\n\n\n\n<p>DAZN: Uwe Morawe<\/p>\n\n\n\n<p>LaLiga, 18. Spieltag: <strong><em>FC Barcelona <\/em><\/strong><strong><em>\u2013<\/em><\/strong><strong><em> Deportivo Alaves (16.00 Uhr)<\/em><\/strong><\/p>\n\n\n\n<p>DAZN: Jan Platte, Experte: Jonas Hummels<\/p>\n\n\n\n<p>Sky Bet Championship, 23.&nbsp;Spieltag: <strong><em>FC Millwall \u2013 FC Barnsley (16.00 Uhr)<\/em><\/strong><\/p>\n\n\n\n<p>sportdigital FUSSBALL: Karsten Linke <\/p>\n\n\n\n<p>Ekstraklasa, 20. Spieltag:  <strong><em>Wisla Plock \u2013 Piast Gliwice (17.30 Uhr)<\/em><\/strong><\/p>\n\n\n\n<p>sportdigital FUSSBALL: Christian Blunck<\/p>\n\n\n\n<p>Serie A, 17. Spieltag: <em><strong>Inter Mailand<\/strong><\/em> <strong><em>\u2013<\/em><\/strong> <em><strong>CFC Genua (18.00 Uhr)<\/strong><\/em><\/p>\n\n\n\n<p>DAZN: Andreas Renner<\/p>\n\n\n\n<p>FIFA Klub-WM, Finale: <strong><em>FC Liverpool<\/em><\/strong> <strong><em>\u2013<\/em><\/strong> <strong><em>Flamengo (18.30 Uhr)<\/em><\/strong> <\/p>\n\n\n\n<p>DAZN: Marco Hagemann, Experte: Ralph Gunesch<\/p>\n\n\n\n<p>Moderation (DAZN): Tobi Wahnschaffe<\/p>\n\n\n\n<p>LaLiga, 18. Spieltag: <strong><em>Villareal<\/em><\/strong> <strong><em>\u2013<\/em><\/strong> <strong><em>FC Getafe (18.30 Uhr)<\/em><\/strong><\/p>\n\n\n\n<p>DAZN: Flo Eckl<\/p>\n\n\n\n<p>Eredivisie, 18. Spieltag: <strong><em>PSV Eindhoven<\/em><\/strong> <strong><em>\u2013<\/em><\/strong> <strong><em>PEC Zwolle (19.45 Uhr)<\/em><\/strong><\/p>\n\n\n\n<p>sportdigital FUSSBALL: J\u00f6rg Steiger <\/p>\n\n\n\n<p>Ligue 1, 19. Spieltag: <em><strong>Paris Saint Germain<\/strong><\/em> <strong><em>\u2013<\/em><\/strong> <strong><em>SC Amiens (20.45 Uhr)<\/em><\/strong><\/p>\n\n\n\n<p>DAZN: Stefan Galler, Experte: Alexis Menuge<\/p>\n\n\n\n<p><span style=\"text-decoration: underline;\">Sonntag, 22. Dezember 2019<\/span><\/p>\n\n\n\n<p>Eredivisie, 18. Spieltag: <strong><em>Ajax Amsterdam<\/em><\/strong> <strong><em>\u2013<\/em><\/strong> <strong><em>ADO Den Haag (12.15 Uhr)<\/em><\/strong><\/p>\n\n\n\n<p>sportdigital FUSSBALL: Christian Blunck  <\/p>\n\n\n\n<p>Serie A, 17. Spieltag: <strong><em>Atalanta Bergamo<\/em><\/strong> <strong><em>\u2013<\/em><\/strong> <strong><em>AC Mailand (12.30 Uhr)<\/em><\/strong><\/p>\n\n\n\n<p>DAZN: Daniel G\u00fcnther<\/p>\n\n\n\n<p>Eredivisie, 18. Spieltag: <strong><em>FC Utrecht<\/em><\/strong> <strong><em>\u2013<\/em><\/strong> <strong><em>Feyenoord Rotterdam (14.30 Uhr)<\/em><\/strong><\/p>\n\n\n\n<p>sportdigital FUSSBALL: J\u00f6rg Steiger <\/p>\n\n\n\n<p>LaLiga, 18. Spieltag: <em><strong>Real Betis<\/strong><\/em> <strong><em>\u2013<\/em><\/strong> <em><strong>Atletico Madrid (16.00 Uhr)<\/strong><\/em><\/p>\n\n\n\n<p>DAZN: Robby Hunke, Experte: Benny Lauth<\/p>\n\n\n\n<p>Supercoppa Italiana: <em><strong>Juventus Turin<\/strong><\/em> <strong><em>\u2013<\/em><\/strong> <em><strong>Lazio Rom (17.45 Uhr)<\/strong><\/em><\/p>\n\n\n\n<p>DAZN: Carsten Fu\u00df, Experte: Michael Hoffmann<\/p>\n\n\n\n<p> Jupiler Pro League, 20. Spieltag: <strong><em>RSC Anderlecht<\/em><\/strong> <strong><em>\u2013<\/em><\/strong> <strong><em>KRC Genk (20.00 Uhr)<\/em><\/strong><\/p>\n\n\n\n<p>sportdigital FUSSBALL: J\u00f6rg Steiger <\/p>\n\n\n\n<p>Serie A, 17. Spieltag: <em><strong>US Sassuolo<\/strong><\/em> <strong><em>\u2013<\/em><\/strong> <em><strong>SSC Neapel (20.45 Uhr)<\/strong><\/em><\/p>\n\n\n\n<p>DAZN: Flo Hauser<\/p>\n\n\n\n<p>LaLiga, 18. Spieltag:<strong><em>Real Madrid<\/em><\/strong> <strong><em>\u2013<\/em><\/strong> <strong><em>Athletic Bilbao (21.00 Uhr)<\/em><\/strong><\/p>\n\n\n\n<p>DAZN: Uli Hebel, Experte: Jonas Hummels<\/p>\n\n\n\n<p><span style=\"text-decoration: underline;\">Montag, 23. Dezember 2019<\/span><\/p>\n\n\n\n<p>Sky Bet Championship, 23.&nbsp;Spieltag: <strong><em>Blackburn Rovers<\/em><\/strong> <strong><em>\u2013<\/em><\/strong> <strong><em>Wigan Athletic (20.45 Uhr)<\/em><\/strong><\/p>\n\n\n\n<p>sportdigital FUSSBALL: Florian Obst<\/p>\n\n\n\n<p><strong><em>Die Analyse<\/em><\/strong><\/p>\n\n\n\n<p>Die &#8222;Ferien&#8220; r\u00fccken auch f\u00fcr Deutschlands Fu\u00dfball-Kommentatoren n\u00e4her. Manche m\u00fcssen aber sogar noch zweimal ran, ehe sie sich unter den Weihnachtsbaum setzen d\u00fcrfen. Dazu z\u00e4hlen auch J\u00f6rg Dahlmann und Hansi K\u00fcpper. Der beste Konferenz-Kommentator, so r\u00fchmt sich Dahlmann auf seiner Instagram-Seite mit dem Ergebnis einer Abstimmung, bekommt zwei Spiele der zweiten Liga zugeschustert. K\u00fcpper muss ebenfalls im Unterhaus, aber auch in der Premier League ran.<\/p>\n\n\n\n<p><strong>ZDF \u00fcbertr\u00e4gt den BVB live aus dem Stadion &#8211; DAZN leider nicht<\/strong><\/p>\n\n\n\n<p>Aber alles peu a peu. Zun\u00e4chst er\u00f6ffnen DAZN und ZDF den Spieltag. DAZN meine ich sogar erstmals bei einer Partie von Bayern\/Dortmund nur aus der Box &#8211; traurige Entwicklung. Wieso handelt DAZN so? Das ZDF zeigt das Spiel im Free-TV, sodass es kein Exklusivrecht gibt. ZDF ist mit Kahn, KMH, R\u00e9thy und Co. vor Ort. Top-Aufstellung, weswegen im ZDF &#8222;live&#8220; geguckt wird.<\/p>\n\n\n\n<p><strong>Bundesliga-Samstag ohne gro\u00dfe \u00dcberraschungen<\/strong><\/p>\n\n\n\n<p>Am Samstag gr\u00fc\u00dfen Wolff Fuss und Patrick Wasserziehr aus M\u00fcnchen. Oliver Seidler darf zum vierten Mal in Folge ein Einzelspiel kommentieren, f\u00fcr ihn geht es in die pf\u00e4lzische Landeshauptstadt. Ulli Potofski ist hier wiede als Field-Reporter unterwegs &#8211; wie so oft in letzter Zeit. Erkenbrechers Ausfall k\u00f6nnte der Grund sein. Bei Martin Gro\u00df gilt die gleiche Begr\u00fcndung, der die Interviews auf Schalke f\u00fchrt. Wie schon zuletzt bleibt Marcus Lindemann in NRW. Nach seinen Ausfl\u00fcgen ins Rhein-Energie-Stadion und in den Borussia Park steht nun die Veltins-Arena auf seinem Zettel. Roland Evers und Michael Leopold reisen zu Kohfelds Endspiel nach K\u00f6ln. Toni Tomic kommentiert Leipzig gegen Augsburg. In der Konferenz kriegt Jonas Friedrich die Bayern, die er vergangenes Wochenende noch im Einzelspiel begleitete. Veltmann, Born, Bayer und Schmiso sind ebenfalls am Start. <\/p>\n\n\n\n<p><strong>Doppelschichten bei Magenta Sport<\/strong><\/p>\n\n\n\n<p>In der 3. Liga gibt es keine Sensationen, alle Gesichter sind bekannt. Franz B\u00fcchner, Markus H\u00f6hner und Andreas Mann m\u00fcssen jeweils zweimal ran.  Wer \u00fcbrigens Preu\u00dfen M\u00fcnster gegen 1860 M\u00fcnchen schauen will, der hat gleich drei Optionen. Denn neben der Telekom \u00fcbertragen auch BR und WDR. <\/p>\n\n\n\n<p><strong>Viel los im Internationalen Fu\u00dfball<\/strong><\/p>\n\n\n\n<p>Im internationalen Fu\u00dfball sticht kein Spiel als Kracher heraus. Zwei Partien klingen dennoch ganz ansehnlich. In LaLiga trifft Real Madrid auf Athletic Bilbao, Uli Hebel bem\u00fcht das Mikro. Wenige Stunden vorher kommentieren Carsten Fu\u00df und Michael Hoffmann den Supercup. Mit Lazio Rom trifft hier immerhin der Tabellendritte auf die Alte Dame. Robby Hunke darf bei DAZN am Wochenende doppelt ran. Marco Hagemann und Ralph Gunesch d\u00fcrfen als Duo wieder beim Klub-WM Finale ran. Bei sportdigital FUSSBALL ist zudem eine Menge los. Viele Doppelschichten sind zu vermelden und zwischen den Feiertagen gibt\u00b4s auch hier eine Menge Fu\u00dfball. Mehr dazu im n\u00e4chsten Eintrag. <\/p>\n\n\n\n<p>Ansonsten bleibt mir nichts, als euch ein besinnliches Weihnachtsfest und sch\u00f6ne Feiertage zu w\u00fcnschen. Rutscht au\u00dferdem gut rein und kommt m\u00f6glichst beschwerdefrei durch die fu\u00dfballfreie Zeit!<\/p>\n","protected":false},"excerpt":{"rendered":"<p>N\u2019Abend allerseits, das Ende des Jahres ist schon fast wieder erklommen. Damit steht nun auch der letzte Spieltag vor der Winterpause an. Zumindest in Deutschlands Fu\u00dfball-Ligen. In England spendet der Boxing Day noch ein wenig Trost, ehe auch auf der Insel die fu\u00dfballfreie Zeit beginnt. Trotzdem gibt es einen guten, sportlichen Grund, seinen Blick nach [&hellip;]<\/p>\n","protected":false},"author":2,"featured_media":0,"comment_status":"open","ping_status":"open","sticky":false,"template":"","format":"standard","meta":{"footnotes":""},"categories":[424],"tags":[20,10,216,178,115,131,215,13,120,25,26,9,112,67,17,217,15,113,23,45,22,66,134,24,105,107],"class_list":["post-882","post","type-post","status-publish","format-standard","hentry","category-bundesliga-und-co","tag-2-bundesliga","tag-3-liga","tag-andreas-mann","tag-br","tag-1-bundesliga","tag-carsten-fuss","tag-darts","tag-dazn","tag-franz-buechner","tag-hansi-kuepper","tag-joerg-dahlmann","tag-magenta-sport","tag-marcus-lindemann","tag-markus-hoehner","tag-mdr","tag-michael-hoffmann","tag-ndr","tag-oliver-seidler","tag-premier-league","tag-roland-evers","tag-sky","tag-sport1","tag-sportdigital-fussball","tag-toni-tomic","tag-uli-hebel","tag-wolff-fuss"],"_links":{"self":[{"href":"https:\/\/kommentatorenblog.de\/index.php?rest_route=\/wp\/v2\/posts\/882","targetHints":{"allow":["GET"]}}],"collection":[{"href":"https:\/\/kommentatorenblog.de\/index.php?rest_route=\/wp\/v2\/posts"}],"about":[{"href":"https:\/\/kommentatorenblog.de\/index.php?rest_route=\/wp\/v2\/types\/post"}],"author":[{"embeddable":true,"href":"https:\/\/kommentatorenblog.de\/index.php?rest_route=\/wp\/v2\/users\/2"}],"replies":[{"embeddable":true,"href":"https:\/\/kommentatorenblog.de\/index.php?rest_route=%2Fwp%2Fv2%2Fcomments&post=882"}],"version-history":[{"count":41,"href":"https:\/\/kommentatorenblog.de\/index.php?rest_route=\/wp\/v2\/posts\/882\/revisions"}],"predecessor-version":[{"id":962,"href":"https:\/\/kommentatorenblog.de\/index.php?rest_route=\/wp\/v2\/posts\/882\/revisions\/962"}],"wp:attachment":[{"href":"https:\/\/kommentatorenblog.de\/index.php?rest_route=%2Fwp%2Fv2%2Fmedia&parent=882"}],"wp:term":[{"taxonomy":"category","embeddable":true,"href":"https:\/\/kommentatorenblog.de\/index.php?rest_route=%2Fwp%2Fv2%2Fcategories&post=882"},{"taxonomy":"post_tag","embeddable":true,"href":"https:\/\/kommentatorenblog.de\/index.php?rest_route=%2Fwp%2Fv2%2Ftags&post=882"}],"curies":[{"name":"wp","href":"https:\/\/api.w.org\/{rel}","templated":true}]}}