{"id":91,"date":"2019-07-30T14:38:08","date_gmt":"2019-07-30T14:38:08","guid":{"rendered":"http:\/\/kommentatorenblog.de\/?p=91"},"modified":"2020-12-30T16:08:28","modified_gmt":"2020-12-30T16:08:28","slug":"1003-englische-woche","status":"publish","type":"post","link":"https:\/\/kommentatorenblog.de\/?p=91","title":{"rendered":"1003 &#8211; Englische Woche"},"content":{"rendered":"\n<p>N\u2018 Abend allerseits, <\/p>\n\n\n\n<p>das erste Zweitligawochenende ist rum und viele waren von der neuen \u201eSky-Konferenz\u201c noch nicht so begeistert. Vielleicht muss sich das Ganze auch erst noch einspielen. Fakt ist, dass eine derartige Konferenz eine \u201enormale Konferenz\u201c nicht ersetzen kann. Dennoch wird sich die Qualit\u00e4t der neuen Konferenz im Verlaufe der Spielzeit steigern.<\/p>\n\n\n\n<p>Hier die Ansetzungen!<\/p>\n\n\n\n<p><strong>3. Liga<\/strong>, <strong>3. Spieltag<\/strong> <\/p>\n\n\n\n<p><span style=\"text-decoration: underline;\">Dienstag, 30.07, ab 18.45 Uhr <\/span><\/p>\n\n\n\n<p><strong><em>Konferenz<\/em><\/strong><\/p>\n\n\n\n<p>Magenta Sport: Sascha Bandermann <\/p>\n\n\n\n<p><strong><em>Carl Zeiss&nbsp;Jena&nbsp;\u2013 Eintracht Braunschweig (19.00 Uhr) <\/em><\/strong><\/p>\n\n\n\n<p>Magenta Sport:&nbsp;Andreas Mann&nbsp;(Kommentar), Stefanie Blochwitz (Moderation)<\/p>\n\n\n\n<p><strong><em>KFC Uerdingen&nbsp;\u2013 SpVgg Unterhaching (19.00 Uhr) <\/em><\/strong><\/p>\n\n\n\n<p>Magenta Sport: Christian Stra\u00dfburger (Kommentar), Holger Speckhahn (Moderation)<\/p>\n\n\n\n<p><strong><em>W\u00fcrzburger Kickers&nbsp;\u2013 SG Sonnenhof Gro\u00dfaspach (19.00 Uhr) <\/em><\/strong><\/p>\n\n\n\n<p>Magenta Sport: Martin Piller (Kommentar), Thomas Wagner (Moderation)<\/p>\n\n\n\n<p><strong><em>1.FC Kaiserslautern \u2013 FC Ingolstadt (19.00 Uhr) <\/em><\/strong><\/p>\n\n\n\n<p>Magenta Sport: Alex Kunz (Kommentar), Cedric Pick (Moderation)<\/p>\n\n\n\n<p><strong><em>Hansa Rostock&nbsp;\u2013 FC Bayern M\u00fcnchen II (19.00 Uhr)<\/em><\/strong><\/p>\n\n\n\n<p>Magenta Sport: Mike M\u00fcnkel (Kommentar), Arne Malsch (Moderation)<\/p>\n\n\n\n<p><span style=\"text-decoration: underline;\">Mittwoch, 31.07, ab 18.45 Uhr Konferenz<\/span><\/p>\n\n\n\n<p><strong><em>Konferenz<\/em><\/strong><\/p>\n\n\n\n<p>Magenta Sport: Alex Klich <\/p>\n\n\n\n<p><em><strong>Chemnitzer FC &#8211; SV Meppen (19.00 Uhr)<\/strong><\/em><\/p>\n\n\n\n<p>Magenta Sport: Lenny Leonhardt (Kommentar), Stefanie Blochwitz (Moderation)<\/p>\n\n\n\n<p><strong><em>MSV Duisburg&nbsp;&#8211;&nbsp;SC Preu\u00dfen M\u00fcnster&nbsp;(19.00 Uhr)<\/em><\/strong><\/p>\n\n\n\n<p>Magenta Sport: Christian Stra\u00dfburger (Kommentar), Kamilla Benschop (Moderation)<\/p>\n\n\n\n<p><strong><em>TSV 1860 M\u00fcnchen &#8211; FSV Zwickau (19.00 Uhr)<\/em><\/strong><\/p>\n\n\n\n<p>Magenta Sport: Franz B\u00fcchner (Kommentar), Thomas Wagner (Moderation)<\/p>\n\n\n\n<p><strong><em>Viktoria K\u00f6ln &#8211; Hallescher FC (19.00 Uhr)<\/em><\/strong><\/p>\n\n\n\n<p>Magenta Sport: Stefan Fuckert (Kommentar), Tobi Sch\u00e4fer (Moderation)<\/p>\n\n\n\n<p><span style=\"text-decoration: underline;\">bereits ab 18.30 Uhr<\/span><\/p>\n\n\n\n<p><strong><em>1.FC Magdeburg &#8211; Waldhof Mannheim (19.00)<\/em><\/strong><\/p>\n\n\n\n<p>Magenta Sport: Markus Herwig (Kommentar), Anett Sattler (Moderation)<\/p>\n\n\n\n<p><strong>Audi Cup, Halbfinals <\/strong><\/p>\n\n\n\n<p><span style=\"text-decoration: underline;\">Dienstag, 30.07 ab 17.45 Uhr <\/span><\/p>\n\n\n\n<p><strong><em>Real Madrid &#8211; Tottenham Hotspur (18.00 Uhr) <\/em><\/strong><\/p>\n\n\n\n<p>ZDF: Claudia Neumann (Kommentar), Jochen Breyer (Moderation)<\/p>\n\n\n\n<p><strong><em>FC Bayern M\u00fcnchen &#8211; Fenerbahce Istanbul (20.30 Uhr)<\/em><\/strong><\/p>\n\n\n\n<p>ZDF: Martin Schneider (Kommentar), Jochen Breyer (Moderation)<\/p>\n\n\n\n<p><strong>Europa League, Qualifikation, Viertelfinal-R\u00fcckspiel<\/strong><\/p>\n\n\n\n<p><strong><em>Eintracht Frankfurt &#8211; Flora Talinn (20.30 Uhr)<\/em><\/strong><\/p>\n\n\n\n<p>Nitro: Marco Hagemann (Kommentar), Laura Wontorra (Moderation) <\/p>\n\n\n\n<p><strong>Die Analyse<\/strong> <\/p>\n\n\n\n<p>Thomas Wagner macht sich f\u00fcr einen Doppeleinsatz aus dem Westen der Republik in den S\u00fcden. Zwei Eins\u00e4tze verzeichnen zudem Christian Stra\u00dfburger und Stefanie Blochwitz. Dar\u00fcber hinaus bietet Magenta Sport wieder an beiden Tagen eine Konferenz an. Die&nbsp;Sender der ARD d\u00fcrfen wohl unter der Woche hier nicht senden.<\/p>\n\n\n\n<p>Beim Audi Cup fehlen B\u00e9la R\u00e9thy und Oliver Schmidt. Neumann und Schneider kommen zum Zug.<\/p>\n\n\n\n<p>In der Euro-League gibts wohl die gleiche Crew wie letzte Woche in Talinn. Marco Hagemann wird wohl diesmal live im Stadion dabei sein. Letzte Woche kommentierte er noch aus der Box in K\u00f6ln.<\/p>\n\n\n\n<p>Sch\u00f6ne Restwoche!<\/p>\n\n\n\n<p><\/p>\n","protected":false},"excerpt":{"rendered":"<p>N\u2018 Abend allerseits, das erste Zweitligawochenende ist rum und viele waren von der neuen \u201eSky-Konferenz\u201c noch nicht so begeistert. Vielleicht muss sich das Ganze auch erst noch einspielen. Fakt ist, dass eine derartige Konferenz eine \u201enormale Konferenz\u201c nicht ersetzen kann. Dennoch wird sich die Qualit\u00e4t der neuen Konferenz im Verlaufe der Spielzeit steigern. Hier die [&hellip;]<\/p>\n","protected":false},"author":3,"featured_media":0,"comment_status":"open","ping_status":"open","sticky":false,"template":"","format":"standard","meta":{"footnotes":""},"categories":[429],"tags":[10,34,40,35,36,42,39,44,9,43,38,41,12,33,37],"class_list":["post-91","post","type-post","status-publish","format-standard","hentry","category-diverses","tag-3-liga","tag-alex-klich","tag-audi-cup","tag-christian-strassburger","tag-claudia-neumann","tag-europa-league","tag-jochen-breyer","tag-laura-wontorra","tag-magenta-sport","tag-marco-hagemann","tag-martin-schneider","tag-nitro","tag-sascha-bandermann","tag-thomas-wagner","tag-zdf"],"_links":{"self":[{"href":"https:\/\/kommentatorenblog.de\/index.php?rest_route=\/wp\/v2\/posts\/91","targetHints":{"allow":["GET"]}}],"collection":[{"href":"https:\/\/kommentatorenblog.de\/index.php?rest_route=\/wp\/v2\/posts"}],"about":[{"href":"https:\/\/kommentatorenblog.de\/index.php?rest_route=\/wp\/v2\/types\/post"}],"author":[{"embeddable":true,"href":"https:\/\/kommentatorenblog.de\/index.php?rest_route=\/wp\/v2\/users\/3"}],"replies":[{"embeddable":true,"href":"https:\/\/kommentatorenblog.de\/index.php?rest_route=%2Fwp%2Fv2%2Fcomments&post=91"}],"version-history":[{"count":10,"href":"https:\/\/kommentatorenblog.de\/index.php?rest_route=\/wp\/v2\/posts\/91\/revisions"}],"predecessor-version":[{"id":102,"href":"https:\/\/kommentatorenblog.de\/index.php?rest_route=\/wp\/v2\/posts\/91\/revisions\/102"}],"wp:attachment":[{"href":"https:\/\/kommentatorenblog.de\/index.php?rest_route=%2Fwp%2Fv2%2Fmedia&parent=91"}],"wp:term":[{"taxonomy":"category","embeddable":true,"href":"https:\/\/kommentatorenblog.de\/index.php?rest_route=%2Fwp%2Fv2%2Fcategories&post=91"},{"taxonomy":"post_tag","embeddable":true,"href":"https:\/\/kommentatorenblog.de\/index.php?rest_route=%2Fwp%2Fv2%2Ftags&post=91"}],"curies":[{"name":"wp","href":"https:\/\/api.w.org\/{rel}","templated":true}]}}