{"id":9121,"date":"2021-05-20T20:44:19","date_gmt":"2021-05-20T18:44:19","guid":{"rendered":"http:\/\/kommentatorenblog.de\/?p=9121"},"modified":"2021-05-26T22:50:14","modified_gmt":"2021-05-26T20:50:14","slug":"1173-ich-wollte-den-zeitpunkt-zum-aufhoeren-selbst-bestimmen","status":"publish","type":"post","link":"https:\/\/kommentatorenblog.de\/?p=9121","title":{"rendered":"1173 \u2013 &#8222;Ich wollte den Zeitpunkt zum Aufh\u00f6ren selbst bestimmen&#8220;"},"content":{"rendered":"\n<p><strong>-Update- Die Ansetzungen zu den Hinspielen in der Relegation und zum Finale der Europa League, findet ihr nach dem Interview!<\/strong><\/p>\n\n\n\n<p><strong><em>Nach 36 Jahren ist Schluss \u2013 Reporter-Legende Tom Bayer verabschiedet sich nach dem Ende dieser Bundesliga-Saison in den wohlverdienten Ruhestand. Das Gespr\u00e4ch mit \u201eder Stimme des Rheinlands\u201c war zugegebenerma\u00dfen besonders, weil Tom und ich (Anm. d. Red.: Leon) uns seit meiner fr\u00fchesten Kindheit kennen. Die Anekdoten und Geschichten von damals kann man sich aber immer wieder anh\u00f6ren\u2026<\/em><\/strong><\/p>\n\n\n\n<p><strong><em>Im zweiten Teil des exklusiven kommentatorenblog-Interviews blicken wir mit Tom Bayer auf die Anf\u00e4nge der Bundesliga-Konferenz zur\u00fcck und der Fu\u00dfballkommentator erkl\u00e4rt, wieso das Format nicht mit einer Konferenz im \u201eRedzone-style\u201c zu vergleichen ist. Au\u00dferdem thematisieren wir seine Treue zu Premiere\/Sky und Bayer verr\u00e4t uns seine Pl\u00e4ne f\u00fcr die Zukunft.<\/em><\/strong><\/p>\n\n\n\n<p><strong><em><span style=\"text-decoration: underline;\">Teil eins des Interviews findet ihr <a href=\"http:\/\/kommentatorenblog.de\/?p=8707\">hier<\/a>!<\/span><\/em><\/strong><\/p>\n\n\n\n<p><strong>kommentatorenblog: Tom Bayer und Premiere\/Sky \u2013 ich denke zum Beispiel an die legend\u00e4re Meisterkonferenz mit dem FC Schalke 04 und dem FC Bayern M\u00fcnchen im Jahr 2001. Im Zweifel war dieser Nachmittag das emotionale Highlight in deiner Zeit bei Premiere\/Sky, oder?<\/strong><\/p>\n\n\n\n<p><strong>Tom Bayer: <\/strong>Mit Sicherheit war dieser Tag, an dem die Schalke quasi f\u00fcr ein paar Minuten Deutscher Meister waren, eines der emotionalen Highlights meiner Karriere. In diesem Zusammenhang spreche ich auch immer gerne \u00fcber den Spieltag in der Woche zuvor. Mein Kollege Hansi K\u00fcpper kommentierte das Heimspiel der Bayern gegen Kaiserslautern in der Konferenz (Anm. d. Red.: K\u00fcpper sa\u00df auch am 34. Spieltag beim Spiel der Bayern in Hamburg am Konferenz-Mikro), ich begleitete hier die Partie von Schalke in Stuttgart. Die Stuttgarter erzielten in der 90. Minute den Siegtreffer zum 1:0, zeitgleich trafen die Bayern zum 2:1-Sieg. Diese Ergebnisse hatten das Drama am letzten Spieltag ja erst m\u00f6glich gemacht.<\/p>\n\n\n\n<p><strong>Wir gehen weiter in der Zeitleiste. 2006 folgte das Bundesliga-Kapitel von Arena. Premiere hatte kurzzeitig die Rechte an der \u00dcbertragung der Bundesliga verloren. Im Vergleich zu vielen Kollegen bist du nicht zu Arena gewechselt, sondern hast bei Premiere andere Sportarten kommentiert. Wieso ist ein Engagement bei Arena nicht zustande gekommen? Hast du vielleicht geahnt, dass dieses Konstrukt nicht lange existieren wird?<\/strong><\/p>\n\n\n\n<p>Ich habe wirklich nicht geglaubt, dass das \u201eProjekt Arena\u201c scheitern w\u00fcrde. Wenn ich dies jetzt behaupten w\u00fcrde, w\u00e4re es schlichtweg gelogen. Im Nachhinein ist es mit Sicherheit etwas Besonderes, dass ich in den 36 Jahren als Kommentator nur bei zwei Sendern angestellt war. Arena war auch nicht die einzige M\u00f6glichkeit, wo ich den Arbeitgeber h\u00e4tte wechseln k\u00f6nnen.<\/p>\n\n\n\n<p><strong>So kurz vor dem Karriereende kannst du uns ja erz\u00e4hlen, von welchem anderen Sender es mal ein Angebot gegeben hatte\u2026<\/strong><\/p>\n\n\n\n<p>Ja, ich habe mich irgendwann mal mit RTL unterhalten, auch mit Arena gab es in der angesprochenen Zeit Kontakt. Diese Angebote h\u00f6rt man sich nat\u00fcrlich an. Letztendlich habe ich mich aber immer daf\u00fcr entschieden, dass ich bei Premiere bleiben m\u00f6chte. Diese Entscheidungen habe ich immer aus dem Bauch heraus getroffen. Ich w\u00fcrde jetzt aber auch l\u00fcgen, wenn ich sagen w\u00fcrde, dass ich nie mehrere Tage \u00fcber andere Angebote nachgedacht h\u00e4tte.<\/p>\n\n\n\n<p>Mit Ausnahme des Wechsels vom WDR zu Premiere, habe ich bei den beschriebenen Angeboten keine Veranlassung f\u00fcr einen Sender-Wechsel gesehen. Ich war mit meinem Job und meinem Arbeitgeber immer sehr zufrieden und umgekehrt war das ja Gott sei Dank auch der Fall.<\/p>\n\n\n\n<p><strong>Die \u00e4lteren Zuschauer kennen dich noch aus deiner Zeit beim Radio, die j\u00fcngeren Fu\u00dfballfans verbinden dich mit den TV-\u00dcbertragungen von Premiere\/Sky. Vor allem bist du einer der Stimmen der Original Sky Konferenz. Bei der ersten Ausgabe zur Bundesliga im Jahr 2000 geh\u00f6rtest zu den Kommentatoren und auch in der Champions League Konferenz konnten die Zuschauer dich nicht zu selten h\u00f6ren. Was denkst du nach 20 Jahren \u00fcber die Original Sky Konferenz?<\/strong><\/p>\n\n\n\n<p>Ich bin vom Konferenz-Format absolut \u00fcberzeugt. Zum Start war ich sehr gespannt, wie diese Idee im TV umgesetzt werden kann. Durch meine Zeit beim WDR-H\u00f6rfunk hatte ich ja zumindest schon 15 Jahre in der Radio-Konferenz kommentiert. Im Laufe der Jahre haben wir viel an der Konferenzschaltung gearbeitet und das Format weiterentwickelt. Wenn mir jemand anfangs gesagt h\u00e4tte, dass wir irgendwann nach der Konferenz noch Zusammenfassungen mit O-T\u00f6nen senden w\u00fcrden, h\u00e4tte ich das niemals geglaubt. 2000 haben wir mit dreimin\u00fctigen Highlights ohne Stimmen zum Spiel angefangen.<\/p>\n\n\n\n<p>Die Original Sky Konferenz ist nach wie vor ein \u00e4u\u00dferst starkes und etabliertes Produkt. Das zeigen auch die Einschaltquoten. Deshalb bin ich mir sicher, dass die Mehrheit der Zuschauer ungerne auf diese Art der Konferenz verzichten will.<\/p>\n\n\n\n<p><strong>N\u00e4chstes Jahr wandert ein Gro\u00dfteil der \u00dcbertragungsrechte an der Champions League bekanntlich zu DAZN. Viele Leser bef\u00fcrchten, dass es in der K\u00f6nigsklasse in den n\u00e4chsten drei Jahren keine \u201erichtige\u201c Konferenz mehr, sondern eine Konferenz im \u201eRedzone-style\u201c geben wird. Wie stehst du zu diesem Format, auf welches DAZN in der Europa League und Sky in der 2. Bundesliga bauen?<\/strong><\/p>\n\n\n\n<p>Das sind Sender-Entscheidungen auf die ich keinen Einfluss gehabt habe. Nat\u00fcrlich ist es eine andere Art und Qualit\u00e4t der Berichterstattung, wenn sich der Kommentator komplett auf seinen Einsatz in der Konferenz konzentrieren kann. Die \u00dcbergaben sind besser und das Zusammenspiel hat einen h\u00f6heren Mehrwert f\u00fcr den Zuschauer. Zudem kann der Kommentator auch auf die Geschehnisse von den anderen Pl\u00e4tzen eingehen. Das liegt einfach in der Natur der Sache.<\/p>\n\n\n\n<p><strong>Dieser Antwort k\u00f6nnen wir nur zustimmen. Neben \u201erichtigem\u201c Fu\u00dfball hast du eine Zeit lang auch mit Sebastian Hellmann durch die Partien in der Videospielreihe FIFA gef\u00fchrt. Wie w\u00fcrdest du diese Erfahrung einsch\u00e4tzen?<\/strong><\/p>\n\n\n\n<p>Mir hat das damals wirklich gro\u00dfen Spa\u00df gemacht, insbesondere mit dem Kollegen Sebastian Hellmann. Wir waren ja einige Jahre die Kommentatoren des Spiels. Unterm Strich war die Arbeit aber wirklich anstrengender als ich gedacht hatte. Du verbringst ja viele Tage im Tonstudio, bereut habe ich diese Erfahrung aber nicht.<\/p>\n\n\n\n<p><strong>Zum Abschluss stelle ich dir noch die Frage nach der Zukunft. Welche Pl\u00e4ne hat Tom Bayer nach seinem Karriereende?<\/strong><\/p>\n\n\n\n<p>Ich habe dem Fu\u00dfball sehr viel zu verdanken. Mit ehrenamtlichen T\u00e4tigkeiten, bei denen ich nicht die Geldb\u00f6rse aufmachen werde, will ich dem Sport gerne etwas zur\u00fcckgeben. Wenn Vereine einen Kommentator f\u00fcr Seebehinderte oder andere soziale Projekte brauchen, bin ich jederzeit ansprechbar. Diese Idee habe ich auch schon bei einigen Pressesprechern in der Bundesliga hinterlegt. So w\u00fcrde ich dem Fu\u00dfball gerne treu bleiben. Einen konkreten Plan gibt\u00b4s aber nicht.<\/p>\n\n\n\n<p><strong>DAZN hat ja einige Kultreporter f\u00fcr einmalige Auftritte zur\u00fcck ans Mikro geholt. Ist Tom Bayer auch mal f\u00fcr einen \u201eLegenden-Kommentar\u201c verf\u00fcgbar oder w\u00fcrdest du so etwas f\u00fcr dich ausschlie\u00dfen?<\/strong><\/p>\n\n\n\n<p>Ausschlie\u00dfen w\u00fcrde ich so ein kurzfristiges und einmaliges Engagement nicht. Ich werde aber definitiv nicht mehr regelm\u00e4\u00dfig f\u00fcr einen Sender arbeiten. Irgendwann ist einfach Schluss. Ich hatte mir schon vor l\u00e4ngerer Zeit vorgenommen, dass ich den Zeitpunkt zum Aufh\u00f6ren auch selbst bestimmen wollte. Das kann ich jetzt. Diesen Schritt habe ich mir lange und reiflich \u00fcberlegt. Ob ich irgendwann nochmal ein Profi-Spiel kommentieren werde, kann und will ich aber nicht ausschlie\u00dfen.<\/p>\n\n\n\n<p><strong>Dieses Gespr\u00e4ch f\u00fchrte Leon Geis.<\/strong><\/p>\n\n\n\n<hr class=\"wp-block-separator\"\/>\n\n\n\n<p><strong><em>Die Ansetzungen vom 26. Mai bis zum 27. Mai 2021<\/em><\/strong><\/p>\n\n\n\n<p><strong>Relegation um die Bundesliga, Hinspiel (DAZN)<\/strong><\/p>\n\n\n\n<p><span style=\"text-decoration: underline;\">Mittwoch, 26. Mai 2021, ab 18.00 Uhr<\/span><\/p>\n\n\n\n<p><strong><em>1. FC K\u00f6ln \u2013 Holstein Kiel (18.30 Uhr)<\/em><\/strong><\/p>\n\n\n\n<p class=\"has-normal-font-size\"><img loading=\"lazy\" decoding=\"async\" width=\"10\" height=\"21\" class=\"wp-image-3656\" style=\"width: 10px;\" src=\"http:\/\/kommentatorenblog.de\/wp-content\/uploads\/2020\/09\/shure-55sh-ii-e1601485394796.jpg\" alt=\"\" srcset=\"https:\/\/kommentatorenblog.de\/wp-content\/uploads\/2020\/09\/shure-55sh-ii-e1601485394796.jpg 415w, https:\/\/kommentatorenblog.de\/wp-content\/uploads\/2020\/09\/shure-55sh-ii-e1601485394796-142x300.jpg 142w\" sizes=\"auto, (max-width: 10px) 100vw, 10px\" \/> Jan Platte, Experte: Ralph Gunesch <strong>(Im Stadion)<\/strong><\/p>\n\n\n\n<p>Moderation: Daniel Herzog, Field-Reporter: Sebastian Benesch<\/p>\n\n\n\n<hr class=\"wp-block-separator\"\/>\n\n\n\n<p><strong>Europa League, Finale (DAZN\/RTL)<\/strong><\/p>\n\n\n\n<p><span style=\"text-decoration: underline;\">Mittwoch, 26. Mai 2021, ab 20.15 Uhr (RTL) bzw. ab 20.45 Uhr (DAZN)<\/span><\/p>\n\n\n\n<p><em><strong>FC Villarreal <em><strong>\u2013<\/strong><\/em><\/strong><\/em> <em><strong>Manchester United (21.00 Uhr)<\/strong><\/em><\/p>\n\n\n\n<p><img loading=\"lazy\" decoding=\"async\" width=\"10\" height=\"21\" class=\"wp-image-3656\" style=\"width: 10px;\" src=\"http:\/\/kommentatorenblog.de\/wp-content\/uploads\/2020\/09\/shure-55sh-ii-e1601485394796.jpg\" alt=\"\" srcset=\"https:\/\/kommentatorenblog.de\/wp-content\/uploads\/2020\/09\/shure-55sh-ii-e1601485394796.jpg 415w, https:\/\/kommentatorenblog.de\/wp-content\/uploads\/2020\/09\/shure-55sh-ii-e1601485394796-142x300.jpg 142w\" sizes=\"auto, (max-width: 10px) 100vw, 10px\" \/> NITRO: Marco Hagemann, Experte: Steffen Freund <strong>(Im Stadion)<\/strong>, Field-Reporter: Felix G\u00f6rner <\/p>\n\n\n\n<p><img loading=\"lazy\" decoding=\"async\" width=\"10\" height=\"21\" class=\"wp-image-3656\" style=\"width: 10px;\" src=\"http:\/\/kommentatorenblog.de\/wp-content\/uploads\/2020\/09\/shure-55sh-ii-e1601485394796.jpg\" alt=\"\" srcset=\"https:\/\/kommentatorenblog.de\/wp-content\/uploads\/2020\/09\/shure-55sh-ii-e1601485394796.jpg 415w, https:\/\/kommentatorenblog.de\/wp-content\/uploads\/2020\/09\/shure-55sh-ii-e1601485394796-142x300.jpg 142w\" sizes=\"auto, (max-width: 10px) 100vw, 10px\" \/> DAZN: Uli Hebel, Experte: Sebastian Knei\u00dfl<\/p>\n\n\n\n<p>Moderation (NITRO): Laura Wontorra, Experte: Roman Weidenfeller<\/p>\n\n\n\n<p>Moderation (DAZN): Tobi Wahnschaffe<\/p>\n\n\n\n<hr class=\"wp-block-separator\"\/>\n\n\n\n<p><strong>Relegation um die 2. Bundesliga, Hinspiel (DAZN\/ZDF)<\/strong><\/p>\n\n\n\n<p><span style=\"text-decoration: underline;\">Donnerstag, 27. Mai 2021, ab 18.00 Uhr (DAZN\/ZDF)<\/span><\/p>\n\n\n\n<p><strong><em>FC Ingolstadt \u2013 VfL Osnabr\u00fcck (18.15 Uhr)<\/em><\/strong><\/p>\n\n\n\n<p class=\"has-normal-font-size\">DAZN: <img loading=\"lazy\" decoding=\"async\" width=\"10\" height=\"21\" class=\"wp-image-3656\" style=\"width: 10px;\" src=\"http:\/\/kommentatorenblog.de\/wp-content\/uploads\/2020\/09\/shure-55sh-ii-e1601485394796.jpg\" alt=\"\" srcset=\"https:\/\/kommentatorenblog.de\/wp-content\/uploads\/2020\/09\/shure-55sh-ii-e1601485394796.jpg 415w, https:\/\/kommentatorenblog.de\/wp-content\/uploads\/2020\/09\/shure-55sh-ii-e1601485394796-142x300.jpg 142w\" sizes=\"auto, (max-width: 10px) 100vw, 10px\" \/> Mario Rieker, Experte: Benny Lauth<\/p>\n\n\n\n<p class=\"has-normal-font-size\">ZDF: <img loading=\"lazy\" decoding=\"async\" width=\"10\" height=\"21\" class=\"wp-image-3656\" style=\"width: 10px;\" src=\"http:\/\/kommentatorenblog.de\/wp-content\/uploads\/2020\/09\/shure-55sh-ii-e1601485394796.jpg\" alt=\"\" srcset=\"https:\/\/kommentatorenblog.de\/wp-content\/uploads\/2020\/09\/shure-55sh-ii-e1601485394796.jpg 415w, https:\/\/kommentatorenblog.de\/wp-content\/uploads\/2020\/09\/shure-55sh-ii-e1601485394796-142x300.jpg 142w\" sizes=\"auto, (max-width: 10px) 100vw, 10px\" \/> Martin Schneider, Co-Kommentator: Hanno Balitsch<\/p>\n\n\n\n<p>Moderation (DAZN): Alex Schl\u00fcter, Field-Reporter: Sebastian Benesch<\/p>\n\n\n\n<p>Moderation (ZDF): Katrin M\u00fcller-Hohenstein, Experte: Peter Hyballa, Field-Reporter: Andreas K\u00fcrten<\/p>\n\n\n\n<hr class=\"wp-block-separator\"\/>\n\n\n\n<p><strong><em>Die Ansetzungen vom 21. Mai bis zum 24. Mai 2021<\/em><\/strong><\/p>\n\n\n\n<p><strong>Bundesliga, 34. Spieltag (Sky)<\/strong><\/p>\n\n\n\n<p><span style=\"text-decoration: underline;\">Samstag, 22. Mai 2021, ab 13.30 Uhr<\/span><\/p>\n\n\n\n<p><strong><em>FC Bayern M\u00fcnchen \u2013 FC Augsburg (15.30 Uhr)<\/em><\/strong><\/p>\n\n\n\n<p class=\"has-normal-font-size\"><img loading=\"lazy\" decoding=\"async\" width=\"10\" height=\"21\" class=\"wp-image-3656\" style=\"width: 10px;\" src=\"http:\/\/kommentatorenblog.de\/wp-content\/uploads\/2020\/09\/shure-55sh-ii-e1601485394796.jpg\" alt=\"\" srcset=\"https:\/\/kommentatorenblog.de\/wp-content\/uploads\/2020\/09\/shure-55sh-ii-e1601485394796.jpg 415w, https:\/\/kommentatorenblog.de\/wp-content\/uploads\/2020\/09\/shure-55sh-ii-e1601485394796-142x300.jpg 142w\" sizes=\"auto, (max-width: 10px) 100vw, 10px\" \/> Jonas Friedrich (Einzelspiel), Roland Evers (Konferenz) <\/p>\n\n\n\n<p>Field-Reporter: Patrick Wasserziehr<\/p>\n\n\n\n<p><strong><em>SV Werder Bremen <strong><em>\u2013<\/em><\/strong> Borussia M\u00f6nchengladbach (15.30 Uhr)<\/em><\/strong><\/p>\n\n\n\n<p class=\"has-normal-font-size\"><img loading=\"lazy\" decoding=\"async\" width=\"10\" height=\"21\" class=\"wp-image-3656\" style=\"width: 10px;\" src=\"http:\/\/kommentatorenblog.de\/wp-content\/uploads\/2020\/09\/shure-55sh-ii-e1601485394796.jpg\" alt=\"\" srcset=\"https:\/\/kommentatorenblog.de\/wp-content\/uploads\/2020\/09\/shure-55sh-ii-e1601485394796.jpg 415w, https:\/\/kommentatorenblog.de\/wp-content\/uploads\/2020\/09\/shure-55sh-ii-e1601485394796-142x300.jpg 142w\" sizes=\"auto, (max-width: 10px) 100vw, 10px\" \/> Martin Gro\u00df (Einzelspiel), Kai Dittmann (Konferenz)<\/p>\n\n\n\n<p>Field-Reporter: Ecki Heuser<\/p>\n\n\n\n<p><strong><em><strong><em>1. FC K\u00f6ln <strong><em>\u2013<\/em><\/strong>&nbsp;FC Schalke 04<\/em><\/strong>&nbsp;(15.30 Uhr)<\/em><\/strong><\/p>\n\n\n\n<p class=\"has-normal-font-size\"><img loading=\"lazy\" decoding=\"async\" width=\"10\" height=\"21\" class=\"wp-image-3656\" style=\"width: 10px;\" src=\"http:\/\/kommentatorenblog.de\/wp-content\/uploads\/2020\/09\/shure-55sh-ii-e1601485394796.jpg\" alt=\"\" srcset=\"https:\/\/kommentatorenblog.de\/wp-content\/uploads\/2020\/09\/shure-55sh-ii-e1601485394796.jpg 415w, https:\/\/kommentatorenblog.de\/wp-content\/uploads\/2020\/09\/shure-55sh-ii-e1601485394796-142x300.jpg 142w\" sizes=\"auto, (max-width: 10px) 100vw, 10px\" \/> Wolff Fuss (Einzelspiel), Frank Buschmann (Konferenz)<\/p>\n\n\n\n<p>Field-Reporter: Sebastian Hellmann<\/p>\n\n\n\n<p><strong><em><strong><em>VfB Stuttgart <strong><em>\u2013<\/em><\/strong>&nbsp;Arminia Bielefeld<\/em><\/strong> (15.30 Uhr)<\/em><\/strong><\/p>\n\n\n\n<p class=\"has-normal-font-size\"><img loading=\"lazy\" decoding=\"async\" width=\"10\" height=\"21\" class=\"wp-image-3656\" style=\"width: 10px;\" src=\"http:\/\/kommentatorenblog.de\/wp-content\/uploads\/2020\/09\/shure-55sh-ii-e1601485394796.jpg\" alt=\"\" srcset=\"https:\/\/kommentatorenblog.de\/wp-content\/uploads\/2020\/09\/shure-55sh-ii-e1601485394796.jpg 415w, https:\/\/kommentatorenblog.de\/wp-content\/uploads\/2020\/09\/shure-55sh-ii-e1601485394796-142x300.jpg 142w\" sizes=\"auto, (max-width: 10px) 100vw, 10px\" \/> Marcus Lindemann (Einzelspiel), Hansi K\u00fcpper (Konferenz)<\/p>\n\n\n\n<p>Field-Reporter: Michael Leopold<\/p>\n\n\n\n<p><strong><em><strong><em>Borussia Dortmund <strong><em>\u2013<\/em><\/strong>&nbsp;Bayer Leverkusen<\/em><\/strong>&nbsp;(15.30 Uhr)<\/em><\/strong><\/p>\n\n\n\n<p class=\"has-normal-font-size\"><img loading=\"lazy\" decoding=\"async\" width=\"10\" height=\"21\" class=\"wp-image-3656\" style=\"width: 10px;\" src=\"http:\/\/kommentatorenblog.de\/wp-content\/uploads\/2020\/09\/shure-55sh-ii-e1601485394796.jpg\" alt=\"\" srcset=\"https:\/\/kommentatorenblog.de\/wp-content\/uploads\/2020\/09\/shure-55sh-ii-e1601485394796.jpg 415w, https:\/\/kommentatorenblog.de\/wp-content\/uploads\/2020\/09\/shure-55sh-ii-e1601485394796-142x300.jpg 142w\" sizes=\"auto, (max-width: 10px) 100vw, 10px\" \/> Tom Bayer (Einzelspiel), Florian Schmidt-Sommerfeld (Konferenz)<\/p>\n\n\n\n<p>Field-Reporter: Ulli Potofski<\/p>\n\n\n\n<p><strong><em><strong><em>1. FC Union Berlin <strong><em>\u2013<\/em><\/strong>&nbsp;RB Leipzig<\/em><\/strong><\/em><\/strong> <strong><em>(15.30 Uhr)<\/em><\/strong><\/p>\n\n\n\n<p class=\"has-normal-font-size\"><img loading=\"lazy\" decoding=\"async\" width=\"10\" height=\"21\" class=\"wp-image-3656\" style=\"width: 10px;\" src=\"http:\/\/kommentatorenblog.de\/wp-content\/uploads\/2020\/09\/shure-55sh-ii-e1601485394796.jpg\" alt=\"\" srcset=\"https:\/\/kommentatorenblog.de\/wp-content\/uploads\/2020\/09\/shure-55sh-ii-e1601485394796.jpg 415w, https:\/\/kommentatorenblog.de\/wp-content\/uploads\/2020\/09\/shure-55sh-ii-e1601485394796-142x300.jpg 142w\" sizes=\"auto, (max-width: 10px) 100vw, 10px\" \/> Oliver Seidler (Einzelspiel), Holger Pfandt (Konferenz) <\/p>\n\n\n\n<p>Field-Reporter: Nele Schenker<\/p>\n\n\n\n<p><strong><em>VfL Wolfsburg <strong><em>\u2013<\/em><\/strong> 1. FSV Mainz 05 (15.30 Uhr)<\/em><\/strong><\/p>\n\n\n\n<p class=\"has-normal-font-size\"><img loading=\"lazy\" decoding=\"async\" width=\"10\" height=\"21\" class=\"wp-image-3656\" style=\"width: 10px;\" src=\"http:\/\/kommentatorenblog.de\/wp-content\/uploads\/2020\/09\/shure-55sh-ii-e1601485394796.jpg\" alt=\"\" srcset=\"https:\/\/kommentatorenblog.de\/wp-content\/uploads\/2020\/09\/shure-55sh-ii-e1601485394796.jpg 415w, https:\/\/kommentatorenblog.de\/wp-content\/uploads\/2020\/09\/shure-55sh-ii-e1601485394796-142x300.jpg 142w\" sizes=\"auto, (max-width: 10px) 100vw, 10px\" \/> Michael Born (Einzelspiel), Markus G\u00f6tz (Konferenz) <\/p>\n\n\n\n<p>Field-Reporter: Jens Westen<\/p>\n\n\n\n<p><strong><em>Eintracht Frankfurt <strong><em>\u2013<\/em><\/strong>&nbsp;SC Freiburg (15.30 Uhr)<\/em><\/strong><\/p>\n\n\n\n<p class=\"has-normal-font-size\"><img loading=\"lazy\" decoding=\"async\" width=\"10\" height=\"21\" class=\"wp-image-3656\" style=\"width: 10px;\" src=\"http:\/\/kommentatorenblog.de\/wp-content\/uploads\/2020\/09\/shure-55sh-ii-e1601485394796.jpg\" alt=\"\" srcset=\"https:\/\/kommentatorenblog.de\/wp-content\/uploads\/2020\/09\/shure-55sh-ii-e1601485394796.jpg 415w, https:\/\/kommentatorenblog.de\/wp-content\/uploads\/2020\/09\/shure-55sh-ii-e1601485394796-142x300.jpg 142w\" sizes=\"auto, (max-width: 10px) 100vw, 10px\" \/> J\u00fcrgen Schmitz (Einzelspiel), Klaus Veltman (Konferenz) <\/p>\n\n\n\n<p>Field-Reporter: Britta Hofmann<\/p>\n\n\n\n<p><strong><em>TSG 1899 Hoffenheim <strong><em>\u2013<\/em><\/strong>&nbsp;Hertha BSC (15.30 Uhr)<\/em><\/strong><\/p>\n\n\n\n<p class=\"has-normal-font-size\"><img loading=\"lazy\" decoding=\"async\" width=\"10\" height=\"21\" class=\"wp-image-3656\" style=\"width: 10px;\" src=\"http:\/\/kommentatorenblog.de\/wp-content\/uploads\/2020\/09\/shure-55sh-ii-e1601485394796.jpg\" alt=\"\" srcset=\"https:\/\/kommentatorenblog.de\/wp-content\/uploads\/2020\/09\/shure-55sh-ii-e1601485394796.jpg 415w, https:\/\/kommentatorenblog.de\/wp-content\/uploads\/2020\/09\/shure-55sh-ii-e1601485394796-142x300.jpg 142w\" sizes=\"auto, (max-width: 10px) 100vw, 10px\" \/> Sven Haist (Einzelspiel), Toni Tomic (Konferenz) <\/p>\n\n\n\n<p>Field-Reporter: Torben Hoffmann<\/p>\n\n\n\n<p>Moderation: Esther Sedlaczek, Experten: Didi Hamann und Lothar Matth\u00e4us<\/p>\n\n\n\n<hr class=\"wp-block-separator\"\/>\n\n\n\n<p><strong>2<\/strong>. <strong>Bundesliga, 34. Spieltag<\/strong> <strong>(Sky)<\/strong><\/p>\n\n\n\n<p><span style=\"text-decoration: underline;\">Sonntag, 23. Mai 2021, ab 14.30 Uhr<\/span><\/p>\n\n\n\n<p><strong><em>VfL&nbsp;Bochum&nbsp;\u2013&nbsp;SV Sandhausen (15.30 Uhr) <\/em><\/strong><\/p>\n\n\n\n<p><img loading=\"lazy\" decoding=\"async\" width=\"10\" height=\"21\" class=\"wp-image-3656\" style=\"width: 10px;\" src=\"http:\/\/kommentatorenblog.de\/wp-content\/uploads\/2020\/09\/shure-55sh-ii-e1601485394796.jpg\" alt=\"\" srcset=\"https:\/\/kommentatorenblog.de\/wp-content\/uploads\/2020\/09\/shure-55sh-ii-e1601485394796.jpg 415w, https:\/\/kommentatorenblog.de\/wp-content\/uploads\/2020\/09\/shure-55sh-ii-e1601485394796-142x300.jpg 142w\" sizes=\"auto, (max-width: 10px) 100vw, 10px\" \/> Martin Gro\u00df (Einzelspiel), Hansi K\u00fcpper (Konferenz)<\/p>\n\n\n\n<p>Field-Reporter: Dirk gro\u00dfe Schlarmann<\/p>\n\n\n\n<p><strong><em>Holstein Kiel \u2013&nbsp;SV Darmstadt 98 (15.30 Uhr) <\/em><\/strong><\/p>\n\n\n\n<p><img loading=\"lazy\" decoding=\"async\" width=\"10\" height=\"21\" class=\"wp-image-3656\" style=\"width: 10px;\" src=\"http:\/\/kommentatorenblog.de\/wp-content\/uploads\/2020\/09\/shure-55sh-ii-e1601485394796.jpg\" alt=\"\" srcset=\"https:\/\/kommentatorenblog.de\/wp-content\/uploads\/2020\/09\/shure-55sh-ii-e1601485394796.jpg 415w, https:\/\/kommentatorenblog.de\/wp-content\/uploads\/2020\/09\/shure-55sh-ii-e1601485394796-142x300.jpg 142w\" sizes=\"auto, (max-width: 10px) 100vw, 10px\" \/> Michael Born (Einzelspiel), Kai Dittmann (Konferenz) <\/p>\n\n\n\n<p>Field-Reporter: Sven T\u00f6llner<\/p>\n\n\n\n<p><strong><em>SpVgg Greuther F\u00fcrth \u2013&nbsp;Fortuna D\u00fcsseldorf (15.30 Uhr) <\/em><\/strong><\/p>\n\n\n\n<p><img loading=\"lazy\" decoding=\"async\" width=\"10\" height=\"21\" class=\"wp-image-3656\" style=\"width: 10px;\" src=\"http:\/\/kommentatorenblog.de\/wp-content\/uploads\/2020\/09\/shure-55sh-ii-e1601485394796.jpg\" alt=\"\" srcset=\"https:\/\/kommentatorenblog.de\/wp-content\/uploads\/2020\/09\/shure-55sh-ii-e1601485394796.jpg 415w, https:\/\/kommentatorenblog.de\/wp-content\/uploads\/2020\/09\/shure-55sh-ii-e1601485394796-142x300.jpg 142w\" sizes=\"auto, (max-width: 10px) 100vw, 10px\" \/> Toni Tomic (Einzelspiel), Roland Evers (Konferenz) <\/p>\n\n\n\n<p>Field-Reporter: Stefan Hempel<\/p>\n\n\n\n<p><strong><em>Hamburger SV \u2013&nbsp;Eintracht Braunschweig (15.30 Uhr) <\/em><\/strong><\/p>\n\n\n\n<p><img loading=\"lazy\" decoding=\"async\" width=\"10\" height=\"21\" class=\"wp-image-3656\" style=\"width: 10px;\" src=\"http:\/\/kommentatorenblog.de\/wp-content\/uploads\/2020\/09\/shure-55sh-ii-e1601485394796.jpg\" alt=\"\" srcset=\"https:\/\/kommentatorenblog.de\/wp-content\/uploads\/2020\/09\/shure-55sh-ii-e1601485394796.jpg 415w, https:\/\/kommentatorenblog.de\/wp-content\/uploads\/2020\/09\/shure-55sh-ii-e1601485394796-142x300.jpg 142w\" sizes=\"auto, (max-width: 10px) 100vw, 10px\" \/> Oliver Seidler (Einzelspiel), Klaus Veltman (Konferenz) <\/p>\n\n\n\n<p>Field-Reporter: Jurek Rohrberg<\/p>\n\n\n\n<p><strong><em>Erzgebirge Aue&nbsp;\u2013&nbsp;VfL Osnabr\u00fcck (15.30 Uhr) <\/em><\/strong><\/p>\n\n\n\n<p><img loading=\"lazy\" decoding=\"async\" width=\"10\" height=\"21\" class=\"wp-image-3656\" style=\"width: 10px;\" src=\"http:\/\/kommentatorenblog.de\/wp-content\/uploads\/2020\/09\/shure-55sh-ii-e1601485394796.jpg\" alt=\"\" srcset=\"https:\/\/kommentatorenblog.de\/wp-content\/uploads\/2020\/09\/shure-55sh-ii-e1601485394796.jpg 415w, https:\/\/kommentatorenblog.de\/wp-content\/uploads\/2020\/09\/shure-55sh-ii-e1601485394796-142x300.jpg 142w\" sizes=\"auto, (max-width: 10px) 100vw, 10px\" \/> Torsten Kunde (Einzelspiel), Markus Gaupp (Konferenz) <\/p>\n\n\n\n<p>Interviews: Schalte<\/p>\n\n\n\n<p><strong><em>SSV Jahn Regensburg \u2013&nbsp;FC St. Pauli (15.30 Uhr) <\/em><\/strong><\/p>\n\n\n\n<p><img loading=\"lazy\" decoding=\"async\" width=\"10\" height=\"21\" class=\"wp-image-3656\" style=\"width: 10px;\" src=\"http:\/\/kommentatorenblog.de\/wp-content\/uploads\/2020\/09\/shure-55sh-ii-e1601485394796.jpg\" alt=\"\" srcset=\"https:\/\/kommentatorenblog.de\/wp-content\/uploads\/2020\/09\/shure-55sh-ii-e1601485394796.jpg 415w, https:\/\/kommentatorenblog.de\/wp-content\/uploads\/2020\/09\/shure-55sh-ii-e1601485394796-142x300.jpg 142w\" sizes=\"auto, (max-width: 10px) 100vw, 10px\" \/> Timo Schmidtchen (Einzelspiel), Heiko Mallwitz (Konferenz) <\/p>\n\n\n\n<p><strong><em>1. FC Heidenheim \u2013 Karlsruher SC (15.30 Uhr) <\/em><\/strong><\/p>\n\n\n\n<p><img loading=\"lazy\" decoding=\"async\" width=\"10\" height=\"21\" class=\"wp-image-3656\" style=\"width: 10px;\" src=\"http:\/\/kommentatorenblog.de\/wp-content\/uploads\/2020\/09\/shure-55sh-ii-e1601485394796.jpg\" alt=\"\" srcset=\"https:\/\/kommentatorenblog.de\/wp-content\/uploads\/2020\/09\/shure-55sh-ii-e1601485394796.jpg 415w, https:\/\/kommentatorenblog.de\/wp-content\/uploads\/2020\/09\/shure-55sh-ii-e1601485394796-142x300.jpg 142w\" sizes=\"auto, (max-width: 10px) 100vw, 10px\" \/> Jaron Steiner (Einzelspiel), Sven Schr\u00f6ter (Konferenz) <\/p>\n\n\n\n<p><strong><em>Hannover 96 \u2013&nbsp;1. FC N\u00fcrnberg (15.30 Uhr) <\/em><\/strong><\/p>\n\n\n\n<p><img loading=\"lazy\" decoding=\"async\" width=\"10\" height=\"21\" class=\"wp-image-3656\" style=\"width: 10px;\" src=\"http:\/\/kommentatorenblog.de\/wp-content\/uploads\/2020\/09\/shure-55sh-ii-e1601485394796.jpg\" alt=\"\" srcset=\"https:\/\/kommentatorenblog.de\/wp-content\/uploads\/2020\/09\/shure-55sh-ii-e1601485394796.jpg 415w, https:\/\/kommentatorenblog.de\/wp-content\/uploads\/2020\/09\/shure-55sh-ii-e1601485394796-142x300.jpg 142w\" sizes=\"auto, (max-width: 10px) 100vw, 10px\" \/> Florian Malburg (Einzelspiel), Marcel Meinert (Konferenz) <\/p>\n\n\n\n<p><strong><em>W\u00fcrzburger Kickers \u2013 SC Paderborn 07 (15.30 Uhr) <\/em><\/strong><\/p>\n\n\n\n<p><img loading=\"lazy\" decoding=\"async\" width=\"10\" height=\"21\" class=\"wp-image-3656\" style=\"width: 10px;\" src=\"http:\/\/kommentatorenblog.de\/wp-content\/uploads\/2020\/09\/shure-55sh-ii-e1601485394796.jpg\" alt=\"\" srcset=\"https:\/\/kommentatorenblog.de\/wp-content\/uploads\/2020\/09\/shure-55sh-ii-e1601485394796.jpg 415w, https:\/\/kommentatorenblog.de\/wp-content\/uploads\/2020\/09\/shure-55sh-ii-e1601485394796-142x300.jpg 142w\" sizes=\"auto, (max-width: 10px) 100vw, 10px\" \/> Martin Weinberger (Einzelspiel), Ulli Potofski (Konferenz) <\/p>\n\n\n\n<p>Moderation: Yannick Erkenbrecher, Experte: (Torsten Mattuschka)<\/p>\n\n\n\n<hr class=\"wp-block-separator\"\/>\n\n\n\n<p><strong>3. Liga, 38. Spieltag<\/strong><\/p>\n\n\n\n<p><span style=\"text-decoration: underline;\">Samstag, 22. Mai 2021, ab 13.15 Uhr (Magenta Sport)<\/span><\/p>\n\n\n\n<p><strong><em>Konferenz (13.30 Uhr)<\/em><\/strong><\/p>\n\n\n\n<p><img loading=\"lazy\" decoding=\"async\" width=\"10\" height=\"21\" class=\"wp-image-3656\" style=\"width: 10px;\" src=\"http:\/\/kommentatorenblog.de\/wp-content\/uploads\/2020\/09\/shure-55sh-ii-e1601485394796.jpg\" alt=\"\" srcset=\"https:\/\/kommentatorenblog.de\/wp-content\/uploads\/2020\/09\/shure-55sh-ii-e1601485394796.jpg 415w, https:\/\/kommentatorenblog.de\/wp-content\/uploads\/2020\/09\/shure-55sh-ii-e1601485394796-142x300.jpg 142w\" sizes=\"auto, (max-width: 10px) 100vw, 10px\" \/> Alex Kunz und Sascha Bandermann<\/p>\n\n\n\n<p><strong><em>1. FC Kaiserslautern \u2013 SC Verl (13.30 Uhr)<\/em><\/strong><\/p>\n\n\n\n<p><img loading=\"lazy\" decoding=\"async\" width=\"10\" height=\"21\" class=\"wp-image-3656\" style=\"width: 10px;\" src=\"http:\/\/kommentatorenblog.de\/wp-content\/uploads\/2020\/09\/shure-55sh-ii-e1601485394796.jpg\" alt=\"\" srcset=\"https:\/\/kommentatorenblog.de\/wp-content\/uploads\/2020\/09\/shure-55sh-ii-e1601485394796.jpg 415w, https:\/\/kommentatorenblog.de\/wp-content\/uploads\/2020\/09\/shure-55sh-ii-e1601485394796-142x300.jpg 142w\" sizes=\"auto, (max-width: 10px) 100vw, 10px\" \/> S\u00f6nke Sievers<\/p>\n\n\n\n<p>Moderation: Kamilla Benschop<\/p>\n\n\n\n<p><strong><em>SV Meppen \u2013 MSV Duisburg (13.30 Uhr)<\/em><\/strong><\/p>\n\n\n\n<p><img loading=\"lazy\" decoding=\"async\" width=\"10\" height=\"21\" class=\"wp-image-3656\" style=\"width: 10px;\" src=\"http:\/\/kommentatorenblog.de\/wp-content\/uploads\/2020\/09\/shure-55sh-ii-e1601485394796.jpg\" alt=\"\" srcset=\"https:\/\/kommentatorenblog.de\/wp-content\/uploads\/2020\/09\/shure-55sh-ii-e1601485394796.jpg 415w, https:\/\/kommentatorenblog.de\/wp-content\/uploads\/2020\/09\/shure-55sh-ii-e1601485394796-142x300.jpg 142w\" sizes=\"auto, (max-width: 10px) 100vw, 10px\" \/> Stefan Fuckert<\/p>\n\n\n\n<p>Moderation: Tobi Sch\u00e4fer<\/p>\n\n\n\n<p><strong><em>SV Wehen Wiesbaden \u2013 SG Dynamo Dresden (13.30 Uhr)<\/em><\/strong><\/p>\n\n\n\n<p><img loading=\"lazy\" decoding=\"async\" width=\"10\" height=\"21\" class=\"wp-image-3656\" style=\"width: 10px;\" src=\"http:\/\/kommentatorenblog.de\/wp-content\/uploads\/2020\/09\/shure-55sh-ii-e1601485394796.jpg\" alt=\"\" srcset=\"https:\/\/kommentatorenblog.de\/wp-content\/uploads\/2020\/09\/shure-55sh-ii-e1601485394796.jpg 415w, https:\/\/kommentatorenblog.de\/wp-content\/uploads\/2020\/09\/shure-55sh-ii-e1601485394796-142x300.jpg 142w\" sizes=\"auto, (max-width: 10px) 100vw, 10px\" \/> Mike M\u00fcnkel<\/p>\n\n\n\n<p>Moderation: Cedric Pick<\/p>\n\n\n\n<p><strong><em>FC Bayern M\u00fcnchen II \u2013 Hallescher FC (13.30 Uhr)<\/em><\/strong><\/p>\n\n\n\n<p><img loading=\"lazy\" decoding=\"async\" width=\"10\" height=\"21\" class=\"wp-image-3656\" style=\"width: 10px;\" src=\"http:\/\/kommentatorenblog.de\/wp-content\/uploads\/2020\/09\/shure-55sh-ii-e1601485394796.jpg\" alt=\"\" srcset=\"https:\/\/kommentatorenblog.de\/wp-content\/uploads\/2020\/09\/shure-55sh-ii-e1601485394796.jpg 415w, https:\/\/kommentatorenblog.de\/wp-content\/uploads\/2020\/09\/shure-55sh-ii-e1601485394796-142x300.jpg 142w\" sizes=\"auto, (max-width: 10px) 100vw, 10px\" \/> Franz B\u00fcchner<\/p>\n\n\n\n<p>Moderation: Simon K\u00f6pfer<\/p>\n\n\n\n<p><em><strong>1. FC Magdeburg \u2013 SpVgg Unterhaching (13.30 Uhr)<\/strong><\/em><\/p>\n\n\n\n<p><img loading=\"lazy\" decoding=\"async\" width=\"10\" height=\"21\" class=\"wp-image-3656\" style=\"width: 10px;\" src=\"http:\/\/kommentatorenblog.de\/wp-content\/uploads\/2020\/09\/shure-55sh-ii-e1601485394796.jpg\" alt=\"\" srcset=\"https:\/\/kommentatorenblog.de\/wp-content\/uploads\/2020\/09\/shure-55sh-ii-e1601485394796.jpg 415w, https:\/\/kommentatorenblog.de\/wp-content\/uploads\/2020\/09\/shure-55sh-ii-e1601485394796-142x300.jpg 142w\" sizes=\"auto, (max-width: 10px) 100vw, 10px\" \/> Markus Herwig<\/p>\n\n\n\n<p><strong><em>FSV Zwickau \u2013 1. FC Saarbr\u00fccken (13.30 Uhr)<\/em><\/strong><\/p>\n\n\n\n<p><img loading=\"lazy\" decoding=\"async\" width=\"10\" height=\"21\" class=\"wp-image-3656\" style=\"width: 10px;\" src=\"http:\/\/kommentatorenblog.de\/wp-content\/uploads\/2020\/09\/shure-55sh-ii-e1601485394796.jpg\" alt=\"\" srcset=\"https:\/\/kommentatorenblog.de\/wp-content\/uploads\/2020\/09\/shure-55sh-ii-e1601485394796.jpg 415w, https:\/\/kommentatorenblog.de\/wp-content\/uploads\/2020\/09\/shure-55sh-ii-e1601485394796-142x300.jpg 142w\" sizes=\"auto, (max-width: 10px) 100vw, 10px\" \/> Martin Piller<\/p>\n\n\n\n<p><strong><em>T\u00fcrkg\u00fcc\u00fc M\u00fcnchen \u2013 FC Viktoria K\u00f6ln (13.30 Uhr)<\/em><\/strong><\/p>\n\n\n\n<p><img loading=\"lazy\" decoding=\"async\" width=\"10\" height=\"21\" class=\"wp-image-3656\" style=\"width: 10px;\" src=\"http:\/\/kommentatorenblog.de\/wp-content\/uploads\/2020\/09\/shure-55sh-ii-e1601485394796.jpg\" alt=\"\" srcset=\"https:\/\/kommentatorenblog.de\/wp-content\/uploads\/2020\/09\/shure-55sh-ii-e1601485394796.jpg 415w, https:\/\/kommentatorenblog.de\/wp-content\/uploads\/2020\/09\/shure-55sh-ii-e1601485394796-142x300.jpg 142w\" sizes=\"auto, (max-width: 10px) 100vw, 10px\" \/> Oskar Heirler<\/p>\n\n\n\n<p><span style=\"text-decoration: underline;\">ab 13.00 Uhr (Magenta Sport)\/ab 13.25 Uhr (BR)<\/span><\/p>\n\n\n\n<p><strong><em>FC Ingolstadt 04 \u2013 TSV 1860 M\u00fcnchen (13.00 Uhr)<\/em><\/strong><\/p>\n\n\n\n<p><img loading=\"lazy\" decoding=\"async\" width=\"10\" height=\"21\" class=\"wp-image-3656\" style=\"width: 10px;\" src=\"http:\/\/kommentatorenblog.de\/wp-content\/uploads\/2020\/09\/shure-55sh-ii-e1601485394796.jpg\" alt=\"\" srcset=\"https:\/\/kommentatorenblog.de\/wp-content\/uploads\/2020\/09\/shure-55sh-ii-e1601485394796.jpg 415w, https:\/\/kommentatorenblog.de\/wp-content\/uploads\/2020\/09\/shure-55sh-ii-e1601485394796-142x300.jpg 142w\" sizes=\"auto, (max-width: 10px) 100vw, 10px\" \/> Magenta Sport: Alex Klich<\/p>\n\n\n\n<p><img loading=\"lazy\" decoding=\"async\" width=\"10\" height=\"21\" class=\"wp-image-3656\" style=\"width: 10px;\" src=\"http:\/\/kommentatorenblog.de\/wp-content\/uploads\/2020\/09\/shure-55sh-ii-e1601485394796.jpg\" alt=\"\" srcset=\"https:\/\/kommentatorenblog.de\/wp-content\/uploads\/2020\/09\/shure-55sh-ii-e1601485394796.jpg 415w, https:\/\/kommentatorenblog.de\/wp-content\/uploads\/2020\/09\/shure-55sh-ii-e1601485394796-142x300.jpg 142w\" sizes=\"auto, (max-width: 10px) 100vw, 10px\" \/> BR: Florian Eckl<\/p>\n\n\n\n<p>Moderation (Magenta Sport): Anett Sattler, Experte: Rudi Bommer<\/p>\n\n\n\n<p>Moderation (BR): Markus Othmer<\/p>\n\n\n\n<p><span style=\"text-decoration: underline;\">ab 13.15 Uhr (Magenta Sport)\/ab 13.30 Uhr (NDR, MDR, WDR)<\/span><\/p>\n\n\n\n<p><strong><em>Hansa Rostock <strong><em>\u2013<\/em><\/strong> VfB L\u00fcbeck (13.30 Uhr)<\/em><\/strong><\/p>\n\n\n\n<p><img loading=\"lazy\" decoding=\"async\" width=\"10\" height=\"21\" class=\"wp-image-3656\" style=\"width: 10px;\" src=\"http:\/\/kommentatorenblog.de\/wp-content\/uploads\/2020\/09\/shure-55sh-ii-e1601485394796.jpg\" alt=\"\" srcset=\"https:\/\/kommentatorenblog.de\/wp-content\/uploads\/2020\/09\/shure-55sh-ii-e1601485394796.jpg 415w, https:\/\/kommentatorenblog.de\/wp-content\/uploads\/2020\/09\/shure-55sh-ii-e1601485394796-142x300.jpg 142w\" sizes=\"auto, (max-width: 10px) 100vw, 10px\" \/> Magenta Sport: Andreas Mann<\/p>\n\n\n\n<p><img loading=\"lazy\" decoding=\"async\" width=\"10\" height=\"21\" class=\"wp-image-3656\" style=\"width: 10px;\" src=\"http:\/\/kommentatorenblog.de\/wp-content\/uploads\/2020\/09\/shure-55sh-ii-e1601485394796.jpg\" alt=\"\" srcset=\"https:\/\/kommentatorenblog.de\/wp-content\/uploads\/2020\/09\/shure-55sh-ii-e1601485394796.jpg 415w, https:\/\/kommentatorenblog.de\/wp-content\/uploads\/2020\/09\/shure-55sh-ii-e1601485394796-142x300.jpg 142w\" sizes=\"auto, (max-width: 10px) 100vw, 10px\" \/> NDR: Wilfried Hark<\/p>\n\n\n\n<p><img loading=\"lazy\" decoding=\"async\" width=\"10\" height=\"21\" class=\"wp-image-3656\" style=\"width: 10px;\" src=\"http:\/\/kommentatorenblog.de\/wp-content\/uploads\/2020\/09\/shure-55sh-ii-e1601485394796.jpg\" alt=\"\" srcset=\"https:\/\/kommentatorenblog.de\/wp-content\/uploads\/2020\/09\/shure-55sh-ii-e1601485394796.jpg 415w, https:\/\/kommentatorenblog.de\/wp-content\/uploads\/2020\/09\/shure-55sh-ii-e1601485394796-142x300.jpg 142w\" sizes=\"auto, (max-width: 10px) 100vw, 10px\" \/> MDR: Florian Weichert<\/p>\n\n\n\n<p>Moderation (Magenta Sport): Gari Paubandt<\/p>\n\n\n\n<p>Moderation (NDR): Andreas K\u00e4ckell<\/p>\n\n\n\n<p>Moderation (MDR): Tom Scheunemann, Experte: Lutz Lindemann<\/p>\n\n\n\n<p><strong><em>SV Waldhof Mannheim \u2013 KFC Uerdingen (13.00 Uhr)<\/em><\/strong><\/p>\n\n\n\n<p><img loading=\"lazy\" decoding=\"async\" width=\"10\" height=\"21\" class=\"wp-image-3656\" style=\"width: 10px;\" src=\"http:\/\/kommentatorenblog.de\/wp-content\/uploads\/2020\/09\/shure-55sh-ii-e1601485394796.jpg\" alt=\"\" srcset=\"https:\/\/kommentatorenblog.de\/wp-content\/uploads\/2020\/09\/shure-55sh-ii-e1601485394796.jpg 415w, https:\/\/kommentatorenblog.de\/wp-content\/uploads\/2020\/09\/shure-55sh-ii-e1601485394796-142x300.jpg 142w\" sizes=\"auto, (max-width: 10px) 100vw, 10px\" \/> Magenta Sport: Markus H\u00f6hner<\/p>\n\n\n\n<p><img loading=\"lazy\" decoding=\"async\" width=\"10\" height=\"21\" class=\"wp-image-3656\" style=\"width: 10px;\" src=\"http:\/\/kommentatorenblog.de\/wp-content\/uploads\/2020\/09\/shure-55sh-ii-e1601485394796.jpg\" alt=\"\" srcset=\"https:\/\/kommentatorenblog.de\/wp-content\/uploads\/2020\/09\/shure-55sh-ii-e1601485394796.jpg 415w, https:\/\/kommentatorenblog.de\/wp-content\/uploads\/2020\/09\/shure-55sh-ii-e1601485394796-142x300.jpg 142w\" sizes=\"auto, (max-width: 10px) 100vw, 10px\" \/> WDR: Stefan H\u00e4nsel <\/p>\n\n\n\n<p>Moderation (Magenta Sport): Thomas Wagner<\/p>\n\n\n\n<p>Moderation (WDR): Anke Feller <\/p>\n\n\n\n<hr class=\"wp-block-separator\"\/>\n\n\n\n<p><strong>Frauen-Bundesliga, 21. Spieltag<\/strong><\/p>\n\n\n\n<p><span style=\"text-decoration: underline;\">Sonntag, 23. Mai 2021 (Eurosport\/Magenta Sport)<\/span><\/p>\n\n\n\n<p><strong><em>Bayer 04 Leverkusen \u2013 FC Bayern M\u00fcnchen (13.30 Uhr)<\/em><\/strong><\/p>\n\n\n\n<p><img loading=\"lazy\" decoding=\"async\" width=\"10\" height=\"21\" class=\"wp-image-3656\" style=\"width: 10px;\" src=\"http:\/\/kommentatorenblog.de\/wp-content\/uploads\/2020\/09\/shure-55sh-ii-e1601485394796.jpg\" alt=\"\" srcset=\"https:\/\/kommentatorenblog.de\/wp-content\/uploads\/2020\/09\/shure-55sh-ii-e1601485394796.jpg 415w, https:\/\/kommentatorenblog.de\/wp-content\/uploads\/2020\/09\/shure-55sh-ii-e1601485394796-142x300.jpg 142w\" sizes=\"auto, (max-width: 10px) 100vw, 10px\" \/> Magenta Sport: Christoph Fetzer<\/p>\n\n\n\n<p><img loading=\"lazy\" decoding=\"async\" width=\"10\" height=\"21\" class=\"wp-image-3656\" style=\"width: 10px;\" src=\"http:\/\/kommentatorenblog.de\/wp-content\/uploads\/2020\/09\/shure-55sh-ii-e1601485394796.jpg\" alt=\"\" srcset=\"https:\/\/kommentatorenblog.de\/wp-content\/uploads\/2020\/09\/shure-55sh-ii-e1601485394796.jpg 415w, https:\/\/kommentatorenblog.de\/wp-content\/uploads\/2020\/09\/shure-55sh-ii-e1601485394796-142x300.jpg 142w\" sizes=\"auto, (max-width: 10px) 100vw, 10px\" \/> Eurosport: Markus Theil<\/p>\n\n\n\n<p>Moderation (Eurosport): Anna Kraft<\/p>\n\n\n\n<p><strong><em>Eintracht Frankfurt \u2013 VfL Wolfsburg (13.30 Uhr)<\/em><\/strong><\/p>\n\n\n\n<p><img loading=\"lazy\" decoding=\"async\" width=\"10\" height=\"21\" class=\"wp-image-3656\" style=\"width: 10px;\" src=\"http:\/\/kommentatorenblog.de\/wp-content\/uploads\/2020\/09\/shure-55sh-ii-e1601485394796.jpg\" alt=\"\" srcset=\"https:\/\/kommentatorenblog.de\/wp-content\/uploads\/2020\/09\/shure-55sh-ii-e1601485394796.jpg 415w, https:\/\/kommentatorenblog.de\/wp-content\/uploads\/2020\/09\/shure-55sh-ii-e1601485394796-142x300.jpg 142w\" sizes=\"auto, (max-width: 10px) 100vw, 10px\" \/> Magenta Sport: Alex Kunz<\/p>\n\n\n\n<p><strong><em>TSG Hoffenheim \u2013 SC Freiburg (13.30 Uhr)<\/em><\/strong><\/p>\n\n\n\n<p><img loading=\"lazy\" decoding=\"async\" width=\"10\" height=\"21\" class=\"wp-image-3656\" style=\"width: 10px;\" src=\"http:\/\/kommentatorenblog.de\/wp-content\/uploads\/2020\/09\/shure-55sh-ii-e1601485394796.jpg\" alt=\"\" srcset=\"https:\/\/kommentatorenblog.de\/wp-content\/uploads\/2020\/09\/shure-55sh-ii-e1601485394796.jpg 415w, https:\/\/kommentatorenblog.de\/wp-content\/uploads\/2020\/09\/shure-55sh-ii-e1601485394796-142x300.jpg 142w\" sizes=\"auto, (max-width: 10px) 100vw, 10px\" \/> Magenta Sport: Oscar Heirler<\/p>\n\n\n\n<hr class=\"wp-block-separator\"\/>\n\n\n\n<p><strong>Premier League, 38. Spieltag (Sky)<\/strong><\/p>\n\n\n\n<p><span style=\"text-decoration: underline;\">Sonntag, 23. Mai 2021, ab 16.30 Uhr<\/span><\/p>\n\n\n\n<p><em style=\"\"><b>Manchester City \u2013&nbsp;FC Everton<\/b><\/em><strong><em> (17.00 Uhr)<\/em><\/strong><\/p>\n\n\n\n<p><img loading=\"lazy\" decoding=\"async\" width=\"10\" height=\"21\" class=\"wp-image-3656\" style=\"width: 10px;\" src=\"http:\/\/kommentatorenblog.de\/wp-content\/uploads\/2020\/09\/shure-55sh-ii-e1601485394796.jpg\" alt=\"\" srcset=\"https:\/\/kommentatorenblog.de\/wp-content\/uploads\/2020\/09\/shure-55sh-ii-e1601485394796.jpg 415w, https:\/\/kommentatorenblog.de\/wp-content\/uploads\/2020\/09\/shure-55sh-ii-e1601485394796-142x300.jpg 142w\" sizes=\"auto, (max-width: 10px) 100vw, 10px\" \/> Holger Pfandt<\/p>\n\n\n\n<p><strong><em>Konferenz (17.00 Uhr)<\/em><\/strong><\/p>\n\n\n\n<p><strong><em>Leicester City <b>\u2013&nbsp;<\/b>Tottenham Hotspur (17.00 Uhr)<\/em><\/strong><\/p>\n\n\n\n<p><img loading=\"lazy\" decoding=\"async\" width=\"10\" height=\"21\" class=\"wp-image-3656\" style=\"width: 10px;\" src=\"http:\/\/kommentatorenblog.de\/wp-content\/uploads\/2020\/09\/shure-55sh-ii-e1601485394796.jpg\" alt=\"\" srcset=\"https:\/\/kommentatorenblog.de\/wp-content\/uploads\/2020\/09\/shure-55sh-ii-e1601485394796.jpg 415w, https:\/\/kommentatorenblog.de\/wp-content\/uploads\/2020\/09\/shure-55sh-ii-e1601485394796-142x300.jpg 142w\" sizes=\"auto, (max-width: 10px) 100vw, 10px\" \/> Hannes Herrmann<\/p>\n\n\n\n<p>Field-Reporter: Raphael Honigstein<\/p>\n\n\n\n<p><strong><em>Aston Villa \u2013 FC Chelsea (17.00 Uhr)<\/em><\/strong><\/p>\n\n\n\n<p><img loading=\"lazy\" decoding=\"async\" width=\"10\" height=\"21\" class=\"wp-image-3656\" style=\"width: 10px;\" src=\"http:\/\/kommentatorenblog.de\/wp-content\/uploads\/2020\/09\/shure-55sh-ii-e1601485394796.jpg\" alt=\"\" srcset=\"https:\/\/kommentatorenblog.de\/wp-content\/uploads\/2020\/09\/shure-55sh-ii-e1601485394796.jpg 415w, https:\/\/kommentatorenblog.de\/wp-content\/uploads\/2020\/09\/shure-55sh-ii-e1601485394796-142x300.jpg 142w\" sizes=\"auto, (max-width: 10px) 100vw, 10px\" \/> Joachim Hebel<\/p>\n\n\n\n<p><strong><em><b>FC Liverpool \u2013 Crystal Palace&nbsp;<\/b>(17.00 Uhr)<\/em><\/strong><\/p>\n\n\n\n<p><img loading=\"lazy\" decoding=\"async\" width=\"10\" height=\"21\" class=\"wp-image-3656\" style=\"width: 10px;\" src=\"http:\/\/kommentatorenblog.de\/wp-content\/uploads\/2020\/09\/shure-55sh-ii-e1601485394796.jpg\" alt=\"\" srcset=\"https:\/\/kommentatorenblog.de\/wp-content\/uploads\/2020\/09\/shure-55sh-ii-e1601485394796.jpg 415w, https:\/\/kommentatorenblog.de\/wp-content\/uploads\/2020\/09\/shure-55sh-ii-e1601485394796-142x300.jpg 142w\" sizes=\"auto, (max-width: 10px) 100vw, 10px\" \/> Jonas Friedrich<\/p>\n\n\n\n<p>Moderation: Florian Schmidt-Sommerfeld, Experte: Ren\u00e9 Adler<\/p>\n\n\n\n<hr class=\"wp-block-separator\"\/>\n\n\n\n<p><strong>La Liga, 38. Spieltag (DAZN)<\/strong><\/p>\n\n\n\n<p><span style=\"text-decoration: underline;\">Samstag, 22. Mai 2021<\/span><\/p>\n\n\n\n<p><em><strong>Meister-<\/strong><\/em><strong><em>Konferenz (ab 17.45 Uhr)<\/em><\/strong><\/p>\n\n\n\n<p><img loading=\"lazy\" decoding=\"async\" width=\"10\" height=\"21\" class=\"wp-image-3656\" style=\"width: 10px;\" src=\"http:\/\/kommentatorenblog.de\/wp-content\/uploads\/2020\/09\/shure-55sh-ii-e1601485394796.jpg\" alt=\"\" srcset=\"https:\/\/kommentatorenblog.de\/wp-content\/uploads\/2020\/09\/shure-55sh-ii-e1601485394796.jpg 415w, https:\/\/kommentatorenblog.de\/wp-content\/uploads\/2020\/09\/shure-55sh-ii-e1601485394796-142x300.jpg 142w\" sizes=\"auto, (max-width: 10px) 100vw, 10px\" \/> Tobi Wahnschaffe <\/p>\n\n\n\n<p><strong><em>Real Valladolid \u2013 Atl\u00e9tico Madrid (18.00 Uhr)<\/em><\/strong><\/p>\n\n\n\n<p><img loading=\"lazy\" decoding=\"async\" width=\"10\" height=\"21\" class=\"wp-image-3656\" style=\"width: 10px;\" src=\"http:\/\/kommentatorenblog.de\/wp-content\/uploads\/2020\/09\/shure-55sh-ii-e1601485394796.jpg\" alt=\"\" srcset=\"https:\/\/kommentatorenblog.de\/wp-content\/uploads\/2020\/09\/shure-55sh-ii-e1601485394796.jpg 415w, https:\/\/kommentatorenblog.de\/wp-content\/uploads\/2020\/09\/shure-55sh-ii-e1601485394796-142x300.jpg 142w\" sizes=\"auto, (max-width: 10px) 100vw, 10px\" \/> Uwe Morawe (Einzelspiel), Jan Platte (Konferenz) <\/p>\n\n\n\n<p><strong><em>Real Madrid \u2013 FC Villarreal (18.00 Uhr) <\/em><\/strong><\/p>\n\n\n\n<p><img loading=\"lazy\" decoding=\"async\" width=\"10\" height=\"21\" class=\"wp-image-3656\" style=\"width: 10px;\" src=\"http:\/\/kommentatorenblog.de\/wp-content\/uploads\/2020\/09\/shure-55sh-ii-e1601485394796.jpg\" alt=\"\" srcset=\"https:\/\/kommentatorenblog.de\/wp-content\/uploads\/2020\/09\/shure-55sh-ii-e1601485394796.jpg 415w, https:\/\/kommentatorenblog.de\/wp-content\/uploads\/2020\/09\/shure-55sh-ii-e1601485394796-142x300.jpg 142w\" sizes=\"auto, (max-width: 10px) 100vw, 10px\" \/> Flo Hauser (Einzelspiel), Uli Hebel (Konferenz) <\/p>\n\n\n\n<p><strong><em>SD Eibar \u2013 FC Barcelona (18.00 Uhr) <\/em><\/strong><\/p>\n\n\n\n<p><img loading=\"lazy\" decoding=\"async\" width=\"10\" height=\"21\" class=\"wp-image-3656\" style=\"width: 10px;\" src=\"http:\/\/kommentatorenblog.de\/wp-content\/uploads\/2020\/09\/shure-55sh-ii-e1601485394796.jpg\" alt=\"\" srcset=\"https:\/\/kommentatorenblog.de\/wp-content\/uploads\/2020\/09\/shure-55sh-ii-e1601485394796.jpg 415w, https:\/\/kommentatorenblog.de\/wp-content\/uploads\/2020\/09\/shure-55sh-ii-e1601485394796-142x300.jpg 142w\" sizes=\"auto, (max-width: 10px) 100vw, 10px\" \/> Chris Putz (Einzelspiel)<\/p>\n\n\n\n<hr class=\"wp-block-separator\"\/>\n\n\n\n<p><strong>Serie A, 38. Spieltag (DAZN)<\/strong><\/p>\n\n\n\n<p><span style=\"text-decoration: underline;\">Sonntag, 23. Mai 2021<\/span><\/p>\n\n\n\n<p><strong><em>Inter Mailand \u2013 Udinese Calcio (15.00 Uhr) <\/em><\/strong><\/p>\n\n\n\n<p><img loading=\"lazy\" decoding=\"async\" width=\"10\" height=\"21\" class=\"wp-image-3656\" style=\"width: 10px;\" src=\"http:\/\/kommentatorenblog.de\/wp-content\/uploads\/2020\/09\/shure-55sh-ii-e1601485394796.jpg\" alt=\"\" srcset=\"https:\/\/kommentatorenblog.de\/wp-content\/uploads\/2020\/09\/shure-55sh-ii-e1601485394796.jpg 415w, https:\/\/kommentatorenblog.de\/wp-content\/uploads\/2020\/09\/shure-55sh-ii-e1601485394796-142x300.jpg 142w\" sizes=\"auto, (max-width: 10px) 100vw, 10px\" \/> Flo Hauser, Experte: Michael Hofmann<\/p>\n\n\n\n<p><span style=\"text-decoration: underline;\">ab 20.30Uhr <\/span><\/p>\n\n\n\n<p><strong><em>Goalzone der Entscheidungen (20.45 Uhr)<\/em><\/strong><\/p>\n\n\n\n<p><img loading=\"lazy\" decoding=\"async\" width=\"10\" height=\"21\" class=\"wp-image-3656\" style=\"width: 10px;\" src=\"http:\/\/kommentatorenblog.de\/wp-content\/uploads\/2020\/09\/shure-55sh-ii-e1601485394796.jpg\" alt=\"\" srcset=\"https:\/\/kommentatorenblog.de\/wp-content\/uploads\/2020\/09\/shure-55sh-ii-e1601485394796.jpg 415w, https:\/\/kommentatorenblog.de\/wp-content\/uploads\/2020\/09\/shure-55sh-ii-e1601485394796-142x300.jpg 142w\" sizes=\"auto, (max-width: 10px) 100vw, 10px\" \/> Tobi Wahnschaffe<\/p>\n\n\n\n<p><strong><em>Atalanta Bergamo \u2013 AC Mailand (20.45 Uhr) <\/em><\/strong><\/p>\n\n\n\n<p><img loading=\"lazy\" decoding=\"async\" width=\"10\" height=\"21\" class=\"wp-image-3656\" style=\"width: 10px;\" src=\"http:\/\/kommentatorenblog.de\/wp-content\/uploads\/2020\/09\/shure-55sh-ii-e1601485394796.jpg\" alt=\"\" srcset=\"https:\/\/kommentatorenblog.de\/wp-content\/uploads\/2020\/09\/shure-55sh-ii-e1601485394796.jpg 415w, https:\/\/kommentatorenblog.de\/wp-content\/uploads\/2020\/09\/shure-55sh-ii-e1601485394796-142x300.jpg 142w\" sizes=\"auto, (max-width: 10px) 100vw, 10px\" \/> Carsten Fu\u00df, Experte: Christian Bernhard<\/p>\n\n\n\n<p><strong><em>FC Bologna \u2013 Juventus Turin (20.45 Uhr) <\/em><\/strong><\/p>\n\n\n\n<p><img loading=\"lazy\" decoding=\"async\" width=\"10\" height=\"21\" class=\"wp-image-3656\" style=\"width: 10px;\" src=\"http:\/\/kommentatorenblog.de\/wp-content\/uploads\/2020\/09\/shure-55sh-ii-e1601485394796.jpg\" alt=\"\" srcset=\"https:\/\/kommentatorenblog.de\/wp-content\/uploads\/2020\/09\/shure-55sh-ii-e1601485394796.jpg 415w, https:\/\/kommentatorenblog.de\/wp-content\/uploads\/2020\/09\/shure-55sh-ii-e1601485394796-142x300.jpg 142w\" sizes=\"auto, (max-width: 10px) 100vw, 10px\" \/> Marco Hagemann, Experte: Ralph Gunesch<\/p>\n\n\n\n<p><strong><em>SSC Neapel \u2013 Hellas Verona (20.45 Uhr) <\/em><\/strong><\/p>\n\n\n\n<p><img loading=\"lazy\" decoding=\"async\" width=\"10\" height=\"21\" class=\"wp-image-3656\" style=\"width: 10px;\" src=\"http:\/\/kommentatorenblog.de\/wp-content\/uploads\/2020\/09\/shure-55sh-ii-e1601485394796.jpg\" alt=\"\" srcset=\"https:\/\/kommentatorenblog.de\/wp-content\/uploads\/2020\/09\/shure-55sh-ii-e1601485394796.jpg 415w, https:\/\/kommentatorenblog.de\/wp-content\/uploads\/2020\/09\/shure-55sh-ii-e1601485394796-142x300.jpg 142w\" sizes=\"auto, (max-width: 10px) 100vw, 10px\" \/> Mario Rieker<\/p>\n\n\n\n<hr class=\"wp-block-separator\"\/>\n\n\n\n<p><strong>Ligue 1, 38. Spieltag (DAZN)<\/strong><\/p>\n\n\n\n<p><span style=\"text-decoration: underline;\">Sonntag, 23. Mai 2021<\/span><\/p>\n\n\n\n<p><em><strong>Angers <strong>\u2013<\/strong><\/strong> <strong>OSC Lille (21.00 Uhr)<\/strong><\/em><\/p>\n\n\n\n<p><img loading=\"lazy\" decoding=\"async\" width=\"10\" height=\"21\" class=\"wp-image-3656\" style=\"width: 10px;\" src=\"http:\/\/kommentatorenblog.de\/wp-content\/uploads\/2020\/09\/shure-55sh-ii-e1601485394796.jpg\" alt=\"\" srcset=\"https:\/\/kommentatorenblog.de\/wp-content\/uploads\/2020\/09\/shure-55sh-ii-e1601485394796.jpg 415w, https:\/\/kommentatorenblog.de\/wp-content\/uploads\/2020\/09\/shure-55sh-ii-e1601485394796-142x300.jpg 142w\" sizes=\"auto, (max-width: 10px) 100vw, 10px\" \/> Stefan Galler, Experte: Alexis Menuge<\/p>\n\n\n\n<p><em><strong>Brest <strong>\u2013<\/strong><\/strong> <strong>Paris Saint-Germain (21.00 Uhr)<\/strong><\/em><\/p>\n\n\n\n<p><img loading=\"lazy\" decoding=\"async\" width=\"10\" height=\"21\" class=\"wp-image-3656\" style=\"width: 10px;\" src=\"http:\/\/kommentatorenblog.de\/wp-content\/uploads\/2020\/09\/shure-55sh-ii-e1601485394796.jpg\" alt=\"\" srcset=\"https:\/\/kommentatorenblog.de\/wp-content\/uploads\/2020\/09\/shure-55sh-ii-e1601485394796.jpg 415w, https:\/\/kommentatorenblog.de\/wp-content\/uploads\/2020\/09\/shure-55sh-ii-e1601485394796-142x300.jpg 142w\" sizes=\"auto, (max-width: 10px) 100vw, 10px\" \/> David Ploch<\/p>\n\n\n\n<p><em><strong>RC Lens <strong>\u2013<\/strong><\/strong> <strong>AS Monaco (21.00 Uhr)<\/strong><\/em><\/p>\n\n\n\n<p><img loading=\"lazy\" decoding=\"async\" width=\"10\" height=\"21\" class=\"wp-image-3656\" style=\"width: 10px;\" src=\"http:\/\/kommentatorenblog.de\/wp-content\/uploads\/2020\/09\/shure-55sh-ii-e1601485394796.jpg\" alt=\"\" srcset=\"https:\/\/kommentatorenblog.de\/wp-content\/uploads\/2020\/09\/shure-55sh-ii-e1601485394796.jpg 415w, https:\/\/kommentatorenblog.de\/wp-content\/uploads\/2020\/09\/shure-55sh-ii-e1601485394796-142x300.jpg 142w\" sizes=\"auto, (max-width: 10px) 100vw, 10px\" \/> Matthias Naebers<\/p>\n\n\n\n<p><em><strong>Olympique Lyon <strong>\u2013<\/strong><\/strong> <strong>OGC Nizza (21.00 Uhr)<\/strong><\/em><\/p>\n\n\n\n<p><img loading=\"lazy\" decoding=\"async\" width=\"10\" height=\"21\" class=\"wp-image-3656\" style=\"width: 10px;\" src=\"http:\/\/kommentatorenblog.de\/wp-content\/uploads\/2020\/09\/shure-55sh-ii-e1601485394796.jpg\" alt=\"\" srcset=\"https:\/\/kommentatorenblog.de\/wp-content\/uploads\/2020\/09\/shure-55sh-ii-e1601485394796.jpg 415w, https:\/\/kommentatorenblog.de\/wp-content\/uploads\/2020\/09\/shure-55sh-ii-e1601485394796-142x300.jpg 142w\" sizes=\"auto, (max-width: 10px) 100vw, 10px\" \/> Guido H\u00fcsgen<\/p>\n\n\n\n<hr class=\"wp-block-separator\"\/>\n\n\n\n<p><strong>Internationaler Fussball (Sportdigital FUSSBALL)<\/strong><\/p>\n\n\n\n<p><span style=\"text-decoration: underline;\">Samstag, 22. Mai 2021<\/span><\/p>\n\n\n\n<p>A-League, Woche 22: <strong><em>Melbourne City &#8211; Central Coast Mariners (11.10 Uhr)<\/em><\/strong><\/p>\n\n\n\n<p><img loading=\"lazy\" decoding=\"async\" width=\"10\" height=\"21\" class=\"wp-image-3656\" style=\"width: 10px;\" src=\"http:\/\/kommentatorenblog.de\/wp-content\/uploads\/2020\/09\/shure-55sh-ii-e1601485394796.jpg\" alt=\"\" srcset=\"https:\/\/kommentatorenblog.de\/wp-content\/uploads\/2020\/09\/shure-55sh-ii-e1601485394796.jpg 415w, https:\/\/kommentatorenblog.de\/wp-content\/uploads\/2020\/09\/shure-55sh-ii-e1601485394796-142x300.jpg 142w\" sizes=\"auto, (max-width: 10px) 100vw, 10px\" \/> Ulf Kahmke<\/p>\n\n\n\n<p>Sky Bet Championship, Halbfinale, R\u00fcckspiel: <strong><em>Brentford FC &#8211; AFC Bournemouth (13.30 Uhr)<\/em><\/strong><\/p>\n\n\n\n<p><img loading=\"lazy\" decoding=\"async\" width=\"10\" height=\"21\" class=\"wp-image-3656\" style=\"width: 10px;\" src=\"http:\/\/kommentatorenblog.de\/wp-content\/uploads\/2020\/09\/shure-55sh-ii-e1601485394796.jpg\" alt=\"\" srcset=\"https:\/\/kommentatorenblog.de\/wp-content\/uploads\/2020\/09\/shure-55sh-ii-e1601485394796.jpg 415w, https:\/\/kommentatorenblog.de\/wp-content\/uploads\/2020\/09\/shure-55sh-ii-e1601485394796-142x300.jpg 142w\" sizes=\"auto, (max-width: 10px) 100vw, 10px\" \/> Christian Blunck<\/p>\n\n\n\n<p>Sky Bet Championship, Halbfinale, R\u00fcckspiel: <strong><em>Swansea City &#8211; FC Barnsley (19.30 Uhr)<\/em><\/strong><\/p>\n\n\n\n<p><img loading=\"lazy\" decoding=\"async\" width=\"10\" height=\"21\" class=\"wp-image-3656\" style=\"width: 10px;\" src=\"http:\/\/kommentatorenblog.de\/wp-content\/uploads\/2020\/09\/shure-55sh-ii-e1601485394796.jpg\" alt=\"\" srcset=\"https:\/\/kommentatorenblog.de\/wp-content\/uploads\/2020\/09\/shure-55sh-ii-e1601485394796.jpg 415w, https:\/\/kommentatorenblog.de\/wp-content\/uploads\/2020\/09\/shure-55sh-ii-e1601485394796-142x300.jpg 142w\" sizes=\"auto, (max-width: 10px) 100vw, 10px\" \/> Karsten Linke<\/p>\n\n\n\n<p>MLS, 6. Spieltag:<strong><em> Portland Timbers &#8211; Los Angeles Galaxy (21.38 Uhr)<\/em><\/strong><\/p>\n\n\n\n<p><img loading=\"lazy\" decoding=\"async\" width=\"10\" height=\"21\" class=\"wp-image-3656\" style=\"width: 10px;\" src=\"http:\/\/kommentatorenblog.de\/wp-content\/uploads\/2020\/09\/shure-55sh-ii-e1601485394796.jpg\" alt=\"\" srcset=\"https:\/\/kommentatorenblog.de\/wp-content\/uploads\/2020\/09\/shure-55sh-ii-e1601485394796.jpg 415w, https:\/\/kommentatorenblog.de\/wp-content\/uploads\/2020\/09\/shure-55sh-ii-e1601485394796-142x300.jpg 142w\" sizes=\"auto, (max-width: 10px) 100vw, 10px\" \/> Marcus Radefeld<\/p>\n\n\n\n<p><span style=\"text-decoration: underline;\">Sonntag, 23. Mai 2021<\/span><\/p>\n\n\n\n<p>Copa de la Liga Profesional, Halbfinale: <strong><em>CA Independiente &#8211; CA Colon (00.00 Uhr)<\/em><\/strong><\/p>\n\n\n\n<p><img loading=\"lazy\" decoding=\"async\" width=\"10\" height=\"21\" class=\"wp-image-3656\" style=\"width: 10px;\" src=\"http:\/\/kommentatorenblog.de\/wp-content\/uploads\/2020\/09\/shure-55sh-ii-e1601485394796.jpg\" alt=\"\" srcset=\"https:\/\/kommentatorenblog.de\/wp-content\/uploads\/2020\/09\/shure-55sh-ii-e1601485394796.jpg 415w, https:\/\/kommentatorenblog.de\/wp-content\/uploads\/2020\/09\/shure-55sh-ii-e1601485394796-142x300.jpg 142w\" sizes=\"auto, (max-width: 10px) 100vw, 10px\" \/> Arne Malsch<\/p>\n\n\n\n<p>A-League, Woche 22: <strong><em>Sydney FC &#8211; Western Sydney Wanderers (08.05 Uhr)<\/em><\/strong><\/p>\n\n\n\n<p><img loading=\"lazy\" decoding=\"async\" width=\"10\" height=\"21\" class=\"wp-image-3656\" style=\"width: 10px;\" src=\"http:\/\/kommentatorenblog.de\/wp-content\/uploads\/2020\/09\/shure-55sh-ii-e1601485394796.jpg\" alt=\"\" srcset=\"https:\/\/kommentatorenblog.de\/wp-content\/uploads\/2020\/09\/shure-55sh-ii-e1601485394796.jpg 415w, https:\/\/kommentatorenblog.de\/wp-content\/uploads\/2020\/09\/shure-55sh-ii-e1601485394796-142x300.jpg 142w\" sizes=\"auto, (max-width: 10px) 100vw, 10px\" \/> Jakob Vogel<\/p>\n\n\n\n<p>A-League, Woche 22: <strong><em>Melbourne Victory &#8211; Adelaide United (10.10 Uhr)<\/em><\/strong><\/p>\n\n\n\n<p><img loading=\"lazy\" decoding=\"async\" width=\"10\" height=\"21\" class=\"wp-image-3656\" style=\"width: 10px;\" src=\"http:\/\/kommentatorenblog.de\/wp-content\/uploads\/2020\/09\/shure-55sh-ii-e1601485394796.jpg\" alt=\"\" srcset=\"https:\/\/kommentatorenblog.de\/wp-content\/uploads\/2020\/09\/shure-55sh-ii-e1601485394796.jpg 415w, https:\/\/kommentatorenblog.de\/wp-content\/uploads\/2020\/09\/shure-55sh-ii-e1601485394796-142x300.jpg 142w\" sizes=\"auto, (max-width: 10px) 100vw, 10px\" \/> Karsten Linke<\/p>\n\n\n\n<p>Copa de la Liga Profesional, Halbfinale: <strong><em>Racing Club &#8211; Boca Juniors (20.30 Uhr)<\/em><\/strong><\/p>\n\n\n\n<p><img loading=\"lazy\" decoding=\"async\" width=\"10\" height=\"21\" class=\"wp-image-3656\" style=\"width: 10px;\" src=\"http:\/\/kommentatorenblog.de\/wp-content\/uploads\/2020\/09\/shure-55sh-ii-e1601485394796.jpg\" alt=\"\" srcset=\"https:\/\/kommentatorenblog.de\/wp-content\/uploads\/2020\/09\/shure-55sh-ii-e1601485394796.jpg 415w, https:\/\/kommentatorenblog.de\/wp-content\/uploads\/2020\/09\/shure-55sh-ii-e1601485394796-142x300.jpg 142w\" sizes=\"auto, (max-width: 10px) 100vw, 10px\" \/> Christian Blunck<\/p>\n\n\n\n<p>MLS, 6. Spieltag: <strong><em>Seattle Sounders FC &#8211; Atlanta United (22.55 Uhr)<\/em><\/strong><\/p>\n\n\n\n<p><img loading=\"lazy\" decoding=\"async\" width=\"10\" height=\"21\" class=\"wp-image-3656\" style=\"width: 10px;\" src=\"http:\/\/kommentatorenblog.de\/wp-content\/uploads\/2020\/09\/shure-55sh-ii-e1601485394796.jpg\" alt=\"\" srcset=\"https:\/\/kommentatorenblog.de\/wp-content\/uploads\/2020\/09\/shure-55sh-ii-e1601485394796.jpg 415w, https:\/\/kommentatorenblog.de\/wp-content\/uploads\/2020\/09\/shure-55sh-ii-e1601485394796-142x300.jpg 142w\" sizes=\"auto, (max-width: 10px) 100vw, 10px\" \/> Arne Malsch<\/p>\n\n\n\n<hr class=\"wp-block-separator\"\/>\n\n\n\n<p><strong>Die Analyse<\/strong><\/p>\n\n\n\n<p><strong>Letzter Auftritt von Sedlaczek<\/strong><\/p>\n\n\n\n<p>Esther Sedlaczek absolviert am Samstag ihren letzten Einsatz f\u00fcr Sky. Es wartet die abschlie\u00dfende Studio-Sendung zum 34. Spieltag im Studio. Gesendet wird &#8211; wie am letzten Spieltag \u00fcblich &#8211; von 13.30 Uhr bis 20.00 Uhr. Wieder sind Didi Hamann und Lothar Matth\u00e4us als Experten dabei.<\/p>\n\n\n\n<p><strong>Top-Personal k\u00fcmmert sich um den Abstiegskampf<\/strong><\/p>\n\n\n\n<p>Fast der komplette Fokus liegt am Samstag auf dem Abstiegskampf. Mit Arminia Bielefeld (Platz 15, 32 Punkte), dem SV Werder Bremen (Platz 16, 31 Punkte) und dem 1. FC K\u00f6ln (Platz 17, 30 Punkte) sind bekanntlich drei Teams mittendrin. Mit K\u00f6ln-Sympathisant Wolff Fuss schickt Sky seine Nummer eins in die Domstadt, in der Konferenz \u00fcbernimmt die Begegnung Frank Buschmann. Field-Reporter in K\u00f6ln ist Sebastian Hellmann. Eine bessere Besetzung kann\u00b4s fast nicht geben!<\/p>\n\n\n\n<p>Weiter aufw\u00e4rts in der Tabelle: Werder Bremen ist seit mehr als zwei Monaten ohne Sieg. Klar ist, dass Bremen bei einem Sieg gegen M\u00b4gladbach  zumindest sicher in der Relegation w\u00e4re. Martin Gro\u00df \u00fcbernimmt im Weser-Stadion, w\u00e4hrend sich Kai Dittmann wie letzte Woche um Bremen in der Konferenz k\u00fcmmert. Sky\u00b4Top4-Kommentatoren sind also versorgt.<\/p>\n\n\n\n<p>Alle F\u00e4den in der eigenen Hand hat Arminia Bielefeld. Ich dr\u00fccke der Mannschaft aus der Alm alle Daumen, da sich der Verein und Fans zumindest ein gemeinsames Jahr Bundesliga verdient h\u00e4tten. Au\u00dferdem habe ich <a href=\"http:\/\/kommentatorenblog.de\/?p=2733\">nach Ende der vergangenen Saison hier im Blog die These gewagt <\/a>, dass die Arminia die Klasse halten wird. Sky ist mit Marcus Lindemann und Michael Leopold (beim -noch- Aufsteigerduell) in Stuttgart, Hansi K\u00fcpper begleitet die Partie in der Konferenz. Den VfB hatte K\u00fcpper ja bereits am vergangenen Spieltag in der Konferenz \u00fcbernommen. <\/p>\n\n\n\n<p><strong>Friedrich wieder in M\u00fcnchen<\/strong><\/p>\n\n\n\n<p>Wie in der Vorsaison kommentiert Jonas Friedrich das letzte Heimspiel der Bayern inklusive \u00dcbergabe der Meisterschale. Interviews beim Spiel vor 250 Zuschauern  f\u00fchrt Patrick Wasserziehr. In der Konferenz ist Roland Evers am Werk, den Rekordmeister \u00fcbernimmt er ja gerne mal zum Ende der Saison. <\/p>\n\n\n\n<p><strong>Abschiedsspiel f\u00fcr Tom Bayer<\/strong><\/p>\n\n\n\n<p>Wir hatten es in den Kommentaren angdeutet. Interview-Gast und Kommentatoren-Legende Tom Bayer\u00b4s letztes Spiel ist die Begegnung zwischen Dortmund und Leverkusen. Im Namen aller Leser: Danke und alles Gute f\u00fcr den &#8222;Ruhestand&#8220;. Begleitet wird Bayer in Dortmund von Ulli Potofski &#8211; Nostalgie pur! <\/p>\n\n\n\n<p><strong>Wer schafft\u00b4s in die Conference League?<\/strong> <strong>und das Ananasspiel<\/strong><\/p>\n\n\n\n<p>Die Teilnehmer der Champions League und Europa League stehen ja bereits fest. Wer am Ende der Saison auf Platz sieben stehen wird, ist noch offen. Mit Union, Gladbach, Stuttgart und Freiburg sind noch vier Teams im Rennen. Das Spiel der Gladbacher in Bremen ist ja schon oben abgehandelt worden. In der alten F\u00f6rsterei, wo sehr wahrscheinlich nach einem guten halben Jahr wieder einmal 2000 Fans ein Bundesligaspiel zu sehen bekommen sind Oliver Seidler und Nele Schenker zugegen. Holger Pfandt meldet sich hier letztmals aus der Bundesliga-Konferenz. Freiburg ist in Frankfurt zu Gast, J\u00fcrgen Schmitz \u00fcbernimmt wieder den SC im Einzelspiel. Klaus Veltman h\u00f6rt ihr in der Konferenz.<\/p>\n\n\n\n<p>Zum Abschluss der 1. Bundesliga noch ein Blick auf das Ananasspiel zwischen der TSG Hoffenheim und Hertha BSC. Sven Haist bekommt zum Sky-Abschied ein Einzelspiel in der Pre-Zero Arena. SSN-Reporter Torben Hofmann darf hier ausnahmsweise als Field-Reporter in der h\u00f6chsten Spielklasse ran. Toni Tomic macht die Konferenz. <\/p>\n\n\n\n<p><strong>Spannender Aufstiegskampf<\/strong> <strong>in der 2. Bundesliga<\/strong><\/p>\n\n\n\n<p>In Liga zwei moderieren wie bereits vergangenen Sonntag Yannick Erkenbrecher und Torsten Mattuschka. It\u00b4s all about Aufstiegskampf. Der VfL Bochum (Platz 1, 64 Punkte), Holstein Kiel (Platz 2, 62 Punkte) und die SpVgg Greuther F\u00fcrth (Platz 3, 61 Punkte) sind sicher unter den Top-3 &#8211; aber wer landet am Ende wo? \ud83d\ude00 <\/p>\n\n\n\n<p>Alle spielen Zuhause, Sky ist mit Kommentator &amp; Co. vor Ort. Martin Gro\u00df und Dirk gro\u00dfe Schlarmann machen den Ausflug nach Bochum. Hansi K\u00fcpper, der die Bochumer am vergangenen Wochenende ja noch im Einzelspiel kommentiert hatte, \u00fcbernimmt die Begegnung in der Konferenz. Holstein Kiel erwartet Darmstadt mit Zweit-Liga Toptorsch\u00fctzen Serdar Dursun. Die Nordlichter Michael Born und Sven T\u00f6llner sind am Start. Konferenz Kommentator ist Kai Dittmann &#8211; auch letztes Jahr half er am letzten Zweitligaspieltag aus. Nach F\u00fcrth begeben sich Toni Tomic und Stefan Hempel. Roland Evers, in der Konferenz, komplettiert das Trio. <\/p>\n\n\n\n<p><strong>Abstiegskampf ebenfalls noch offen<\/strong><\/p>\n\n\n\n<p>Im Abstiegskampf muss f\u00fcr Eintracht Braunschweig Sieg her. Oliver Seidler reist aus Berlin-K\u00f6penick an. Sechzehnter Osnabr\u00fcck hat die Relegation in der eigenen Hand. Torsten Kunde kommentiert die Partie in Aue aus der Box in M\u00fcnchen. F\u00fcr Interviews gibt\u00b4s  eine Schaltm\u00f6glichkeit. Sandhausen, siehe oben, muss ja gegen Bochum ran. Die Partie von Regensburg gegen Pauli kommentiert Sky-Redakteur Timo Schmidtchen &#8211; sein zweites Live-Spiel nach einem Pokaleinsatz zum Beginn der Saison. In der Konferenz hei\u00dfen die Verantwortlichen f\u00fcr den Abstiegskampf &#8211; neben dem schon angesprochen Hansi K\u00fcpper &#8211; Markus Gaupp, Klaus Veltman und Heiko Mallwitz. <\/p>\n\n\n\n<p><strong>Aufstiegs-Endspiel<\/strong> <strong>in der 3.Liga<\/strong><\/p>\n\n\n\n<p>Samstagmittag schauen quasi alle auf die Partie zwischen dem FC Ingolstadt (3.) und 1860 M\u00fcnchen (4.). Magenta Sport und der Bayrische Rundfunk zeigen das &#8222;Finale&#8220;. Bei der Telekom wird\u00b4s zum Topspiel. Kommentator Alex Klich, Experte Rudi Bommer und Moderatorin Anett Sattler melden sich ab 13.00 Uhr aus dem Audi Sportpark, f\u00fcr den BR \u00fcbernehmen Florian Eckl und Markus Othmer. Bei der Partie von Hansa Rostock &#8211; die mit einem Sieg den Aufstieg klar machen w\u00fcrden &#8211; habt ihr die freie Auswahl zwischen Magenta Sport, NDR und MDR. <\/p>\n\n\n\n<p><strong>Premier League-Konferenz und letzter Einsatz f\u00fcr Pfandt<\/strong><\/p>\n\n\n\n<p>In der Premier League gibt es am Sonntag zum 38. Spieltag gleich zwei Besonderheiten. Einerseits bietet Sky eine &#8222;richtige&#8220; Konferenz. Drei Spiele, Thema: Der Kampf um die Champions League. Neben den &#8222;Stammspielern&#8220; Jogi Hebel und Hannes Herrmann, kommt Jonas Friedrich zum Einsatz. Als Einzelspiel bietet Sky lediglich die Partie von Meister Manchester City. Nach sechs Jahren bei Sky wird dies das Abschiedsspiel f\u00fcr Holger Pfandt nach sechs Jahren sein. Schmiso und Ren\u00e9 Adler machen &#8222;nur&#8220; die Studio-Sendung und keinen Live-Kommentar. <\/p>\n\n\n\n<p><strong>Meisterkonferenz mit Madrid-Clubs<\/strong><\/p>\n\n\n\n<p>In La Liga, die ja bis 2026 bei DAZN zu sehen ist, gibt\u00b4s wie in der Vorwoche eine &#8222;richtige&#8220; Meisterkonferenz. Logischerweise ohne den FC Barcelona. Jan Platte und Uli Hebel k\u00fcmmern sich wieder um Atl\u00e9tico bzw. Real k\u00fcmmern. Bei den Einzelspielen h\u00f6rt ihr Flo Hauser bei Real und Uwe Morawe bei Atl\u00e9tico, Chris Putz wirft einen letzten Blick auf Messi &amp; Co.<\/p>\n\n\n\n<p><strong>Goalzone der Entscheidungen<\/strong><\/p>\n\n\n\n<p>Spannend wird der letzten Spieltag auch in Italien und Frankreich. DAZN sendet am Sonntagabend eine Goalzone mit sieben! Spielen. Tobi Wahnschaffe moderiert. Den Titelkampf aus der Ligue1 kommentieren die \u00fcblichen Verd\u00e4chtigen<\/p>\n\n\n\n<p>In der Serie A ist mit Inter der Meister gefunden. Im Kampf um die Champions League. ben\u00f6tigt Juventus Turin einen Patzer der Konkurrenz aus Mailand und Neapel. <\/p>\n\n\n\n<p>Last but not least: In der Frauen-Bundesliga steht der FC Bayern M\u00fcnchen kurz vor der Meisterschaft. Christoph Fetzer \u00fcbernimmt f\u00fcr Magenta Sport und Markus Theil f\u00fcr Eurosport. Bei sportdigital FUSSBALL stehen unter anderem die Halbfinal R\u00fcckspiel der Championship-Playoffs an, Christian Blunck und Karsten Linke sind mit von der Partie. <\/p>\n\n\n\n<p><strong>Danke an euch alle!<\/strong><\/p>\n\n\n\n<p>Und da ja der gr\u00f6\u00dfte Teil des Liga-Fussballs nach diesem Wochenende in die Sommerpause geht, bedanke ich mich im Rahmen vom ganzen Kommentatorenblog-Team bei allen Lesern! Feedback jeglicher Art und auch W\u00fcnsche f\u00fcr die kommende Spielzeit k\u00f6nnt ihr uns nat\u00fcrlich in den Kommentaren, in den Sozialen Medien oder auch per Mail nennen und zusenden. Danke auch an die Kollegen Leon und Justin f\u00fcr das Interview bzw. das Auflisten der Field-Reporter! Aber nat\u00fcrlich gibt es auch in den kommenden Wochen mit den Relegationen und ab Juni auch mit der EM w\u00f6chentlich neue Beitr\u00e4ge. <\/p>\n\n\n\n<p>Na dann, auf ein unterhaltsames letztes Wochenende mit Ligafussball f\u00fcr knapp drei Monate! Lasset die Spiele beginnen.<\/p>\n","protected":false},"excerpt":{"rendered":"<p>-Update- Die Ansetzungen zu den Hinspielen in der Relegation und zum Finale der Europa League, findet ihr nach dem Interview! Nach 36 Jahren ist Schluss \u2013 Reporter-Legende Tom Bayer verabschiedet sich nach dem Ende dieser Bundesliga-Saison in den wohlverdienten Ruhestand. Das Gespr\u00e4ch mit \u201eder Stimme des Rheinlands\u201c war zugegebenerma\u00dfen besonders, weil Tom und ich (Anm. [&hellip;]<\/p>\n","protected":false},"author":5,"featured_media":0,"comment_status":"open","ping_status":"open","sticky":false,"template":"","format":"standard","meta":{"footnotes":""},"categories":[424],"tags":[20,10,178,73,60,30,392,287,97,308,89,61,25,92,90,48,72,213,69,244,86,93,53,159,158,31,9,70,112,121,126,95,71,17,114,88,15,369,113,94,23,45,98,127,22,134,28,96,27,102,341,252,85,24,245,87,346,105,289,18,107,196],"class_list":["post-9121","post","type-post","status-publish","format-standard","hentry","category-bundesliga-und-co","tag-2-bundesliga","tag-3-liga","tag-br","tag-britta-hofmann","tag-bundesliga","tag-didi-hamann","tag-dirk-grosse-schlarmann","tag-ecki-heuser","tag-esther-sedlaczek","tag-florian-malburg","tag-florian-schmidt-sommerfeld","tag-frank-buschmann","tag-hansi-kuepper","tag-heiko-mallwitz","tag-holger-pfandt","tag-jan-platte","tag-jaron-steiner","tag-jens-westen","tag-jonas-friedrich","tag-jurek-rohrberg","tag-juergen-schmitz","tag-kai-dittmann","tag-klaus-veltmann","tag-la-liga","tag-ligue-1","tag-lothar-matthaeus","tag-magenta-sport","tag-marcel-meinert","tag-marcus-lindemann","tag-markus-gaupp","tag-markus-goetz","tag-martin-gross","tag-martin-weinberger","tag-mdr","tag-michael-born","tag-michael-leopold","tag-ndr","tag-nele-schenker","tag-oliver-seidler","tag-patrick-wasserziehr","tag-premier-league","tag-roland-evers","tag-sebastian-hellmann","tag-serie-a","tag-sky","tag-sportdigital-fussball","tag-stefan-hempel","tag-sven-haist","tag-sven-schroeter","tag-sven-toellner","tag-timo-schmidtchen","tag-tobi-wahnschaffe","tag-tom-bayer","tag-toni-tomic","tag-torben-hoffmann","tag-torsten-kunde","tag-torsten-mattuschka","tag-uli-hebel","tag-ulli-potofski","tag-wdr","tag-wolff-fuss","tag-yannick-erkenbrecher"],"_links":{"self":[{"href":"https:\/\/kommentatorenblog.de\/index.php?rest_route=\/wp\/v2\/posts\/9121","targetHints":{"allow":["GET"]}}],"collection":[{"href":"https:\/\/kommentatorenblog.de\/index.php?rest_route=\/wp\/v2\/posts"}],"about":[{"href":"https:\/\/kommentatorenblog.de\/index.php?rest_route=\/wp\/v2\/types\/post"}],"author":[{"embeddable":true,"href":"https:\/\/kommentatorenblog.de\/index.php?rest_route=\/wp\/v2\/users\/5"}],"replies":[{"embeddable":true,"href":"https:\/\/kommentatorenblog.de\/index.php?rest_route=%2Fwp%2Fv2%2Fcomments&post=9121"}],"version-history":[{"count":77,"href":"https:\/\/kommentatorenblog.de\/index.php?rest_route=\/wp\/v2\/posts\/9121\/revisions"}],"predecessor-version":[{"id":9267,"href":"https:\/\/kommentatorenblog.de\/index.php?rest_route=\/wp\/v2\/posts\/9121\/revisions\/9267"}],"wp:attachment":[{"href":"https:\/\/kommentatorenblog.de\/index.php?rest_route=%2Fwp%2Fv2%2Fmedia&parent=9121"}],"wp:term":[{"taxonomy":"category","embeddable":true,"href":"https:\/\/kommentatorenblog.de\/index.php?rest_route=%2Fwp%2Fv2%2Fcategories&post=9121"},{"taxonomy":"post_tag","embeddable":true,"href":"https:\/\/kommentatorenblog.de\/index.php?rest_route=%2Fwp%2Fv2%2Ftags&post=9121"}],"curies":[{"name":"wp","href":"https:\/\/api.w.org\/{rel}","templated":true}]}}