{"id":9254,"date":"2021-05-27T19:08:03","date_gmt":"2021-05-27T17:08:03","guid":{"rendered":"http:\/\/kommentatorenblog.de\/?p=9254"},"modified":"2021-06-02T17:39:25","modified_gmt":"2021-06-02T15:39:25","slug":"1174-the-last-dance","status":"publish","type":"post","link":"https:\/\/kommentatorenblog.de\/?p=9254","title":{"rendered":"1174 \u2013 The Last Dance"},"content":{"rendered":"\n<p><strong>*UPDATE: Die Ansetzungen der Test-L\u00e4nderspiele der kommenden Tage + U21-EM sind erg\u00e4nzt!<\/strong><\/p>\n\n\n\n<p>N\u2019 Abend allerseits,<\/p>\n\n\n\n<p>Samstag geht ja bekanntlich (vorerst) eine \u00c4ra zu Ende. Nach rund 20 Jahren wird Sky in der n\u00e4chsten Rechteperiode keine Spiele der Champions League mehr zeigen. Ich werden den &#8222;Dienstag\/Mittwoch der Champions auf jeden Fall vermissen. Wieso? Weil Sky im TV inhaltlich und technisch fast immer abgeliefert hat. Und auch auf die &#8222;Lothar, Lothar&#8220;-Sprechch\u00f6re (vom Studio-Publikum vor Corona&#8230;), den Analyse-Holl\u00e4nder, der im Bild steht und die Anz\u00fcge, etc. will ich ungerne verzichten. Ich wei\u00df aber auch, dass viele Zuschauer in meinem Alter mit dem Thema hochwertiges Fernsehen inklusive Vorberichterstattung wenig anfangen k\u00f6nnen. Ich w\u00fcrde zum Beispiel immer f\u00fcnf Euro mehr im Monat zahlen, wenn ich w\u00fcsste, dass jedes CL-Spiel mit deutscher Beteiligung aus dem Stadion kommentiert werde w\u00fcrde.  <\/p>\n\n\n\n<p>Im Zweifel erhalten die Rechte an Sport\u00fcbertragungen jedoch immer die Medien, die am meisten Geld daf\u00fcr ausgeben k\u00f6nnen\/wollen. In diesem Fall sprechen wir \u00fcber DAZN und Amazon. DAZN wird nat\u00fcrlich aufr\u00fcsten und in der Post-Corona-Zeit wieder mehr aus dem Stadion machen. Und Amazon wird f\u00fcr mich dann quasi der Sky-Ersatz, weil wir uns da auf teure und hochwertige Produktionen freuen k\u00f6nnen. Champions League l\u00e4sst sich auch in der n\u00e4chsten Saison noch anschauen \ud83d\ude00 <\/p>\n\n\n\n<p>Nichtsdestotrotz geht der Zuschauer als Verlierer aus der Sache. Der  \u00dcbertragungsweg f\u00fcr beide Streamingdienste ist das Internet. Die Zeitverz\u00f6gerung wird also bleiben, wobei die <a href=\"http:\/\/wobei die neue Kooperation von Sky und DAZN Hoffnung macht.\">neue Kooperation von Sky und DAZN<\/a> Hoffnung macht. Die technischen Probleme, wie zuletzt wieder beim Relegations-Hinspiel zwischen K\u00f6ln und Kiel, werden wohl auch nicht zu 100% verschwinden. Entt\u00e4uschend ist aber vor allem die Tatsache, dass das Amazon-Spiel (im Zweifel immer eine Partie vom FC Bayern M\u00fcnchen oder Borussia Dortmund) nicht von DAZN in der Konferenz gezeigt werden darf. F\u00fcr den Zuschauer absolut unbefriedigend, f\u00fcr Amazon macht es das \u00dcbertragungsrecht nat\u00fcrlich erst interessant. Der Dank daf\u00fcr gilt an dieser Stelle wohl der UEFA, die dies erm\u00f6glicht hat?!<\/p>\n\n\n\n<p>Wie blickt ihr auf die Champions League-\u00dcbertragungen bei Sky zur\u00fcck? Was wird euch fehlen? Worauf freut ihr euch bei DAZN\/Amazon? Packt eure Meinungen gerne in die Kommentare!<\/p>\n\n\n\n<hr class=\"wp-block-separator\"\/>\n\n\n\n<p><strong><em>Die Ansetzungen vom 28. Mai bis zum 03. Juni 2021<\/em><\/strong><\/p>\n\n\n\n<p><strong>Testspiele<\/strong><\/p>\n\n\n\n<p><span style=\"text-decoration: underline;\">Mittwoch, 02. Juni 2021, ab 20.15 Uhr (RTL) <\/span><\/p>\n\n\n\n<p><em><strong>Deutschland <em><strong>\u2013<\/strong><\/em><\/strong><\/em> <em><strong>D\u00e4nemark (21.00 Uhr)<\/strong><\/em><\/p>\n\n\n\n<p><img loading=\"lazy\" decoding=\"async\" width=\"10\" height=\"21\" class=\"wp-image-3656\" style=\"width: 10px;\" src=\"http:\/\/kommentatorenblog.de\/wp-content\/uploads\/2020\/09\/shure-55sh-ii-e1601485394796.jpg\" alt=\"\" srcset=\"https:\/\/kommentatorenblog.de\/wp-content\/uploads\/2020\/09\/shure-55sh-ii-e1601485394796.jpg 415w, https:\/\/kommentatorenblog.de\/wp-content\/uploads\/2020\/09\/shure-55sh-ii-e1601485394796-142x300.jpg 142w\" sizes=\"auto, (max-width: 10px) 100vw, 10px\" \/> RTL: Marco Hagemann, Experte: Steffen Freund<\/p>\n\n\n\n<p>Moderation: Florian K\u00f6nig, Experte: Lothar Matth\u00e4us<\/p>\n\n\n\n<p><span style=\"text-decoration: underline;\">ab 20.45 Uhr (DAZN)<\/span><\/p>\n\n\n\n<p><em><strong>Niederlande <em><strong>\u2013<\/strong><\/em><\/strong><\/em> <em><strong>Schottland (21.00 Uhr)<\/strong><\/em><\/p>\n\n\n\n<p><img loading=\"lazy\" decoding=\"async\" width=\"10\" height=\"21\" class=\"wp-image-3656\" style=\"width: 10px;\" src=\"http:\/\/kommentatorenblog.de\/wp-content\/uploads\/2020\/09\/shure-55sh-ii-e1601485394796.jpg\" alt=\"\" srcset=\"https:\/\/kommentatorenblog.de\/wp-content\/uploads\/2020\/09\/shure-55sh-ii-e1601485394796.jpg 415w, https:\/\/kommentatorenblog.de\/wp-content\/uploads\/2020\/09\/shure-55sh-ii-e1601485394796-142x300.jpg 142w\" sizes=\"auto, (max-width: 10px) 100vw, 10px\" \/> Freddie Schulz<\/p>\n\n\n\n<p><span style=\"text-decoration: underline;\">ab 21.00 Uhr (DAZN)<\/span><\/p>\n\n\n\n<p><em><strong>England <em><strong>\u2013<\/strong><\/em><\/strong><\/em> <em><strong>\u00d6sterreich (21.00 Uhr)<\/strong><\/em><\/p>\n\n\n\n<p><img loading=\"lazy\" decoding=\"async\" width=\"10\" height=\"21\" class=\"wp-image-3656\" style=\"width: 10px;\" src=\"http:\/\/kommentatorenblog.de\/wp-content\/uploads\/2020\/09\/shure-55sh-ii-e1601485394796.jpg\" alt=\"\" srcset=\"https:\/\/kommentatorenblog.de\/wp-content\/uploads\/2020\/09\/shure-55sh-ii-e1601485394796.jpg 415w, https:\/\/kommentatorenblog.de\/wp-content\/uploads\/2020\/09\/shure-55sh-ii-e1601485394796-142x300.jpg 142w\" sizes=\"auto, (max-width: 10px) 100vw, 10px\" \/> Max Gross<\/p>\n\n\n\n<p><em><strong>Frankreich <em><strong>\u2013<\/strong><\/em><\/strong><\/em> <em><strong>Wales (21.00 Uhr)<\/strong><\/em><\/p>\n\n\n\n<p><img loading=\"lazy\" decoding=\"async\" width=\"10\" height=\"21\" class=\"wp-image-3656\" style=\"width: 10px;\" src=\"http:\/\/kommentatorenblog.de\/wp-content\/uploads\/2020\/09\/shure-55sh-ii-e1601485394796.jpg\" alt=\"\" srcset=\"https:\/\/kommentatorenblog.de\/wp-content\/uploads\/2020\/09\/shure-55sh-ii-e1601485394796.jpg 415w, https:\/\/kommentatorenblog.de\/wp-content\/uploads\/2020\/09\/shure-55sh-ii-e1601485394796-142x300.jpg 142w\" sizes=\"auto, (max-width: 10px) 100vw, 10px\" \/> Felix Keil <\/p>\n\n\n\n<p><span style=\"text-decoration: underline;\">Donnerstag, 03. Juni 2021 (DAZN) <\/span><\/p>\n\n\n\n<p><em><strong>Belgien <em><strong>\u2013<\/strong><\/em><\/strong><\/em> <em><strong>Griechenland (20.45 Uhr)<\/strong><\/em><\/p>\n\n\n\n<p><img loading=\"lazy\" decoding=\"async\" width=\"10\" height=\"21\" class=\"wp-image-3656\" style=\"width: 10px;\" src=\"http:\/\/kommentatorenblog.de\/wp-content\/uploads\/2020\/09\/shure-55sh-ii-e1601485394796.jpg\" alt=\"\" srcset=\"https:\/\/kommentatorenblog.de\/wp-content\/uploads\/2020\/09\/shure-55sh-ii-e1601485394796.jpg 415w, https:\/\/kommentatorenblog.de\/wp-content\/uploads\/2020\/09\/shure-55sh-ii-e1601485394796-142x300.jpg 142w\" sizes=\"auto, (max-width: 10px) 100vw, 10px\" \/> Tom Kirsten<\/p>\n\n\n\n<hr class=\"wp-block-separator\"\/>\n\n\n\n<p><strong>Champions League Finale<\/strong><\/p>\n\n\n\n<p><span style=\"text-decoration: underline;\">Samstag, 29. Mai 2021, ab 19.30 Uhr (Sky) \/ ab 20.30 Uhr (DAZN)<\/span><\/p>\n\n\n\n<p><em><strong>Manchester City <em><strong>\u2013<\/strong><\/em><\/strong><\/em> <em><strong>FC Chelsea (21.00 Uhr)<\/strong><\/em><\/p>\n\n\n\n<p><img loading=\"lazy\" decoding=\"async\" width=\"10\" height=\"21\" class=\"wp-image-3656\" style=\"width: 10px;\" src=\"http:\/\/kommentatorenblog.de\/wp-content\/uploads\/2020\/09\/shure-55sh-ii-e1601485394796.jpg\" alt=\"\" srcset=\"https:\/\/kommentatorenblog.de\/wp-content\/uploads\/2020\/09\/shure-55sh-ii-e1601485394796.jpg 415w, https:\/\/kommentatorenblog.de\/wp-content\/uploads\/2020\/09\/shure-55sh-ii-e1601485394796-142x300.jpg 142w\" sizes=\"auto, (max-width: 10px) 100vw, 10px\" \/> Sky: Wolff Fuss, Field-Reporter: Patrick Wasserziehr und Max Bielefeld<\/p>\n\n\n\n<p><img loading=\"lazy\" decoding=\"async\" width=\"10\" height=\"21\" class=\"wp-image-3656\" style=\"width: 10px;\" src=\"http:\/\/kommentatorenblog.de\/wp-content\/uploads\/2020\/09\/shure-55sh-ii-e1601485394796.jpg\" alt=\"\" srcset=\"https:\/\/kommentatorenblog.de\/wp-content\/uploads\/2020\/09\/shure-55sh-ii-e1601485394796.jpg 415w, https:\/\/kommentatorenblog.de\/wp-content\/uploads\/2020\/09\/shure-55sh-ii-e1601485394796-142x300.jpg 142w\" sizes=\"auto, (max-width: 10px) 100vw, 10px\" \/> DAZN: Jan Platte, Experte: Sandro Wagner<\/p>\n\n\n\n<p>Moderation (Sky): Sebastian Hellmann, Experten:&nbsp;Didi Hamann, Lothar Matth\u00e4us und Erik Meijer<\/p>\n\n\n\n<p>Moderation (DAZN): Alex Schl\u00fcter<\/p>\n\n\n\n<hr class=\"wp-block-separator\"\/>\n\n\n\n<p><strong>Relegation um die Bundesliga, R\u00fcckspiel (DAZN)<\/strong><\/p>\n\n\n\n<p><span style=\"text-decoration: underline;\">Samstag, 29. Mai 2021, ab 17.30 Uhr<\/span><\/p>\n\n\n\n<p><strong><em>Holstein Kiel \u2013 <strong><em>1. FC K\u00f6ln<\/em><\/strong><\/em><\/strong> <strong><em>(18.00 Uhr)<\/em><\/strong><\/p>\n\n\n\n<p class=\"has-normal-font-size\"><img loading=\"lazy\" decoding=\"async\" width=\"10\" height=\"21\" class=\"wp-image-3656\" style=\"width: 10px;\" src=\"http:\/\/kommentatorenblog.de\/wp-content\/uploads\/2020\/09\/shure-55sh-ii-e1601485394796.jpg\" alt=\"\" srcset=\"https:\/\/kommentatorenblog.de\/wp-content\/uploads\/2020\/09\/shure-55sh-ii-e1601485394796.jpg 415w, https:\/\/kommentatorenblog.de\/wp-content\/uploads\/2020\/09\/shure-55sh-ii-e1601485394796-142x300.jpg 142w\" sizes=\"auto, (max-width: 10px) 100vw, 10px\" \/> Marco Hagemann, Experte: Ralph Gunesch <\/p>\n\n\n\n<p>Moderation: Daniel Herzog, Field-Reporter: Freddy Harder<\/p>\n\n\n\n<hr class=\"wp-block-separator\"\/>\n\n\n\n<p><strong>Relegation um die 2. Bundesliga, R\u00fcckspiel (DAZN\/ZDF)<\/strong><\/p>\n\n\n\n<p><span style=\"text-decoration: underline;\">Sonntag, 30. Mai 2021, ab 13.15 Uhr (DAZN)\/ab 13.25 Uhr (ZDF)<\/span><\/p>\n\n\n\n<p><em style=\"font-style: italic; font-weight: bold;\">VfL Osnabr\u00fcck<\/em><strong><em> \u2013 <strong><em>FC Ingolstadt<\/em><\/strong><\/em><\/strong> <strong><em>(13.30 Uhr)<\/em><\/strong><\/p>\n\n\n\n<p class=\"has-normal-font-size\">DAZN: <img loading=\"lazy\" decoding=\"async\" width=\"10\" height=\"21\" class=\"wp-image-3656\" style=\"width: 10px;\" src=\"http:\/\/kommentatorenblog.de\/wp-content\/uploads\/2020\/09\/shure-55sh-ii-e1601485394796.jpg\" alt=\"\" srcset=\"https:\/\/kommentatorenblog.de\/wp-content\/uploads\/2020\/09\/shure-55sh-ii-e1601485394796.jpg 415w, https:\/\/kommentatorenblog.de\/wp-content\/uploads\/2020\/09\/shure-55sh-ii-e1601485394796-142x300.jpg 142w\" sizes=\"auto, (max-width: 10px) 100vw, 10px\" \/> Mario Rieker, Experte: Benny Lauth<\/p>\n\n\n\n<p class=\"has-normal-font-size\">ZDF: <img loading=\"lazy\" decoding=\"async\" width=\"10\" height=\"21\" class=\"wp-image-3656\" style=\"width: 10px;\" src=\"http:\/\/kommentatorenblog.de\/wp-content\/uploads\/2020\/09\/shure-55sh-ii-e1601485394796.jpg\" alt=\"\" srcset=\"https:\/\/kommentatorenblog.de\/wp-content\/uploads\/2020\/09\/shure-55sh-ii-e1601485394796.jpg 415w, https:\/\/kommentatorenblog.de\/wp-content\/uploads\/2020\/09\/shure-55sh-ii-e1601485394796-142x300.jpg 142w\" sizes=\"auto, (max-width: 10px) 100vw, 10px\" \/> Claudia Neumann, Experte: Hanno Balitsch<\/p>\n\n\n\n<p>Moderation (DAZN): Alex Schl\u00fcter, Field-Reporter: Sebastian Benesch<\/p>\n\n\n\n<p>Moderation (ZDF): Jochen Breyer, Experte: Peter Hyballa, Field-Reporter: Gari Paubandt <\/p>\n\n\n\n<hr class=\"wp-block-separator\"\/>\n\n\n\n<p><strong>DFB-Pokal-Finale der Frauen (ARD)<\/strong><\/p>\n\n\n\n<p><span style=\"text-decoration: underline;\">Sonntag, 30. Mai 2021, ab 15.30 Uhr<\/span><\/p>\n\n\n\n<p><strong><em>Eintracht Frankfurt \u2013 <strong><em>VfL Wolfsburg <\/em><\/strong><\/em><\/strong><strong><em>(16.00 Uhr)<\/em><\/strong><\/p>\n\n\n\n<p class=\"has-normal-font-size\"><img loading=\"lazy\" decoding=\"async\" width=\"10\" height=\"21\" class=\"wp-image-3656\" style=\"width: 10px;\" src=\"http:\/\/kommentatorenblog.de\/wp-content\/uploads\/2020\/09\/shure-55sh-ii-e1601485394796.jpg\" alt=\"\" srcset=\"https:\/\/kommentatorenblog.de\/wp-content\/uploads\/2020\/09\/shure-55sh-ii-e1601485394796.jpg 415w, https:\/\/kommentatorenblog.de\/wp-content\/uploads\/2020\/09\/shure-55sh-ii-e1601485394796-142x300.jpg 142w\" sizes=\"auto, (max-width: 10px) 100vw, 10px\" \/> Bernd Schmelzer, Field-Reporter: Patrick Halatsch<\/p>\n\n\n\n<p>Moderation: Claus Lufen, Expertin: Nia K\u00fcnzer <\/p>\n\n\n\n<hr class=\"wp-block-separator\"\/>\n\n\n\n<p><strong>U21-Europameisterschaft, Viertelfinale (ProSieben MAXX)<\/strong><\/p>\n\n\n\n<p><span style=\"text-decoration: underline;\">Montag, 31. Mai 2021, ab 17.30 Uhr<\/span><\/p>\n\n\n\n<p><strong><em>Niederlande \u2013 <strong><em>Frankreich <\/em><\/strong><\/em><\/strong><strong><em>(18.00 Uhr)<\/em><\/strong><\/p>\n\n\n\n<p class=\"has-normal-font-size\"><img loading=\"lazy\" decoding=\"async\" width=\"10\" height=\"21\" class=\"wp-image-3656\" style=\"width: 10px;\" src=\"http:\/\/kommentatorenblog.de\/wp-content\/uploads\/2020\/09\/shure-55sh-ii-e1601485394796.jpg\" alt=\"\" srcset=\"https:\/\/kommentatorenblog.de\/wp-content\/uploads\/2020\/09\/shure-55sh-ii-e1601485394796.jpg 415w, https:\/\/kommentatorenblog.de\/wp-content\/uploads\/2020\/09\/shure-55sh-ii-e1601485394796-142x300.jpg 142w\" sizes=\"auto, (max-width: 10px) 100vw, 10px\" \/> Franz B\u00fcchner<\/p>\n\n\n\n<p>Moderation: Anna Kraft, Experte: Markus Babbel <\/p>\n\n\n\n<hr class=\"wp-block-separator\"\/>\n\n\n\n<p><strong>U21-Europameisterschaft, Viertelfinale (ProSieben)<\/strong><\/p>\n\n\n\n<p><span style=\"text-decoration: underline;\">Montag, 31. Mai 2021, ab 20.15 Uhr<\/span><\/p>\n\n\n\n<p><strong><em>D\u00e4nemark \u2013 <strong><em>Deutschland <\/em><\/strong><\/em><\/strong><strong><em>(21.00 Uhr)<\/em><\/strong><\/p>\n\n\n\n<p class=\"has-normal-font-size\"><img loading=\"lazy\" decoding=\"async\" width=\"10\" height=\"21\" class=\"wp-image-3656\" style=\"width: 10px;\" src=\"http:\/\/kommentatorenblog.de\/wp-content\/uploads\/2020\/09\/shure-55sh-ii-e1601485394796.jpg\" alt=\"\" srcset=\"https:\/\/kommentatorenblog.de\/wp-content\/uploads\/2020\/09\/shure-55sh-ii-e1601485394796.jpg 415w, https:\/\/kommentatorenblog.de\/wp-content\/uploads\/2020\/09\/shure-55sh-ii-e1601485394796-142x300.jpg 142w\" sizes=\"auto, (max-width: 10px) 100vw, 10px\" \/> Uwe Morawe, Field-Reporter: Max Zielke<\/p>\n\n\n\n<p>Moderation: Christian D\u00fcren, Experte: Ren\u00e9 Adler <\/p>\n\n\n\n<p>Netman: Christoph &#8222;Icke&#8220; Dommisch <\/p>\n\n\n\n<hr class=\"wp-block-separator\"\/>\n\n\n\n<p><strong>U21-Europameisterschaft, Halbfinale (ProSieben MAXX)<\/strong><\/p>\n\n\n\n<p><span style=\"text-decoration: underline;\">Donnerstag, 03. Juni 2021, ab 17.30 Uhr<\/span><\/p>\n\n\n\n<p><strong><em>Spanien \u2013 <strong><em>Portugal <\/em><\/strong><\/em><\/strong><strong><em>(18.00 Uhr)<\/em><\/strong><\/p>\n\n\n\n<p class=\"has-normal-font-size\"><img loading=\"lazy\" decoding=\"async\" width=\"10\" height=\"21\" class=\"wp-image-3656\" style=\"width: 10px;\" src=\"http:\/\/kommentatorenblog.de\/wp-content\/uploads\/2020\/09\/shure-55sh-ii-e1601485394796.jpg\" alt=\"\" srcset=\"https:\/\/kommentatorenblog.de\/wp-content\/uploads\/2020\/09\/shure-55sh-ii-e1601485394796.jpg 415w, https:\/\/kommentatorenblog.de\/wp-content\/uploads\/2020\/09\/shure-55sh-ii-e1601485394796-142x300.jpg 142w\" sizes=\"auto, (max-width: 10px) 100vw, 10px\" \/> Franz B\u00fcchner<\/p>\n\n\n\n<p>Moderation: Anna Kraft, Experte: Markus Babbel <\/p>\n\n\n\n<hr class=\"wp-block-separator\"\/>\n\n\n\n<p><strong>U21-Europameisterschaft, Halbfinale (ProSieben)<\/strong><\/p>\n\n\n\n<p><span style=\"text-decoration: underline;\">Donnerstag, 03. Juni 2021, ab 20.15 Uhr<\/span><\/p>\n\n\n\n<p><strong><em>Niederlande \u2013 <strong><em>Deutschland <\/em><\/strong><\/em><\/strong><strong><em>(21.00 Uhr)<\/em><\/strong><\/p>\n\n\n\n<p class=\"has-normal-font-size\"><img loading=\"lazy\" decoding=\"async\" width=\"10\" height=\"21\" class=\"wp-image-3656\" style=\"width: 10px;\" src=\"http:\/\/kommentatorenblog.de\/wp-content\/uploads\/2020\/09\/shure-55sh-ii-e1601485394796.jpg\" alt=\"\" srcset=\"https:\/\/kommentatorenblog.de\/wp-content\/uploads\/2020\/09\/shure-55sh-ii-e1601485394796.jpg 415w, https:\/\/kommentatorenblog.de\/wp-content\/uploads\/2020\/09\/shure-55sh-ii-e1601485394796-142x300.jpg 142w\" sizes=\"auto, (max-width: 10px) 100vw, 10px\" \/> Uwe Morawe, Field-Reporter: Max Zielke<\/p>\n\n\n\n<p>Moderation: Christian D\u00fcren, Experte: Ren\u00e9 Adler <\/p>\n\n\n\n<p>Netman: Christoph &#8222;Icke&#8220; Dommisch <\/p>\n\n\n\n<hr class=\"wp-block-separator\"\/>\n\n\n\n<p><strong>Internationaler Fussball (Sportdigital FUSSBALL)<\/strong><\/p>\n\n\n\n<p><span style=\"text-decoration: underline;\">Samstag, 29. Mai 2021<\/span><\/p>\n\n\n\n<p>A-League, Woche 23:&nbsp;<strong><em>Adelaide United<\/em><\/strong>&nbsp;<strong><em>\u2013 Sydney FC (11.00 Uhr)<\/em><\/strong><\/p>\n\n\n\n<p><img loading=\"lazy\" decoding=\"async\" width=\"10\" height=\"21\" class=\"wp-image-3656\" style=\"width: 10px;\" src=\"http:\/\/kommentatorenblog.de\/wp-content\/uploads\/2020\/09\/shure-55sh-ii-e1601485394796.jpg\" alt=\"\" srcset=\"https:\/\/kommentatorenblog.de\/wp-content\/uploads\/2020\/09\/shure-55sh-ii-e1601485394796.jpg 415w, https:\/\/kommentatorenblog.de\/wp-content\/uploads\/2020\/09\/shure-55sh-ii-e1601485394796-142x300.jpg 142w\" sizes=\"auto, (max-width: 10px) 100vw, 10px\" \/> Jakob Vogel<\/p>\n\n\n\n<p>Sky Bet Championship, Playoff-Finale:&nbsp;<em><strong>Brentford FC <\/strong><\/em><strong><em>\u2013 Swansea City (16.00 Uhr)<\/em><\/strong><\/p>\n\n\n\n<p>SF: <img loading=\"lazy\" decoding=\"async\" width=\"10\" height=\"21\" class=\"wp-image-3656\" style=\"width: 10px;\" src=\"http:\/\/kommentatorenblog.de\/wp-content\/uploads\/2020\/09\/shure-55sh-ii-e1601485394796.jpg\" alt=\"\" srcset=\"https:\/\/kommentatorenblog.de\/wp-content\/uploads\/2020\/09\/shure-55sh-ii-e1601485394796.jpg 415w, https:\/\/kommentatorenblog.de\/wp-content\/uploads\/2020\/09\/shure-55sh-ii-e1601485394796-142x300.jpg 142w\" sizes=\"auto, (max-width: 10px) 100vw, 10px\" \/> Karsten Linke<\/p>\n\n\n\n<p class=\"has-normal-font-size\">+ DAZN: <img loading=\"lazy\" decoding=\"async\" width=\"10\" height=\"21\" class=\"wp-image-3656\" style=\"width: 10px;\" src=\"http:\/\/kommentatorenblog.de\/wp-content\/uploads\/2020\/09\/shure-55sh-ii-e1601485394796.jpg\" alt=\"\" srcset=\"https:\/\/kommentatorenblog.de\/wp-content\/uploads\/2020\/09\/shure-55sh-ii-e1601485394796.jpg 415w, https:\/\/kommentatorenblog.de\/wp-content\/uploads\/2020\/09\/shure-55sh-ii-e1601485394796-142x300.jpg 142w\" sizes=\"auto, (max-width: 10px) 100vw, 10px\" \/> Uli Hebel, Experte: Sebastian Knei\u00dfl<\/p>\n\n\n\n<p>MLS, 07. Spieltag:&nbsp;<em><strong>New York Red Bulls <\/strong><\/em><strong><em>\u2013 Orlando City (19.00 Uhr)<\/em><\/strong><\/p>\n\n\n\n<p><img loading=\"lazy\" decoding=\"async\" width=\"10\" height=\"21\" class=\"wp-image-3656\" style=\"width: 10px;\" src=\"http:\/\/kommentatorenblog.de\/wp-content\/uploads\/2020\/09\/shure-55sh-ii-e1601485394796.jpg\" alt=\"\" srcset=\"https:\/\/kommentatorenblog.de\/wp-content\/uploads\/2020\/09\/shure-55sh-ii-e1601485394796.jpg 415w, https:\/\/kommentatorenblog.de\/wp-content\/uploads\/2020\/09\/shure-55sh-ii-e1601485394796-142x300.jpg 142w\" sizes=\"auto, (max-width: 10px) 100vw, 10px\" \/> Ulf Kahmke <\/p>\n\n\n\n<p><span style=\"text-decoration: underline;\">Sonntag, 30. Mai 2021<\/span><\/p>\n\n\n\n<p>A-League, Woche 23:&nbsp;<strong><em>Western Sydney Wanderers<\/em><\/strong>&nbsp;<strong><em>\u2013 Brisbane Roar<\/em><\/strong> <strong><em>(08.05 Uhr)<\/em><\/strong><\/p>\n\n\n\n<p><img loading=\"lazy\" decoding=\"async\" width=\"10\" height=\"21\" class=\"wp-image-3656\" style=\"width: 10px;\" src=\"http:\/\/kommentatorenblog.de\/wp-content\/uploads\/2020\/09\/shure-55sh-ii-e1601485394796.jpg\" alt=\"\" srcset=\"https:\/\/kommentatorenblog.de\/wp-content\/uploads\/2020\/09\/shure-55sh-ii-e1601485394796.jpg 415w, https:\/\/kommentatorenblog.de\/wp-content\/uploads\/2020\/09\/shure-55sh-ii-e1601485394796-142x300.jpg 142w\" sizes=\"auto, (max-width: 10px) 100vw, 10px\" \/> Christian Blunck<\/p>\n\n\n\n<p>J. League, 17. Spieltag:&nbsp;<strong><em>Kawasaki Frontale <strong><em>\u2013<\/em><\/strong> Kashima Antlers (12.00 Uhr)<\/em><\/strong><\/p>\n\n\n\n<p><img loading=\"lazy\" decoding=\"async\" width=\"10\" height=\"21\" class=\"wp-image-3656\" style=\"width: 10px;\" src=\"http:\/\/kommentatorenblog.de\/wp-content\/uploads\/2020\/09\/shure-55sh-ii-e1601485394796.jpg\" alt=\"\" srcset=\"https:\/\/kommentatorenblog.de\/wp-content\/uploads\/2020\/09\/shure-55sh-ii-e1601485394796.jpg 415w, https:\/\/kommentatorenblog.de\/wp-content\/uploads\/2020\/09\/shure-55sh-ii-e1601485394796-142x300.jpg 142w\" sizes=\"auto, (max-width: 10px) 100vw, 10px\" \/> Marcus Radefeld<\/p>\n\n\n\n<p>League One, Playoff-Finale: <strong><em>FC Blackpool \u2013 Lincoln City <\/em><\/strong><strong><em>(16.00 Uhr)<\/em><\/strong><\/p>\n\n\n\n<p>SF: <img loading=\"lazy\" decoding=\"async\" width=\"10\" height=\"21\" class=\"wp-image-3656\" style=\"width: 10px;\" src=\"http:\/\/kommentatorenblog.de\/wp-content\/uploads\/2020\/09\/shure-55sh-ii-e1601485394796.jpg\" alt=\"\" srcset=\"https:\/\/kommentatorenblog.de\/wp-content\/uploads\/2020\/09\/shure-55sh-ii-e1601485394796.jpg 415w, https:\/\/kommentatorenblog.de\/wp-content\/uploads\/2020\/09\/shure-55sh-ii-e1601485394796-142x300.jpg 142w\" sizes=\"auto, (max-width: 10px) 100vw, 10px\" \/> Karsten Linke<\/p>\n\n\n\n<p class=\"has-normal-font-size\">+ DAZN: <img loading=\"lazy\" decoding=\"async\" width=\"10\" height=\"21\" class=\"wp-image-3656\" style=\"width: 10px;\" src=\"http:\/\/kommentatorenblog.de\/wp-content\/uploads\/2020\/09\/shure-55sh-ii-e1601485394796.jpg\" alt=\"\" srcset=\"https:\/\/kommentatorenblog.de\/wp-content\/uploads\/2020\/09\/shure-55sh-ii-e1601485394796.jpg 415w, https:\/\/kommentatorenblog.de\/wp-content\/uploads\/2020\/09\/shure-55sh-ii-e1601485394796-142x300.jpg 142w\" sizes=\"auto, (max-width: 10px) 100vw, 10px\" \/> Uli Hebel, Experte: Ralph Gunesch<\/p>\n\n\n\n<hr class=\"wp-block-separator\"\/>\n\n\n\n<p><strong>Die Analyse<\/strong><\/p>\n\n\n\n<p><strong>Sky-Trio in Portugal dabei<\/strong><\/p>\n\n\n\n<p>Wir starten die Analyse mit dem Champions League Finale am Samstag. F\u00fcr &#8222;The Last Dance&#8220; schickt Sky Wolff Fuss, Patrick Wasserziehr und Sprachtalent Max Bielefeld nach Porto. Im Studio \u00fcbernimmt standesgem\u00e4\u00df das Quartett um Hellmann, Matth\u00e4us, Hamann und Meijer. Einschalten ist quasi Pflicht, oder?<\/p>\n\n\n\n<p><strong>DAZN komplett aus der Box <\/strong><\/p>\n\n\n\n<p>Bei Pay-TV-Konkurrent DAZN, der ja ab n\u00e4chstes Jahr die Hosen in der Champions League in Deutschland anhat, kommt die Sendung leider komplett aus der Box. Im Einsatz ist aber das Top-Trio um Platte, Schl\u00fcter und Wagner. <\/p>\n\n\n\n<p><strong>Bundesliga-Relegation wieder aus dem Stadion<\/strong><\/p>\n\n\n\n<p>Beim R\u00fcckspiel in der Bundesliga-Relegation berichtet DAZN mit einem Quartett aus Kiel. Hoffentlich wird die Sendung wieder besser &#8211; am Mittwoch in K\u00f6ln gab\u00b4s offensichtlich ein paar technische Probleme. Jonas Hector war im Post-Match-Interview zwar angefressen &#8211; vielleicht h\u00e4tten sachliche Fragen zum Spiel (seine &#8222;Tor-Szene&#8220; und\/oder die m\u00f6gliche Rote Karte von Ignjovski) hier weitergeholfen. Wie auch immer: Diesmal f\u00fchrt Freddy Harder die Interviews, m\u00fcsste sein Deb\u00fct sein?! Kommentator Marco Hagemann ersetzt Jan Platte, der ja in der CL gebraucht wird. <\/p>\n\n\n\n<p><strong>Kontinuit\u00e4t bei DAZN, Wechsel beim ZDF<\/strong><\/p>\n\n\n\n<p>In den Play-Offs zur 2. Bundesliga gibt\u00b4s bei DAZN wieder das Personal vom Hinspiel. Beim ZDF wird rotiert. Claudia Neumann ersetzt Martin Schneider. Jochen Breyer \u00fcbernimmt f\u00fcr KMH. Gari Paubandt darf als Interviewer auch mal wieder beim ZDF ran.Die Experten d\u00fcrfen bleiben \ud83d\ude00 <\/p>\n\n\n\n<p><strong>U21, DFB Pokal und Play-Offs-Finals in England im Fokus<\/strong><\/p>\n\n\n\n<p>Montag geht auch die U21-EM f\u00fcr das deutsche Team weiter. Uwe Morwae wird kommentieren, weil Matthias Stach die French Open im Blick hat. Das ARD-Personal f\u00fcr das Pokalfinale ist keine \u00dcberraschung. Bei Sportdigital FUSSBALL werden am Wochenende wieder einige Fu\u00dfballspiele aus nah- und fern \u00fcbertragen. Die Play-Off-Finals in England bieten sich an. Hier \u00fcbernimmt DAZN nicht das Signal der Kollegen aus Hamburg, sondern setzt eigene Duos an. Kommentator wird jeweils nat\u00fcrlich England-Experte Uli Hebel sein. Zudem zeigt DAZN auch einige L\u00e4nderspiele. Falls diese mit deutschem Kommentar ausgestattet werden, werden wir die Spiele in unserer Auflistung erg\u00e4nzen. <\/p>\n\n\n\n<p>Macht das Beste draus!<\/p>\n","protected":false},"excerpt":{"rendered":"<p>*UPDATE: Die Ansetzungen der Test-L\u00e4nderspiele der kommenden Tage + U21-EM sind erg\u00e4nzt! N\u2019 Abend allerseits, Samstag geht ja bekanntlich (vorerst) eine \u00c4ra zu Ende. Nach rund 20 Jahren wird Sky in der n\u00e4chsten Rechteperiode keine Spiele der Champions League mehr zeigen. Ich werden den &#8222;Dienstag\/Mittwoch der Champions auf jeden Fall vermissen. Wieso? Weil Sky im [&hellip;]<\/p>\n","protected":false},"author":3,"featured_media":0,"comment_status":"open","ping_status":"open","sticky":false,"template":"","format":"standard","meta":{"footnotes":""},"categories":[425],"tags":[20,509,49,166,60,36,212,13,30,82,540,354,48,39,31,43,243,363,150,94,108,309,350,98,22,81,134,105,107,37],"class_list":["post-9254","post","type-post","status-publish","format-standard","hentry","category-champions-league-und-co","tag-2-bundesliga","tag-a-league","tag-alex-schlueter","tag-benny-lauth","tag-bundesliga","tag-claudia-neumann","tag-daniel-herzog","tag-dazn","tag-didi-hamann","tag-erik-meijer","tag-hanno-balitsch","tag-j-league-2","tag-jan-platte","tag-jochen-breyer","tag-lothar-matthaeus","tag-marco-hagemann","tag-mario-rieker","tag-max-bielefeld","tag-mls","tag-patrick-wasserziehr","tag-ralph-gunesch","tag-relegation","tag-sandro-wagner","tag-sebastian-hellmann","tag-sky","tag-sky-bet-championship","tag-sportdigital-fussball","tag-uli-hebel","tag-wolff-fuss","tag-zdf"],"_links":{"self":[{"href":"https:\/\/kommentatorenblog.de\/index.php?rest_route=\/wp\/v2\/posts\/9254","targetHints":{"allow":["GET"]}}],"collection":[{"href":"https:\/\/kommentatorenblog.de\/index.php?rest_route=\/wp\/v2\/posts"}],"about":[{"href":"https:\/\/kommentatorenblog.de\/index.php?rest_route=\/wp\/v2\/types\/post"}],"author":[{"embeddable":true,"href":"https:\/\/kommentatorenblog.de\/index.php?rest_route=\/wp\/v2\/users\/3"}],"replies":[{"embeddable":true,"href":"https:\/\/kommentatorenblog.de\/index.php?rest_route=%2Fwp%2Fv2%2Fcomments&post=9254"}],"version-history":[{"count":45,"href":"https:\/\/kommentatorenblog.de\/index.php?rest_route=\/wp\/v2\/posts\/9254\/revisions"}],"predecessor-version":[{"id":9312,"href":"https:\/\/kommentatorenblog.de\/index.php?rest_route=\/wp\/v2\/posts\/9254\/revisions\/9312"}],"wp:attachment":[{"href":"https:\/\/kommentatorenblog.de\/index.php?rest_route=%2Fwp%2Fv2%2Fmedia&parent=9254"}],"wp:term":[{"taxonomy":"category","embeddable":true,"href":"https:\/\/kommentatorenblog.de\/index.php?rest_route=%2Fwp%2Fv2%2Fcategories&post=9254"},{"taxonomy":"post_tag","embeddable":true,"href":"https:\/\/kommentatorenblog.de\/index.php?rest_route=%2Fwp%2Fv2%2Ftags&post=9254"}],"curies":[{"name":"wp","href":"https:\/\/api.w.org\/{rel}","templated":true}]}}