{"id":9367,"date":"2021-06-09T19:47:43","date_gmt":"2021-06-09T17:47:43","guid":{"rendered":"http:\/\/kommentatorenblog.de\/?p=9367"},"modified":"2021-07-12T17:14:13","modified_gmt":"2021-07-12T15:14:13","slug":"1176-alles-zur-europameisterschaft","status":"publish","type":"post","link":"https:\/\/kommentatorenblog.de\/?p=9367","title":{"rendered":"1176 \u2013 Alles zur Europameisterschaft"},"content":{"rendered":"\n<p>N\u2019 Abend allerseits,<\/p>\n\n\n\n<p>Freitag startet die Europameisterschaft. Alle 51 Spiele des Turniers gibt\u00b4s nur bei <strong>MagentaTV<\/strong> (10 Partien davon exklusiv), 41 Partie teilen sich <strong>ARD <\/strong>und <strong>ZDF<\/strong> auf. Und so ehrlich m\u00fcssen wir sein: F\u00fcr gef\u00fchlte 95% der deutschen Fu\u00dfballfans werden die \u00dcbertragungen im \u00f6ffentlich-rechtlichen Rundfunk ausreichen. <\/p>\n\n\n\n<p><span style=\"text-decoration: underline;\">Folgende Spiele zeigt ausschlie\u00dflich MagentaTV: <\/span><\/p>\n\n\n\n<ul class=\"wp-block-list\"><li>Spieltag 1 \u2013 12.06.21 \u2013 15:00 Uhr: Wales \u2013 Schweiz (Gruppe A)<\/li><li>Spieltag 1 \u2013 14.06.21 \u2013 15:00 Uhr: Schottland \u2013 Tschechien (Gruppe D)<\/li><li>Spieltag 2 \u2013 16.06.21 \u2013 15:00 Uhr: Finnland \u2013 Russland (Gruppe B)<\/li><li>Spieltag 2 \u2013 18.06.21 \u2013 15:00 Uhr: Schweden \u2013 Slowakei (Gruppe E)<\/li><li>Spieltag 3 \u2013 23.06.21 \u2013 21:00 Uhr: Portugal \u2013 Frankreich (Gruppe F)<\/li><\/ul>\n\n\n\n<p>Die lukrativste Partie zwischen Portugal und Frankreich l\u00e4uft zudem parallel zum letzten Gruppenspiel der deutschen Mannschaft. Zu den f\u00fcnf Partien oben kommen noch weitere f\u00fcnf weitere Partien des dritten Gruppen-Spieltags, die nur von MagentaTV \u00fcbertragen werden.&nbsp;Hei\u00dft: Alle Spiele der K.O.-Phase und die wichtigsten Aufeinandertreffen gibt\u00b4s auch bei ARD und ZDF.&nbsp;Wer kommentiert? Wer ist im Stadion vor Ort? Wo sind die Studios? Die wichtigste Eckdaten zum Personal und den \u00dcbertragungen der drei Sender listen wir jetzt auf!<\/p>\n\n\n\n<p><strong>ARD<\/strong><\/p>\n\n\n\n<ul class=\"wp-block-list\"><li>Das Erste zeigt 21 Spiele, u.a das Er\u00f6ffnungsspiel<\/li><li>Mehrheit der Sendungen kommt aus dem Sportschau-Studio in K\u00f6ln<\/li><li>Moderator: Alexander Bommes <\/li><li>Experten: Kevin-Prince Boateng, Almuth Schult, Stefan Kuntz<\/li><li>Schiedsrichter-Experte: Lutz Wagner<\/li><li>bei ausgew\u00e4hlten Spielen berichten Moderatorin Jessy Wellmer und Sportschau-Experte Bastian Schwensteiger, falls es die Corona-Situation zul\u00e4sst, direkt aus den jeweiligen Stadien<\/li><li>Kommentatoren: Tom Bartels, Gerd Gottlob und Florian Na\u00df<\/li><li>Thomas Broich wird bei einigen Spielen als Co-Kommentator fungieren<\/li><li>Spiele aus London und Glasgow werden wegen den Quarant\u00e4ne-Regelungen (Stand jetzt) nicht aus dem Stadion, sondern aus der Box kommentiert<\/li><li>Reporter im DFB-Quartier: Lennert Brinkhoff<\/li><li>nach jeder ARD-\u00dcbertragung gibt\u00b4s den Sportschau Club mit Neuzugang Esther Sedlaczek und Allzweckwaffe Micky Beisenherz<\/li><li>Premiere im H\u00f6rfunk: mit Julia Metzner vom SWR wird zum ersten Mal ein Frau das Finale einer Fu\u00dfball-Europameisterschaft der Herren kommentieren<\/li><\/ul>\n\n\n\n<p><strong>ZDF<\/strong><\/p>\n\n\n\n<ul class=\"wp-block-list\"><li>Das Zweite zeigt 20 Spiele, u.a das Finale<\/li><li>alle Sendungen kommen aus der &#8222;sportstudio-Arena&#8220;&nbsp;in Mainz \u2013 eine ca. 900 Quadratmeter gro\u00dfe Leichtbauhalle, ausgestattet mit Video-LED-Boden und -W\u00e4nden sowie mit f\u00fcnf Kameras<\/li><li>Moderatoren: Jochen Breyer und Kathrin M\u00fcller-Hohenstein<\/li><li>Experten: Per Mertesacker und Christoph Kramer<\/li><li>Schiedsrichter-Experte: Manuel Gr\u00e4fe<\/li><li>Kommentatoren: B\u00e9la R\u00e9thy, Oliver Schmidt, Claudia Neumann und Martin Schneider<\/li><li>Sandro Wagner, Ariane Hingst (im Duo mit Claudia Neumann) und Hanno Balitsch (im Duo mit Martin Schneider) werden als Co-Kommentatoren fungieren<\/li><li>Spiele aus London und Glasgow werden wegen den Quarant\u00e4ne-Regelungen (Stand jetzt) nicht aus dem Stadion, sondern aus der Box kommentiert<\/li><li>Reporter im DFB-Quartier: Sven Voss<\/li><\/ul>\n\n\n\n<p><strong>MagentaTV<\/strong><\/p>\n\n\n\n<ul class=\"wp-block-list\"><li>Der Dienst der Telekom zeigt alle EM-Spiele  <\/li><li>alle Sendungen kommen aus dem MagentaTV EURO-Studio bei der PLAZAMEDIA in M\u00fcnchen <\/li><li>das Studio vereint hohe Funktionalit\u00e4t mit vier integrierten Aktionsbereichen auf 450 Quadratmetern &#8211; darunter ein Hauptbereich, eine Lounge, einen Taktik-Bereich und einen Bereich f\u00fcr Social-Interaktionen<\/li><li>der Hauptbereich beinhaltet eine gro\u00dffl\u00e4chige LED-Wall, zudem Bespielungsfl\u00e4chen f\u00fcr Augmented Reality und virtuelle Grafiken<\/li><li>Moderatoren: Johannes B. Kerner, Sascha Bandermann, Amelie Stiefvatter<\/li><li>Experten: Michael Ballack und Fredi Bobic<\/li><li>Schiedsrichter-Experte: Patrick Ittrich <\/li><li>Kommentatoren: Wolff Fuss, Marco Hagemann, Jan Platte, Markus H\u00f6hner, Christian Stra\u00dfburger und Benni Zander<\/li><li>Taktik-Analyse: Jan Henkel und Manuel Baum<\/li><li>Field-Reporter (nur bei Spielen von Deutschland): Thomas Wagner<\/li><li>Reporterin im DFB-Quartier: Anett Sattler<\/li><li>Regelm\u00e4\u00dfig gibt es auch ein zweites Feed, das einen kommentierten Analyse-Kanal mit Ex-Schalke-Trainer Manuel Baum und Kommentator Benni Zander bietet<\/li><li>ebenfalls ist auch ein Promi-Feed mit bunten G\u00e4ste, zum Beispiel mit den Comedians Oliver Pocher und Serdar Somuncu, geplant <\/li><li>nahezu t\u00e4glich weitere Experten\/prominente G\u00e4ste: u.a Uli Hoene\u00df, Lars Stindl, Martin Harnik, Nuri Sahin, Alex Frei, J\u00fcrgen Kohler, Moritz Volz, Benny Lauth, Inka Grings oder H\u00fctter. Er kommt beispielsweise bei \u00d6sterreich-Spielen zum Einsatz. Generell gilt: Die prominenten G\u00e4ste passen zum jeweiligen Spiel und werden teilweise auch als Co-Kommentatoren eingesetzt<\/li><li>In \u201eFuture Stars \u2013 Die Fu\u00dfballschule\u201c pr\u00e4sentiert Ex-Nationalspieler Benny Lauth mit der M\u00fcnchener Fu\u00dfballschule die besten Tricks der EM-Stars zum Nachmachen. In 10 Folgen werden die Zuschauer aufgefordert, die Tricks zuhause nachzumachen und einzusenden<\/li><li>Die YouTuber von \u201eFreekickerz\u201c stellen ber\u00fchmte EURO-Tore nach. Zu sehen auf den SocialMedia Kan\u00e4len von MagentaTV und bei Freekickerz auf YouTube. Die Freekickerz spielen auch in der Live-Berichterstattung eine Rolle<\/li><li>leider werden alle Spiele aus der Box kommentiert<\/li><\/ul>\n\n\n\n<p>Und jetzt die Ansetzungen der n\u00e4chste Tage im \u00dcberblick! Packt eure Meinungen und Anmerkungen dazu gerne in die Kommentare!<\/p>\n\n\n\n<hr class=\"wp-block-separator\"\/>\n\n\n\n<p><strong><em>Die Ansetzungen vom 11. Juni bis zum 15. Juni 2021<\/em><\/strong><\/p>\n\n\n\n<p><strong>Europameisterschaft 2020, 01. Spieltag<\/strong><\/p>\n\n\n\n<p><span style=\"text-decoration: underline;\">Freitag, 11. Juni 2021, ab 19.30 Uhr (MagentaTV)\/ab 20.15 Uhr (ARD)<\/span><\/p>\n\n\n\n<p><em><strong>T\u00fcrkei <em><strong>\u2013<\/strong><\/em><\/strong><\/em> <em><strong>Italien (21.00 Uhr)<\/strong><\/em><\/p>\n\n\n\n<p>ARD: <img loading=\"lazy\" decoding=\"async\" width=\"10\" height=\"21\" class=\"wp-image-3656\" style=\"width: 10px;\" src=\"http:\/\/kommentatorenblog.de\/wp-content\/uploads\/2020\/09\/shure-55sh-ii-e1601485394796.jpg\" alt=\"\" srcset=\"https:\/\/kommentatorenblog.de\/wp-content\/uploads\/2020\/09\/shure-55sh-ii-e1601485394796.jpg 415w, https:\/\/kommentatorenblog.de\/wp-content\/uploads\/2020\/09\/shure-55sh-ii-e1601485394796-142x300.jpg 142w\" sizes=\"auto, (max-width: 10px) 100vw, 10px\" \/> Florian Na\u00df<\/p>\n\n\n\n<p>MagentaTV: <img loading=\"lazy\" decoding=\"async\" width=\"10\" height=\"21\" class=\"wp-image-3656\" style=\"width: 10px;\" src=\"http:\/\/kommentatorenblog.de\/wp-content\/uploads\/2020\/09\/shure-55sh-ii-e1601485394796.jpg\" alt=\"\" srcset=\"https:\/\/kommentatorenblog.de\/wp-content\/uploads\/2020\/09\/shure-55sh-ii-e1601485394796.jpg 415w, https:\/\/kommentatorenblog.de\/wp-content\/uploads\/2020\/09\/shure-55sh-ii-e1601485394796-142x300.jpg 142w\" sizes=\"auto, (max-width: 10px) 100vw, 10px\" \/> Wolff Fuss, Co-Kommentator: Nuri Sahin<\/p>\n\n\n\n<p>Moderation (ARD, in Rom): Jessy Wellmer, Experte: Bastian Schweinsteiger<\/p>\n\n\n\n<p>Moderation (ARD, Studio): Alexander Bommes, Experten: Almuth Schult, Kevin-Prince Boateng und Stefan Kuntz<\/p>\n\n\n\n<p>Moderation (MagentaTV): Johannes B. Kerner, Experten: Michael Ballack und Fredi Bobic<\/p>\n\n\n\n<p><span style=\"text-decoration: underline;\">Samstag, 12. Juni 2021, ab 14.00 Uhr (MagentaTV)<\/span><\/p>\n\n\n\n<p><em><strong>Wales <em><strong>\u2013<\/strong><\/em><\/strong><\/em> <em><strong>Schweiz (15.00 Uhr)<\/strong><\/em><\/p>\n\n\n\n<p><img loading=\"lazy\" decoding=\"async\" width=\"10\" height=\"21\" class=\"wp-image-3656\" style=\"width: 10px;\" src=\"http:\/\/kommentatorenblog.de\/wp-content\/uploads\/2020\/09\/shure-55sh-ii-e1601485394796.jpg\" alt=\"\" srcset=\"https:\/\/kommentatorenblog.de\/wp-content\/uploads\/2020\/09\/shure-55sh-ii-e1601485394796.jpg 415w, https:\/\/kommentatorenblog.de\/wp-content\/uploads\/2020\/09\/shure-55sh-ii-e1601485394796-142x300.jpg 142w\" sizes=\"auto, (max-width: 10px) 100vw, 10px\" \/> Marco Hagemann, Co-Kommentator: Markus Babbel <\/p>\n\n\n\n<p>+ Taktik-Feed: Benni Zander &amp; Manuel Baum <\/p>\n\n\n\n<p>Moderation: Johannes B. Kerner, Experte: Michael Ballack<\/p>\n\n\n\n<p><span style=\"text-decoration: underline;\">ab 17.00 Uhr (MagentaTV)\/ab 17.05 Uhr (ZDF)<\/span><\/p>\n\n\n\n<p><em><strong>D\u00e4nemark <em><strong>\u2013<\/strong><\/em><\/strong><\/em> <em><strong>Finnland (18.00 Uhr)<\/strong><\/em><\/p>\n\n\n\n<p>ZDF: <img loading=\"lazy\" decoding=\"async\" width=\"10\" height=\"21\" class=\"wp-image-3656\" style=\"width: 10px;\" src=\"http:\/\/kommentatorenblog.de\/wp-content\/uploads\/2020\/09\/shure-55sh-ii-e1601485394796.jpg\" alt=\"\" srcset=\"https:\/\/kommentatorenblog.de\/wp-content\/uploads\/2020\/09\/shure-55sh-ii-e1601485394796.jpg 415w, https:\/\/kommentatorenblog.de\/wp-content\/uploads\/2020\/09\/shure-55sh-ii-e1601485394796-142x300.jpg 142w\" sizes=\"auto, (max-width: 10px) 100vw, 10px\" \/> B\u00e9la R\u00e9thy<\/p>\n\n\n\n<p>MagentaTV: <img loading=\"lazy\" decoding=\"async\" width=\"10\" height=\"21\" class=\"wp-image-3656\" style=\"width: 10px;\" src=\"http:\/\/kommentatorenblog.de\/wp-content\/uploads\/2020\/09\/shure-55sh-ii-e1601485394796.jpg\" alt=\"\" srcset=\"https:\/\/kommentatorenblog.de\/wp-content\/uploads\/2020\/09\/shure-55sh-ii-e1601485394796.jpg 415w, https:\/\/kommentatorenblog.de\/wp-content\/uploads\/2020\/09\/shure-55sh-ii-e1601485394796-142x300.jpg 142w\" sizes=\"auto, (max-width: 10px) 100vw, 10px\" \/> Christian Stra\u00dfburger <\/p>\n\n\n\n<p>Moderation (ZDF): Jochen Breyer, Experten: Christoph Kramer und Per Mertesacker<\/p>\n\n\n\n<p>Moderation (MagentaTV): Sascha Bandermann, Gast: Tim Lobinger <\/p>\n\n\n\n<p><span style=\"text-decoration: underline;\">ab 20.00 Uhr (ZDF\/Magenta Sport)<\/span><\/p>\n\n\n\n<p><em><strong>Belgien <em><strong>\u2013<\/strong><\/em><\/strong><\/em> <em><strong>Russland (21.00 Uhr)<\/strong><\/em><\/p>\n\n\n\n<p>ZDF: <img loading=\"lazy\" decoding=\"async\" width=\"10\" height=\"21\" class=\"wp-image-3656\" style=\"width: 10px;\" src=\"http:\/\/kommentatorenblog.de\/wp-content\/uploads\/2020\/09\/shure-55sh-ii-e1601485394796.jpg\" alt=\"\" srcset=\"https:\/\/kommentatorenblog.de\/wp-content\/uploads\/2020\/09\/shure-55sh-ii-e1601485394796.jpg 415w, https:\/\/kommentatorenblog.de\/wp-content\/uploads\/2020\/09\/shure-55sh-ii-e1601485394796-142x300.jpg 142w\" sizes=\"auto, (max-width: 10px) 100vw, 10px\" \/> Claudia Neumann, Co-Kommentatorin: Ariane Hingst, Field-Reporter: Christian Semm<\/p>\n\n\n\n<p>MagentaTV: <img loading=\"lazy\" decoding=\"async\" width=\"10\" height=\"21\" class=\"wp-image-3656\" style=\"width: 10px;\" src=\"http:\/\/kommentatorenblog.de\/wp-content\/uploads\/2020\/09\/shure-55sh-ii-e1601485394796.jpg\" alt=\"\" srcset=\"https:\/\/kommentatorenblog.de\/wp-content\/uploads\/2020\/09\/shure-55sh-ii-e1601485394796.jpg 415w, https:\/\/kommentatorenblog.de\/wp-content\/uploads\/2020\/09\/shure-55sh-ii-e1601485394796-142x300.jpg 142w\" sizes=\"auto, (max-width: 10px) 100vw, 10px\" \/> Jan Platte<\/p>\n\n\n\n<p>Moderation (ZDF): Jochen Breyer, Experten: Christoph Kramer und Per Mertesacker, Gast: Marc Wilmots<\/p>\n\n\n\n<p>Moderation (MagentaTV): Johannes B. Kerner, Experte: Michael Ballack, Gast: Boris Becker<\/p>\n\n\n\n<p><span style=\"text-decoration: underline;\">Sonntag, 13. Juni 2021, ab 14.00 Uhr (MagentaTV)\/ab 14.10 Uhr (ARD)<\/span><\/p>\n\n\n\n<p><em><strong>England <em><strong>\u2013<\/strong><\/em><\/strong><\/em> <em><strong>Kroatien (15.00 Uhr)<\/strong><\/em><\/p>\n\n\n\n<p>ARD: <img loading=\"lazy\" decoding=\"async\" width=\"10\" height=\"21\" class=\"wp-image-3656\" style=\"width: 10px;\" src=\"http:\/\/kommentatorenblog.de\/wp-content\/uploads\/2020\/09\/shure-55sh-ii-e1601485394796.jpg\" alt=\"\" srcset=\"https:\/\/kommentatorenblog.de\/wp-content\/uploads\/2020\/09\/shure-55sh-ii-e1601485394796.jpg 415w, https:\/\/kommentatorenblog.de\/wp-content\/uploads\/2020\/09\/shure-55sh-ii-e1601485394796-142x300.jpg 142w\" sizes=\"auto, (max-width: 10px) 100vw, 10px\" \/> Gerd Gottlob<\/p>\n\n\n\n<p>MagentaTV: <img loading=\"lazy\" decoding=\"async\" width=\"10\" height=\"21\" class=\"wp-image-3656\" style=\"width: 10px;\" src=\"http:\/\/kommentatorenblog.de\/wp-content\/uploads\/2020\/09\/shure-55sh-ii-e1601485394796.jpg\" alt=\"\" srcset=\"https:\/\/kommentatorenblog.de\/wp-content\/uploads\/2020\/09\/shure-55sh-ii-e1601485394796.jpg 415w, https:\/\/kommentatorenblog.de\/wp-content\/uploads\/2020\/09\/shure-55sh-ii-e1601485394796-142x300.jpg 142w\" sizes=\"auto, (max-width: 10px) 100vw, 10px\" \/> Benni Zander, Co-Kommentator: Benny Lauth <\/p>\n\n\n\n<p>Moderation (MagentaTV): Johannes B. Kerner, Experte: Michael Ballack, Gast: Sophia Thiel <\/p>\n\n\n\n<p><span style=\"text-decoration: underline;\">ab 17.00 Uhr (MagentaTV\/ARD) <\/span><\/p>\n\n\n\n<p><em><strong>\u00d6sterreich <em><strong>\u2013<\/strong><\/em><\/strong><\/em> <em><strong>Nordmazedonien (18.00 Uhr)<\/strong><\/em><\/p>\n\n\n\n<p>ARD: <img loading=\"lazy\" decoding=\"async\" width=\"10\" height=\"21\" class=\"wp-image-3656\" style=\"width: 10px;\" src=\"http:\/\/kommentatorenblog.de\/wp-content\/uploads\/2020\/09\/shure-55sh-ii-e1601485394796.jpg\" alt=\"\" srcset=\"https:\/\/kommentatorenblog.de\/wp-content\/uploads\/2020\/09\/shure-55sh-ii-e1601485394796.jpg 415w, https:\/\/kommentatorenblog.de\/wp-content\/uploads\/2020\/09\/shure-55sh-ii-e1601485394796-142x300.jpg 142w\" sizes=\"auto, (max-width: 10px) 100vw, 10px\" \/> Florian Na\u00df, Co-Kommentator: Thomas Broich<\/p>\n\n\n\n<p>MagentaTV: <img loading=\"lazy\" decoding=\"async\" width=\"10\" height=\"21\" class=\"wp-image-3656\" style=\"width: 10px;\" src=\"http:\/\/kommentatorenblog.de\/wp-content\/uploads\/2020\/09\/shure-55sh-ii-e1601485394796.jpg\" alt=\"\" srcset=\"https:\/\/kommentatorenblog.de\/wp-content\/uploads\/2020\/09\/shure-55sh-ii-e1601485394796.jpg 415w, https:\/\/kommentatorenblog.de\/wp-content\/uploads\/2020\/09\/shure-55sh-ii-e1601485394796-142x300.jpg 142w\" sizes=\"auto, (max-width: 10px) 100vw, 10px\" \/> Markus H\u00f6hner <\/p>\n\n\n\n<p>Moderation (MagentaTV): Sascha Bandermann, Gast: Martin Harnik <\/p>\n\n\n\n<p><span style=\"text-decoration: underline;\">ab 20.00 Uhr (MagentaTV)\/ab 20.15 Uhr (ARD)<\/span><\/p>\n\n\n\n<p><em><strong>Niederlande <em><strong>\u2013<\/strong><\/em><\/strong><\/em> <em><strong>Ukraine (21.00 Uhr)<\/strong><\/em><\/p>\n\n\n\n<p>ARD: <img loading=\"lazy\" decoding=\"async\" width=\"10\" height=\"21\" class=\"wp-image-3656\" style=\"width: 10px;\" src=\"http:\/\/kommentatorenblog.de\/wp-content\/uploads\/2020\/09\/shure-55sh-ii-e1601485394796.jpg\" alt=\"\" srcset=\"https:\/\/kommentatorenblog.de\/wp-content\/uploads\/2020\/09\/shure-55sh-ii-e1601485394796.jpg 415w, https:\/\/kommentatorenblog.de\/wp-content\/uploads\/2020\/09\/shure-55sh-ii-e1601485394796-142x300.jpg 142w\" sizes=\"auto, (max-width: 10px) 100vw, 10px\" \/> Tom Bartels<\/p>\n\n\n\n<p>MagentaTV: <img loading=\"lazy\" decoding=\"async\" width=\"10\" height=\"21\" class=\"wp-image-3656\" style=\"width: 10px;\" src=\"http:\/\/kommentatorenblog.de\/wp-content\/uploads\/2020\/09\/shure-55sh-ii-e1601485394796.jpg\" alt=\"\" srcset=\"https:\/\/kommentatorenblog.de\/wp-content\/uploads\/2020\/09\/shure-55sh-ii-e1601485394796.jpg 415w, https:\/\/kommentatorenblog.de\/wp-content\/uploads\/2020\/09\/shure-55sh-ii-e1601485394796-142x300.jpg 142w\" sizes=\"auto, (max-width: 10px) 100vw, 10px\" \/> Marco Hagemann<\/p>\n\n\n\n<p>Moderation (ARD, in Amsterdam): Jessy Wellmer, Experte: Bastian Schweinsteiger<\/p>\n\n\n\n<p>Moderation (ARD, Studio): Alexander Bommes, Experten: Almuth Schult, Kevin-Prince Boateng und Stefan Kuntz<\/p>\n\n\n\n<p>Moderation (MagentaTV): Johannes B. Kerner, Experte: Michael Ballack<\/p>\n\n\n\n<p><span style=\"text-decoration: underline;\">Montag, 14. Juni 2021, ab 14.00 Uhr (MagentaTV)<\/span><\/p>\n\n\n\n<p><em><strong>Schottland <em><strong>\u2013<\/strong><\/em><\/strong><\/em> <em><strong>Tschechien (15.00 Uhr)<\/strong><\/em><\/p>\n\n\n\n<p><img loading=\"lazy\" decoding=\"async\" width=\"10\" height=\"21\" class=\"wp-image-3656\" style=\"width: 10px;\" src=\"http:\/\/kommentatorenblog.de\/wp-content\/uploads\/2020\/09\/shure-55sh-ii-e1601485394796.jpg\" alt=\"\" srcset=\"https:\/\/kommentatorenblog.de\/wp-content\/uploads\/2020\/09\/shure-55sh-ii-e1601485394796.jpg 415w, https:\/\/kommentatorenblog.de\/wp-content\/uploads\/2020\/09\/shure-55sh-ii-e1601485394796-142x300.jpg 142w\" sizes=\"auto, (max-width: 10px) 100vw, 10px\" \/> Wolff Fuss<\/p>\n\n\n\n<p>+ Taktik-Feed: Benni Zander &amp; Manuel Baum<\/p>\n\n\n\n<p>Moderation: Johannes B. Kerner, Experte: Michael Ballack, Gast: Kevin K\u00fcck (Freestyler)<\/p>\n\n\n\n<p><span style=\"text-decoration: underline;\">ab 16.10 Uhr (ARD)\/ab 17.00 Uhr (MagentaTV)<\/span><\/p>\n\n\n\n<p><em><strong>Polen <em><strong>\u2013<\/strong><\/em><\/strong><\/em> <em><strong>Slowakei (18.00 Uhr)<\/strong><\/em><\/p>\n\n\n\n<p>ARD: <img loading=\"lazy\" decoding=\"async\" width=\"10\" height=\"21\" class=\"wp-image-3656\" style=\"width: 10px;\" src=\"http:\/\/kommentatorenblog.de\/wp-content\/uploads\/2020\/09\/shure-55sh-ii-e1601485394796.jpg\" alt=\"\" srcset=\"https:\/\/kommentatorenblog.de\/wp-content\/uploads\/2020\/09\/shure-55sh-ii-e1601485394796.jpg 415w, https:\/\/kommentatorenblog.de\/wp-content\/uploads\/2020\/09\/shure-55sh-ii-e1601485394796-142x300.jpg 142w\" sizes=\"auto, (max-width: 10px) 100vw, 10px\" \/> Tom Bartels, Co-Kommentator: Thomas Broich<\/p>\n\n\n\n<p>Moderation (ARD): Alexander Bommes, Experten: Almuth Schult, Kevin-Prince Boateng und Stefan Kuntz<\/p>\n\n\n\n<p>MagentaTV: <img loading=\"lazy\" decoding=\"async\" width=\"10\" height=\"21\" class=\"wp-image-3656\" style=\"width: 10px;\" src=\"http:\/\/kommentatorenblog.de\/wp-content\/uploads\/2020\/09\/shure-55sh-ii-e1601485394796.jpg\" alt=\"\" srcset=\"https:\/\/kommentatorenblog.de\/wp-content\/uploads\/2020\/09\/shure-55sh-ii-e1601485394796.jpg 415w, https:\/\/kommentatorenblog.de\/wp-content\/uploads\/2020\/09\/shure-55sh-ii-e1601485394796-142x300.jpg 142w\" sizes=\"auto, (max-width: 10px) 100vw, 10px\" \/> Christian Stra\u00dfburger <\/p>\n\n\n\n<p>Moderation (MagentaTV): Johannes B. Kerner, Experte: Michael Ballack<\/p>\n\n\n\n<p><span style=\"text-decoration: underline;\">ab 20.00 Uhr (MagentaTV)\/ab 20.15 Uhr (ZDF)<\/span><\/p>\n\n\n\n<p><em><strong>Spanien <em><strong>\u2013<\/strong><\/em><\/strong><\/em> <em><strong>Schweden (21.00 Uhr)<\/strong><\/em><\/p>\n\n\n\n<p>ZDF: <img loading=\"lazy\" decoding=\"async\" width=\"10\" height=\"21\" class=\"wp-image-3656\" style=\"width: 10px;\" src=\"http:\/\/kommentatorenblog.de\/wp-content\/uploads\/2020\/09\/shure-55sh-ii-e1601485394796.jpg\" alt=\"\" srcset=\"https:\/\/kommentatorenblog.de\/wp-content\/uploads\/2020\/09\/shure-55sh-ii-e1601485394796.jpg 415w, https:\/\/kommentatorenblog.de\/wp-content\/uploads\/2020\/09\/shure-55sh-ii-e1601485394796-142x300.jpg 142w\" sizes=\"auto, (max-width: 10px) 100vw, 10px\" \/> Oliver Schmidt, Field-Reporter: Alexander Kramer<\/p>\n\n\n\n<p>Magenta Sport: <img loading=\"lazy\" decoding=\"async\" width=\"10\" height=\"21\" class=\"wp-image-3656\" style=\"width: 10px;\" src=\"http:\/\/kommentatorenblog.de\/wp-content\/uploads\/2020\/09\/shure-55sh-ii-e1601485394796.jpg\" alt=\"\" srcset=\"https:\/\/kommentatorenblog.de\/wp-content\/uploads\/2020\/09\/shure-55sh-ii-e1601485394796.jpg 415w, https:\/\/kommentatorenblog.de\/wp-content\/uploads\/2020\/09\/shure-55sh-ii-e1601485394796-142x300.jpg 142w\" sizes=\"auto, (max-width: 10px) 100vw, 10px\" \/> Jan Platte, Experte: Jonas Hummels <\/p>\n\n\n\n<p>Moderation (ZDF): Kathrin-M\u00fcller Hohenstein, Experte: Per Mertesacker<\/p>\n\n\n\n<p>Moderation (MagentaTV): Sascha Bandermann, Gast: Joachim Lambi <\/p>\n\n\n\n<p><span style=\"text-decoration: underline;\">Dienstag, 15. Juni 2021, ab 17.00 Uhr (MagentaTV)\/ab 17.05 Uhr (ZDF)<\/span><\/p>\n\n\n\n<p><em><strong>Ungarn <em><strong>\u2013<\/strong><\/em><\/strong><\/em> <em><strong>Portugal (18.00 Uhr)<\/strong><\/em><\/p>\n\n\n\n<p>ZDF: <img loading=\"lazy\" decoding=\"async\" width=\"10\" height=\"21\" class=\"wp-image-3656\" style=\"width: 10px;\" src=\"http:\/\/kommentatorenblog.de\/wp-content\/uploads\/2020\/09\/shure-55sh-ii-e1601485394796.jpg\" alt=\"\" srcset=\"https:\/\/kommentatorenblog.de\/wp-content\/uploads\/2020\/09\/shure-55sh-ii-e1601485394796.jpg 415w, https:\/\/kommentatorenblog.de\/wp-content\/uploads\/2020\/09\/shure-55sh-ii-e1601485394796-142x300.jpg 142w\" sizes=\"auto, (max-width: 10px) 100vw, 10px\" \/> Martin Schneider, Co-Kommentator: Hanno Balitsch, Field-Reporter: Alexander Kramer<\/p>\n\n\n\n<p>MagentaTV: <img loading=\"lazy\" decoding=\"async\" width=\"10\" height=\"21\" class=\"wp-image-3656\" style=\"width: 10px;\" src=\"http:\/\/kommentatorenblog.de\/wp-content\/uploads\/2020\/09\/shure-55sh-ii-e1601485394796.jpg\" alt=\"\" srcset=\"https:\/\/kommentatorenblog.de\/wp-content\/uploads\/2020\/09\/shure-55sh-ii-e1601485394796.jpg 415w, https:\/\/kommentatorenblog.de\/wp-content\/uploads\/2020\/09\/shure-55sh-ii-e1601485394796-142x300.jpg 142w\" sizes=\"auto, (max-width: 10px) 100vw, 10px\" \/> Christian Stra\u00dfburger <\/p>\n\n\n\n<p>Moderation (ZDF): Jochen Breyer, Experte: Christoph Kramer, Gast: Helena Costa<\/p>\n\n\n\n<p>Moderation (MagentaTV): Johannes B. Kerner; Experte: Michael Ballack, Gast: Uli Hoene\u00df <\/p>\n\n\n\n<p><span style=\"text-decoration: underline;\">ab 20.00 Uhr (ZDF\/MagentaTV)<\/span><\/p>\n\n\n\n<p><em><strong>Frankreich <em><strong>\u2013<\/strong><\/em><\/strong><\/em> <em><strong>Deutschland (21.00 Uhr)<\/strong><\/em><\/p>\n\n\n\n<p>ZDF: <img loading=\"lazy\" decoding=\"async\" width=\"10\" height=\"21\" class=\"wp-image-3656\" style=\"width: 10px;\" src=\"http:\/\/kommentatorenblog.de\/wp-content\/uploads\/2020\/09\/shure-55sh-ii-e1601485394796.jpg\" alt=\"\" srcset=\"https:\/\/kommentatorenblog.de\/wp-content\/uploads\/2020\/09\/shure-55sh-ii-e1601485394796.jpg 415w, https:\/\/kommentatorenblog.de\/wp-content\/uploads\/2020\/09\/shure-55sh-ii-e1601485394796-142x300.jpg 142w\" sizes=\"auto, (max-width: 10px) 100vw, 10px\" \/> B\u00e9la R\u00e9thy, Co-Kommentator: Sandro Wagner, Field-Reporter: Boris B\u00fcchler und Kathrin M\u00fcller-Hohenstein <\/p>\n\n\n\n<p>MagentaTV: <img loading=\"lazy\" decoding=\"async\" width=\"10\" height=\"21\" class=\"wp-image-3656\" style=\"width: 10px;\" src=\"http:\/\/kommentatorenblog.de\/wp-content\/uploads\/2020\/09\/shure-55sh-ii-e1601485394796.jpg\" alt=\"\" srcset=\"https:\/\/kommentatorenblog.de\/wp-content\/uploads\/2020\/09\/shure-55sh-ii-e1601485394796.jpg 415w, https:\/\/kommentatorenblog.de\/wp-content\/uploads\/2020\/09\/shure-55sh-ii-e1601485394796-142x300.jpg 142w\" sizes=\"auto, (max-width: 10px) 100vw, 10px\" \/> Wolff Fuss, Field-Reporter: Thomas Wagner <\/p>\n\n\n\n<p>+ Promi-Feed: Oliver Pocher und Serdar Somuncu <\/p>\n\n\n\n<p>Moderation (ZDF): Jochen Breyer, Experten: Per Mertesacker und Christoph Kramer, Gast: Christian Karembeu<\/p>\n\n\n\n<p>Moderation (MagentaTV): Johannes B. Kerner, Experte: Michael Ballack <\/p>\n\n\n\n<hr class=\"wp-block-separator\"\/>\n\n\n\n<p><strong>Testspiel, Frauen-Nationalmannschaft (ZDF)<\/strong><\/p>\n\n\n\n<p><span style=\"text-decoration: underline;\">Dienstag, 15. Juni 2021, ab 14.50 Uhr<\/span><\/p>\n\n\n\n<p><em><strong>Deutschland <em><strong>\u2013<\/strong><\/em><\/strong><\/em> <em><strong>Chile (15.00 Uhr)<\/strong><\/em><\/p>\n\n\n\n<p><img loading=\"lazy\" decoding=\"async\" width=\"10\" height=\"21\" class=\"wp-image-3656\" style=\"width: 10px;\" src=\"http:\/\/kommentatorenblog.de\/wp-content\/uploads\/2020\/09\/shure-55sh-ii-e1601485394796.jpg\" alt=\"\" srcset=\"https:\/\/kommentatorenblog.de\/wp-content\/uploads\/2020\/09\/shure-55sh-ii-e1601485394796.jpg 415w, https:\/\/kommentatorenblog.de\/wp-content\/uploads\/2020\/09\/shure-55sh-ii-e1601485394796-142x300.jpg 142w\" sizes=\"auto, (max-width: 10px) 100vw, 10px\" \/> Norbert Galeske<\/p>\n\n\n\n<p>Moderation: Katja Streso <\/p>\n\n\n\n<hr class=\"wp-block-separator\"\/>\n\n\n\n<p><strong>Relegation zum Aufstieg in die 03. Liga, Hinspiel <\/strong><\/p>\n\n\n\n<p><span style=\"text-decoration: underline;\">Samstag, 12. Juni 2021, ab 12.45 Uhr (Magenta Sport)\/ab 13.00 Uhr (BR)<\/span><\/p>\n\n\n\n<p><em><strong>1.FC Schweinfurt 05 <em><strong>\u2013<\/strong><\/em><\/strong><\/em> <em><strong>TSV Havelse (13.00 Uhr)<\/strong><\/em><\/p>\n\n\n\n<p><img loading=\"lazy\" decoding=\"async\" width=\"10\" height=\"21\" class=\"wp-image-3656\" style=\"width: 10px;\" src=\"http:\/\/kommentatorenblog.de\/wp-content\/uploads\/2020\/09\/shure-55sh-ii-e1601485394796.jpg\" alt=\"\" srcset=\"https:\/\/kommentatorenblog.de\/wp-content\/uploads\/2020\/09\/shure-55sh-ii-e1601485394796.jpg 415w, https:\/\/kommentatorenblog.de\/wp-content\/uploads\/2020\/09\/shure-55sh-ii-e1601485394796-142x300.jpg 142w\" sizes=\"auto, (max-width: 10px) 100vw, 10px\" \/> BR: Philipp Eger <\/p>\n\n\n\n<p><img loading=\"lazy\" decoding=\"async\" width=\"10\" height=\"21\" class=\"wp-image-3656\" style=\"width: 10px;\" src=\"http:\/\/kommentatorenblog.de\/wp-content\/uploads\/2020\/09\/shure-55sh-ii-e1601485394796.jpg\" alt=\"\" srcset=\"https:\/\/kommentatorenblog.de\/wp-content\/uploads\/2020\/09\/shure-55sh-ii-e1601485394796.jpg 415w, https:\/\/kommentatorenblog.de\/wp-content\/uploads\/2020\/09\/shure-55sh-ii-e1601485394796-142x300.jpg 142w\" sizes=\"auto, (max-width: 10px) 100vw, 10px\" \/> Magenta Sport: Alex Kunz<\/p>\n\n\n\n<p>Moderation (BR): Markus Othmer <\/p>\n\n\n\n<p>Moderation (Magenta Sport): Cedric Pick<\/p>\n\n\n\n<hr class=\"wp-block-separator\"\/>\n\n\n\n<p><strong>Internationaler Fussball (Sportdigital FUSSBALL)<\/strong><\/p>\n\n\n\n<p><span style=\"text-decoration: underline;\">Samstag, 12. Juni 2021<\/span><\/p>\n\n\n\n<p>A-League, Elimination Final:&nbsp;<strong><em>Central Coast Mariners <strong><em>\u2013<\/em><\/strong> Macarthur Bulls (11.05 Uhr)<\/em><\/strong><\/p>\n\n\n\n<p><img loading=\"lazy\" decoding=\"async\" width=\"10\" height=\"21\" class=\"wp-image-3656\" style=\"width: 10px;\" src=\"http:\/\/kommentatorenblog.de\/wp-content\/uploads\/2020\/09\/shure-55sh-ii-e1601485394796.jpg\" alt=\"\" srcset=\"https:\/\/kommentatorenblog.de\/wp-content\/uploads\/2020\/09\/shure-55sh-ii-e1601485394796.jpg 415w, https:\/\/kommentatorenblog.de\/wp-content\/uploads\/2020\/09\/shure-55sh-ii-e1601485394796-142x300.jpg 142w\" sizes=\"auto, (max-width: 10px) 100vw, 10px\" \/> Karsten Linke <\/p>\n\n\n\n<p><span style=\"text-decoration: underline;\">Sonntag, 13. Juni 2021<\/span><\/p>\n\n\n\n<p>A-League, Elimination Final:&nbsp;<strong><em>Brisbane Roar <strong><em><strong><em>\u2013<\/em><\/strong><\/em><\/strong> Adelaide United (07.05 Uhr)<\/em><\/strong><\/p>\n\n\n\n<p><img loading=\"lazy\" decoding=\"async\" width=\"10\" height=\"21\" class=\"wp-image-3656\" style=\"width: 10px;\" src=\"http:\/\/kommentatorenblog.de\/wp-content\/uploads\/2020\/09\/shure-55sh-ii-e1601485394796.jpg\" alt=\"\" srcset=\"https:\/\/kommentatorenblog.de\/wp-content\/uploads\/2020\/09\/shure-55sh-ii-e1601485394796.jpg 415w, https:\/\/kommentatorenblog.de\/wp-content\/uploads\/2020\/09\/shure-55sh-ii-e1601485394796-142x300.jpg 142w\" sizes=\"auto, (max-width: 10px) 100vw, 10px\" \/> Christian Blunck <\/p>\n\n\n\n<hr class=\"wp-block-separator\"\/>\n\n\n\n<p><strong>Die Analyse<\/strong><\/p>\n\n\n\n<p>Vornweg: Die ARD-Moderation + Experten sind immer unter dem letzten Spiel f\u00fcr den ganzen Tag angegeben, falls das Duo Wellmer\/Schweinsteiger nicht zum Einsatz kommt. Beim WDR l\u00e4sst man sich in puncto Experten-Besetzung und Eins\u00e4tze von Co-Kommentator Thomas Broich noch nicht komplett in die Karten schauen. Auch bez\u00fcglich der ARD-Fields gibt\u00b4s noch keine R\u00fcckmeldung. Wenn wir neue Infos haben, aktualisieren wir den Beitrag nat\u00fcrlich. Zudem werden wir nicht m\u00fcde zu betonen, dass ARD und ZDF (Spiele aus Glasgow und London ausgenommen) immer von vort Ort kommentieren. Bei MagentaTV kommt alles aus der Box. <\/p>\n\n\n\n<p><strong>Er\u00f6ffnungsspiel zwischen Box und Stadion<\/strong><\/p>\n\n\n\n<p>Mit diesem Grundsatz geht\u00b4s auch direkt am Freitag beim Spiel zwischen T\u00fcrkei und Italien in Rom los. F\u00fcr die ARD sind unter anderem Na\u00df, Wellmer und Schweinsteiger in Rom. Bei MagentaTV gibt\u00b4s zum Anfang den Experten-Doppelpack Bobic und Ballack an der Seite von JBK. Wolff Fuss kommentiert zusammen mit dem fr\u00fcheren t\u00fcrkischen Nationalspieler Nuri Sahin. <\/p>\n\n\n\n<p><strong>Viel los beim Deutschland-Spiel<\/strong><\/p>\n\n\n\n<p>Von der ersten Partie der EM springen wir direkt zum Aufeinandertreffen von Deutschland und Frankreich am Dienstag \u2013 das letzte Spiel des ersten Spieltags der Gruppenphase. Im Stadion in M\u00fcnchen bekommt beim ZDF B\u00e9la R\u00e9thy die angek\u00fcndigte Unterst\u00fctzung von Sandro Wagner. Standesgem\u00e4\u00df ist Boris B\u00fcchler als Interviewer eingeteilt. Und weil KMH im Studio nicht gebraucht wird, darf sie auch live bei der Neuauflage des EM-Halbfinals von 2016 dabei sein. Als zus\u00e4tzlicher Experte ist der ehemalige franz\u00f6sische Fu\u00dfballer Christian Karembeu im Studio zu Gast &#8211; mMn nicht das erste Mal, dass er die ZDF-\u00dcbertragungen bei einem Frankreich-Spiel bereichert. F\u00fcr die Telekom ist nur Thomas Wagner in der Arena, im \u201ePromi-Feed\u201c sind Pocher und Somuncu am Start. Wolff Fuss wird kommentieren &#8211; wie \u00fcbrigens jedes Deutschland-Spiel bei der Telekom. <\/p>\n\n\n\n<p><strong>Hummels-Comeback und G\u00e4ste-Flut<\/strong><\/p>\n\n\n\n<p>Was f\u00e4llt bei den Namen vom ersten Spieltag sonst noch auf? Jonas Hummels findet sich in der Auflistung von MagentaTV wieder &#8211; ein kleines Comeback, bevor er n\u00e4chste Saison auch wieder bei DAZN zu h\u00f6ren\/sehen sen wird. Insgesamt investiert die Telekom schon eine Menge in das Projekt &#8211; es erwartet die Zuschauer eine wirkliche G\u00e4steflut. Dienstag kommt z. B. Uli Heone\u00df bei Ungarn-Portugal vorbei, bevor er ins Stadion zum Deutschland-Spiel f\u00e4hrt. Dar\u00fcber hinaus ist bei fast jedem Spiel Jan Henkel f\u00fcr Analyse am Start. <\/p>\n\n\n\n<p><strong>Aufw\u00e4rmprogramm und Aufstiegsspiele<\/strong><\/p>\n\n\n\n<p>Samstag und Sonntag gibt\u00b4s bei sportdigital FUSSBALL jeweils ein Spiel aus der A-League. Mit Linke und Blunck \u00fcbernehmen die beiden Top-Reporter. Au\u00dferdem gibt\u00b4s am Samstagnachmittag noch das Relegations-Hinspiel um den Aufstieg in die 3. Liga. Alex Kunz und Cedric Pick machen sich auf den Weg nach Schweinfurt. Und bevor am Dienstag die deutschen Herren ins EM-Turnier eingreifen, treten die Frauen zum Testspiel gegen Chile an. Wegen der M\u00e4nner-EM \u00fcberraschen die Ansetzungen von Galeske und Streso keineswegs. <\/p>\n\n\n\n<p>Macht das Beste draus!<\/p>\n","protected":false},"excerpt":{"rendered":"<p>N\u2019 Abend allerseits, Freitag startet die Europameisterschaft. Alle 51 Spiele des Turniers gibt\u00b4s nur bei MagentaTV (10 Partien davon exklusiv), 41 Partie teilen sich ARD und ZDF auf. Und so ehrlich m\u00fcssen wir sein: F\u00fcr gef\u00fchlte 95% der deutschen Fu\u00dfballfans werden die \u00dcbertragungen im \u00f6ffentlich-rechtlichen Rundfunk ausreichen. Folgende Spiele zeigt ausschlie\u00dflich MagentaTV: Spieltag 1 \u2013 [&hellip;]<\/p>\n","protected":false},"author":6,"featured_media":0,"comment_status":"open","ping_status":"open","sticky":false,"template":"","format":"standard","meta":{"footnotes":""},"categories":[562],"tags":[509,292,246,550,548,19,545,355,47,21,166,256,57,35,544,36,99,173,187,272,540,543,48,274,39,520,59,50,547,542,488,43,67,38,500,109,161,350,12,134,549,33,273,107,37],"class_list":["post-9367","post","type-post","status-publish","format-standard","hentry","category-em2020","tag-a-league","tag-alex-kunz","tag-alexander-bommes","tag-alexander-kramer","tag-almuth-schult","tag-ard","tag-ariane-hingst","tag-bastian-schweinsteiger","tag-bela-rethy","tag-benni-zander","tag-benny-lauth","tag-cedric-pick","tag-christian-blunck","tag-christian-strassburger","tag-christoph-kramer","tag-claudia-neumann","tag-florian-nass","tag-frauenfussball","tag-fredi-bobic","tag-gerd-gottlob","tag-hanno-balitsch","tag-jan-henkel","tag-jan-platte","tag-jessy-wellmer","tag-jochen-breyer","tag-johannes-b-kerner","tag-karsten-linke","tag-katrin-mueller-hohenstein","tag-kevi-prince-boateng","tag-magentatv","tag-manuel-baum","tag-marco-hagemann","tag-markus-hoehner","tag-martin-schneider","tag-michael-ballack","tag-oliver-schmidt","tag-per-mertesacker","tag-sandro-wagner","tag-sascha-bandermann","tag-sportdigital-fussball","tag-stefan-kuntz","tag-thomas-wagner","tag-tom-bartels","tag-wolff-fuss","tag-zdf"],"_links":{"self":[{"href":"https:\/\/kommentatorenblog.de\/index.php?rest_route=\/wp\/v2\/posts\/9367","targetHints":{"allow":["GET"]}}],"collection":[{"href":"https:\/\/kommentatorenblog.de\/index.php?rest_route=\/wp\/v2\/posts"}],"about":[{"href":"https:\/\/kommentatorenblog.de\/index.php?rest_route=\/wp\/v2\/types\/post"}],"author":[{"embeddable":true,"href":"https:\/\/kommentatorenblog.de\/index.php?rest_route=\/wp\/v2\/users\/6"}],"replies":[{"embeddable":true,"href":"https:\/\/kommentatorenblog.de\/index.php?rest_route=%2Fwp%2Fv2%2Fcomments&post=9367"}],"version-history":[{"count":77,"href":"https:\/\/kommentatorenblog.de\/index.php?rest_route=\/wp\/v2\/posts\/9367\/revisions"}],"predecessor-version":[{"id":9565,"href":"https:\/\/kommentatorenblog.de\/index.php?rest_route=\/wp\/v2\/posts\/9367\/revisions\/9565"}],"wp:attachment":[{"href":"https:\/\/kommentatorenblog.de\/index.php?rest_route=%2Fwp%2Fv2%2Fmedia&parent=9367"}],"wp:term":[{"taxonomy":"category","embeddable":true,"href":"https:\/\/kommentatorenblog.de\/index.php?rest_route=%2Fwp%2Fv2%2Fcategories&post=9367"},{"taxonomy":"post_tag","embeddable":true,"href":"https:\/\/kommentatorenblog.de\/index.php?rest_route=%2Fwp%2Fv2%2Ftags&post=9367"}],"curies":[{"name":"wp","href":"https:\/\/api.w.org\/{rel}","templated":true}]}}