{"id":9490,"date":"2021-06-14T19:55:32","date_gmt":"2021-06-14T17:55:32","guid":{"rendered":"http:\/\/kommentatorenblog.de\/?p=9490"},"modified":"2021-07-12T17:14:04","modified_gmt":"2021-07-12T15:14:04","slug":"1177-kompliment-an-magentatv","status":"publish","type":"post","link":"https:\/\/kommentatorenblog.de\/?p=9490","title":{"rendered":"1177 \u2013 Kompliment an MagentaTV"},"content":{"rendered":"\n<p>N\u2019 Abend allerseits,<\/p>\n\n\n\n<p>Die EM ist in vollem Gange, die meisten Mannschaften sind bereits in das Turnier gestartet. Ich pers\u00f6nlich war vor dem Turnier relativ skeptisch, inwiefern ich mich von der EM begeistern lassen kann, doch inzwischen kann ich sagen, dass ich mich von der EM-Euphorie habe anstecken lassen. Ein Grund daf\u00fcr ist, neben des guten Wetters, auch MagentaTV, die aus meiner Sicht sehr gute \u00dcbertragungen geliefert. Aber klar, in Vorbereitung auf meinen Beitrag und allein aus Interesse habe ich bei allen \u00fcbertragenden Sendern mal reingeschaut. Aufgefallen ist mir dabei, dass MagentaTV knapp 10 Sekunden aktueller war als die \u00f6ffentlich-rechtlichen und auch das Bild war deutlich sch\u00e4rfer. <\/p>\n\n\n\n<p><strong>Einsch\u00e4tzung zu den bisherigen \u00dcbertragungen<\/strong><\/p>\n\n\n\n<p>Von den \u00dcbertragungen her gef\u00e4llt mir MagentaTV aus verschiedenen Gr\u00fcnden. Das Zusammenspiel von Johannes B. Kerner und Michael Ballack ist aus meiner Sicht sehr gut und auch die Einbindungen von Jan Henkel, der gewohnt stark agiert, passen sehr gut. Das Kommentatoren-Ensemble finde ich pers\u00f6nlich sehr stark. Hier und da hab ich in den sozialen Medien und auch hier im Blog habe ich vernommen, dass nicht alle zufrieden mit Jan Plattes Auftritt bei dem Sieg der Belgier waren. Ich pers\u00f6nlich konnte sehr gut nachvollziehen, dass er nach dem Vorfall rund um Christian Eriksen nicht die gro\u00dfen Emotionen gezeigt hat. Und auch das Taktik-Feed mit Benni Zander und Manuel Baum ist f\u00fcr mich eine gute Erg\u00e4nzung und einfach auch wahnsinnig informativ! Kritik habe ich tats\u00e4chlich keine Gro\u00dfartige, am ehesten sind die Spiegelungen am Taktik-Screen ein bisschen st\u00f6rend. Erstaunlicherweise kann ich auch nicht \u00fcber den Box-Kommentar meckern, aufgrund der Pandemie finde ich diesen auch v\u00f6llig vertretbar! Bei der ARD habe ich das Auftaktspiel gesehen, die Viererrunde in K\u00f6ln finde ich gut, Jessy Wellmer und Bastian Schweinsteiger wiederum haben mir weniger gut gefallen. Mir pers\u00f6nlich gibt Bastian Schweinsteiger als Experte tats\u00e4chlich auch keinen gewinnbringenden Input, den ich beispielsweise von Stefan Kuntz zu Hauf bekomme, aber letztlich ist das nat\u00fcrlich alles subjektiv. Beim ZDF wiederum habe ich kaum was zu bem\u00e4ngeln, klar ist ein gro\u00dfes Turnier ohne Oliver Welke und Oliver Kahn ungewohnt, aber sowohl Chris Kramer als auch Per Mertesacker machen ihre Sache &#8211; wie ich finde &#8211; richtig gut. Zudem finde ich beim ZDF besser als bei der ARD, dass es auch mal G\u00e4ste im Studio gibt. <\/p>\n\n\n\n<p>So viel also zu meinen ersten Eindr\u00fccken, wie ist es bei euch? Wo seht ihr die EM? Was gef\u00e4llt euch bei den \u00fcbertragenden Sendern? Was gef\u00e4llt euch nicht? <\/p>\n\n\n\n<p>Jetzt aber die Ansetzungen des 2. Spieltags der Europameisterschaft 2020, zudem haben wir euch auch noch mal die Ansetzungen von morgigen Dienstag erneut in die Ansetzungen gepackt!<\/p>\n\n\n\n<hr class=\"wp-block-separator\"\/>\n\n\n\n<p><strong><em>Die Ansetzungen vom 15. Juni bis zum 19. Juni 2021<\/em><\/strong><\/p>\n\n\n\n<p><strong>Europameisterschaft 2020, 01. Spieltag<\/strong><\/p>\n\n\n\n<p><span style=\"text-decoration: underline;\">Dienstag, 15. Juni 2021, ab 17.00 Uhr (MagentaTV)\/ab 17.05 Uhr (ZDF)<\/span><\/p>\n\n\n\n<p><em><strong>Ungarn <em><strong>\u2013<\/strong><\/em><\/strong><\/em> <em><strong>Portugal (18.00 Uhr)<\/strong><\/em><\/p>\n\n\n\n<p>ZDF: <img loading=\"lazy\" decoding=\"async\" width=\"10\" height=\"21\" class=\"wp-image-3656\" style=\"width: 10px;\" src=\"http:\/\/kommentatorenblog.de\/wp-content\/uploads\/2020\/09\/shure-55sh-ii-e1601485394796.jpg\" alt=\"\" srcset=\"https:\/\/kommentatorenblog.de\/wp-content\/uploads\/2020\/09\/shure-55sh-ii-e1601485394796.jpg 415w, https:\/\/kommentatorenblog.de\/wp-content\/uploads\/2020\/09\/shure-55sh-ii-e1601485394796-142x300.jpg 142w\" sizes=\"auto, (max-width: 10px) 100vw, 10px\" \/> Martin Schneider, Co-Kommentator: Hanno Balitsch, Field-Reporter: Alexander Kramer<\/p>\n\n\n\n<p>MagentaTV: <img loading=\"lazy\" decoding=\"async\" width=\"10\" height=\"21\" class=\"wp-image-3656\" style=\"width: 10px;\" src=\"http:\/\/kommentatorenblog.de\/wp-content\/uploads\/2020\/09\/shure-55sh-ii-e1601485394796.jpg\" alt=\"\" srcset=\"https:\/\/kommentatorenblog.de\/wp-content\/uploads\/2020\/09\/shure-55sh-ii-e1601485394796.jpg 415w, https:\/\/kommentatorenblog.de\/wp-content\/uploads\/2020\/09\/shure-55sh-ii-e1601485394796-142x300.jpg 142w\" sizes=\"auto, (max-width: 10px) 100vw, 10px\" \/> Christian Stra\u00dfburger <\/p>\n\n\n\n<p>Moderation (ZDF): Jochen Breyer, Experte: Christoph Kramer, Gast: Helena Costa<\/p>\n\n\n\n<p>Moderation (MagentaTV): Johannes B. Kerner; Experte: Michael Ballack, Gast: Uli Hoene\u00df <\/p>\n\n\n\n<p><span style=\"text-decoration: underline;\">ab 20.00 Uhr (ZDF\/MagentaTV)<\/span><\/p>\n\n\n\n<p><em><strong>Frankreich <em><strong>\u2013<\/strong><\/em><\/strong><\/em> <em><strong>Deutschland (21.00 Uhr)<\/strong><\/em><\/p>\n\n\n\n<p>ZDF: <img loading=\"lazy\" decoding=\"async\" width=\"10\" height=\"21\" class=\"wp-image-3656\" style=\"width: 10px;\" src=\"http:\/\/kommentatorenblog.de\/wp-content\/uploads\/2020\/09\/shure-55sh-ii-e1601485394796.jpg\" alt=\"\" srcset=\"https:\/\/kommentatorenblog.de\/wp-content\/uploads\/2020\/09\/shure-55sh-ii-e1601485394796.jpg 415w, https:\/\/kommentatorenblog.de\/wp-content\/uploads\/2020\/09\/shure-55sh-ii-e1601485394796-142x300.jpg 142w\" sizes=\"auto, (max-width: 10px) 100vw, 10px\" \/> B\u00e9la R\u00e9thy, Co-Kommentator: Sandro Wagner, Field-Reporter: Boris B\u00fcchler und Kathrin M\u00fcller-Hohenstein <\/p>\n\n\n\n<p>MagentaTV: <img loading=\"lazy\" decoding=\"async\" width=\"10\" height=\"21\" class=\"wp-image-3656\" style=\"width: 10px;\" src=\"http:\/\/kommentatorenblog.de\/wp-content\/uploads\/2020\/09\/shure-55sh-ii-e1601485394796.jpg\" alt=\"\" srcset=\"https:\/\/kommentatorenblog.de\/wp-content\/uploads\/2020\/09\/shure-55sh-ii-e1601485394796.jpg 415w, https:\/\/kommentatorenblog.de\/wp-content\/uploads\/2020\/09\/shure-55sh-ii-e1601485394796-142x300.jpg 142w\" sizes=\"auto, (max-width: 10px) 100vw, 10px\" \/> Wolff Fuss, Field-Reporter: Thomas Wagner <\/p>\n\n\n\n<p>+ Promi-Feed: Oliver Pocher und Serdar Somuncu <\/p>\n\n\n\n<p>Moderation (ZDF): Jochen Breyer, Experten: Per Mertesacker und Christoph Kramer, Gast: Christian Karembeu<\/p>\n\n\n\n<p>Moderation (MagentaTV): Johannes B. Kerner, Experte: Michael Ballack <\/p>\n\n\n\n<p><strong>Europameisterschaft 2020, 02. Spieltag<\/strong><\/p>\n\n\n\n<p><span style=\"text-decoration: underline;\">Mittwoch, 16. Juni 2021, ab 14.00 Uhr (MagentaTV)<\/span><\/p>\n\n\n\n<p><em><strong>Finnland <em><strong>\u2013<\/strong><\/em><\/strong><\/em> <em><strong>Russland (15.00 Uhr)<\/strong><\/em><\/p>\n\n\n\n<p><img loading=\"lazy\" decoding=\"async\" width=\"10\" height=\"21\" class=\"wp-image-3656\" style=\"width: 10px;\" src=\"http:\/\/kommentatorenblog.de\/wp-content\/uploads\/2020\/09\/shure-55sh-ii-e1601485394796.jpg\" alt=\"\" srcset=\"https:\/\/kommentatorenblog.de\/wp-content\/uploads\/2020\/09\/shure-55sh-ii-e1601485394796.jpg 415w, https:\/\/kommentatorenblog.de\/wp-content\/uploads\/2020\/09\/shure-55sh-ii-e1601485394796-142x300.jpg 142w\" sizes=\"auto, (max-width: 10px) 100vw, 10px\" \/> Jan Platte<\/p>\n\n\n\n<p>+ Taktik-Feed: Benni Zander &amp; Manuel Baum <\/p>\n\n\n\n<p>Moderation: Johannes B. Kerner, Experte: Fredi Bobic<\/p>\n\n\n\n<p><span style=\"text-decoration: underline;\">ab 17.00 Uhr (MagentaTV\/ARD) <\/span><\/p>\n\n\n\n<p><em><strong>T\u00fcrkei <em><strong>\u2013<\/strong><\/em><\/strong><\/em> <em><strong>Wales (18.00 Uhr)<\/strong><\/em><\/p>\n\n\n\n<p>ARD: <img loading=\"lazy\" decoding=\"async\" width=\"10\" height=\"21\" class=\"wp-image-3656\" style=\"width: 10px;\" src=\"http:\/\/kommentatorenblog.de\/wp-content\/uploads\/2020\/09\/shure-55sh-ii-e1601485394796.jpg\" alt=\"\" srcset=\"https:\/\/kommentatorenblog.de\/wp-content\/uploads\/2020\/09\/shure-55sh-ii-e1601485394796.jpg 415w, https:\/\/kommentatorenblog.de\/wp-content\/uploads\/2020\/09\/shure-55sh-ii-e1601485394796-142x300.jpg 142w\" sizes=\"auto, (max-width: 10px) 100vw, 10px\" \/> Tom Bartels, Co-Kommentator: Thomas Broich<\/p>\n\n\n\n<p>MagentaTV: <img loading=\"lazy\" decoding=\"async\" width=\"10\" height=\"21\" class=\"wp-image-3656\" style=\"width: 10px;\" src=\"http:\/\/kommentatorenblog.de\/wp-content\/uploads\/2020\/09\/shure-55sh-ii-e1601485394796.jpg\" alt=\"\" srcset=\"https:\/\/kommentatorenblog.de\/wp-content\/uploads\/2020\/09\/shure-55sh-ii-e1601485394796.jpg 415w, https:\/\/kommentatorenblog.de\/wp-content\/uploads\/2020\/09\/shure-55sh-ii-e1601485394796-142x300.jpg 142w\" sizes=\"auto, (max-width: 10px) 100vw, 10px\" \/> Christian Stra\u00dfburger<\/p>\n\n\n\n<p>Moderation (MagentaTV): Johannes B. Kerner, Experte: Fredi Bobic<\/p>\n\n\n\n<p><span style=\"text-decoration: underline;\">ab 20.00 Uhr (MagentaTV)\/ab 20.15 Uhr (ARD)<\/span><\/p>\n\n\n\n<p><em><strong>Italien <em><strong>\u2013<\/strong><\/em><\/strong><\/em> <em><strong>Schweiz (21.00 Uhr)<\/strong><\/em><\/p>\n\n\n\n<p>ARD: <img loading=\"lazy\" decoding=\"async\" width=\"10\" height=\"21\" class=\"wp-image-3656\" style=\"width: 10px;\" src=\"http:\/\/kommentatorenblog.de\/wp-content\/uploads\/2020\/09\/shure-55sh-ii-e1601485394796.jpg\" alt=\"\" srcset=\"https:\/\/kommentatorenblog.de\/wp-content\/uploads\/2020\/09\/shure-55sh-ii-e1601485394796.jpg 415w, https:\/\/kommentatorenblog.de\/wp-content\/uploads\/2020\/09\/shure-55sh-ii-e1601485394796-142x300.jpg 142w\" sizes=\"auto, (max-width: 10px) 100vw, 10px\" \/> Gerd Gottlob<\/p>\n\n\n\n<p>MagentaTV: <img loading=\"lazy\" decoding=\"async\" width=\"10\" height=\"21\" class=\"wp-image-3656\" style=\"width: 10px;\" src=\"http:\/\/kommentatorenblog.de\/wp-content\/uploads\/2020\/09\/shure-55sh-ii-e1601485394796.jpg\" alt=\"\" srcset=\"https:\/\/kommentatorenblog.de\/wp-content\/uploads\/2020\/09\/shure-55sh-ii-e1601485394796.jpg 415w, https:\/\/kommentatorenblog.de\/wp-content\/uploads\/2020\/09\/shure-55sh-ii-e1601485394796-142x300.jpg 142w\" sizes=\"auto, (max-width: 10px) 100vw, 10px\" \/> Benni Zander, Co-Kommentator: J\u00fcrgen Kohler<\/p>\n\n\n\n<p>Moderation (ARD): Jessy Wellmer, Experte: Bastian Schweinsteiger<\/p>\n\n\n\n<p>Moderation (MagentaTV): Sascha Bandermann, Gast: Inka Grings<\/p>\n\n\n\n<p><span style=\"text-decoration: underline;\">Donnerstag, 17. Juni 2021, ab 14.00 Uhr (MagentaTV)\/ab 14.05 Uhr (ZDF)<\/span><\/p>\n\n\n\n<p><strong><em>Ukraine \u2013 Nordmazedonien (15.00 Uhr)<\/em><\/strong><\/p>\n\n\n\n<p>ZDF: <img loading=\"lazy\" decoding=\"async\" width=\"10\" height=\"21\" class=\"wp-image-3656\" style=\"width: 10px;\" src=\"http:\/\/kommentatorenblog.de\/wp-content\/uploads\/2020\/09\/shure-55sh-ii-e1601485394796.jpg\" alt=\"\" srcset=\"https:\/\/kommentatorenblog.de\/wp-content\/uploads\/2020\/09\/shure-55sh-ii-e1601485394796.jpg 415w, https:\/\/kommentatorenblog.de\/wp-content\/uploads\/2020\/09\/shure-55sh-ii-e1601485394796-142x300.jpg 142w\" sizes=\"auto, (max-width: 10px) 100vw, 10px\" \/> Martin Schneider, Co-Kommentator: Hanno Balitsch<\/p>\n\n\n\n<p>MagentaTV: <img loading=\"lazy\" decoding=\"async\" width=\"10\" height=\"21\" class=\"wp-image-3656\" style=\"width: 10px;\" src=\"http:\/\/kommentatorenblog.de\/wp-content\/uploads\/2020\/09\/shure-55sh-ii-e1601485394796.jpg\" alt=\"\" srcset=\"https:\/\/kommentatorenblog.de\/wp-content\/uploads\/2020\/09\/shure-55sh-ii-e1601485394796.jpg 415w, https:\/\/kommentatorenblog.de\/wp-content\/uploads\/2020\/09\/shure-55sh-ii-e1601485394796-142x300.jpg 142w\" sizes=\"auto, (max-width: 10px) 100vw, 10px\" \/> Markus H\u00f6hner<\/p>\n\n\n\n<p>Moderation (ZDF): Jochen Breyer, Experte: Christoph Kramer<\/p>\n\n\n\n<p>Moderation (MagentaTV): Sascha Bandermann, G\u00e4ste: Nicolce Noveski, Cacau<\/p>\n\n\n\n<p><span style=\"text-decoration: underline;\">ab 17.00 Uhr (MagentaTV)\/ab 17.05 Uhr (ZDF)<\/span><\/p>\n\n\n\n<p><em><strong>D\u00e4nemark <em><strong>\u2013<\/strong><\/em><\/strong><\/em> <em><strong>Belgien (18.00 Uhr)<\/strong><\/em><\/p>\n\n\n\n<p>ZDF: <img loading=\"lazy\" decoding=\"async\" width=\"10\" height=\"21\" class=\"wp-image-3656\" style=\"width: 10px;\" src=\"http:\/\/kommentatorenblog.de\/wp-content\/uploads\/2020\/09\/shure-55sh-ii-e1601485394796.jpg\" alt=\"\" srcset=\"https:\/\/kommentatorenblog.de\/wp-content\/uploads\/2020\/09\/shure-55sh-ii-e1601485394796.jpg 415w, https:\/\/kommentatorenblog.de\/wp-content\/uploads\/2020\/09\/shure-55sh-ii-e1601485394796-142x300.jpg 142w\" sizes=\"auto, (max-width: 10px) 100vw, 10px\" \/> Claudia Neumann, Co-Kommentatorin: Ariane Hingst<\/p>\n\n\n\n<p>MagentaTV: <img loading=\"lazy\" decoding=\"async\" width=\"10\" height=\"21\" class=\"wp-image-3656\" style=\"width: 10px;\" src=\"http:\/\/kommentatorenblog.de\/wp-content\/uploads\/2020\/09\/shure-55sh-ii-e1601485394796.jpg\" alt=\"\" srcset=\"https:\/\/kommentatorenblog.de\/wp-content\/uploads\/2020\/09\/shure-55sh-ii-e1601485394796.jpg 415w, https:\/\/kommentatorenblog.de\/wp-content\/uploads\/2020\/09\/shure-55sh-ii-e1601485394796-142x300.jpg 142w\" sizes=\"auto, (max-width: 10px) 100vw, 10px\" \/> Marco Hagemann<\/p>\n\n\n\n<p>Moderation (ZDF): Jochen Breyer, Experte: Christoph Kramer, Gast: Bjarne Goldb\u00e6k<\/p>\n\n\n\n<p>Moderation (MagentaTV): Johannes B. Kerner; Experte: Fredi Bobic, Gast: Peter Thorwarth<\/p>\n\n\n\n<p><span style=\"text-decoration: underline;\">ab 20.00 Uhr (ZDF\/MagentaTV)<\/span><\/p>\n\n\n\n<p><em><strong>Niederlande <em><strong>\u2013<\/strong><\/em><\/strong><\/em> <em><strong>\u00d6sterreich (21.00 Uhr)<\/strong><\/em><\/p>\n\n\n\n<p>ZDF: <img loading=\"lazy\" decoding=\"async\" width=\"10\" height=\"21\" class=\"wp-image-3656\" style=\"width: 10px;\" src=\"http:\/\/kommentatorenblog.de\/wp-content\/uploads\/2020\/09\/shure-55sh-ii-e1601485394796.jpg\" alt=\"\" srcset=\"https:\/\/kommentatorenblog.de\/wp-content\/uploads\/2020\/09\/shure-55sh-ii-e1601485394796.jpg 415w, https:\/\/kommentatorenblog.de\/wp-content\/uploads\/2020\/09\/shure-55sh-ii-e1601485394796-142x300.jpg 142w\" sizes=\"auto, (max-width: 10px) 100vw, 10px\" \/> B\u00e9la R\u00e9thy, Field-Reporter: Alexander Ruda<\/p>\n\n\n\n<p>MagentaTV: <img loading=\"lazy\" decoding=\"async\" width=\"10\" height=\"21\" class=\"wp-image-3656\" style=\"width: 10px;\" src=\"http:\/\/kommentatorenblog.de\/wp-content\/uploads\/2020\/09\/shure-55sh-ii-e1601485394796.jpg\" alt=\"\" srcset=\"https:\/\/kommentatorenblog.de\/wp-content\/uploads\/2020\/09\/shure-55sh-ii-e1601485394796.jpg 415w, https:\/\/kommentatorenblog.de\/wp-content\/uploads\/2020\/09\/shure-55sh-ii-e1601485394796-142x300.jpg 142w\" sizes=\"auto, (max-width: 10px) 100vw, 10px\" \/> Wolff Fuss, Co-Kommentator: Adi H\u00fctter<\/p>\n\n\n\n<p>Moderation (ZDF): Kathrin M\u00fcller-Hohenstein, Experte: Per Mertesacker, Gast: Andreas Ivanschitz<\/p>\n\n\n\n<p>Moderation (MagentaTV): Johannes B. Kerner, Experte: Fredi Bobic<\/p>\n\n\n\n<p><span style=\"text-decoration: underline;\">Freitag, 18. Juni 2021, ab 14.00 Uhr (MagentaTV)<\/span><\/p>\n\n\n\n<p><em><strong>Schweden <em><strong>\u2013<\/strong><\/em><\/strong><\/em> <em><strong>Slowakei (15.00 Uhr)<\/strong><\/em><\/p>\n\n\n\n<p><img loading=\"lazy\" decoding=\"async\" width=\"10\" height=\"21\" class=\"wp-image-3656\" style=\"width: 10px;\" src=\"http:\/\/kommentatorenblog.de\/wp-content\/uploads\/2020\/09\/shure-55sh-ii-e1601485394796.jpg\" alt=\"\" srcset=\"https:\/\/kommentatorenblog.de\/wp-content\/uploads\/2020\/09\/shure-55sh-ii-e1601485394796.jpg 415w, https:\/\/kommentatorenblog.de\/wp-content\/uploads\/2020\/09\/shure-55sh-ii-e1601485394796-142x300.jpg 142w\" sizes=\"auto, (max-width: 10px) 100vw, 10px\" \/> Marco Hagemann<\/p>\n\n\n\n<p>+ Taktik-Feed: Benni Zander &amp; Manuel Baum<\/p>\n\n\n\n<p>Moderation: Sascha Bandermann<\/p>\n\n\n\n<p><span style=\"text-decoration: underline;\">ab 17.00 Uhr (MagentaTV)\/ab 17.05 Uhr (ZDF)<\/span><\/p>\n\n\n\n<p><em><strong>Kroatien <em><strong>\u2013<\/strong><\/em><\/strong><\/em> <em><strong>Tschechien (18.00 Uhr)<\/strong><\/em><\/p>\n\n\n\n<p>ZDF: <img loading=\"lazy\" decoding=\"async\" width=\"10\" height=\"21\" class=\"wp-image-3656\" style=\"width: 10px;\" src=\"http:\/\/kommentatorenblog.de\/wp-content\/uploads\/2020\/09\/shure-55sh-ii-e1601485394796.jpg\" alt=\"\" srcset=\"https:\/\/kommentatorenblog.de\/wp-content\/uploads\/2020\/09\/shure-55sh-ii-e1601485394796.jpg 415w, https:\/\/kommentatorenblog.de\/wp-content\/uploads\/2020\/09\/shure-55sh-ii-e1601485394796-142x300.jpg 142w\" sizes=\"auto, (max-width: 10px) 100vw, 10px\" \/> Martin Schneider, Co-Kommentator: Hanno Balitsch, Field-Reporter: Diana Zimmermann<\/p>\n\n\n\n<p>MagentaTV: <img loading=\"lazy\" decoding=\"async\" width=\"10\" height=\"21\" class=\"wp-image-3656\" style=\"width: 10px;\" src=\"http:\/\/kommentatorenblog.de\/wp-content\/uploads\/2020\/09\/shure-55sh-ii-e1601485394796.jpg\" alt=\"\" srcset=\"https:\/\/kommentatorenblog.de\/wp-content\/uploads\/2020\/09\/shure-55sh-ii-e1601485394796.jpg 415w, https:\/\/kommentatorenblog.de\/wp-content\/uploads\/2020\/09\/shure-55sh-ii-e1601485394796-142x300.jpg 142w\" sizes=\"auto, (max-width: 10px) 100vw, 10px\" \/> Markus H\u00f6hner<\/p>\n\n\n\n<p>Moderation (ZDF): Jochen Breyer, Experte: Christoph Kramer, Gast: Mladen Petri\u0107<\/p>\n\n\n\n<p>Moderation (MagentaTV): Johannes B. Kerner; Experte: Fredi Bobic<\/p>\n\n\n\n<p><span style=\"text-decoration: underline;\">ab 20.00 Uhr (ZDF\/MagentaTV)<\/span><\/p>\n\n\n\n<p><em><strong>England <em><strong>\u2013<\/strong><\/em><\/strong><\/em> <em><strong>Schottland (21.00 Uhr)<\/strong><\/em><\/p>\n\n\n\n<p>ZDF: <img loading=\"lazy\" decoding=\"async\" width=\"10\" height=\"21\" class=\"wp-image-3656\" style=\"width: 10px;\" src=\"http:\/\/kommentatorenblog.de\/wp-content\/uploads\/2020\/09\/shure-55sh-ii-e1601485394796.jpg\" alt=\"\" srcset=\"https:\/\/kommentatorenblog.de\/wp-content\/uploads\/2020\/09\/shure-55sh-ii-e1601485394796.jpg 415w, https:\/\/kommentatorenblog.de\/wp-content\/uploads\/2020\/09\/shure-55sh-ii-e1601485394796-142x300.jpg 142w\" sizes=\"auto, (max-width: 10px) 100vw, 10px\" \/> Oliver Schmidt, Field-Reporter: Andreas Stamm oder Ute Koboldt<\/p>\n\n\n\n<p>MagentaTV: <img loading=\"lazy\" decoding=\"async\" width=\"10\" height=\"21\" class=\"wp-image-3656\" style=\"width: 10px;\" src=\"http:\/\/kommentatorenblog.de\/wp-content\/uploads\/2020\/09\/shure-55sh-ii-e1601485394796.jpg\" alt=\"\" srcset=\"https:\/\/kommentatorenblog.de\/wp-content\/uploads\/2020\/09\/shure-55sh-ii-e1601485394796.jpg 415w, https:\/\/kommentatorenblog.de\/wp-content\/uploads\/2020\/09\/shure-55sh-ii-e1601485394796-142x300.jpg 142w\" sizes=\"auto, (max-width: 10px) 100vw, 10px\" \/> Jan Platte, Co-Kommentator: Moritz Volz<\/p>\n\n\n\n<p>Moderation (ZDF): Jochen Breyer, Experten: Christoph Kramer, Per Mertesacker, Gast: Danny Mills<\/p>\n\n\n\n<p>Moderation (MagentaTV): Johannes B. Kerner, Experte: Fredi Bobic<\/p>\n\n\n\n<p><span style=\"text-decoration: underline;\">Samstag, 19. Juni 2021, ab 13.50 Uhr (ARD)\/ ab 14.00 Uhr (MagentaTV)<\/span><\/p>\n\n\n\n<p><em><strong>Ungarn <em><strong>\u2013<\/strong><\/em><\/strong><\/em> <em><strong>Frankreich (15.00 Uhr)<\/strong><\/em><\/p>\n\n\n\n<p>ARD: <img loading=\"lazy\" decoding=\"async\" width=\"10\" height=\"21\" class=\"wp-image-3656\" style=\"width: 10px;\" src=\"http:\/\/kommentatorenblog.de\/wp-content\/uploads\/2020\/09\/shure-55sh-ii-e1601485394796.jpg\" alt=\"\" srcset=\"https:\/\/kommentatorenblog.de\/wp-content\/uploads\/2020\/09\/shure-55sh-ii-e1601485394796.jpg 415w, https:\/\/kommentatorenblog.de\/wp-content\/uploads\/2020\/09\/shure-55sh-ii-e1601485394796-142x300.jpg 142w\" sizes=\"auto, (max-width: 10px) 100vw, 10px\" \/> Florian Na\u00df, Co-Kommentator: Thomas Broich<\/p>\n\n\n\n<p>MagentaTV: <img loading=\"lazy\" decoding=\"async\" width=\"10\" height=\"21\" class=\"wp-image-3656\" style=\"width: 10px;\" src=\"http:\/\/kommentatorenblog.de\/wp-content\/uploads\/2020\/09\/shure-55sh-ii-e1601485394796.jpg\" alt=\"\" srcset=\"https:\/\/kommentatorenblog.de\/wp-content\/uploads\/2020\/09\/shure-55sh-ii-e1601485394796.jpg 415w, https:\/\/kommentatorenblog.de\/wp-content\/uploads\/2020\/09\/shure-55sh-ii-e1601485394796-142x300.jpg 142w\" sizes=\"auto, (max-width: 10px) 100vw, 10px\" \/> Marco Hagemann, Experte: Benny Lauth<\/p>\n\n\n\n<p>Moderation (MagentaTV): Johannes B. Kerner, Experten: Michael Ballack, Fredi Bobic<\/p>\n\n\n\n<p><span style=\"text-decoration: underline;\">ab 17.00 Uhr (MagentaTV\/ARD) <\/span><\/p>\n\n\n\n<p><em><strong>Portugal <em><strong>\u2013<\/strong><\/em><\/strong><\/em> <em><strong>Deutschland (18.00 Uhr)<\/strong><\/em><\/p>\n\n\n\n<p>ARD: <img loading=\"lazy\" decoding=\"async\" width=\"10\" height=\"21\" class=\"wp-image-3656\" style=\"width: 10px;\" src=\"http:\/\/kommentatorenblog.de\/wp-content\/uploads\/2020\/09\/shure-55sh-ii-e1601485394796.jpg\" alt=\"\" srcset=\"https:\/\/kommentatorenblog.de\/wp-content\/uploads\/2020\/09\/shure-55sh-ii-e1601485394796.jpg 415w, https:\/\/kommentatorenblog.de\/wp-content\/uploads\/2020\/09\/shure-55sh-ii-e1601485394796-142x300.jpg 142w\" sizes=\"auto, (max-width: 10px) 100vw, 10px\" \/> Gerd Gottlob<\/p>\n\n\n\n<p>MagentaTV: <img loading=\"lazy\" decoding=\"async\" width=\"10\" height=\"21\" class=\"wp-image-3656\" style=\"width: 10px;\" src=\"http:\/\/kommentatorenblog.de\/wp-content\/uploads\/2020\/09\/shure-55sh-ii-e1601485394796.jpg\" alt=\"\" srcset=\"https:\/\/kommentatorenblog.de\/wp-content\/uploads\/2020\/09\/shure-55sh-ii-e1601485394796.jpg 415w, https:\/\/kommentatorenblog.de\/wp-content\/uploads\/2020\/09\/shure-55sh-ii-e1601485394796-142x300.jpg 142w\" sizes=\"auto, (max-width: 10px) 100vw, 10px\" \/> Wolff Fuss, Co-Kommentator: Hannes Wolf, Field-Reporter: Thomas Wagner<\/p>\n\n\n\n<p>Moderation (ARD): Jessy Wellmer, Experte: Bastian Schweinsteiger<\/p>\n\n\n\n<p>Moderation (MagentaTV): Johannes B. Kerner, Experten: Michael Ballack und Fredi Bobic<\/p>\n\n\n\n<p><span style=\"text-decoration: underline;\">ab 20.00 Uhr (MagentaTV)\/ab 20.15 Uhr (ARD)<\/span><\/p>\n\n\n\n<p><em><strong>Spanien <em><strong>\u2013<\/strong><\/em><\/strong><\/em> <em><strong>Polen (21.00 Uhr)<\/strong><\/em><\/p>\n\n\n\n<p>ARD: <img loading=\"lazy\" decoding=\"async\" width=\"10\" height=\"21\" class=\"wp-image-3656\" style=\"width: 10px;\" src=\"http:\/\/kommentatorenblog.de\/wp-content\/uploads\/2020\/09\/shure-55sh-ii-e1601485394796.jpg\" alt=\"\" srcset=\"https:\/\/kommentatorenblog.de\/wp-content\/uploads\/2020\/09\/shure-55sh-ii-e1601485394796.jpg 415w, https:\/\/kommentatorenblog.de\/wp-content\/uploads\/2020\/09\/shure-55sh-ii-e1601485394796-142x300.jpg 142w\" sizes=\"auto, (max-width: 10px) 100vw, 10px\" \/> Tom Bartels<\/p>\n\n\n\n<p>MagentaTV: <img loading=\"lazy\" decoding=\"async\" width=\"10\" height=\"21\" class=\"wp-image-3656\" style=\"width: 10px;\" src=\"http:\/\/kommentatorenblog.de\/wp-content\/uploads\/2020\/09\/shure-55sh-ii-e1601485394796.jpg\" alt=\"\" srcset=\"https:\/\/kommentatorenblog.de\/wp-content\/uploads\/2020\/09\/shure-55sh-ii-e1601485394796.jpg 415w, https:\/\/kommentatorenblog.de\/wp-content\/uploads\/2020\/09\/shure-55sh-ii-e1601485394796-142x300.jpg 142w\" sizes=\"auto, (max-width: 10px) 100vw, 10px\" \/> Christian Stra\u00dfburger, Co-Kommentator: Eugen Polanski<\/p>\n\n\n\n<p>Moderation (ARD): Alexander Bommes, Experten: Almuth Schult, Kevin-Prince Boateng und Stefan Kuntz<\/p>\n\n\n\n<p>Moderation (MagentaTV): Sascha Bandermann<\/p>\n\n\n\n<hr class=\"wp-block-separator\"\/>\n\n\n\n<p><strong>Internationaler Fussball (Sportdigital FUSSBALL)<\/strong><\/p>\n\n\n\n<p><span style=\"text-decoration: underline;\">Donnerstag, 17. Juni 2021<\/span><\/p>\n\n\n\n<p>Copa Am\u00e9rica, 02. Spieltag:&nbsp;<strong><em>&nbsp;Kolumbien <strong><em>\u2013<\/em><\/strong> Venezuela (23.00 Uhr)<\/em><\/strong><\/p>\n\n\n\n<p><img loading=\"lazy\" decoding=\"async\" width=\"10\" height=\"21\" class=\"wp-image-3656\" style=\"width: 10px;\" src=\"http:\/\/kommentatorenblog.de\/wp-content\/uploads\/2020\/09\/shure-55sh-ii-e1601485394796.jpg\" alt=\"\" srcset=\"https:\/\/kommentatorenblog.de\/wp-content\/uploads\/2020\/09\/shure-55sh-ii-e1601485394796.jpg 415w, https:\/\/kommentatorenblog.de\/wp-content\/uploads\/2020\/09\/shure-55sh-ii-e1601485394796-142x300.jpg 142w\" sizes=\"auto, (max-width: 10px) 100vw, 10px\" \/> Christian Blunck <\/p>\n\n\n\n<p><span style=\"text-decoration: underline;\">Freitag, 18. Juni 2021<\/span><\/p>\n\n\n\n<p>Copa Am\u00e9rica, 02. Spieltag:&nbsp;<strong><em>&nbsp;Brasilien <strong><em>\u2013<\/em><\/strong> Peru (02.00 Uhr)<\/em><\/strong><\/p>\n\n\n\n<p><img loading=\"lazy\" decoding=\"async\" width=\"10\" height=\"21\" class=\"wp-image-3656\" style=\"width: 10px;\" src=\"http:\/\/kommentatorenblog.de\/wp-content\/uploads\/2020\/09\/shure-55sh-ii-e1601485394796.jpg\" alt=\"\" srcset=\"https:\/\/kommentatorenblog.de\/wp-content\/uploads\/2020\/09\/shure-55sh-ii-e1601485394796.jpg 415w, https:\/\/kommentatorenblog.de\/wp-content\/uploads\/2020\/09\/shure-55sh-ii-e1601485394796-142x300.jpg 142w\" sizes=\"auto, (max-width: 10px) 100vw, 10px\" \/> Marcus Radefeld<\/p>\n\n\n\n<hr class=\"wp-block-separator\"\/>\n\n\n\n<p><strong>Die Analyse<\/strong><\/p>\n\n\n\n<p>Die Analyse vom Kollegen Leon zu den Spielen am Dienstag findet ihr <a href=\"http:\/\/kommentatorenblog.de\/?p=9367\">im vergangenen Beitrag<\/a><\/p>\n\n\n\n<p><strong>Der doppelte Zander<\/strong><\/p>\n\n\n\n<p>Den Auftakt in den zweiten Spieltag der Eurosport am Mittwoch gibt es exklusiv bei MagentaTV, Finnland gegen Russland um 15.00 Uhr in St. Petersburg. Dauerbrenner Johannes B. Kerner meldet sich gemeinsam mit Fredi Bobic aus dem Studio, der neue Gesch\u00e4ftsf\u00fchrer von Hertha BSC wird &#8211; nachdem Michael Ballack am ersten Spieltag ja durchg\u00e4ngig als Experte fungierte &#8211; diesen Job nun am 2. Spieltag \u00fcbernehmen. Kommentiert wird die Begegnung von Jan Platte oder alternativ im Taktikfeed mit Benni Zander und Manuel Baum. Ab 17 Uhr startet dann auch die ARD ins Geschehen und bereitet auf die Partie T\u00fcrkei gegen Wales vor, und zwar aus der Box, Baku wird erst einmal nicht angefahren (finde ich im \u00dcbrigen in Zeiten einer Pandemie v\u00f6llig in Ordnung)! Bei den Kommentatoren habt die freie Auswahl zwischen Christian Stra\u00dfburger und Tom Bartels. Beim sp\u00e4ten Spiel zwischen Italien und der Schweiz sind wie bereits am ersten Spieltag Jessy Wellmer und Bastian Schweinsteiger in Rom. Nur der Kommentator wechselt von Florian Na\u00df zu Gerd Gottlob, sein erster Stadion-Einsatz bei dieser EM! Bei MagentaTV empf\u00e4ngt Sascha Bandermann die ehemalige Nationalspielerin Inka Grings, kommentiert wird die Partie von Benni Zander (der somit gleich zwei Spiele an einem Tag kommentiert) und Ex-Juve Spieler J\u00fcrgen Kohler.<\/p>\n\n\n\n<p><strong>G\u00e4ste en masse<\/strong><\/p>\n\n\n\n<p>Am Donnerstag senden das ZDF und MagentaTV alle drei Spiele. Ab 14 Uhr meldet sich im ZDF das Duo Jochen Breyer und Christoph Kramer und bei Magenta TV Sascha Bandermann mit Nicolce Noveski und Ex-Nationalspieler Cacau aus den Studios in Mainz bzw. M\u00fcnchen. F\u00fcr das ZDF-Duo Martin Schneider und Hanno Balitsch geht es von Budapest nach Bukarest, Markus H\u00f6hner ist die Alternative bei MagentaTV. Beim mittleren Spiel zwischen D\u00e4nemark und Belgien schlie\u00dft sich dem Duo Breyer und Kramer der ehemalige d\u00e4nische Nationalspieler Bjarne Goldb\u00e6k an, w\u00e4hrend bei MagentaTV Kerner und Bobic f\u00fcr den Test des EM-Tages \u00fcbernehmen. Claudia Neumann und Ariane Hingst bleiben den Belgiern treu, als Alternative steht Marco Hagemann bereit. Zum Abschluss des Tages steht noch die attraktive Partie zwischen den Niederlanden und \u00d6sterreich in Amsterdam an. F\u00fcr das ZDF sind B\u00e9la R\u00e9thy und Alexander Ruda in der Johan Cruijff Arena, w\u00e4hrend bei MagentaTV Wolff Fuss gemeinsam mit dem zuk\u00fcnftigen Gladbacher Cheftrainer Adi H\u00fctter kommentieren wird. Im Studio in Mainz \u00fcbernehmen Kathrin M\u00fcller-Hohenstein und Per Mertesacker, zudem steht Andreas Ivanschitz als Experte zur Verf\u00fcgung.<\/p>\n\n\n\n<p><strong>Freitag komplett aus der &#8222;Box&#8220;<\/strong><\/p>\n\n\n\n<p>Auch am Freitag kommt das ZDF zum Zug, startet allerdings erst um 17 Uhr da MagentaTV mit dem Exklusivspiel Schweden gegen die Slowakei startet, bisher wurde uns kein Gast gemeldet. Ich gehe allerdings davon aus, dass Sascha Bandermann nicht alleine im Studio sein wird &#8211; falls wir Neuigkeiten bekommen, informieren wir euch! Beim Kommentar habt ihr die Auswahl zwischen Marco Hagemann und dem bew\u00e4hrten Taktik-Duo. Beim Mittleren Spiel melden sich Jochen Breyer und Christoph Kramer gemeinsam mit dem Sky-PL Experten Mladen Petric aus Mainz, in M\u00fcnchen ist das Duo Kerner &amp; Bobic zugegen. Der Kommentar kommt &#8211; wie bei Spielen aus Glasgow \u00fcbrig &#8211; bei beiden Sendern aus der Box, Martin Schneider und Hanno Ballitsch im ZDF und Markus H\u00f6hner bei MagentaTV stehen euch zur &#8222;Auswahl&#8220;. Zum Insel-Derby zwischen England und Schottland erg\u00e4nzen beim ZDF Per Mertesacker und Danny Mills das Duo Breyer und Kramer. Auch bei dieser Partie kommt alles aus der Box, Jan Platte meldet sich gemeinsam mit dem Leipziger Co-Trainer und Ex DAZN-Experten Moritz Volz bei Magenta TV, w\u00e4hrend beim ZDF Oliver Schmidt \u00fcbernimmt.<\/p>\n\n\n\n<p><strong>Gottlob und der doppelte Wolf(f)<\/strong><\/p>\n\n\n\n<p>Am Samstag packen MagentaTV und die ARD den Deckel auf den 2.Spieltag der EM, Johannes B. Kerner meldet sich zum ersten Mal seit dem Auftaktspiel mal wieder mit Michael Ballack und Fredi Bobic aus dem Studio, bei der ARD rechne ich mit der \u00fcblichen Runde. Bei der Partie zwischen Ungarn und Frankreich meldet sich Florian Na\u00df aus Budapest, w\u00e4hrend Marco Hagemann und Benny Lauth die Begegnung aus M\u00fcnchen kommentieren. Bei der zweiten Partie von Deutschland bei dieser EM gegen Titelverteidiger Portugal, schickt die ARD Jessy Wellmer und Bastian Schweinsteiger in die Allianz-Arena, Kommentator wird Gerd Gottlob sein, f\u00fcr mich pers\u00f6nlich auch der Beste der ARD. Den Field-Reporter k\u00f6nnen wir euch ja leider nicht nennen, da die ARD uns bisher nicht die Einsatzzeiten von eben diesen schicken wollte! Bei MagentaTV stimmen Kerner, Ballack und Bobic auf die Begegnung ein, Thomas Wagner wird als Field-Reporter im Stadion sein. Kommentiert wird die Begegnung von Wolff Fuss, ihm zur Seite steht der ehemalige Leverkusener Cheftrainer Hannes Wolf. Den Abschluss macht die Begegnung zwischen Spanien und Polen, Tom Bartels macht sich auf den Weg nach Sevilla, Christian Stra\u00dfburger und Eugen Polanski sind eure Alternative.<\/p>\n\n\n\n<p>Na dann, ich w\u00fcrde sagen genug analysiert, Freitag geht&#8217;s bei uns weiter mit den Ansetzungen von Spieltag drei. Habt eine sch\u00f6ne (Fussball-)Woche!<\/p>\n","protected":false},"excerpt":{"rendered":"<p>N\u2019 Abend allerseits, Die EM ist in vollem Gange, die meisten Mannschaften sind bereits in das Turnier gestartet. Ich pers\u00f6nlich war vor dem Turnier relativ skeptisch, inwiefern ich mich von der EM begeistern lassen kann, doch inzwischen kann ich sagen, dass ich mich von der EM-Euphorie habe anstecken lassen. Ein Grund daf\u00fcr ist, neben des [&hellip;]<\/p>\n","protected":false},"author":5,"featured_media":0,"comment_status":"open","ping_status":"open","sticky":false,"template":"","format":"standard","meta":{"footnotes":""},"categories":[562],"tags":[246,550,548,19,545,355,47,21,166,35,544,36,553,99,187,272,554,540,552,543,48,274,39,520,551,50,555,542,488,43,67,38,500,83,109,161,12,549,33,273,107,37],"class_list":["post-9490","post","type-post","status-publish","format-standard","hentry","category-em2020","tag-alexander-bommes","tag-alexander-kramer","tag-almuth-schult","tag-ard","tag-ariane-hingst","tag-bastian-schweinsteiger","tag-bela-rethy","tag-benni-zander","tag-benny-lauth","tag-christian-strassburger","tag-christoph-kramer","tag-claudia-neumann","tag-diana-zimmermann","tag-florian-nass","tag-fredi-bobic","tag-gerd-gottlob","tag-hannes-wolf","tag-hanno-balitsch","tag-inka-grings","tag-jan-henkel","tag-jan-platte","tag-jessy-wellmer","tag-jochen-breyer","tag-johannes-b-kerner","tag-juergen-kohler","tag-katrin-mueller-hohenstein","tag-kevin-prince-boateng","tag-magentatv","tag-manuel-baum","tag-marco-hagemann","tag-markus-hoehner","tag-martin-schneider","tag-michael-ballack","tag-mladen-petric","tag-oliver-schmidt","tag-per-mertesacker","tag-sascha-bandermann","tag-stefan-kuntz","tag-thomas-wagner","tag-tom-bartels","tag-wolff-fuss","tag-zdf"],"_links":{"self":[{"href":"https:\/\/kommentatorenblog.de\/index.php?rest_route=\/wp\/v2\/posts\/9490","targetHints":{"allow":["GET"]}}],"collection":[{"href":"https:\/\/kommentatorenblog.de\/index.php?rest_route=\/wp\/v2\/posts"}],"about":[{"href":"https:\/\/kommentatorenblog.de\/index.php?rest_route=\/wp\/v2\/types\/post"}],"author":[{"embeddable":true,"href":"https:\/\/kommentatorenblog.de\/index.php?rest_route=\/wp\/v2\/users\/5"}],"replies":[{"embeddable":true,"href":"https:\/\/kommentatorenblog.de\/index.php?rest_route=%2Fwp%2Fv2%2Fcomments&post=9490"}],"version-history":[{"count":30,"href":"https:\/\/kommentatorenblog.de\/index.php?rest_route=\/wp\/v2\/posts\/9490\/revisions"}],"predecessor-version":[{"id":9619,"href":"https:\/\/kommentatorenblog.de\/index.php?rest_route=\/wp\/v2\/posts\/9490\/revisions\/9619"}],"wp:attachment":[{"href":"https:\/\/kommentatorenblog.de\/index.php?rest_route=%2Fwp%2Fv2%2Fmedia&parent=9490"}],"wp:term":[{"taxonomy":"category","embeddable":true,"href":"https:\/\/kommentatorenblog.de\/index.php?rest_route=%2Fwp%2Fv2%2Fcategories&post=9490"},{"taxonomy":"post_tag","embeddable":true,"href":"https:\/\/kommentatorenblog.de\/index.php?rest_route=%2Fwp%2Fv2%2Ftags&post=9490"}],"curies":[{"name":"wp","href":"https:\/\/api.w.org\/{rel}","templated":true}]}}