{"id":9496,"date":"2021-06-18T17:57:49","date_gmt":"2021-06-18T15:57:49","guid":{"rendered":"http:\/\/kommentatorenblog.de\/?p=9496"},"modified":"2021-07-12T17:13:56","modified_gmt":"2021-07-12T15:13:56","slug":"1178-kein-schock-bei-den-einschaltquoten","status":"publish","type":"post","link":"https:\/\/kommentatorenblog.de\/?p=9496","title":{"rendered":"1178 \u2013 Kein Schock bei den Einschaltquoten"},"content":{"rendered":"\n<p><strong>INFO: Der neue Eintrag zu den Achtelfinals kommt am Freitag!<\/strong><\/p>\n\n\n\n<p>N&#8216; Abend allerseits,<\/p>\n\n\n\n<p>die erste EM-Woche ist rum. Und mir geht es \u00e4hnlich wie Nico. Tats\u00e4chlich hat mich das Turnier mehr elektrisiert, als ich es selbst f\u00fcr m\u00f6glich gehalten h\u00e4tte. Bereits beim Auftaktspiel ist mir die Bedeutung der Europameisterschaft f\u00fcr Fans und Spieler vor Augen gef\u00fchrt worden. Sp\u00e4testens beim Erklingen der t\u00fcrkischen und italienischen Nationalhymne, inbr\u00fcnstig von Fu\u00dfball-Profis und Anh\u00e4ngern getr\u00e4llert, war ich im Fieber. Meiner Meinung nach geben Er\u00f6ffnungsspiele ohnehin ein ma\u00dfgebliches erstes Stimmungsbild des Wettbewerbs ab. Den Auftakt mitsamt vollst\u00e4ndiger Vorberichterstattung zu verfolgen, ist deshalb f\u00fcr mich bei Gro\u00dfturnieren unentbehrlich.<\/p>\n\n\n\n<p><strong>Einschaltquoten: R\u00fcckgang beim Er\u00f6ffnungsspiel<\/strong><\/p>\n\n\n\n<p>Das sehen nicht alle so. Zumindest haben die Einschaltquoten der ARD das nicht zwingend widergespiegelt. \u00dcbereinstimmenden Medienberichten zufolge&nbsp;sahen durchschnittlich 9,83 Millionen Zuschauer das Er\u00f6ffnungsspiel im Ersten (Marktanteil 36,9). 2016 waren es noch 15,473 Millionen Menschen. Damals wurde die Partie zwischen Frankreich und Rum\u00e4nien im ZDF ausgestrahlt und sorgte f\u00fcr einen Marktanteil von 50 Prozent.&nbsp;<\/p>\n\n\n\n<p>Besonders spannend finde ich an dieser Stelle, wie unterschiedlich die Medien die Einschaltquoten in diesem Jahr interpretieren. Schlicht schrieb die Deutsche Presse-Agentur nach dem Er\u00f6ffnungsspiel: \u201eFu\u00dfball liegt klar vor ZDF-Krimi\u201c. Der Westen titelte \u201eARD-Schock! Sender muss bittere Pleite einstecken\u201c und suggerierte eine \u00dcberraschung, die eigentlich keine war. Denn ganz n\u00fcchtern betrachtet liegt der R\u00fcckgang daran, dass einige t\u00fcrkische Fu\u00dfballfans den Auftakt per Satellit lieber im t\u00fcrkischen Fernsehen geguckt haben und mit MagentaTV ein neuer Player im Gesch\u00e4ft ist, der seine Aufgabe bis jetzt sehr gut umsetzt. Eine ausf\u00fchrliche Berichterstattung, beliebte Kommentatoren sowie eine regelrechte Horde an prominenten Experten und G\u00e4sten locken nat\u00fcrlich auch Zuschauer an. Konkrete Zuschauerzahlen hat die Telekom-Tochter nicht ver\u00f6ffentlicht.<\/p>\n\n\n\n<p>Die Bezeichnung \u201eSchock\u201c in Bezug auf die Einschaltquoten beim Er\u00f6ffnungsspiel im \u00d6R sollte sich sp\u00e4testens dann in hei\u00dfe Luft aufl\u00f6sen, wenn man dem ARD-Sportkoordinatoren Axel Balkausky lauscht. \u201eGrunds\u00e4tzlich sind wir mit der Quote zufrieden.&#8220;, zitierte ihn die Bild-Zeitung. Da zuletzt andere Themen als Fu\u00dfball in der \u00d6ffentlichkeit dominierten, sei es klar, dass der Fu\u00dfball nach der langen Corona-Zeit erst mal wieder zur\u00fcck in das Bewusstsein der Menschen kommen muss. &#8222;Ich bin mir sicher, dass das im Laufe des Turniers auch passieren wird\u201c, so Balkausky.<\/p>\n\n\n\n<p><strong>ZDF nach Deutschland-Spiel zufrieden<\/strong><\/p>\n\n\n\n<p>Und das Spiel zwischen Deutschland und Frankreich am Dienstag hat genau dieser Hoffnung neuen N\u00e4hrboden gegeben. Das ZDF lockte immerhin 22,55 Millionen Menschen vor die Fernsehbildschirme (Marktanteil 67,4 Prozent). Zwar ist das gemessen am ersten Spiel mit deutscher Beteiligung bei der EM 2016 (26 Millionen Zuschauer) ein Zuschauer-R\u00fcckgang, jedoch spielen auch hierf\u00fcr das neue Angebot von MagentaTV und die besonderen Umst\u00e4nde der EM eine Rolle. Da diese Einfl\u00fcsse erwartbar und eben nicht \u00fcberraschend waren, ist auch das ZDF mit der Quote \u00e4u\u00dferst zufrieden.&nbsp;<\/p>\n\n\n\n<p>Keine Frage. Ma\u00dfgeblich wird nun sein, wie die deutsche Mannschaft bei der Europameisterschaft abschneidet. Ein Vorrunden-Aus w\u00e4re f\u00fcr die Einschaltquoten t\u00f6dlich. Sollte das Team von Jogi L\u00f6w in der mit Abstand schwierigsten Gruppe weiterkommen und im weiteren Turnierverlauf \u00fcber sich hinaus wachsen, d\u00fcrfte auch die Euphorie der deutschen Zuschauer f\u00fcr das gesamte Turnier wachsen &#8211; auch f\u00fcr Spiele ohne deutsche Beteiligung. Anders als 2006 oder 2014 fehlt dieses Euphorie-Gef\u00fchl bis dato, sofern ich das beurteilen kann. Aber sowas geht im Zweifel schneller als man denkt. Die Partie gegen Portugal am Samstag wird dahingehend richtungweisend. Die Ansetzungen der Samstagsspiele haben wir unten auch noch einmal aufgef\u00fchrt.<\/p>\n\n\n\n<p>In diesem Sinne&#8230;<\/p>\n\n\n\n<p>UPDATE: Ein Leser braucht Unterst\u00fctzung bei seiner Bachelorarbeit!<\/p>\n\n\n\n<p>Umfrage zum Thema Fu\u00dfballmoderatorInnen im deutschen Fernsehen.<br>Die Teilnahme dauert nur 10 Minuten.<\/p>\n\n\n\n<p>Zur Umfrage:<br><a href=\"https:\/\/ww2.unipark.de\/uc\/moderatorinnen\/\">https:\/\/ww2.unipark.de\/uc\/moderatorinnen\/<\/a><\/p>\n\n\n\n<p>Danke f\u00fcrs Mitmachen <\/p>\n\n\n\n<hr class=\"wp-block-separator\"\/>\n\n\n\n<p><strong><em>Die Ansetzungen vom 19. Juni bis zum 24. Juni 2021<\/em><\/strong><\/p>\n\n\n\n<p><strong>Europameisterschaft 2020, 02. Spieltag<\/strong><\/p>\n\n\n\n<p><span style=\"text-decoration: underline;\">Samstag, 19. Juni 2021, ab 13.50 Uhr (ARD)\/ ab 14.00 Uhr (MagentaTV)<\/span><\/p>\n\n\n\n<p><em><strong>Ungarn <em><strong>\u2013<\/strong><\/em><\/strong><\/em> <em><strong>Frankreich (15.00 Uhr)<\/strong><\/em><\/p>\n\n\n\n<p>ARD: <img loading=\"lazy\" decoding=\"async\" width=\"10\" height=\"21\" class=\"wp-image-3656\" style=\"width: 10px;\" src=\"http:\/\/kommentatorenblog.de\/wp-content\/uploads\/2020\/09\/shure-55sh-ii-e1601485394796.jpg\" alt=\"\" srcset=\"https:\/\/kommentatorenblog.de\/wp-content\/uploads\/2020\/09\/shure-55sh-ii-e1601485394796.jpg 415w, https:\/\/kommentatorenblog.de\/wp-content\/uploads\/2020\/09\/shure-55sh-ii-e1601485394796-142x300.jpg 142w\" sizes=\"auto, (max-width: 10px) 100vw, 10px\" \/> Florian Na\u00df, Co-Kommentator: Thomas Broich<\/p>\n\n\n\n<p>MagentaTV: <img loading=\"lazy\" decoding=\"async\" width=\"10\" height=\"21\" class=\"wp-image-3656\" style=\"width: 10px;\" src=\"http:\/\/kommentatorenblog.de\/wp-content\/uploads\/2020\/09\/shure-55sh-ii-e1601485394796.jpg\" alt=\"\" srcset=\"https:\/\/kommentatorenblog.de\/wp-content\/uploads\/2020\/09\/shure-55sh-ii-e1601485394796.jpg 415w, https:\/\/kommentatorenblog.de\/wp-content\/uploads\/2020\/09\/shure-55sh-ii-e1601485394796-142x300.jpg 142w\" sizes=\"auto, (max-width: 10px) 100vw, 10px\" \/> Marco Hagemann, Experte: Benny Lauth<\/p>\n\n\n\n<p>Moderation (ARD, Studio): Alexander Bommes, Experten: Almuth Schult, Kevin-Prince Boateng und Stefan Kuntz<\/p>\n\n\n\n<p>Moderation (MagentaTV): Johannes B. Kerner, Experten: Michael Ballack, Fredi Bobic<\/p>\n\n\n\n<p><span style=\"text-decoration: underline;\">ab 17.00 Uhr (MagentaTV\/ARD) <\/span><\/p>\n\n\n\n<p><em><strong>Portugal <em><strong>\u2013<\/strong><\/em><\/strong><\/em> <em><strong>Deutschland (18.00 Uhr)<\/strong><\/em><\/p>\n\n\n\n<p>ARD: <img loading=\"lazy\" decoding=\"async\" width=\"10\" height=\"21\" class=\"wp-image-3656\" style=\"width: 10px;\" src=\"http:\/\/kommentatorenblog.de\/wp-content\/uploads\/2020\/09\/shure-55sh-ii-e1601485394796.jpg\" alt=\"\" srcset=\"https:\/\/kommentatorenblog.de\/wp-content\/uploads\/2020\/09\/shure-55sh-ii-e1601485394796.jpg 415w, https:\/\/kommentatorenblog.de\/wp-content\/uploads\/2020\/09\/shure-55sh-ii-e1601485394796-142x300.jpg 142w\" sizes=\"auto, (max-width: 10px) 100vw, 10px\" \/> Gerd Gottlob<\/p>\n\n\n\n<p>MagentaTV: <img loading=\"lazy\" decoding=\"async\" width=\"10\" height=\"21\" class=\"wp-image-3656\" style=\"width: 10px;\" src=\"http:\/\/kommentatorenblog.de\/wp-content\/uploads\/2020\/09\/shure-55sh-ii-e1601485394796.jpg\" alt=\"\" srcset=\"https:\/\/kommentatorenblog.de\/wp-content\/uploads\/2020\/09\/shure-55sh-ii-e1601485394796.jpg 415w, https:\/\/kommentatorenblog.de\/wp-content\/uploads\/2020\/09\/shure-55sh-ii-e1601485394796-142x300.jpg 142w\" sizes=\"auto, (max-width: 10px) 100vw, 10px\" \/> Wolff Fuss, Co-Kommentator: Hannes Wolf, Field-Reporter: Thomas Wagner<\/p>\n\n\n\n<p>Moderation (ARD, Studio): Alexander Bommes, Experten: Almuth Schult, Kevin-Prince Boateng und Stefan Kuntz<\/p>\n\n\n\n<p>Moderation (ARD, Stadion): Jessy Wellmer, Experte: Bastian Schweinsteiger<\/p>\n\n\n\n<p>Moderation (MagentaTV): Johannes B. Kerner, Experten: Michael Ballack und Fredi Bobic, G\u00e4ste: J\u00fcrgen Klopp (Schalte) und Tim Bendzko<\/p>\n\n\n\n<p><span style=\"text-decoration: underline;\">ab 20.00 Uhr (MagentaTV)\/ab 20.15 Uhr (ARD)<\/span><\/p>\n\n\n\n<p><em><strong>Spanien <em><strong>\u2013<\/strong><\/em><\/strong><\/em> <em><strong>Polen (21.00 Uhr)<\/strong><\/em><\/p>\n\n\n\n<p>ARD: <img loading=\"lazy\" decoding=\"async\" width=\"10\" height=\"21\" class=\"wp-image-3656\" style=\"width: 10px;\" src=\"http:\/\/kommentatorenblog.de\/wp-content\/uploads\/2020\/09\/shure-55sh-ii-e1601485394796.jpg\" alt=\"\" srcset=\"https:\/\/kommentatorenblog.de\/wp-content\/uploads\/2020\/09\/shure-55sh-ii-e1601485394796.jpg 415w, https:\/\/kommentatorenblog.de\/wp-content\/uploads\/2020\/09\/shure-55sh-ii-e1601485394796-142x300.jpg 142w\" sizes=\"auto, (max-width: 10px) 100vw, 10px\" \/> Tom Bartels<\/p>\n\n\n\n<p>MagentaTV: <img loading=\"lazy\" decoding=\"async\" width=\"10\" height=\"21\" class=\"wp-image-3656\" style=\"width: 10px;\" src=\"http:\/\/kommentatorenblog.de\/wp-content\/uploads\/2020\/09\/shure-55sh-ii-e1601485394796.jpg\" alt=\"\" srcset=\"https:\/\/kommentatorenblog.de\/wp-content\/uploads\/2020\/09\/shure-55sh-ii-e1601485394796.jpg 415w, https:\/\/kommentatorenblog.de\/wp-content\/uploads\/2020\/09\/shure-55sh-ii-e1601485394796-142x300.jpg 142w\" sizes=\"auto, (max-width: 10px) 100vw, 10px\" \/> Christian Stra\u00dfburger, Co-Kommentator: Eugen Polanski<\/p>\n\n\n\n<p>Moderation (ARD): Alexander Bommes, Experten: Almuth Schult, Kevin-Prince Boateng und Stefan Kuntz<\/p>\n\n\n\n<p>Moderation (MagentaTV): Sascha Bandermann<\/p>\n\n\n\n<p><strong>Europameisterschaft 2020, 03. Spieltag<\/strong><\/p>\n\n\n\n<p><span style=\"text-decoration: underline;\">Sonntag, 20. Juni 2021, ab 17.00 Uhr (MagentaTV)\/ab 17.05 Uhr (ZDF)<\/span><\/p>\n\n\n\n<p><em><strong>Italien <em><strong>\u2013<\/strong><\/em><\/strong><\/em> <em><strong>Wales (18.00 Uhr)<\/strong><\/em><\/p>\n\n\n\n<p>ZDF: <img loading=\"lazy\" decoding=\"async\" width=\"10\" height=\"21\" class=\"wp-image-3656\" style=\"width: 10px;\" src=\"http:\/\/kommentatorenblog.de\/wp-content\/uploads\/2020\/09\/shure-55sh-ii-e1601485394796.jpg\" alt=\"\" srcset=\"https:\/\/kommentatorenblog.de\/wp-content\/uploads\/2020\/09\/shure-55sh-ii-e1601485394796.jpg 415w, https:\/\/kommentatorenblog.de\/wp-content\/uploads\/2020\/09\/shure-55sh-ii-e1601485394796-142x300.jpg 142w\" sizes=\"auto, (max-width: 10px) 100vw, 10px\" \/> Claudia Neumann, Co-Kommentatorin: Ariane Hingst, Field-Reporter: Alexander Ruda <\/p>\n\n\n\n<p>MagentaTV: <img loading=\"lazy\" decoding=\"async\" width=\"10\" height=\"21\" class=\"wp-image-3656\" style=\"width: 10px;\" src=\"http:\/\/kommentatorenblog.de\/wp-content\/uploads\/2020\/09\/shure-55sh-ii-e1601485394796.jpg\" alt=\"\" srcset=\"https:\/\/kommentatorenblog.de\/wp-content\/uploads\/2020\/09\/shure-55sh-ii-e1601485394796.jpg 415w, https:\/\/kommentatorenblog.de\/wp-content\/uploads\/2020\/09\/shure-55sh-ii-e1601485394796-142x300.jpg 142w\" sizes=\"auto, (max-width: 10px) 100vw, 10px\" \/> Jan Platte <\/p>\n\n\n\n<p>Moderation (ZDF): Katrin M\u00fcller-Hohenstein, Experte: Per Mertesacker, Gast: Martina Voss-Tecklenburg<\/p>\n\n\n\n<p><span style=\"text-decoration: underline;\">ab 17.00 Uhr (MagentaTV)<\/span><\/p>\n\n\n\n<p><em><strong>Schweiz <em><strong>\u2013<\/strong><\/em><\/strong><\/em> <em><strong>T\u00fcrkei (18.00 Uhr)<\/strong><\/em><\/p>\n\n\n\n<p><img loading=\"lazy\" decoding=\"async\" width=\"10\" height=\"21\" class=\"wp-image-3656\" style=\"width: 10px;\" src=\"http:\/\/kommentatorenblog.de\/wp-content\/uploads\/2020\/09\/shure-55sh-ii-e1601485394796.jpg\" alt=\"\" srcset=\"https:\/\/kommentatorenblog.de\/wp-content\/uploads\/2020\/09\/shure-55sh-ii-e1601485394796.jpg 415w, https:\/\/kommentatorenblog.de\/wp-content\/uploads\/2020\/09\/shure-55sh-ii-e1601485394796-142x300.jpg 142w\" sizes=\"auto, (max-width: 10px) 100vw, 10px\" \/> Benni Zander, Co-Kommentator: Alex Frei <\/p>\n\n\n\n<p>Moderation (MagentaTV): Johannes B. Kerner, Experte: Michael Ballack, Gast: Alexander Frei<\/p>\n\n\n\n<p><span style=\"text-decoration: underline;\">Montag, 21. Juni 2021, ab 17.00 Uhr (MagentaTV)\/ab 17.15 Uhr (ARD)<\/span><\/p>\n\n\n\n<p><em><strong>Ukraine <em><strong>\u2013<\/strong><\/em><\/strong><\/em> <em><strong>\u00d6sterreich (18.00 Uhr)<\/strong><\/em><\/p>\n\n\n\n<p>ARD: <img loading=\"lazy\" decoding=\"async\" width=\"10\" height=\"21\" class=\"wp-image-3656\" style=\"width: 10px;\" src=\"http:\/\/kommentatorenblog.de\/wp-content\/uploads\/2020\/09\/shure-55sh-ii-e1601485394796.jpg\" alt=\"\" srcset=\"https:\/\/kommentatorenblog.de\/wp-content\/uploads\/2020\/09\/shure-55sh-ii-e1601485394796.jpg 415w, https:\/\/kommentatorenblog.de\/wp-content\/uploads\/2020\/09\/shure-55sh-ii-e1601485394796-142x300.jpg 142w\" sizes=\"auto, (max-width: 10px) 100vw, 10px\" \/> Gerd Gottlob, Co-Kommentator: Thomas Broich<\/p>\n\n\n\n<p>MagentaTV: <img loading=\"lazy\" decoding=\"async\" width=\"10\" height=\"21\" class=\"wp-image-3656\" style=\"width: 10px;\" src=\"http:\/\/kommentatorenblog.de\/wp-content\/uploads\/2020\/09\/shure-55sh-ii-e1601485394796.jpg\" alt=\"\" srcset=\"https:\/\/kommentatorenblog.de\/wp-content\/uploads\/2020\/09\/shure-55sh-ii-e1601485394796.jpg 415w, https:\/\/kommentatorenblog.de\/wp-content\/uploads\/2020\/09\/shure-55sh-ii-e1601485394796-142x300.jpg 142w\" sizes=\"auto, (max-width: 10px) 100vw, 10px\" \/> Markus H\u00f6hner, Co-Kommentator: Martin Harnik<\/p>\n\n\n\n<p>Moderation (ARD): Alexander Bommes, Experten: Almuth Schult, Kevin-Prince Boateng und Stefan Kuntz<\/p>\n\n\n\n<p>Moderation (MagentaTV): Johannes B. Kerner, Experten: Michael Ballack und Fredi Bobic, Gast: Manuela Zinsberger<\/p>\n\n\n\n<p><span style=\"text-decoration: underline;\">ab 17.00 Uhr (MagentaTV)<\/span><\/p>\n\n\n\n<p><em><strong><em><strong>Nordmazedonien <em><strong>\u2013<\/strong><\/em><\/strong><\/em> <em><strong>Niederlande (18.00 Uhr)<\/strong><\/em><\/strong><\/em><\/p>\n\n\n\n<p><img loading=\"lazy\" decoding=\"async\" width=\"10\" height=\"21\" class=\"wp-image-3656\" style=\"width: 10px;\" src=\"http:\/\/kommentatorenblog.de\/wp-content\/uploads\/2020\/09\/shure-55sh-ii-e1601485394796.jpg\" alt=\"\" srcset=\"https:\/\/kommentatorenblog.de\/wp-content\/uploads\/2020\/09\/shure-55sh-ii-e1601485394796.jpg 415w, https:\/\/kommentatorenblog.de\/wp-content\/uploads\/2020\/09\/shure-55sh-ii-e1601485394796-142x300.jpg 142w\" sizes=\"auto, (max-width: 10px) 100vw, 10px\" \/> Jan Platte<\/p>\n\n\n\n<p>Moderation (MagentaTV): Johannes B. Kerner, Experten: Michael Ballack und Fredi Bobic, Gast: Manuela Zinsberger<\/p>\n\n\n\n<p><span style=\"text-decoration: underline;\">ab 20.00 Uhr (MagentaTV)\/ab 20.15 Uhr (ARD)<\/span><\/p>\n\n\n\n<p><em><strong>Russland <em><strong>\u2013<\/strong><\/em><\/strong><\/em> <em><strong>D\u00e4nemark (21.00 Uhr)<\/strong><\/em><\/p>\n\n\n\n<p>ARD: <img loading=\"lazy\" decoding=\"async\" width=\"10\" height=\"21\" class=\"wp-image-3656\" style=\"width: 10px;\" src=\"http:\/\/kommentatorenblog.de\/wp-content\/uploads\/2020\/09\/shure-55sh-ii-e1601485394796.jpg\" alt=\"\" srcset=\"https:\/\/kommentatorenblog.de\/wp-content\/uploads\/2020\/09\/shure-55sh-ii-e1601485394796.jpg 415w, https:\/\/kommentatorenblog.de\/wp-content\/uploads\/2020\/09\/shure-55sh-ii-e1601485394796-142x300.jpg 142w\" sizes=\"auto, (max-width: 10px) 100vw, 10px\" \/> Tom Bartels<\/p>\n\n\n\n<p>MagentaTV: <img loading=\"lazy\" decoding=\"async\" width=\"10\" height=\"21\" class=\"wp-image-3656\" style=\"width: 10px;\" src=\"http:\/\/kommentatorenblog.de\/wp-content\/uploads\/2020\/09\/shure-55sh-ii-e1601485394796.jpg\" alt=\"\" srcset=\"https:\/\/kommentatorenblog.de\/wp-content\/uploads\/2020\/09\/shure-55sh-ii-e1601485394796.jpg 415w, https:\/\/kommentatorenblog.de\/wp-content\/uploads\/2020\/09\/shure-55sh-ii-e1601485394796-142x300.jpg 142w\" sizes=\"auto, (max-width: 10px) 100vw, 10px\" \/> Christian Stra\u00dfburger<\/p>\n\n\n\n<p>Moderation (ARD, Studio): Alexander Bommes, Experten: Almuth Schult, Kevin-Prince Boateng und Stefan Kuntz<\/p>\n\n\n\n<p>Moderation (ARD, Stadion): Jessy Wellmer, Experte: Bastian Schweinsteiger<\/p>\n\n\n\n<p>Moderation (MagentaTV): Johannes B. Kerner, Experten: Michael Ballack und Fredi Bobic<\/p>\n\n\n\n<p><span style=\"text-decoration: underline;\">ab 20.00 Uhr (MagentaTV)<\/span><\/p>\n\n\n\n<p><em><strong>Finnland <em><strong>\u2013<\/strong><\/em><\/strong><\/em> <em><strong>Belgien (21.00 Uhr)<\/strong><\/em><\/p>\n\n\n\n<p><img loading=\"lazy\" decoding=\"async\" width=\"10\" height=\"21\" class=\"wp-image-3656\" style=\"width: 10px;\" src=\"http:\/\/kommentatorenblog.de\/wp-content\/uploads\/2020\/09\/shure-55sh-ii-e1601485394796.jpg\" alt=\"\" srcset=\"https:\/\/kommentatorenblog.de\/wp-content\/uploads\/2020\/09\/shure-55sh-ii-e1601485394796.jpg 415w, https:\/\/kommentatorenblog.de\/wp-content\/uploads\/2020\/09\/shure-55sh-ii-e1601485394796-142x300.jpg 142w\" sizes=\"auto, (max-width: 10px) 100vw, 10px\" \/> Wolff Fuss<\/p>\n\n\n\n<p>Moderation (MagentaTV): Johannes B. Kerner, Experten: Michael Ballack und Fredi Bobic<\/p>\n\n\n\n<p><span style=\"text-decoration: underline;\">Dienstag, 22. Juni 2021, ab 20.00 Uhr (MagentaTV)\/ab 20.15 Uhr (ARD)<\/span><\/p>\n\n\n\n<p><em><strong>Tschechien <em><strong>\u2013<\/strong><\/em><\/strong><\/em> <em><strong>England (21.00 Uhr)<\/strong><\/em><\/p>\n\n\n\n<p>ARD: <img loading=\"lazy\" decoding=\"async\" width=\"10\" height=\"21\" class=\"wp-image-3656\" style=\"width: 10px;\" src=\"http:\/\/kommentatorenblog.de\/wp-content\/uploads\/2020\/09\/shure-55sh-ii-e1601485394796.jpg\" alt=\"\" srcset=\"https:\/\/kommentatorenblog.de\/wp-content\/uploads\/2020\/09\/shure-55sh-ii-e1601485394796.jpg 415w, https:\/\/kommentatorenblog.de\/wp-content\/uploads\/2020\/09\/shure-55sh-ii-e1601485394796-142x300.jpg 142w\" sizes=\"auto, (max-width: 10px) 100vw, 10px\" \/> Florian Na\u00df<\/p>\n\n\n\n<p>MagentaTV: <img loading=\"lazy\" decoding=\"async\" width=\"10\" height=\"21\" class=\"wp-image-3656\" style=\"width: 10px;\" src=\"http:\/\/kommentatorenblog.de\/wp-content\/uploads\/2020\/09\/shure-55sh-ii-e1601485394796.jpg\" alt=\"\" srcset=\"https:\/\/kommentatorenblog.de\/wp-content\/uploads\/2020\/09\/shure-55sh-ii-e1601485394796.jpg 415w, https:\/\/kommentatorenblog.de\/wp-content\/uploads\/2020\/09\/shure-55sh-ii-e1601485394796-142x300.jpg 142w\" sizes=\"auto, (max-width: 10px) 100vw, 10px\" \/> Markus H\u00f6hner, Co-Kommentator: Moritz Volz<\/p>\n\n\n\n<p>Moderation (ARD): Alexander Bommes, Experten: Almuth Schult, Kevin-Prince Boateng und Stefan Kuntz<\/p>\n\n\n\n<p>Moderation (MagentaTV): Johannes B. Kerner, Experte: Michael Ballack<\/p>\n\n\n\n<p><span style=\"text-decoration: underline;\">ab 20.00 Uhr (MagentaTV)<\/span><\/p>\n\n\n\n<p><em><strong>Kroatien <em><strong>\u2013<\/strong><\/em><\/strong><\/em> <em><strong>Schottland (21.00 Uhr)<\/strong><\/em><\/p>\n\n\n\n<p>Magenta TV: <img loading=\"lazy\" decoding=\"async\" width=\"10\" height=\"21\" class=\"wp-image-3656\" style=\"width: 10px;\" src=\"http:\/\/kommentatorenblog.de\/wp-content\/uploads\/2020\/09\/shure-55sh-ii-e1601485394796.jpg\" alt=\"\" srcset=\"https:\/\/kommentatorenblog.de\/wp-content\/uploads\/2020\/09\/shure-55sh-ii-e1601485394796.jpg 415w, https:\/\/kommentatorenblog.de\/wp-content\/uploads\/2020\/09\/shure-55sh-ii-e1601485394796-142x300.jpg 142w\" sizes=\"auto, (max-width: 10px) 100vw, 10px\" \/> Christian Stra\u00dfburger<\/p>\n\n\n\n<p>Moderation (MagentaTV): Johannes B. Kerner, Experte: Michael Ballack<\/p>\n\n\n\n<p><span style=\"text-decoration: underline;\">Mittwoch, 23. Juni 2021, ab 17.00 Uhr (MagentaTV)\/ab 17.05 Uhr (ZDF)<\/span><\/p>\n\n\n\n<p><em><strong>Slowakei <em><strong>\u2013<\/strong><\/em><\/strong><\/em> <em><strong>Spanien (18.00 Uhr)<\/strong><\/em><\/p>\n\n\n\n<p>ZDF: <img loading=\"lazy\" decoding=\"async\" width=\"10\" height=\"21\" class=\"wp-image-3656\" style=\"width: 10px;\" src=\"http:\/\/kommentatorenblog.de\/wp-content\/uploads\/2020\/09\/shure-55sh-ii-e1601485394796.jpg\" alt=\"\" srcset=\"https:\/\/kommentatorenblog.de\/wp-content\/uploads\/2020\/09\/shure-55sh-ii-e1601485394796.jpg 415w, https:\/\/kommentatorenblog.de\/wp-content\/uploads\/2020\/09\/shure-55sh-ii-e1601485394796-142x300.jpg 142w\" sizes=\"auto, (max-width: 10px) 100vw, 10px\" \/> B\u00e9la R\u00e9thy<\/p>\n\n\n\n<p>Magenta TV: <img loading=\"lazy\" decoding=\"async\" width=\"10\" height=\"21\" class=\"wp-image-3656\" style=\"width: 10px;\" src=\"http:\/\/kommentatorenblog.de\/wp-content\/uploads\/2020\/09\/shure-55sh-ii-e1601485394796.jpg\" alt=\"\" srcset=\"https:\/\/kommentatorenblog.de\/wp-content\/uploads\/2020\/09\/shure-55sh-ii-e1601485394796.jpg 415w, https:\/\/kommentatorenblog.de\/wp-content\/uploads\/2020\/09\/shure-55sh-ii-e1601485394796-142x300.jpg 142w\" sizes=\"auto, (max-width: 10px) 100vw, 10px\" \/> Benni Zander<\/p>\n\n\n\n<p>Moderation (ZDF): Jochen Breyer, Experte: Christoph Kramer<\/p>\n\n\n\n<p>Moderation (MagentaTV): Johannes B. Kerner, Experte: Michael Ballack<\/p>\n\n\n\n<p><span style=\"text-decoration: underline;\">ab 17.00 Uhr (MagentaTV)<\/span><\/p>\n\n\n\n<p><em><strong>Schweden <em><strong>\u2013<\/strong><\/em><\/strong><\/em> <em><strong>Polen (18.00 Uhr)<\/strong><\/em><\/p>\n\n\n\n<p>MagentaTV: <img loading=\"lazy\" decoding=\"async\" width=\"10\" height=\"21\" class=\"wp-image-3656\" style=\"width: 10px;\" src=\"http:\/\/kommentatorenblog.de\/wp-content\/uploads\/2020\/09\/shure-55sh-ii-e1601485394796.jpg\" alt=\"\" srcset=\"https:\/\/kommentatorenblog.de\/wp-content\/uploads\/2020\/09\/shure-55sh-ii-e1601485394796.jpg 415w, https:\/\/kommentatorenblog.de\/wp-content\/uploads\/2020\/09\/shure-55sh-ii-e1601485394796-142x300.jpg 142w\" sizes=\"auto, (max-width: 10px) 100vw, 10px\" \/> Jan Platte<\/p>\n\n\n\n<p>Moderation (MagentaTV): Johannes B. Kerner, Experte: Michael Ballack<\/p>\n\n\n\n<p><span style=\"text-decoration: underline;\">ab 20.00 Uhr (ZDF\/MagentaTV)<\/span><\/p>\n\n\n\n<p><em><strong>Deutschland <em><strong>\u2013<\/strong><\/em><\/strong><\/em> <em><strong>Ungarn (21.00 Uhr)<\/strong><\/em><\/p>\n\n\n\n<p>ZDF: <img loading=\"lazy\" decoding=\"async\" width=\"10\" height=\"21\" class=\"wp-image-3656\" style=\"width: 10px;\" src=\"http:\/\/kommentatorenblog.de\/wp-content\/uploads\/2020\/09\/shure-55sh-ii-e1601485394796.jpg\" alt=\"\" srcset=\"https:\/\/kommentatorenblog.de\/wp-content\/uploads\/2020\/09\/shure-55sh-ii-e1601485394796.jpg 415w, https:\/\/kommentatorenblog.de\/wp-content\/uploads\/2020\/09\/shure-55sh-ii-e1601485394796-142x300.jpg 142w\" sizes=\"auto, (max-width: 10px) 100vw, 10px\" \/> Oliver Schmidt, Co-Kommentator: Sandro Wagner, Field-Reporter: Boris B\u00fcchler und Kathrin M\u00fcller-Hohenstein<\/p>\n\n\n\n<p>MagentaTV: <img loading=\"lazy\" decoding=\"async\" width=\"10\" height=\"21\" class=\"wp-image-3656\" style=\"width: 10px;\" src=\"http:\/\/kommentatorenblog.de\/wp-content\/uploads\/2020\/09\/shure-55sh-ii-e1601485394796.jpg\" alt=\"\" srcset=\"https:\/\/kommentatorenblog.de\/wp-content\/uploads\/2020\/09\/shure-55sh-ii-e1601485394796.jpg 415w, https:\/\/kommentatorenblog.de\/wp-content\/uploads\/2020\/09\/shure-55sh-ii-e1601485394796-142x300.jpg 142w\" sizes=\"auto, (max-width: 10px) 100vw, 10px\" \/> Wolff Fuss, Co-Kommentator: Lars Stindl<\/p>\n\n\n\n<p>Moderation (ZDF): Jochen Breyer, Experten: Christoph Kramer und Per Mertesacker, Gast: Gabor Kiraly<\/p>\n\n\n\n<p>Moderation (MagentaTV): Johannes B. Kerner, Experte: Michael Ballack<\/p>\n\n\n\n<p><span style=\"text-decoration: underline;\">ab 20.00 Uhr (MagentaTV)<\/span><\/p>\n\n\n\n<p><em><strong>Portugal <em><strong>\u2013<\/strong><\/em><\/strong><\/em> <em><strong>Frankreich (21.00 Uhr)<\/strong><\/em><\/p>\n\n\n\n<p><img loading=\"lazy\" decoding=\"async\" width=\"10\" height=\"21\" class=\"wp-image-3656\" style=\"width: 10px;\" src=\"http:\/\/kommentatorenblog.de\/wp-content\/uploads\/2020\/09\/shure-55sh-ii-e1601485394796.jpg\" alt=\"\" srcset=\"https:\/\/kommentatorenblog.de\/wp-content\/uploads\/2020\/09\/shure-55sh-ii-e1601485394796.jpg 415w, https:\/\/kommentatorenblog.de\/wp-content\/uploads\/2020\/09\/shure-55sh-ii-e1601485394796-142x300.jpg 142w\" sizes=\"auto, (max-width: 10px) 100vw, 10px\" \/> Marco Hagemann<\/p>\n\n\n\n<p>Moderation: Johannes B. Kerner, Experte: Michael Ballack<\/p>\n\n\n\n<p>Field-Reporter (ZDF): Alexander Ruda<\/p>\n\n\n\n<hr class=\"wp-block-separator\"\/>\n\n\n\n<p><strong>Relegation zum Aufstieg in die 03. Liga, R\u00fcckspiel<\/strong><\/p>\n\n\n\n<p><span style=\"text-decoration: underline;\">Samstag, 19. Juni 2021, ab 12.45 Uhr (Magenta Sport)\/ab 13.00 Uhr (BR)<\/span><\/p>\n\n\n\n<p><strong style=\"font-style: italic;\">TSV Havelse<\/strong><em><strong> <em><strong>\u2013<\/strong><\/em><\/strong><\/em> <em><strong><em><strong>1.FC Schweinfurt 05<\/strong><\/em> (13.00 Uhr)<\/strong><\/em><\/p>\n\n\n\n<p><img loading=\"lazy\" decoding=\"async\" width=\"10\" height=\"21\" class=\"wp-image-3656\" style=\"width: 10px;\" src=\"http:\/\/kommentatorenblog.de\/wp-content\/uploads\/2020\/09\/shure-55sh-ii-e1601485394796.jpg\" alt=\"\" srcset=\"https:\/\/kommentatorenblog.de\/wp-content\/uploads\/2020\/09\/shure-55sh-ii-e1601485394796.jpg 415w, https:\/\/kommentatorenblog.de\/wp-content\/uploads\/2020\/09\/shure-55sh-ii-e1601485394796-142x300.jpg 142w\" sizes=\"auto, (max-width: 10px) 100vw, 10px\" \/> BR: Philipp Eger <\/p>\n\n\n\n<p><img loading=\"lazy\" decoding=\"async\" width=\"10\" height=\"21\" class=\"wp-image-3656\" style=\"width: 10px;\" src=\"http:\/\/kommentatorenblog.de\/wp-content\/uploads\/2020\/09\/shure-55sh-ii-e1601485394796.jpg\" alt=\"\" srcset=\"https:\/\/kommentatorenblog.de\/wp-content\/uploads\/2020\/09\/shure-55sh-ii-e1601485394796.jpg 415w, https:\/\/kommentatorenblog.de\/wp-content\/uploads\/2020\/09\/shure-55sh-ii-e1601485394796-142x300.jpg 142w\" sizes=\"auto, (max-width: 10px) 100vw, 10px\" \/> Magenta Sport: Mike M\u00fcnkel<\/p>\n\n\n\n<p>Moderation (BR): Markus Othmer <\/p>\n\n\n\n<p>Moderation (Magenta Sport): Stefan Fuckert <\/p>\n\n\n\n<hr class=\"wp-block-separator\"\/>\n\n\n\n<p><strong>Internationaler Fussball (Sportdigital FUSSBALL)<\/strong><\/p>\n\n\n\n<p><span style=\"text-decoration: underline;\">Freitag, 18. Juni 2021<\/span><\/p>\n\n\n\n<p>Copa Am\u00e9rica, 02. Spieltag:&nbsp;<strong><em>Chile <strong><em>\u2013<\/em><\/strong> Bolivien (23.00 Uhr)<\/em><\/strong><\/p>\n\n\n\n<p><img loading=\"lazy\" decoding=\"async\" width=\"10\" height=\"21\" class=\"wp-image-3656\" style=\"width: 10px;\" src=\"http:\/\/kommentatorenblog.de\/wp-content\/uploads\/2020\/09\/shure-55sh-ii-e1601485394796.jpg\" alt=\"\" srcset=\"https:\/\/kommentatorenblog.de\/wp-content\/uploads\/2020\/09\/shure-55sh-ii-e1601485394796.jpg 415w, https:\/\/kommentatorenblog.de\/wp-content\/uploads\/2020\/09\/shure-55sh-ii-e1601485394796-142x300.jpg 142w\" sizes=\"auto, (max-width: 10px) 100vw, 10px\" \/> Ulf Kahmke<\/p>\n\n\n\n<p><span style=\"text-decoration: underline;\">Samstag, 19. Juni 2021<\/span><\/p>\n\n\n\n<p>Copa Am\u00e9rica, 02. Spieltag:&nbsp;<strong><em>Argentinien <strong><em>\u2013<\/em><\/strong> Uruguay (02.00 Uhr)<\/em><\/strong><\/p>\n\n\n\n<p><img loading=\"lazy\" decoding=\"async\" width=\"10\" height=\"21\" class=\"wp-image-3656\" style=\"width: 10px;\" src=\"http:\/\/kommentatorenblog.de\/wp-content\/uploads\/2020\/09\/shure-55sh-ii-e1601485394796.jpg\" alt=\"\" srcset=\"https:\/\/kommentatorenblog.de\/wp-content\/uploads\/2020\/09\/shure-55sh-ii-e1601485394796.jpg 415w, https:\/\/kommentatorenblog.de\/wp-content\/uploads\/2020\/09\/shure-55sh-ii-e1601485394796-142x300.jpg 142w\" sizes=\"auto, (max-width: 10px) 100vw, 10px\" \/> Christian Blunck <\/p>\n\n\n\n<p>A-League, Halbfinale:&nbsp;<strong><em>Sydney FC <strong><em><strong><em>\u2013<\/em><\/strong><\/em><\/strong> Adelaide United (11.05 Uhr)<\/em><\/strong><\/p>\n\n\n\n<p><img loading=\"lazy\" decoding=\"async\" width=\"10\" height=\"21\" class=\"wp-image-3656\" style=\"width: 10px;\" src=\"http:\/\/kommentatorenblog.de\/wp-content\/uploads\/2020\/09\/shure-55sh-ii-e1601485394796.jpg\" alt=\"\" srcset=\"https:\/\/kommentatorenblog.de\/wp-content\/uploads\/2020\/09\/shure-55sh-ii-e1601485394796.jpg 415w, https:\/\/kommentatorenblog.de\/wp-content\/uploads\/2020\/09\/shure-55sh-ii-e1601485394796-142x300.jpg 142w\" sizes=\"auto, (max-width: 10px) 100vw, 10px\" \/> Christian Blunck <\/p>\n\n\n\n<p><span style=\"text-decoration: underline;\">Sonntag, 20. Juni 2021<\/span><\/p>\n\n\n\n<p>A-League, Halbfinale:&nbsp;<strong><em>Melbourne City <strong><em><strong><em><strong><em>\u2013<\/em><\/strong><\/em><\/strong><\/em><\/strong> Macarthur FC (08.05 Uhr)<\/em><\/strong><\/p>\n\n\n\n<p><img loading=\"lazy\" decoding=\"async\" width=\"10\" height=\"21\" class=\"wp-image-3656\" style=\"width: 10px;\" src=\"http:\/\/kommentatorenblog.de\/wp-content\/uploads\/2020\/09\/shure-55sh-ii-e1601485394796.jpg\" alt=\"\" srcset=\"https:\/\/kommentatorenblog.de\/wp-content\/uploads\/2020\/09\/shure-55sh-ii-e1601485394796.jpg 415w, https:\/\/kommentatorenblog.de\/wp-content\/uploads\/2020\/09\/shure-55sh-ii-e1601485394796-142x300.jpg 142w\" sizes=\"auto, (max-width: 10px) 100vw, 10px\" \/> Jakob Vogel <\/p>\n\n\n\n<p>Campeonato Brasileiro Serie A, 05. Spieltag:&nbsp;<strong><em>Palmeiras <strong><em><strong><em><strong><em>\u2013<\/em><\/strong><\/em><\/strong><\/em><\/strong> America Minerio<\/em><\/strong>  <strong><em>(16.00 Uhr)<\/em><\/strong><\/p>\n\n\n\n<p><img loading=\"lazy\" decoding=\"async\" width=\"10\" height=\"21\" class=\"wp-image-3656\" style=\"width: 10px;\" src=\"http:\/\/kommentatorenblog.de\/wp-content\/uploads\/2020\/09\/shure-55sh-ii-e1601485394796.jpg\" alt=\"\" srcset=\"https:\/\/kommentatorenblog.de\/wp-content\/uploads\/2020\/09\/shure-55sh-ii-e1601485394796.jpg 415w, https:\/\/kommentatorenblog.de\/wp-content\/uploads\/2020\/09\/shure-55sh-ii-e1601485394796-142x300.jpg 142w\" sizes=\"auto, (max-width: 10px) 100vw, 10px\" \/> Christian Blunck <\/p>\n\n\n\n<p>MLS, 08. Spieltag:&nbsp;<strong><em>Atlanta United <strong><em><strong><em><strong><em><strong><em>\u2013<\/em><\/strong><\/em><\/strong><\/em><\/strong><\/em><\/strong><\/em><\/strong> <strong><em>Philadelphia Union<\/em><\/strong> <strong><em>(20.00 Uhr)<\/em><\/strong><\/p>\n\n\n\n<p><img loading=\"lazy\" decoding=\"async\" width=\"10\" height=\"21\" class=\"wp-image-3656\" style=\"width: 10px;\" src=\"http:\/\/kommentatorenblog.de\/wp-content\/uploads\/2020\/09\/shure-55sh-ii-e1601485394796.jpg\" alt=\"\" srcset=\"https:\/\/kommentatorenblog.de\/wp-content\/uploads\/2020\/09\/shure-55sh-ii-e1601485394796.jpg 415w, https:\/\/kommentatorenblog.de\/wp-content\/uploads\/2020\/09\/shure-55sh-ii-e1601485394796-142x300.jpg 142w\" sizes=\"auto, (max-width: 10px) 100vw, 10px\" \/> Ulf Kahmke <\/p>\n\n\n\n<p>Copa Am\u00e9rica, 03. Spieltag:&nbsp;<strong><em>Venezuela <strong><em>\u2013<\/em><\/strong> Ecuador (23.00 Uhr)<\/em><\/strong><\/p>\n\n\n\n<p><img loading=\"lazy\" decoding=\"async\" width=\"10\" height=\"21\" class=\"wp-image-3656\" style=\"width: 10px;\" src=\"http:\/\/kommentatorenblog.de\/wp-content\/uploads\/2020\/09\/shure-55sh-ii-e1601485394796.jpg\" alt=\"\" srcset=\"https:\/\/kommentatorenblog.de\/wp-content\/uploads\/2020\/09\/shure-55sh-ii-e1601485394796.jpg 415w, https:\/\/kommentatorenblog.de\/wp-content\/uploads\/2020\/09\/shure-55sh-ii-e1601485394796-142x300.jpg 142w\" sizes=\"auto, (max-width: 10px) 100vw, 10px\" \/> tba<\/p>\n\n\n\n<p><span style=\"text-decoration: underline;\">Montag, 21. Juni 2021<\/span><\/p>\n\n\n\n<p>Copa Am\u00e9rica, 03. Spieltag:&nbsp;<strong><em>Kolumbien <strong><em>\u2013<\/em><\/strong> Peru (02.00 Uhr)<\/em><\/strong><\/p>\n\n\n\n<p><img loading=\"lazy\" decoding=\"async\" width=\"10\" height=\"21\" class=\"wp-image-3656\" style=\"width: 10px;\" src=\"http:\/\/kommentatorenblog.de\/wp-content\/uploads\/2020\/09\/shure-55sh-ii-e1601485394796.jpg\" alt=\"\" srcset=\"https:\/\/kommentatorenblog.de\/wp-content\/uploads\/2020\/09\/shure-55sh-ii-e1601485394796.jpg 415w, https:\/\/kommentatorenblog.de\/wp-content\/uploads\/2020\/09\/shure-55sh-ii-e1601485394796-142x300.jpg 142w\" sizes=\"auto, (max-width: 10px) 100vw, 10px\" \/> tba<\/p>\n\n\n\n<p>Copa Am\u00e9rica, 03. Spieltag:&nbsp;<strong><em>Uruguay <strong><em>\u2013<\/em><\/strong> Chile (23.00 Uhr)<\/em><\/strong><\/p>\n\n\n\n<p><img loading=\"lazy\" decoding=\"async\" width=\"10\" height=\"21\" class=\"wp-image-3656\" style=\"width: 10px;\" src=\"http:\/\/kommentatorenblog.de\/wp-content\/uploads\/2020\/09\/shure-55sh-ii-e1601485394796.jpg\" alt=\"\" srcset=\"https:\/\/kommentatorenblog.de\/wp-content\/uploads\/2020\/09\/shure-55sh-ii-e1601485394796.jpg 415w, https:\/\/kommentatorenblog.de\/wp-content\/uploads\/2020\/09\/shure-55sh-ii-e1601485394796-142x300.jpg 142w\" sizes=\"auto, (max-width: 10px) 100vw, 10px\" \/> tba<\/p>\n\n\n\n<p><span style=\"text-decoration: underline;\">Dienstag, 22. Juni 2021<\/span><\/p>\n\n\n\n<p>Copa Am\u00e9rica, 03. Spieltag:&nbsp;<strong><em>Argentinien <strong><em>\u2013<\/em><\/strong> Paraguay (02.00 Uhr)<\/em><\/strong><\/p>\n\n\n\n<p><img loading=\"lazy\" decoding=\"async\" width=\"10\" height=\"21\" class=\"wp-image-3656\" style=\"width: 10px;\" src=\"http:\/\/kommentatorenblog.de\/wp-content\/uploads\/2020\/09\/shure-55sh-ii-e1601485394796.jpg\" alt=\"\" srcset=\"https:\/\/kommentatorenblog.de\/wp-content\/uploads\/2020\/09\/shure-55sh-ii-e1601485394796.jpg 415w, https:\/\/kommentatorenblog.de\/wp-content\/uploads\/2020\/09\/shure-55sh-ii-e1601485394796-142x300.jpg 142w\" sizes=\"auto, (max-width: 10px) 100vw, 10px\" \/> tba<\/p>\n\n\n\n<hr class=\"wp-block-separator\"\/>\n\n\n\n<p><strong>Die Analyse<\/strong><\/p>\n\n\n\n<p>Zu den \u00fcbrigen Partien des zweiten Spieltags wurde im <a href=\"https:\/\/kommentatorenblog.de\/?p=9490\">letzten Beitrag<\/a> ja bereits alles Wichtige gesagt und analysiert. Mit einer Ausnahme: Inzwischen hat MagentaTV bekanntgegeben, dass J\u00fcrgen Klopp als Studiogast eingeladen wird, wenn Deutschland auf Portugal trifft. Das ist nat\u00fcrlich eine richtig starke Verpflichtung. Ansonsten gibt es keine spontanen Rotationen. <\/p>\n\n\n\n<p><strong>MagentaTV mit seinen letzten Exklusiv-Partien<\/strong><\/p>\n\n\n\n<p>Der dritte Spieltag startet dann am Sonntag. MagentaTV zeigt die folgenden sechs Begegnungen exklusiv:<\/p>\n\n\n\n<ul class=\"wp-block-list\"><li>20.06.21 \u2013 18:00 Uhr: Schweiz \u2013 T\u00fcrkei (Gruppe A)<\/li><li>21.06.21 \u2013 18:00 Uhr: Nordmazedonien \u2013 Niederlande (Gruppe C)<\/li><li>21.06.21 \u2013 21:00 Uhr: Finnland \u2013 Belgien (Gruppe B)<\/li><li>22.06.21 &#8211; 21.00 Uhr: Kroatien-Schottland (Gruppe D)<\/li><li>23.06.21 &#8211; 18.00 Uhr: Schweden-Polen (Gruppe E)<\/li><li>23.06.21 \u2013 21:00 Uhr: Portugal \u2013 Frankreich (Gruppe F)<\/li><\/ul>\n\n\n\n<p>Damit ist das Kontingent der Exklusiv-Spiele quasi ersch\u00f6pft. Am 22. Juni ist in Gruppe D aber noch entweder Kroatien gegen Schottland oder England gegen Tschechien ausschlie\u00dflich auf MagentaTV zu sehen. Die ARD wird nach dem zweiten Spieltag ihre Option ziehen. Gleiches gilt wohl auch beim ZDF und die Gruppe E<\/p>\n\n\n\n<p><strong>Italien auf dem Weg zum Gruppensieg<\/strong><\/p>\n\n\n\n<p>In Gruppe A k\u00e4mpfen Italien und Wales um den Gruppensieg. Die Squadra Azzurra ist in der Pole Position. Claudia Neumann berichtet in gewohnter Manier an der Seite von Ariane Hingst. Aus dem Studio in Mainz melden sich Katrin M\u00fcller-Hohenstein und Per Mertesacker. Als Gast begr\u00fc\u00dft das ZDF die Nationaltrainerin der deutschen Frauen, Martina Voss-Tecklenburg.&nbsp;Alternativ gibt es bei MagentaTV den Kommentar von Jan Platte.<\/p>\n\n\n\n<p>Zeitgleich hat Benni Zander das Geschehen in Baku im Blick &#8211; aus dem Studio nat\u00fcrlich. In der Hauptstadt Aserbaidschans treffen die Schweiz und die T\u00fcrkei aufeinander. Passend dazu leistet der der Schweizer Alex Frei Moderator Johannes B. Kerner Gesellschaft.<\/p>\n\n\n\n<p><strong>Platte exklusiv unterwegs<\/strong><\/p>\n\n\n\n<p>Am Montag geht es dann ums Weiterkommen in Gruppe C. Sowohl die Ukraine als auch \u00d6sterreich wollen zusammen mit den Niederlanden ins Achtelfinale einziehen. Im Ersten meldet sich das Duo Gottlob und Broich, bei Magenta bekommt Markus H\u00f6hner Unterst\u00fctzung von Martin Harnik. Exklusiv unterwegs ist wieder einmal Jan Platte. Er widmet sich dem Versuch Nordmazedoniens, die Niederlande zu besiegen.<\/p>\n\n\n\n<p>Sp\u00e4ter am Abend bleibt es spannend. Die ARD hat Russland gegen D\u00e4nemark im Programm, Tom Bartels kommentiert. Christian Stra\u00dfburger ist ebenfalls mit von der Partie. Auch Finnland hat noch realistische Chancen weiterzukommen. Der Aufgalopp gegen Belgien ist eine Sache f\u00fcr Wolff Fuss.<\/p>\n\n\n\n<p>Welche Partie sich die ARD am 22. Juni unter den Nagel rei\u00dft bzw. welche sie wiederum an Magenta abtritt, ist wie gesagt noch offen. Ich tippe darauf, dass Tschechien gegen England auch im \u00d6R l\u00e4uft, so wie es ja aktuell auch eingeplant ist. Detaillierte Informationen zum Personal stehen jedoch noch aus. Magenta plant f\u00fcr das England-Spiel derzeit Markus H\u00f6hner ein. Kroatien gegen Schottland soll Christian Stra\u00dfburger \u00fcbernehmen. (Erg\u00e4nzung: Die ARD hat die Begegnung zwischen Tschechien und England gew\u00e4hlt. Florian Na\u00df wird kommentieren.) <\/p>\n\n\n\n<p><strong>Letztes Gruppenspiel: Schmidt oder Fuss <\/strong><\/p>\n\n\n\n<p>Am Mittwoch macht dann wieder das Zweite Deutsche Fernsehen MagentaTV Konkurrenz. B\u00e9la R\u00e9thy, dem zuletzt ja der Kracher zwischen Deutschland und Frankreich verg\u00f6nnt war,ist im Einsatz. Sein Spiel aber wohl noch offen. (Erg\u00e4nzung: Das ZDF hat sich entschieden das Duell Slowakei gegen Spanien zu \u00fcbertragen.) <\/p>\n\n\n\n<p>Die ZDF-Crew bleibt nat\u00fcrlich auch nachher am Ball, wenn Deutschland auf Ungarn trifft. Oliver Schmidt wird gemeinsam mit Sandro Wagner kommentieren. KMH und Boris B\u00fcchler gehen wohl wieder in M\u00fcnchen auf Stimmenfang. Moderator ist am Mittwoch Jochen Breyer, der sich schon zum fr\u00fcheren Duell auf Christoph Kramer freuen darf. Zum Deutschland-Spiel sind dann sp\u00e4ter auch noch Per Mertesacker und Gabor Kiraly an Bord. F\u00fcr Magenta \u00fcbernimmt wenig \u00fcberraschend Wolff Fuss. An seiner Seite ist Lars Stindl zu h\u00f6ren, die Studio-G\u00e4ste werden dann zeitnah hier im Blog bekanntgegeben.<\/p>\n\n\n\n<p>Zeitgleich sind ab 21 Uhr auch die deutschen Gruppengegner Portugal und Frankreich an der Reihe. Um das zweifelsohne attraktivste Exklusiv-Spiel im Magenta-Programm k\u00fcmmert sich Marco Hagemann.<\/p>\n\n\n\n<p><strong>Entscheidung im Kampf um die 3. Liga<\/strong><\/p>\n\n\n\n<p>Es gibt zudem eine Partie, die im ganzen EM-Showdown nicht unter Tisch fallen sollte, da deren Sieger n\u00e4chstes Jahr im deutschen Profi-Fu\u00dfball vertreten sein wird. Der TSV Havelse und der 1.FC Schweinfurt spielen am Samstag das R\u00fcckspiel in der Aufstiegs-Relegation aus. Havelse entschied das Hinspiel mit 1:0 f\u00fcr sich. Spannung ist also nach wie vor garantiert. F\u00fcr den BR berichtet Philipp Eger. Bei Magenta Sport meldet sich Stefan Fuckert zu Wort.<\/p>\n\n\n\n<p>Zudem lohnt wie immer auch ein Blick auf Sportdigital.FUSSBALL. Dort l\u00e4uft n\u00e4mlich die Copa America, wo vor allem wieder Christian Blunck h\u00e4ufig im Einsatz ist. Die fehlenden Kommentatoren und den 04. Spieltag der Gruppenphase, der ab dem 23.06. stattfindet, erg\u00e4nzen wir asap.<\/p>\n\n\n\n<p>Habt ein sch\u00f6nes Fu\u00dfball-Wochenende!<\/p>\n","protected":false},"excerpt":{"rendered":"<p>INFO: Der neue Eintrag zu den Achtelfinals kommt am Freitag! N&#8216; Abend allerseits, die erste EM-Woche ist rum. Und mir geht es \u00e4hnlich wie Nico. Tats\u00e4chlich hat mich das Turnier mehr elektrisiert, als ich es selbst f\u00fcr m\u00f6glich gehalten h\u00e4tte. Bereits beim Auftaktspiel ist mir die Bedeutung der Europameisterschaft f\u00fcr Fans und Spieler vor Augen [&hellip;]<\/p>\n","protected":false},"author":2,"featured_media":0,"comment_status":"open","ping_status":"open","sticky":false,"template":"","format":"standard","meta":{"footnotes":""},"categories":[562],"tags":[10,509,19,545,21,57,35,36,556,272,48,557,542,43,67,109,350,134,394,273,107,37],"class_list":["post-9496","post","type-post","status-publish","format-standard","hentry","category-em2020","tag-3-liga","tag-a-league","tag-ard","tag-ariane-hingst","tag-benni-zander","tag-christian-blunck","tag-christian-strassburger","tag-claudia-neumann","tag-copa-america","tag-gerd-gottlob","tag-jan-platte","tag-juergen-klopp","tag-magentatv","tag-marco-hagemann","tag-markus-hoehner","tag-oliver-schmidt","tag-sandro-wagner","tag-sportdigital-fussball","tag-stefan-fuckert","tag-tom-bartels","tag-wolff-fuss","tag-zdf"],"_links":{"self":[{"href":"https:\/\/kommentatorenblog.de\/index.php?rest_route=\/wp\/v2\/posts\/9496","targetHints":{"allow":["GET"]}}],"collection":[{"href":"https:\/\/kommentatorenblog.de\/index.php?rest_route=\/wp\/v2\/posts"}],"about":[{"href":"https:\/\/kommentatorenblog.de\/index.php?rest_route=\/wp\/v2\/types\/post"}],"author":[{"embeddable":true,"href":"https:\/\/kommentatorenblog.de\/index.php?rest_route=\/wp\/v2\/users\/2"}],"replies":[{"embeddable":true,"href":"https:\/\/kommentatorenblog.de\/index.php?rest_route=%2Fwp%2Fv2%2Fcomments&post=9496"}],"version-history":[{"count":74,"href":"https:\/\/kommentatorenblog.de\/index.php?rest_route=\/wp\/v2\/posts\/9496\/revisions"}],"predecessor-version":[{"id":9659,"href":"https:\/\/kommentatorenblog.de\/index.php?rest_route=\/wp\/v2\/posts\/9496\/revisions\/9659"}],"wp:attachment":[{"href":"https:\/\/kommentatorenblog.de\/index.php?rest_route=%2Fwp%2Fv2%2Fmedia&parent=9496"}],"wp:term":[{"taxonomy":"category","embeddable":true,"href":"https:\/\/kommentatorenblog.de\/index.php?rest_route=%2Fwp%2Fv2%2Fcategories&post=9496"},{"taxonomy":"post_tag","embeddable":true,"href":"https:\/\/kommentatorenblog.de\/index.php?rest_route=%2Fwp%2Fv2%2Ftags&post=9496"}],"curies":[{"name":"wp","href":"https:\/\/api.w.org\/{rel}","templated":true}]}}