{"id":9612,"date":"2021-06-25T17:37:39","date_gmt":"2021-06-25T15:37:39","guid":{"rendered":"http:\/\/kommentatorenblog.de\/?p=9612"},"modified":"2021-07-12T17:13:36","modified_gmt":"2021-07-12T15:13:36","slug":"1179-naechster-euphorie-test-kommt-aus-der-box","status":"publish","type":"post","link":"https:\/\/kommentatorenblog.de\/?p=9612","title":{"rendered":"1179 \u2013 N\u00e4chster Euphorie-Test findet im Wembley statt"},"content":{"rendered":"\n<p>N&#8217;Abend allerseits,<\/p>\n\n\n\n<p>die Gruppenphase der Europameisterschaft ist vor\u00fcber. Nach der Auftaktpleite gegen Frankreich hat sich Deutschland gegen Portugal erst von seiner besseren Seite gezeigt und dann gegen Ungarn einen fragw\u00fcrdigen Auftritt hingelegt. Unterm Strich steht nun das Achtelfinale. Die Einschaltquoten der letzten beiden Partien m\u00f6chte ich aber noch kurz aufgreifen, da ich ja im letzten Beitrag geschrieben habe, wie sich die Quoten mit dem deutschen Erfolg ver\u00e4ndern w\u00fcrden.&nbsp;<\/p>\n\n\n\n<p><strong>Deutschland langsam in EM-Stimmung<\/strong><\/p>\n\n\n\n<p>Gegen Portugal erzielte die ARD einen Marktanteil von stolzen 75,7 Prozent mit 20,1 Millionen Zuschauer um 18 Uhr. Gegen Ungarn schalteten dann wohl viele Fans ein, die auf einen \u00e4hnlich fulminanten Auftritt gegen Ungarn hofften &#8211; und dran blieben, weil sie einen Krimi geboten bekommen haben. Den schmeichelhaften Einzug der DFB-Elf ins Achtelfinale verfolgten 25,74 Millionen im ZDF (Marktanteil: 71,4 Prozent). Mit anderen Worten ist der Trend bei den Einschaltquoten unverkennbar positiv. Von Fu\u00dfball-M\u00fcdigkeit sind diese Werte dann doch recht weit entfernt.&nbsp;<\/p>\n\n\n\n<p>Mit England wartet nun einer der Turnier-Favoriten auf die Mannschaft von Joachim L\u00f6w. Zumindest f\u00fcr dieses Spiel d\u00fcrfte die Euphorie der Fans noch anhalten. Mein Bauchgef\u00fchl sagt mir jedoch, dass ihn dieser Runde Schluss sein wird, wobei ich nat\u00fcrlich auf das Gegenteil hoffe. Tats\u00e4chlich rechne ich aber unkonventionell mit einem Finale zwischen Frankreich und England.&nbsp;<\/p>\n\n\n\n<p>Damit zum Tagesgesch\u00e4ft.<\/p>\n\n\n\n<hr class=\"wp-block-separator\"\/>\n\n\n\n<p><strong><em>Die Ansetzungen vom 26. Juni bis zum 29. Juni 2021<\/em><\/strong><\/p>\n\n\n\n<p><strong>Europameisterschaft 2020, Achtelfinale<\/strong><\/p>\n\n\n\n<p><span style=\"text-decoration: underline;\">Samstag, 26. Juni 2021, ab 17.15 Uhr (ARD)\/ ab 17.00 Uhr (MagentaTV)<\/span><\/p>\n\n\n\n<p><em><strong>Wales \u2013 D\u00e4nemark (18.00 Uhr)<\/strong><\/em><\/p>\n\n\n\n<p>ARD: <img loading=\"lazy\" decoding=\"async\" width=\"10\" height=\"21\" class=\"wp-image-3656\" style=\"width: 10px;\" src=\"http:\/\/kommentatorenblog.de\/wp-content\/uploads\/2020\/09\/shure-55sh-ii-e1601485394796.jpg\" alt=\"\" srcset=\"https:\/\/kommentatorenblog.de\/wp-content\/uploads\/2020\/09\/shure-55sh-ii-e1601485394796.jpg 415w, https:\/\/kommentatorenblog.de\/wp-content\/uploads\/2020\/09\/shure-55sh-ii-e1601485394796-142x300.jpg 142w\" sizes=\"auto, (max-width: 10px) 100vw, 10px\" \/> Gerd Gottlob<\/p>\n\n\n\n<p>MagentaTV: <img loading=\"lazy\" decoding=\"async\" width=\"10\" height=\"21\" class=\"wp-image-3656\" style=\"width: 10px;\" src=\"http:\/\/kommentatorenblog.de\/wp-content\/uploads\/2020\/09\/shure-55sh-ii-e1601485394796.jpg\" alt=\"\" srcset=\"https:\/\/kommentatorenblog.de\/wp-content\/uploads\/2020\/09\/shure-55sh-ii-e1601485394796.jpg 415w, https:\/\/kommentatorenblog.de\/wp-content\/uploads\/2020\/09\/shure-55sh-ii-e1601485394796-142x300.jpg 142w\" sizes=\"auto, (max-width: 10px) 100vw, 10px\" \/> Marco Hagemann, Co-Kommentator: Dietmar Hamann<\/p>\n\n\n\n<p>Moderation (ARD, Stadion): Jessy Wellmer, Experte: Bastian Schweinsteiger<\/p>\n\n\n\n<p>Moderation (ARD, Studio): Alexander Bommes, Experten: Almuth Schult, Kevin-Prince Boateng und Stefan Kuntz<\/p>\n\n\n\n<p>Moderation (MagentaTV): Johannes B. Kerner, Experte: Michael Ballack<\/p>\n\n\n\n<p><span style=\"text-decoration: underline;\">ab 20.15 Uhr (ZDF)\/ ab 20.00 Uhr (MagentaTV)<\/span><\/p>\n\n\n\n<p><em><strong>Italien \u2013 \u00d6sterreich (21.00 Uhr)<\/strong><\/em><\/p>\n\n\n\n<p>ZDF: <img loading=\"lazy\" decoding=\"async\" width=\"10\" height=\"21\" class=\"wp-image-3656\" style=\"width: 10px;\" src=\"http:\/\/kommentatorenblog.de\/wp-content\/uploads\/2020\/09\/shure-55sh-ii-e1601485394796.jpg\" alt=\"\" srcset=\"https:\/\/kommentatorenblog.de\/wp-content\/uploads\/2020\/09\/shure-55sh-ii-e1601485394796.jpg 415w, https:\/\/kommentatorenblog.de\/wp-content\/uploads\/2020\/09\/shure-55sh-ii-e1601485394796-142x300.jpg 142w\" sizes=\"auto, (max-width: 10px) 100vw, 10px\" \/> B\u00e9la R\u00e9thy, Field-Reporter: Thomas Skulski<\/p>\n\n\n\n<p>MagentaTV: <img loading=\"lazy\" decoding=\"async\" width=\"10\" height=\"21\" class=\"wp-image-3656\" style=\"width: 10px;\" src=\"http:\/\/kommentatorenblog.de\/wp-content\/uploads\/2020\/09\/shure-55sh-ii-e1601485394796.jpg\" alt=\"\" srcset=\"https:\/\/kommentatorenblog.de\/wp-content\/uploads\/2020\/09\/shure-55sh-ii-e1601485394796.jpg 415w, https:\/\/kommentatorenblog.de\/wp-content\/uploads\/2020\/09\/shure-55sh-ii-e1601485394796-142x300.jpg 142w\" sizes=\"auto, (max-width: 10px) 100vw, 10px\" \/> Jan Platte, Co-Kommentator: Antonio di Salvo<\/p>\n\n\n\n<p>Moderation (ZDF): Katrin M\u00fcller-Hohenstein, Experten: Per Mertesacker und Christoph Kramer<\/p>\n\n\n\n<p>Moderation (MagentaTV): Johannes B. Kerner, Experte: Michael Ballack<\/p>\n\n\n\n<p><span style=\"text-decoration: underline;\">Sonntag, 27. Juni 2021, ab 17.15 Uhr (ARD)\/ ab 17.00 Uhr (MagentaTV)<\/span><\/p>\n\n\n\n<p><em><strong>Niederlande <em><strong>\u2013<\/strong><\/em><\/strong><\/em> <em><strong>Tschechien (18.00 Uhr)<\/strong><\/em><\/p>\n\n\n\n<p>ARD: <img loading=\"lazy\" decoding=\"async\" width=\"10\" height=\"21\" class=\"wp-image-3656\" style=\"width: 10px;\" src=\"http:\/\/kommentatorenblog.de\/wp-content\/uploads\/2020\/09\/shure-55sh-ii-e1601485394796.jpg\" alt=\"\" srcset=\"https:\/\/kommentatorenblog.de\/wp-content\/uploads\/2020\/09\/shure-55sh-ii-e1601485394796.jpg 415w, https:\/\/kommentatorenblog.de\/wp-content\/uploads\/2020\/09\/shure-55sh-ii-e1601485394796-142x300.jpg 142w\" sizes=\"auto, (max-width: 10px) 100vw, 10px\" \/> Florian Na\u00df, Co-Kommentator: Thomas Broich<\/p>\n\n\n\n<p>MagentaTV: <img loading=\"lazy\" decoding=\"async\" width=\"10\" height=\"21\" class=\"wp-image-3656\" style=\"width: 10px;\" src=\"http:\/\/kommentatorenblog.de\/wp-content\/uploads\/2020\/09\/shure-55sh-ii-e1601485394796.jpg\" alt=\"\" srcset=\"https:\/\/kommentatorenblog.de\/wp-content\/uploads\/2020\/09\/shure-55sh-ii-e1601485394796.jpg 415w, https:\/\/kommentatorenblog.de\/wp-content\/uploads\/2020\/09\/shure-55sh-ii-e1601485394796-142x300.jpg 142w\" sizes=\"auto, (max-width: 10px) 100vw, 10px\" \/> Benni Zander<\/p>\n\n\n\n<p>Moderation (ARD): Alexander Bommes, Experten: Almuth Schult, Stefan Kuntz und Kevin-Prince Boateng<\/p>\n\n\n\n<p>Moderation (MagentaTV): Johannes B. Kerner, Experte: Michael Ballack<\/p>\n\n\n\n<p><span style=\"text-decoration: underline;\">ab 20.15 Uhr (ARD)\/ ab 20.00 Uhr (MagentaTV)<\/span><\/p>\n\n\n\n<p><em><strong>Belgien <em><strong>\u2013<\/strong><\/em><\/strong><\/em> <em><strong>Portugal (21.00 Uhr)<\/strong><\/em><\/p>\n\n\n\n<p>ARD: <img loading=\"lazy\" decoding=\"async\" width=\"10\" height=\"21\" class=\"wp-image-3656\" style=\"width: 10px;\" src=\"http:\/\/kommentatorenblog.de\/wp-content\/uploads\/2020\/09\/shure-55sh-ii-e1601485394796.jpg\" alt=\"\" srcset=\"https:\/\/kommentatorenblog.de\/wp-content\/uploads\/2020\/09\/shure-55sh-ii-e1601485394796.jpg 415w, https:\/\/kommentatorenblog.de\/wp-content\/uploads\/2020\/09\/shure-55sh-ii-e1601485394796-142x300.jpg 142w\" sizes=\"auto, (max-width: 10px) 100vw, 10px\" \/> Tom Bartels<\/p>\n\n\n\n<p>MagentaTV: <img loading=\"lazy\" decoding=\"async\" width=\"10\" height=\"21\" class=\"wp-image-3656\" style=\"width: 10px;\" src=\"http:\/\/kommentatorenblog.de\/wp-content\/uploads\/2020\/09\/shure-55sh-ii-e1601485394796.jpg\" alt=\"\" srcset=\"https:\/\/kommentatorenblog.de\/wp-content\/uploads\/2020\/09\/shure-55sh-ii-e1601485394796.jpg 415w, https:\/\/kommentatorenblog.de\/wp-content\/uploads\/2020\/09\/shure-55sh-ii-e1601485394796-142x300.jpg 142w\" sizes=\"auto, (max-width: 10px) 100vw, 10px\" \/> Marco Hagemann<\/p>\n\n\n\n<p>Moderation (ARD): Alexander Bommes, Experte: Almuth Schult, Stefan Kuntz und Kevin-Prince Boateng<\/p>\n\n\n\n<p>Moderation (MagentaTV): Johannes B. Kerner, Experte: Michael Ballack<\/p>\n\n\n\n<p><span style=\"text-decoration: underline;\">Montag, 28. Juni 2021, ab 17.15 Uhr (ZDF)\/ ab 17.00 Uhr (MagentaTV)<\/span><\/p>\n\n\n\n<p><em><strong>Kroatien <em><strong>\u2013<\/strong><\/em><\/strong><\/em> <em><strong>Spanien (18.00 Uhr)<\/strong><\/em><\/p>\n\n\n\n<p>ZDF: <img loading=\"lazy\" decoding=\"async\" width=\"10\" height=\"21\" class=\"wp-image-3656\" style=\"width: 10px;\" src=\"http:\/\/kommentatorenblog.de\/wp-content\/uploads\/2020\/09\/shure-55sh-ii-e1601485394796.jpg\" alt=\"\" srcset=\"https:\/\/kommentatorenblog.de\/wp-content\/uploads\/2020\/09\/shure-55sh-ii-e1601485394796.jpg 415w, https:\/\/kommentatorenblog.de\/wp-content\/uploads\/2020\/09\/shure-55sh-ii-e1601485394796-142x300.jpg 142w\" sizes=\"auto, (max-width: 10px) 100vw, 10px\" \/> Claudia Neumann, Co-Kommentatorin: Ariane Hingst, Field-Reporter: Martin Schneider<\/p>\n\n\n\n<p>MagentaTV: <img loading=\"lazy\" decoding=\"async\" width=\"10\" height=\"21\" class=\"wp-image-3656\" style=\"width: 10px;\" src=\"http:\/\/kommentatorenblog.de\/wp-content\/uploads\/2020\/09\/shure-55sh-ii-e1601485394796.jpg\" alt=\"\" srcset=\"https:\/\/kommentatorenblog.de\/wp-content\/uploads\/2020\/09\/shure-55sh-ii-e1601485394796.jpg 415w, https:\/\/kommentatorenblog.de\/wp-content\/uploads\/2020\/09\/shure-55sh-ii-e1601485394796-142x300.jpg 142w\" sizes=\"auto, (max-width: 10px) 100vw, 10px\" \/> Wolff Fuss<\/p>\n\n\n\n<p>Moderation (ZDF): Jochen Breyer, Experte: Per Mertesacker und Christoph Kramer <\/p>\n\n\n\n<p>Moderation (MagentaTV): Johannes B. Kerner, Experte: Fredi Bobic<\/p>\n\n\n\n<p><span style=\"text-decoration: underline;\">ab 20.15 Uhr (ZDF)\/ ab 20.00 Uhr (MagentaTV)<\/span><\/p>\n\n\n\n<p><em><strong>Frankreich <em><strong>\u2013<\/strong><\/em><\/strong><\/em> <em><strong>Schweiz (21.00 Uhr)<\/strong><\/em><\/p>\n\n\n\n<p>ZDF: <img loading=\"lazy\" decoding=\"async\" width=\"10\" height=\"21\" class=\"wp-image-3656\" style=\"width: 10px;\" src=\"http:\/\/kommentatorenblog.de\/wp-content\/uploads\/2020\/09\/shure-55sh-ii-e1601485394796.jpg\" alt=\"\" srcset=\"https:\/\/kommentatorenblog.de\/wp-content\/uploads\/2020\/09\/shure-55sh-ii-e1601485394796.jpg 415w, https:\/\/kommentatorenblog.de\/wp-content\/uploads\/2020\/09\/shure-55sh-ii-e1601485394796-142x300.jpg 142w\" sizes=\"auto, (max-width: 10px) 100vw, 10px\" \/> Oliver Schmidt, Co-Kommentator: Sandro Wagner, Field-Reporter: Alexander Ruda (+ Lutz Pfannestiel)<\/p>\n\n\n\n<p>MagentaTV: <img loading=\"lazy\" decoding=\"async\" width=\"10\" height=\"21\" class=\"wp-image-3656\" style=\"width: 10px;\" src=\"http:\/\/kommentatorenblog.de\/wp-content\/uploads\/2020\/09\/shure-55sh-ii-e1601485394796.jpg\" alt=\"\" srcset=\"https:\/\/kommentatorenblog.de\/wp-content\/uploads\/2020\/09\/shure-55sh-ii-e1601485394796.jpg 415w, https:\/\/kommentatorenblog.de\/wp-content\/uploads\/2020\/09\/shure-55sh-ii-e1601485394796-142x300.jpg 142w\" sizes=\"auto, (max-width: 10px) 100vw, 10px\" \/> Christian Stra\u00dfburger, Co-Kommentator: Martin Stranzl<\/p>\n\n\n\n<p>Moderation (ZDF): Jochen Breyer, Experte: Per Mertesacker und Christoph Kramer<\/p>\n\n\n\n<p>Moderation (MagentaTV): Johannes B. Kerner, Experte: Fredi Bobic<\/p>\n\n\n\n<p><span style=\"text-decoration: underline;\">Dienstag, 29. Juni 2021, ab 17.15 Uhr (ARD)\/ ab 17.00 Uhr (MagentaTV)<\/span><\/p>\n\n\n\n<p><em><strong>England <em><strong>\u2013<\/strong><\/em><\/strong><\/em> <em><strong>Deutschland (18.00 Uhr)<\/strong><\/em><\/p>\n\n\n\n<p>ARD: <img loading=\"lazy\" decoding=\"async\" width=\"10\" height=\"21\" class=\"wp-image-3656\" style=\"width: 10px;\" src=\"http:\/\/kommentatorenblog.de\/wp-content\/uploads\/2020\/09\/shure-55sh-ii-e1601485394796.jpg\" alt=\"\" srcset=\"https:\/\/kommentatorenblog.de\/wp-content\/uploads\/2020\/09\/shure-55sh-ii-e1601485394796.jpg 415w, https:\/\/kommentatorenblog.de\/wp-content\/uploads\/2020\/09\/shure-55sh-ii-e1601485394796-142x300.jpg 142w\" sizes=\"auto, (max-width: 10px) 100vw, 10px\" \/> Florian Na\u00df<\/p>\n\n\n\n<p>MagentaTV: <img loading=\"lazy\" decoding=\"async\" width=\"10\" height=\"21\" class=\"wp-image-3656\" style=\"width: 10px;\" src=\"http:\/\/kommentatorenblog.de\/wp-content\/uploads\/2020\/09\/shure-55sh-ii-e1601485394796.jpg\" alt=\"\" srcset=\"https:\/\/kommentatorenblog.de\/wp-content\/uploads\/2020\/09\/shure-55sh-ii-e1601485394796.jpg 415w, https:\/\/kommentatorenblog.de\/wp-content\/uploads\/2020\/09\/shure-55sh-ii-e1601485394796-142x300.jpg 142w\" sizes=\"auto, (max-width: 10px) 100vw, 10px\" \/> Wolff Fuss<\/p>\n\n\n\n<p>Moderation (ARD, Studio I): Alexander Bommes, Experte: Almuth Schult, Stefan Kuntz und Kevin-Prince Boateng<\/p>\n\n\n\n<p>Moderation (ARD, Studio II): Jessy Wellmer, Experte: Bastian Schweinsteiger<\/p>\n\n\n\n<p>Moderation (MagentaTV): Johannes B. Kerner, Experten: Fredi Bobic und Michael Ballack<\/p>\n\n\n\n<p><span style=\"text-decoration: underline;\">ab 20.15 Uhr (ARD)\/ ab 20.00 Uhr (MagentaTV)<\/span><\/p>\n\n\n\n<p><em><strong>Schweden <em><strong>\u2013<\/strong><\/em><\/strong><\/em> <em><strong>Ukraine (21.00 Uhr)<\/strong><\/em><\/p>\n\n\n\n<p>ARD: <img loading=\"lazy\" decoding=\"async\" width=\"10\" height=\"21\" class=\"wp-image-3656\" style=\"width: 10px;\" src=\"http:\/\/kommentatorenblog.de\/wp-content\/uploads\/2020\/09\/shure-55sh-ii-e1601485394796.jpg\" alt=\"\" srcset=\"https:\/\/kommentatorenblog.de\/wp-content\/uploads\/2020\/09\/shure-55sh-ii-e1601485394796.jpg 415w, https:\/\/kommentatorenblog.de\/wp-content\/uploads\/2020\/09\/shure-55sh-ii-e1601485394796-142x300.jpg 142w\" sizes=\"auto, (max-width: 10px) 100vw, 10px\" \/> Tom Bartels, Co-Kommentator: Thomas Broich<\/p>\n\n\n\n<p>MagentaTV: <img loading=\"lazy\" decoding=\"async\" width=\"10\" height=\"21\" class=\"wp-image-3656\" style=\"width: 10px;\" src=\"http:\/\/kommentatorenblog.de\/wp-content\/uploads\/2020\/09\/shure-55sh-ii-e1601485394796.jpg\" alt=\"\" srcset=\"https:\/\/kommentatorenblog.de\/wp-content\/uploads\/2020\/09\/shure-55sh-ii-e1601485394796.jpg 415w, https:\/\/kommentatorenblog.de\/wp-content\/uploads\/2020\/09\/shure-55sh-ii-e1601485394796-142x300.jpg 142w\" sizes=\"auto, (max-width: 10px) 100vw, 10px\" \/> Markus H\u00f6hner<\/p>\n\n\n\n<p>Moderation (ARD): Alexander Bommes, Experte: Almuth Schult, Stefan Kuntz und Kevin-Prince Boateng<\/p>\n\n\n\n<p>Moderation (MagentaTV): Johannes B. Kerner, Experten: Fredi Bobic und Michael Ballack<\/p>\n\n\n\n<hr class=\"wp-block-separator\"\/>\n\n\n\n<p><strong>Internationaler Fussball (Sportdigital FUSSBALL)<\/strong><\/p>\n\n\n\n<p><span style=\"text-decoration: underline;\">Samstag, 26. Juni 2021<\/span><\/p>\n\n\n\n<p>MLS, 10. Spieltag: <strong><em>Sporting Kansas City \u2013 Los Angeles FC (23.00 Uhr)<\/em><\/strong><\/p>\n\n\n\n<p><img loading=\"lazy\" decoding=\"async\" width=\"10\" height=\"21\" class=\"wp-image-3656\" style=\"width: 10px;\" src=\"http:\/\/kommentatorenblog.de\/wp-content\/uploads\/2020\/09\/shure-55sh-ii-e1601485394796.jpg\" alt=\"\" srcset=\"https:\/\/kommentatorenblog.de\/wp-content\/uploads\/2020\/09\/shure-55sh-ii-e1601485394796.jpg 415w, https:\/\/kommentatorenblog.de\/wp-content\/uploads\/2020\/09\/shure-55sh-ii-e1601485394796-142x300.jpg 142w\" sizes=\"auto, (max-width: 10px) 100vw, 10px\" \/> Ulf Kahmke<\/p>\n\n\n\n<p><span style=\"text-decoration: underline;\">Sonntag, 27. Juni 2021<\/span><\/p>\n\n\n\n<p>A-League, Grand Final: <strong><em>Melbourne City \u2013 Sydney FC (9.00 Uhr)<\/em><\/strong><\/p>\n\n\n\n<p><img loading=\"lazy\" decoding=\"async\" width=\"10\" height=\"21\" class=\"wp-image-3656\" style=\"width: 10px;\" src=\"http:\/\/kommentatorenblog.de\/wp-content\/uploads\/2020\/09\/shure-55sh-ii-e1601485394796.jpg\" alt=\"\" srcset=\"https:\/\/kommentatorenblog.de\/wp-content\/uploads\/2020\/09\/shure-55sh-ii-e1601485394796.jpg 415w, https:\/\/kommentatorenblog.de\/wp-content\/uploads\/2020\/09\/shure-55sh-ii-e1601485394796-142x300.jpg 142w\" sizes=\"auto, (max-width: 10px) 100vw, 10px\" \/> Christian Blunck<\/p>\n\n\n\n<p>J-League, 20. Spieltag: <strong><em>Urawa Red Diamonds \u2013 Avispa Fukuoka (12.00 Uhr)<\/em><\/strong><\/p>\n\n\n\n<p><img loading=\"lazy\" decoding=\"async\" width=\"10\" height=\"21\" class=\"wp-image-3656\" style=\"width: 10px;\" src=\"http:\/\/kommentatorenblog.de\/wp-content\/uploads\/2020\/09\/shure-55sh-ii-e1601485394796.jpg\" alt=\"\" srcset=\"https:\/\/kommentatorenblog.de\/wp-content\/uploads\/2020\/09\/shure-55sh-ii-e1601485394796.jpg 415w, https:\/\/kommentatorenblog.de\/wp-content\/uploads\/2020\/09\/shure-55sh-ii-e1601485394796-142x300.jpg 142w\" sizes=\"auto, (max-width: 10px) 100vw, 10px\" \/> Jakob Vogel<\/p>\n\n\n\n<p>Campeonato Brasileiro Serie A, 7. Spieltag: <strong><em>Juventude \u2013 Flamengo (16.00 Uhr)<\/em><\/strong><\/p>\n\n\n\n<p><img loading=\"lazy\" decoding=\"async\" width=\"10\" height=\"21\" class=\"wp-image-3656\" style=\"width: 10px;\" src=\"http:\/\/kommentatorenblog.de\/wp-content\/uploads\/2020\/09\/shure-55sh-ii-e1601485394796.jpg\" alt=\"\" srcset=\"https:\/\/kommentatorenblog.de\/wp-content\/uploads\/2020\/09\/shure-55sh-ii-e1601485394796.jpg 415w, https:\/\/kommentatorenblog.de\/wp-content\/uploads\/2020\/09\/shure-55sh-ii-e1601485394796-142x300.jpg 142w\" sizes=\"auto, (max-width: 10px) 100vw, 10px\" \/> Christian Blunck<\/p>\n\n\n\n<p>Copa Am\u00e9rica, 5. Spieltag: <strong><em>Brasilien \u2013 Ecuador (23.00 Uhr)<\/em><\/strong><\/p>\n\n\n\n<p><img loading=\"lazy\" decoding=\"async\" width=\"10\" height=\"21\" class=\"wp-image-3656\" style=\"width: 10px;\" src=\"http:\/\/kommentatorenblog.de\/wp-content\/uploads\/2020\/09\/shure-55sh-ii-e1601485394796.jpg\" alt=\"\" srcset=\"https:\/\/kommentatorenblog.de\/wp-content\/uploads\/2020\/09\/shure-55sh-ii-e1601485394796.jpg 415w, https:\/\/kommentatorenblog.de\/wp-content\/uploads\/2020\/09\/shure-55sh-ii-e1601485394796-142x300.jpg 142w\" sizes=\"auto, (max-width: 10px) 100vw, 10px\" \/> Karsten Linke<\/p>\n\n\n\n<p><span style=\"text-decoration: underline;\">Dienstag, 29. Juni 2021<\/span><\/p>\n\n\n\n<p>Copa Am\u00e9rica, 5. Spieltag: <strong><em>Bolivien \u2013 Argentinien (2.00 Uhr)<\/em><\/strong><\/p>\n\n\n\n<p><img loading=\"lazy\" decoding=\"async\" width=\"10\" height=\"21\" class=\"wp-image-3656\" style=\"width: 10px;\" src=\"http:\/\/kommentatorenblog.de\/wp-content\/uploads\/2020\/09\/shure-55sh-ii-e1601485394796.jpg\" alt=\"\" srcset=\"https:\/\/kommentatorenblog.de\/wp-content\/uploads\/2020\/09\/shure-55sh-ii-e1601485394796.jpg 415w, https:\/\/kommentatorenblog.de\/wp-content\/uploads\/2020\/09\/shure-55sh-ii-e1601485394796-142x300.jpg 142w\" sizes=\"auto, (max-width: 10px) 100vw, 10px\" \/> Jonathan Dreier<\/p>\n\n\n\n<hr class=\"wp-block-separator\"\/>\n\n\n\n<p><strong>Die Analyse<\/strong><\/p>\n\n\n\n<p><strong>ARD aus K\u00f6ln statt aus London<\/strong><\/p>\n\n\n\n<p>Das Deutschland-Spiel am Dienstag weist in seiner Berichterstattung eine Besonderheit auf. In der Partie der deutschen Mannschaft gegen England berichtet die ARD diesmal n\u00e4mlich komplett aus K\u00f6ln. Das gilt sowohl f\u00fcr Kommentator Florian Na\u00df als auch f\u00fcr Jessy Wellmer und Bastian Schweinsteiger, die sich aus einem zweiten Studio melden und nicht etwa aus dem Stadion. Eine \u00dcberraschung ist das nicht. Schon vor dem EM-Start stand fest, dass Spiele aus London und Glasgow wegen den Quarant\u00e4ne-Regelungen nicht aus dem Stadion kommentiert und moderiert werden. Und doch h\u00e4tte es nat\u00fcrlich passieren k\u00f6nnen, dass man diese Regel kippt. Dazu ist es allerdings nicht gekommen.<\/p>\n\n\n\n<p><strong>Trend zum Co-Kommentator<\/strong><\/p>\n\n\n\n<p>Florian Na\u00df ist in jedem Fall eine logische Ansetzung f\u00fcr die Begegnung. Wie im Blog ja bereits angeklungen war, widmet sich der Rad-Experte in wenigen Tagen der Tour de France. Nach dem Er\u00f6ffnungsspiel bekommt er damit also ein weiteres Highlight. Ein Co-Kommentator wird ihm zwar nicht vor die Nase gesetzt. Trotzdem habe ich durch die Europameisterschaft den Eindruck gewonnen, dass der Trend zum Co-Kommentator auch von den \u00d6ffentlich-Rechtlichen immer mehr \u00fcbernommen wird &#8211; im ZDF nat\u00fcrlich noch mehr als im Ersten. Ich erachte das eigentlich als ziemlich erfrischend. Ganz konkret finde ich, dass im ZDF Oliver Schmidt zuletzt besser mit Sandro Wagner harmonierte als Bela R\u00e9thy. Meiner Meinung nach wusste Schmidt die forsche Art des ehemaligen St\u00fcrmers besser einzuordnen. Aber das ist nat\u00fcrlich subjektiv. Grunds\u00e4tzlich muss sich das Zusammenspiel aus Kommentator und Zweitstimme im \u00d6R noch einpendeln. Beim Duo Neumann und Hingst klappt das meiner Meinung nach schon ganz gut. Im zweiten Spiel aber auch schon besser als im ersten. Deswegen finde ich es auch sinnvoll, nicht zu viel zu variieren bei den Co-Kommentatoren, und einem Duo die Chance zu geben, sich einzuspielen. Beim Aufgalopp der Deutschen in London l\u00e4sst \u00fcbrigens auch Magenta eine potenzielle Zweitstimme weg. Kommentator ist erneut Wolff Fuss.<\/p>\n\n\n\n<p><strong>Die \u00fcbrigen Achtelfinals im Schnelldurchlauf<\/strong><\/p>\n\n\n\n<p>Den Auftakt ins Achtelfinale machen am Samstag Wales und D\u00e4nemark. Gerd Gottlob \u00fcbernimmt in der ARD, bei MagentaTV sind Marco Hagemann und Didi Hamann zu h\u00f6ren. An diesem Tag wechselt sich das \u00d6ffentlich- Rechtliche Fernsehen ausnahmsweise mal ab. Sp\u00e4ter am Abend verleiht B\u00e9la R\u00e9thy der Partie Italien gegen \u00d6sterreich seine Stimme. Bei der Konkurrenz leitet Jan Platte mit seinem Co-Kommentator Antonio di Salvo, dem Co-Trainer der U21 Nationalmannschaft, durch das Spiel.<\/p>\n\n\n\n<p>Seine Generalprobe f\u00fcr das Deutschland-Spiel hat Florian Na\u00df am Sonntag, wenn die Niederlande in Budapest auf Tschechien trifft. Dann jedoch mit Thomas Broich an seiner Seite. Auch Benni Zander beobachtet das Geschehen f\u00fcr die Telekom-Tochter. Am sp\u00e4teren Abend wartet der von Felix Brych gepfiffene Kracher zwischen Belgien und Portugal. Tom Bartels meldet sich vom Mikrofon, gleiches gilt f\u00fcr Marco Hagemann. Letzterer kommentiert jedoch, wie alle seine Magenta-Kollegen aus der Box.<\/p>\n\n\n\n<p><strong>Neumann ohne bessere H\u00e4lfte?!<\/strong><\/p>\n\n\n\n<p>Zum Wochenstart begegnen sich Kroatien und Spanien. Ob Claudia Neumann im ZDF diesmal ohne Ariane Hingst ran muss, bleibt noch offen. Das ZDF hat uns nicht verraten. Wie immer haben die Fans, sofern sie MagentaTV denn abonniert haben, nat\u00fcrlich die Chance auf ein Alternativprogramm. Denn auch Wolff Fuss ist mit an Bord.<\/p>\n\n\n\n<p>Zwei EM-Spiele sind abschlie\u00dfend noch zu nennen. Zum einen steht Montagabend das Nachbarschaftsduell zwischen Frankreich und der Schweiz an, das Oliver Schmidt f\u00fcr das ZDF begleitet. Christian Stra\u00dfburger tauscht sich mit dem Ex-Stuttgart-Profi Martin Stranzl \u00fcber die Partie aus. In der Schalte vor dem Spiel in Bukarest wird Lutz Pfannenstiel als Experte mit dabei sein. Zum anderen k\u00fcren Schweden und die Ukraine am Dienstagabend den letzten Viertelfinal-Teilnehmer. In der ARD kommentieren Tom Bartels und Thomas Broich. Im Pay-TV ist die Stimme von Markus H\u00f6hner zu h\u00f6ren. Last but not least ist die Arbeitsleistung von Johannes B. Kerner und Michael Ballack hervorzuheben, die wie immer eine eng getaktete Woche haben. Unterst\u00fctzung von Sascha Bandermann gibt es diesmal nicht. Er scheint damit f\u00fcr MagentaTV bei dieser EM nicht mehr zum Einsatz zu kommen. <\/p>\n\n\n\n<p>Wie schon zuletzt zeigt sportdigital.FUSSBALL die Copa Am\u00e9rica. Dabei sticht der Name Jonathan Dreier hervor, der Bolivien gegen Argentinien im Blick hat. Dauerbrenner Christian Blunck verbucht derweil zwei Ansetzungen.<\/p>\n\n\n\n<p>In diesem Sinne euch ein sch\u00f6nes Wochenende!<\/p>\n","protected":false},"excerpt":{"rendered":"<p>N&#8217;Abend allerseits, die Gruppenphase der Europameisterschaft ist vor\u00fcber. Nach der Auftaktpleite gegen Frankreich hat sich Deutschland gegen Portugal erst von seiner besseren Seite gezeigt und dann gegen Ungarn einen fragw\u00fcrdigen Auftritt hingelegt. Unterm Strich steht nun das Achtelfinale. Die Einschaltquoten der letzten beiden Partien m\u00f6chte ich aber noch kurz aufgreifen, da ich ja im letzten [&hellip;]<\/p>\n","protected":false},"author":2,"featured_media":0,"comment_status":"open","ping_status":"open","sticky":false,"template":"","format":"standard","meta":{"footnotes":""},"categories":[562],"tags":[559,19,545,355,47,21,57,35,36,30,558,99,272,48,274,520,507,542,43,67,560,500,109,350,134,247,273,107,37],"class_list":["post-9612","post","type-post","status-publish","format-standard","hentry","category-em2020","tag-antonio-da-silva","tag-ard","tag-ariane-hingst","tag-bastian-schweinsteiger","tag-bela-rethy","tag-benni-zander","tag-christian-blunck","tag-christian-strassburger","tag-claudia-neumann","tag-didi-hamann","tag-euro-2020","tag-florian-nass","tag-gerd-gottlob","tag-jan-platte","tag-jessy-wellmer","tag-johannes-b-kerner","tag-jonathan-dreier","tag-magentatv","tag-marco-hagemann","tag-markus-hoehner","tag-martin-stranzl","tag-michael-ballack","tag-oliver-schmidt","tag-sandro-wagner","tag-sportdigital-fussball","tag-thomas-broich","tag-tom-bartels","tag-wolff-fuss","tag-zdf"],"_links":{"self":[{"href":"https:\/\/kommentatorenblog.de\/index.php?rest_route=\/wp\/v2\/posts\/9612","targetHints":{"allow":["GET"]}}],"collection":[{"href":"https:\/\/kommentatorenblog.de\/index.php?rest_route=\/wp\/v2\/posts"}],"about":[{"href":"https:\/\/kommentatorenblog.de\/index.php?rest_route=\/wp\/v2\/types\/post"}],"author":[{"embeddable":true,"href":"https:\/\/kommentatorenblog.de\/index.php?rest_route=\/wp\/v2\/users\/2"}],"replies":[{"embeddable":true,"href":"https:\/\/kommentatorenblog.de\/index.php?rest_route=%2Fwp%2Fv2%2Fcomments&post=9612"}],"version-history":[{"count":31,"href":"https:\/\/kommentatorenblog.de\/index.php?rest_route=\/wp\/v2\/posts\/9612\/revisions"}],"predecessor-version":[{"id":9733,"href":"https:\/\/kommentatorenblog.de\/index.php?rest_route=\/wp\/v2\/posts\/9612\/revisions\/9733"}],"wp:attachment":[{"href":"https:\/\/kommentatorenblog.de\/index.php?rest_route=%2Fwp%2Fv2%2Fmedia&parent=9612"}],"wp:term":[{"taxonomy":"category","embeddable":true,"href":"https:\/\/kommentatorenblog.de\/index.php?rest_route=%2Fwp%2Fv2%2Fcategories&post=9612"},{"taxonomy":"post_tag","embeddable":true,"href":"https:\/\/kommentatorenblog.de\/index.php?rest_route=%2Fwp%2Fv2%2Ftags&post=9612"}],"curies":[{"name":"wp","href":"https:\/\/api.w.org\/{rel}","templated":true}]}}