{"id":9685,"date":"2021-07-01T19:52:16","date_gmt":"2021-07-01T17:52:16","guid":{"rendered":"http:\/\/kommentatorenblog.de\/?p=9685"},"modified":"2021-07-12T17:13:28","modified_gmt":"2021-07-12T15:13:28","slug":"1180-wimbledon","status":"publish","type":"post","link":"https:\/\/kommentatorenblog.de\/?p=9685","title":{"rendered":"1180 &#8211; Wimbledon"},"content":{"rendered":"\n<p>N&#8217;Abend allerseits,<\/p>\n\n\n\n<p>Sport en masse in diesen Tagen! Neben der EM sind ja am Montag auch die Wimbledon Championships in London gestartet und auch die Tour de France ist nat\u00fcrlich ein sportliches Gro\u00dfereignis. Ich habe seit Montag fast Non-Stop Tennis gesehen, Wimbledon ist und bleibt f\u00fcr mich einfach das speziellste Sportereignis des Jahres. \u00dcbertragen wird das Turnier ja bei Sky, die Stimmen daher wohl bekannt aus den Fussball-\u00dcbertragungen. Im Einsatz sind hierbei Stefan Hempel, Marcel Meinert, Paul H\u00e4user, Roland Evers, Kai Dittmann, Markus Gaupp, Hannes Herrmann, Jonas Friedrich, Marcus Lindemann, Markus G\u00f6tz, Philipp Langosz und Jaron Steiner, wie gewohnt aber alle in der Kabine in M\u00fcnchen. Aufgrund der pandemischen Situation rund um die Delta-Variante in London (dass dort sowohl beim Tennis als auch beim Fussball viel zu viele Zuschauer unterwegs sind, finde ich pers\u00f6nlich auch \u00e4u\u00dferst kritisch) ist Sky nur mit Moritz Lang in London.  Das Duo Yannick Erkenbrecher und Patrik K\u00fchnen ist in diesem Jahr leider nicht mehr t\u00e4glich zu sehen, Erkenbrecher wechselt sich t\u00e4glich mit Katharina Kleinfeldt ab. Gemeint ist dies \u00fcbrigens \u00fcberhaupt nicht negativ gegen\u00fcber Kleinfeldt, die beispielsweise im Handball einen Top-Job macht, sondern vielmehr positiv f\u00fcr das eben genannte Duo, welches f\u00fcr mich einfach zu Wimbledon geh\u00f6rt! Neu dabei ist zudem Sabine Lisicki als Co-Kommentatorin in Woche eins, in der kommenden werden in dieser Rolle dann auch Julia G\u00f6rges und Michael Stich im Einsatz sein. Ich zumindest freue mich auf noch so einige tolle Tennis Tage.<\/p>\n\n\n\n<p>Jetzt aber zur\u00fcck zum Fussball, genauer gesagt zu den Viertelfinal-Ansetzungen!<\/p>\n\n\n\n<hr class=\"wp-block-separator\"\/>\n\n\n\n<p><strong><em>Die Ansetzungen vom 02. Juli bis zum 3. Juli 2021<\/em><\/strong><\/p>\n\n\n\n<p><strong>Europameisterschaft 2020, Achtelfinale<\/strong><\/p>\n\n\n\n<p><span style=\"text-decoration: underline;\">Freitag, 02. Juli 2021, ab 17.05 Uhr (ZDF)\/ ab 17.00 Uhr (MagentaTV)<\/span><\/p>\n\n\n\n<p><em><strong>Schweiz \u2013 Spanien (18.00 Uhr)<\/strong><\/em><\/p>\n\n\n\n<p>ZDF: <img loading=\"lazy\" decoding=\"async\" width=\"10\" height=\"21\" class=\"wp-image-3656\" style=\"width: 10px;\" src=\"http:\/\/kommentatorenblog.de\/wp-content\/uploads\/2020\/09\/shure-55sh-ii-e1601485394796.jpg\" alt=\"\" srcset=\"https:\/\/kommentatorenblog.de\/wp-content\/uploads\/2020\/09\/shure-55sh-ii-e1601485394796.jpg 415w, https:\/\/kommentatorenblog.de\/wp-content\/uploads\/2020\/09\/shure-55sh-ii-e1601485394796-142x300.jpg 142w\" sizes=\"auto, (max-width: 10px) 100vw, 10px\" \/> Oliver Schmidt, Field-Reporter: Christian Semm<\/p>\n\n\n\n<p>MagentaTV: <img loading=\"lazy\" decoding=\"async\" width=\"10\" height=\"21\" class=\"wp-image-3656\" style=\"width: 10px;\" src=\"http:\/\/kommentatorenblog.de\/wp-content\/uploads\/2020\/09\/shure-55sh-ii-e1601485394796.jpg\" alt=\"\" srcset=\"https:\/\/kommentatorenblog.de\/wp-content\/uploads\/2020\/09\/shure-55sh-ii-e1601485394796.jpg 415w, https:\/\/kommentatorenblog.de\/wp-content\/uploads\/2020\/09\/shure-55sh-ii-e1601485394796-142x300.jpg 142w\" sizes=\"auto, (max-width: 10px) 100vw, 10px\" \/> Jan Platte<\/p>\n\n\n\n<p>Moderation (ZDF): Jochen Breyer, Experte: Per Mertesacker<\/p>\n\n\n\n<p>Moderation (MagentaTV): Johannes B. Kerner, Experte: Fredi Bobic, Patrick Ittrich<\/p>\n\n\n\n<p><span style=\"text-decoration: underline;\">ab 20.00 Uhr (ZDF\/MagentaTV)<\/span><\/p>\n\n\n\n<p><em><strong>Belgien \u2013 Italien (21.00 Uhr)<\/strong><\/em><\/p>\n\n\n\n<p>ZDF: <img loading=\"lazy\" decoding=\"async\" width=\"10\" height=\"21\" class=\"wp-image-3656\" style=\"width: 10px;\" src=\"http:\/\/kommentatorenblog.de\/wp-content\/uploads\/2020\/09\/shure-55sh-ii-e1601485394796.jpg\" alt=\"\" srcset=\"https:\/\/kommentatorenblog.de\/wp-content\/uploads\/2020\/09\/shure-55sh-ii-e1601485394796.jpg 415w, https:\/\/kommentatorenblog.de\/wp-content\/uploads\/2020\/09\/shure-55sh-ii-e1601485394796-142x300.jpg 142w\" sizes=\"auto, (max-width: 10px) 100vw, 10px\" \/> B\u00e9la R\u00e9thy, Experte: Sandro Wagner, Field-Reporter: Alexander Ruda<\/p>\n\n\n\n<p>MagentaTV: <img loading=\"lazy\" decoding=\"async\" width=\"10\" height=\"21\" class=\"wp-image-3656\" style=\"width: 10px;\" src=\"http:\/\/kommentatorenblog.de\/wp-content\/uploads\/2020\/09\/shure-55sh-ii-e1601485394796.jpg\" alt=\"\" srcset=\"https:\/\/kommentatorenblog.de\/wp-content\/uploads\/2020\/09\/shure-55sh-ii-e1601485394796.jpg 415w, https:\/\/kommentatorenblog.de\/wp-content\/uploads\/2020\/09\/shure-55sh-ii-e1601485394796-142x300.jpg 142w\" sizes=\"auto, (max-width: 10px) 100vw, 10px\" \/> Marco Hagemann<\/p>\n\n\n\n<p>Moderation (ZDF): Jochen Breyer, Experte: Per Mertesacker<\/p>\n\n\n\n<p>Moderation (MagentaTV): Johannes B. Kerner, Experte: Fredi Bobic, Patrick Ittrich<\/p>\n\n\n\n<p><span style=\"text-decoration: underline;\">Sonntag, 03. Juli 2021, ab 17.15 Uhr (ARD)\/ ab 17.00 Uhr (MagentaTV)<\/span><\/p>\n\n\n\n<p><em><strong>Tschechischen <em><strong>\u2013<\/strong><\/em><\/strong><\/em> <em><strong>D\u00e4nemark (18.00 Uhr)<\/strong><\/em><\/p>\n\n\n\n<p>ARD: <img loading=\"lazy\" decoding=\"async\" width=\"10\" height=\"21\" class=\"wp-image-3656\" style=\"width: 10px;\" src=\"http:\/\/kommentatorenblog.de\/wp-content\/uploads\/2020\/09\/shure-55sh-ii-e1601485394796.jpg\" alt=\"\" srcset=\"https:\/\/kommentatorenblog.de\/wp-content\/uploads\/2020\/09\/shure-55sh-ii-e1601485394796.jpg 415w, https:\/\/kommentatorenblog.de\/wp-content\/uploads\/2020\/09\/shure-55sh-ii-e1601485394796-142x300.jpg 142w\" sizes=\"auto, (max-width: 10px) 100vw, 10px\" \/> Tom Bartels, Experte: Thomas Broich<\/p>\n\n\n\n<p>MagentaTV: <img loading=\"lazy\" decoding=\"async\" width=\"10\" height=\"21\" class=\"wp-image-3656\" style=\"width: 10px;\" src=\"http:\/\/kommentatorenblog.de\/wp-content\/uploads\/2020\/09\/shure-55sh-ii-e1601485394796.jpg\" alt=\"\" srcset=\"https:\/\/kommentatorenblog.de\/wp-content\/uploads\/2020\/09\/shure-55sh-ii-e1601485394796.jpg 415w, https:\/\/kommentatorenblog.de\/wp-content\/uploads\/2020\/09\/shure-55sh-ii-e1601485394796-142x300.jpg 142w\" sizes=\"auto, (max-width: 10px) 100vw, 10px\" \/> Christian Stra\u00dfburger<\/p>\n\n\n\n<p>Moderation (ARD): Alexander Bommes, Experten: Stefan Kuntz, Almuth Schult<\/p>\n\n\n\n<p>Moderation (MagentaTV): Johannes B. Kerner, Experte: Michael Ballack<\/p>\n\n\n\n<p><span style=\"text-decoration: underline;\">ab 20.15 Uhr (ARD)\/ ab 20.00 Uhr (MagentaTV)<\/span><\/p>\n\n\n\n<p><em><strong>Ukraine <em><strong>\u2013<\/strong><\/em><\/strong><\/em> <em><strong>England (21.00 Uhr)<\/strong><\/em><\/p>\n\n\n\n<p>ARD: <img loading=\"lazy\" decoding=\"async\" width=\"10\" height=\"21\" class=\"wp-image-3656\" style=\"width: 10px;\" src=\"http:\/\/kommentatorenblog.de\/wp-content\/uploads\/2020\/09\/shure-55sh-ii-e1601485394796.jpg\" alt=\"\" srcset=\"https:\/\/kommentatorenblog.de\/wp-content\/uploads\/2020\/09\/shure-55sh-ii-e1601485394796.jpg 415w, https:\/\/kommentatorenblog.de\/wp-content\/uploads\/2020\/09\/shure-55sh-ii-e1601485394796-142x300.jpg 142w\" sizes=\"auto, (max-width: 10px) 100vw, 10px\" \/> Gerd Gottlob<\/p>\n\n\n\n<p>MagentaTV: <img loading=\"lazy\" decoding=\"async\" width=\"10\" height=\"21\" class=\"wp-image-3656\" style=\"width: 10px;\" src=\"http:\/\/kommentatorenblog.de\/wp-content\/uploads\/2020\/09\/shure-55sh-ii-e1601485394796.jpg\" alt=\"\" srcset=\"https:\/\/kommentatorenblog.de\/wp-content\/uploads\/2020\/09\/shure-55sh-ii-e1601485394796.jpg 415w, https:\/\/kommentatorenblog.de\/wp-content\/uploads\/2020\/09\/shure-55sh-ii-e1601485394796-142x300.jpg 142w\" sizes=\"auto, (max-width: 10px) 100vw, 10px\" \/> Wolff Fuss<\/p>\n\n\n\n<p>Moderation (ARD, Studio): Alexander Bommes, Experten: Stefan Kuntz, Almuth Schult<\/p>\n\n\n\n<p>Moderation (ARD, Stadion): Jessy Wellmer, Bastian Schweinsteiger<\/p>\n\n\n\n<p>Moderation (MagentaTV): Johannes B. Kerner, Experte: Michael Ballack<\/p>\n\n\n\n<hr class=\"wp-block-separator\"\/>\n\n\n\n<p><strong>Internationaler Fussball (Sportdigital FUSSBALL)<\/strong><\/p>\n\n\n\n<p><span style=\"text-decoration: underline;\">Freitag, 02. Juli 2021<\/span><\/p>\n\n\n\n<p>Copa Am\u00e9rica, Viertelfinale: <strong><em>Peru <em><strong><em><strong>\u2013<\/strong><\/em><\/strong><\/em> Paraguay (23.00 Uhr)<\/em><\/strong><\/p>\n\n\n\n<p><img loading=\"lazy\" decoding=\"async\" width=\"10\" height=\"21\" class=\"wp-image-3656\" style=\"width: 10px;\" src=\"http:\/\/kommentatorenblog.de\/wp-content\/uploads\/2020\/09\/shure-55sh-ii-e1601485394796.jpg\" alt=\"\" srcset=\"https:\/\/kommentatorenblog.de\/wp-content\/uploads\/2020\/09\/shure-55sh-ii-e1601485394796.jpg 415w, https:\/\/kommentatorenblog.de\/wp-content\/uploads\/2020\/09\/shure-55sh-ii-e1601485394796-142x300.jpg 142w\" sizes=\"auto, (max-width: 10px) 100vw, 10px\" \/> Ulf Kahmke<\/p>\n\n\n\n<p><span style=\"text-decoration: underline;\">Samstag, 03. Juli 2021<\/span><\/p>\n\n\n\n<p>Copa Am\u00e9rica, Viertelfinale: <strong><em>Brasilien <em><strong><em><strong>\u2013<\/strong><\/em><\/strong><\/em> Chile (02.00 Uhr)<\/em><\/strong><\/p>\n\n\n\n<p><img loading=\"lazy\" decoding=\"async\" width=\"10\" height=\"21\" class=\"wp-image-3656\" style=\"width: 10px;\" src=\"http:\/\/kommentatorenblog.de\/wp-content\/uploads\/2020\/09\/shure-55sh-ii-e1601485394796.jpg\" alt=\"\" srcset=\"https:\/\/kommentatorenblog.de\/wp-content\/uploads\/2020\/09\/shure-55sh-ii-e1601485394796.jpg 415w, https:\/\/kommentatorenblog.de\/wp-content\/uploads\/2020\/09\/shure-55sh-ii-e1601485394796-142x300.jpg 142w\" sizes=\"auto, (max-width: 10px) 100vw, 10px\" \/> Karsten Linke<\/p>\n\n\n\n<p>J-League, 21. Spieltag: <strong><em>Vissel Kobe <em><strong><em><strong>\u2013<\/strong><\/em><\/strong><\/em> Shonan Bellmare (11.00 Uhr)<\/em><\/strong><\/p>\n\n\n\n<p><img loading=\"lazy\" decoding=\"async\" width=\"10\" height=\"21\" class=\"wp-image-3656\" style=\"width: 10px;\" src=\"http:\/\/kommentatorenblog.de\/wp-content\/uploads\/2020\/09\/shure-55sh-ii-e1601485394796.jpg\" alt=\"\" srcset=\"https:\/\/kommentatorenblog.de\/wp-content\/uploads\/2020\/09\/shure-55sh-ii-e1601485394796.jpg 415w, https:\/\/kommentatorenblog.de\/wp-content\/uploads\/2020\/09\/shure-55sh-ii-e1601485394796-142x300.jpg 142w\" sizes=\"auto, (max-width: 10px) 100vw, 10px\" \/> Jakob Vogel<\/p>\n\n\n\n<p><span style=\"text-decoration: underline;\">Sonntag, 04. Juli 2021<\/span><\/p>\n\n\n\n<p>Copa Am\u00e9rica, Viertelfinale: <strong><em>Uruguay <em><strong><em><strong>\u2013<\/strong><\/em><\/strong><\/em><\/em><\/strong> <strong><em>Kolumbien (00.00 Uhr)<\/em><\/strong><\/p>\n\n\n\n<p><img loading=\"lazy\" decoding=\"async\" width=\"10\" height=\"21\" class=\"wp-image-3656\" style=\"width: 10px;\" src=\"http:\/\/kommentatorenblog.de\/wp-content\/uploads\/2020\/09\/shure-55sh-ii-e1601485394796.jpg\" alt=\"\" srcset=\"https:\/\/kommentatorenblog.de\/wp-content\/uploads\/2020\/09\/shure-55sh-ii-e1601485394796.jpg 415w, https:\/\/kommentatorenblog.de\/wp-content\/uploads\/2020\/09\/shure-55sh-ii-e1601485394796-142x300.jpg 142w\" sizes=\"auto, (max-width: 10px) 100vw, 10px\" \/> J\u00f6rg Steiger<\/p>\n\n\n\n<p>Copa Am\u00e9rica, Viertelfinale: <strong><em>Argentinien <em><strong><em><strong>\u2013<\/strong><\/em><\/strong><\/em><\/em><\/strong> <strong><em>Ecuador (03.00 Uhr)<\/em><\/strong><\/p>\n\n\n\n<p><img loading=\"lazy\" decoding=\"async\" width=\"10\" height=\"21\" class=\"wp-image-3656\" style=\"width: 10px;\" src=\"http:\/\/kommentatorenblog.de\/wp-content\/uploads\/2020\/09\/shure-55sh-ii-e1601485394796.jpg\" alt=\"\" srcset=\"https:\/\/kommentatorenblog.de\/wp-content\/uploads\/2020\/09\/shure-55sh-ii-e1601485394796.jpg 415w, https:\/\/kommentatorenblog.de\/wp-content\/uploads\/2020\/09\/shure-55sh-ii-e1601485394796-142x300.jpg 142w\" sizes=\"auto, (max-width: 10px) 100vw, 10px\" \/> Christian Blunck<\/p>\n\n\n\n<p>Campeonato Brasileiro, 9. Spieltag: <strong><em>AF Chapecoense <em><strong><em><strong>\u2013<\/strong><\/em><\/strong><\/em> EC Bahia (16.00 Uhr)<\/em><\/strong><\/p>\n\n\n\n<p><img loading=\"lazy\" decoding=\"async\" width=\"10\" height=\"21\" class=\"wp-image-3656\" style=\"width: 10px;\" src=\"http:\/\/kommentatorenblog.de\/wp-content\/uploads\/2020\/09\/shure-55sh-ii-e1601485394796.jpg\" alt=\"\" srcset=\"https:\/\/kommentatorenblog.de\/wp-content\/uploads\/2020\/09\/shure-55sh-ii-e1601485394796.jpg 415w, https:\/\/kommentatorenblog.de\/wp-content\/uploads\/2020\/09\/shure-55sh-ii-e1601485394796-142x300.jpg 142w\" sizes=\"auto, (max-width: 10px) 100vw, 10px\" \/> Karsten Linke<\/p>\n\n\n\n<p>Campeonato Brasileiro, 9. Spieltag: <strong><em>Flamengo <em><strong><em><strong>\u2013<\/strong><\/em><\/strong><\/em> Fluminense (21.00 Uhr)<\/em><\/strong><\/p>\n\n\n\n<p><img loading=\"lazy\" decoding=\"async\" width=\"10\" height=\"21\" class=\"wp-image-3656\" style=\"width: 10px;\" src=\"http:\/\/kommentatorenblog.de\/wp-content\/uploads\/2020\/09\/shure-55sh-ii-e1601485394796.jpg\" alt=\"\" srcset=\"https:\/\/kommentatorenblog.de\/wp-content\/uploads\/2020\/09\/shure-55sh-ii-e1601485394796.jpg 415w, https:\/\/kommentatorenblog.de\/wp-content\/uploads\/2020\/09\/shure-55sh-ii-e1601485394796-142x300.jpg 142w\" sizes=\"auto, (max-width: 10px) 100vw, 10px\" \/> Christian Blunck<\/p>\n\n\n\n<p>Campeonato Brasileiro, 9. Spieltag: <strong><em>Sao Paulo FC <em><strong><em><strong>\u2013<\/strong><\/em><\/strong><\/em> Red Bull Bragantino (23.15 Uhr)<\/em><\/strong><\/p>\n\n\n\n<p><img loading=\"lazy\" decoding=\"async\" width=\"10\" height=\"21\" class=\"wp-image-3656\" style=\"width: 10px;\" src=\"http:\/\/kommentatorenblog.de\/wp-content\/uploads\/2020\/09\/shure-55sh-ii-e1601485394796.jpg\" alt=\"\" srcset=\"https:\/\/kommentatorenblog.de\/wp-content\/uploads\/2020\/09\/shure-55sh-ii-e1601485394796.jpg 415w, https:\/\/kommentatorenblog.de\/wp-content\/uploads\/2020\/09\/shure-55sh-ii-e1601485394796-142x300.jpg 142w\" sizes=\"auto, (max-width: 10px) 100vw, 10px\" \/> Ulf Kahmke<\/p>\n\n\n\n<hr class=\"wp-block-separator\"\/>\n\n\n\n<p><strong>Die Analyse<\/strong><\/p>\n\n\n\n<p><strong>Aufteilung der Spiele<\/strong><\/p>\n\n\n\n<p>Die Aufteilung der Viertelfinalbegegnungen ist recht simpel. MagentaTV zeigt weiterhin alles, das ZDF \u00fcbernimmt die beiden Spiele am Freitag und die ARD die beiden Spiele am Samstag. Bei den beiden \u00f6ffentlich-rechtlichen fallen im \u00fcbrigen Christoph Kramer und Prince Boateng weg, da die Bundesliga Vereine ja nun so langsam wieder mit dem Training starten.<\/p>\n\n\n\n<p><strong>R\u00e9thy und Hagemann beim Topspiel<\/strong><\/p>\n\n\n\n<p>Das ZDF meldet sich am Freitag ab 17.05Uhr mit Jochen Breyer und Per Mertesacker aus Mainz. Bei der ersten Partie zwischen der Schweiz und Spanien meldet sich der sowohl hier im Blog als auch in den sozialen Medien gelobte Oliver Schmidt aus St. Petersburg. Bei MagentaTV meldet sich Spanien Experte Jan Platte, im Studio sind die Herren Johannes B. Kerner, Fredi Bobic und Patrick Ittrich zugegen. <\/p>\n\n\n\n<p>Beim sp\u00e4ten Spiel kommt es zum Kracher zwischen Belgien und Italien in der M\u00fcnchner Allianz Arena (ja, ich wei\u00df, dass sie w\u00e4hrend der EM einen anderen Namen tr\u00e4gt \ud83d\ude09 ). Beim ZDF meldet sich standesgem\u00e4\u00df B\u00e9la R\u00e9thy, ihm zur Seite steht der k\u00fcnftige Trainer von Unterhaching, Sandro Wagner ist gemeint. Bei MagentaTV \u00fcbernimmt Marco Hagemann nicht zum Ersten in diesem Turnier die Belgier. <\/p>\n\n\n\n<p>Am Samstag \u00fcbernimmt dann die ARD. Beim Spiel der beiden \u00fcberraschenden Viertelfinalisten aus D\u00e4nemark und Tschechien kommentiert Tom Bartels gemeinsam mit Thomas Broich. Parallel \u00fcbernimmt Christian Stra\u00dfburger bei MagentaTV. Subjektive Einsch\u00e4tzung: F\u00fcr mich ist <a href=\"http:\/\/kommentatorenblog.de\/?p=1938\">unser ehemaliger Interview-Gast<\/a> einer der bisher st\u00e4rksten Kommentatoren im Turnier. <\/p>\n\n\n\n<p>Beim sp\u00e4ten Spiel zwischen England und der Ukraine meldet sich dann das Duo Jessy Wellmer und Bastian Schweinsteiger aus Rom. Ich hasse ja &#8222;Bashing&#8220; gegen Personen und werde es an dieser Stelle auch ganz klar nicht tun, aber das Duo empfinde ich als wahnsinnig schwach. So habe ich beispielsweise das Interview mit Jogi L\u00f6w in London als absolut nicht-gelungen (der Gast sollte stets im Vordergrund stehen) empfunden und auch Schweinsteiger ist mir in seinen Analysen viel zu oberfl\u00e4chlich. Als Kommentator in Rom fungiert Gerd Gottlob. Bei MagentaTV \u00fcbernehmen Kerner und Ballack aus M\u00fcnchen, kommentiert wird die Partie von Wolff Fuss<\/p>\n\n\n\n<p>Viertelfinale nicht nur bei der EM, sondern auch bei der Copa America. Sportdigital zeigt alle vier Spiele, Ulf Kahmke, Karsten Linke, J\u00f6rg Steiger und Christian Blunck sind eure Kommentatoren.<\/p>\n\n\n\n<p>Na dann, habt ein sch\u00f6nes sportliches Wochenende!<\/p>\n","protected":false},"excerpt":{"rendered":"<p>N&#8217;Abend allerseits, Sport en masse in diesen Tagen! Neben der EM sind ja am Montag auch die Wimbledon Championships in London gestartet und auch die Tour de France ist nat\u00fcrlich ein sportliches Gro\u00dfereignis. Ich habe seit Montag fast Non-Stop Tennis gesehen, Wimbledon ist und bleibt f\u00fcr mich einfach das speziellste Sportereignis des Jahres. \u00dcbertragen wird [&hellip;]<\/p>\n","protected":false},"author":5,"featured_media":0,"comment_status":"open","ping_status":"open","sticky":false,"template":"","format":"standard","meta":{"footnotes":""},"categories":[562],"tags":[246,548,19,355,47,57,35,187,272,405,48,274,39,520,58,59,542,43,500,109,561,161,350,134,549,247,273,402,107,37],"class_list":["post-9685","post","type-post","status-publish","format-standard","hentry","category-em2020","tag-alexander-bommes","tag-almuth-schult","tag-ard","tag-bastian-schweinsteiger","tag-bela-rethy","tag-christian-blunck","tag-christian-strassburger","tag-fredi-bobic","tag-gerd-gottlob","tag-jakob-vogel","tag-jan-platte","tag-jessy-wellmer","tag-jochen-breyer","tag-johannes-b-kerner","tag-joerg-steiger","tag-karsten-linke","tag-magentatv","tag-marco-hagemann","tag-michael-ballack","tag-oliver-schmidt","tag-patrick-ittrich","tag-per-mertesacker","tag-sandro-wagner","tag-sportdigital-fussball","tag-stefan-kuntz","tag-thomas-broich","tag-tom-bartels","tag-ulf-kahmke","tag-wolff-fuss","tag-zdf"],"_links":{"self":[{"href":"https:\/\/kommentatorenblog.de\/index.php?rest_route=\/wp\/v2\/posts\/9685","targetHints":{"allow":["GET"]}}],"collection":[{"href":"https:\/\/kommentatorenblog.de\/index.php?rest_route=\/wp\/v2\/posts"}],"about":[{"href":"https:\/\/kommentatorenblog.de\/index.php?rest_route=\/wp\/v2\/types\/post"}],"author":[{"embeddable":true,"href":"https:\/\/kommentatorenblog.de\/index.php?rest_route=\/wp\/v2\/users\/5"}],"replies":[{"embeddable":true,"href":"https:\/\/kommentatorenblog.de\/index.php?rest_route=%2Fwp%2Fv2%2Fcomments&post=9685"}],"version-history":[{"count":17,"href":"https:\/\/kommentatorenblog.de\/index.php?rest_route=\/wp\/v2\/posts\/9685\/revisions"}],"predecessor-version":[{"id":9713,"href":"https:\/\/kommentatorenblog.de\/index.php?rest_route=\/wp\/v2\/posts\/9685\/revisions\/9713"}],"wp:attachment":[{"href":"https:\/\/kommentatorenblog.de\/index.php?rest_route=%2Fwp%2Fv2%2Fmedia&parent=9685"}],"wp:term":[{"taxonomy":"category","embeddable":true,"href":"https:\/\/kommentatorenblog.de\/index.php?rest_route=%2Fwp%2Fv2%2Fcategories&post=9685"},{"taxonomy":"post_tag","embeddable":true,"href":"https:\/\/kommentatorenblog.de\/index.php?rest_route=%2Fwp%2Fv2%2Ftags&post=9685"}],"curies":[{"name":"wp","href":"https:\/\/api.w.org\/{rel}","templated":true}]}}