{"id":9714,"date":"2021-07-05T21:03:27","date_gmt":"2021-07-05T19:03:27","guid":{"rendered":"http:\/\/kommentatorenblog.de\/?p=9714"},"modified":"2021-07-12T17:13:22","modified_gmt":"2021-07-12T15:13:22","slug":"1181-ab-jetzt-nur-noch-london","status":"publish","type":"post","link":"https:\/\/kommentatorenblog.de\/?p=9714","title":{"rendered":"1181 \u2013 Ab jetzt nur noch London"},"content":{"rendered":"\n<p>N\u2019Abend allerseits,<\/p>\n\n\n\n<p>wurden die Zuschauer am Anfang noch mit einem \u00dcberangebot an Fu\u00dfballspielen \u00fcberflutet, stehen inzwischen nur noch drei Partien der diesj\u00e4hrigen Europameisterschaft aus. Ein Spiel um Platz drei gibt es bei der EM bekanntlich nicht. Die drei \u00fcbrigen Spiele finden allesamt in London statt. Und zwar mit noch mehr Zuschauern als bislang. Ich habe ja selbst f\u00fcr eine R\u00fcckkehr der Fans in die Stadien pl\u00e4diert und tue dies auch weiterhin. Aber in Ma\u00dfen. Und das Ma\u00df war meiner Meinung nach schon weit \u00fcberschritten, als sich in der Vorrunde \u00fcber 50.000 Fans im vollen Pusk\u00e1s-Stadion&nbsp;von&nbsp;Budapest tummelten. Oder als beim Spiel Deutschland gegen England 45.000 Stadion-Zuschauer mitten in einem Virusvariantengebiet zusammenkamen. Da fehlt wenig \u00fcberraschend das Kalk\u00fcl der Uefa, angemessen auf die Entwicklung der Delta-Variante zu reagieren.<\/p>\n\n\n\n<p>Doch es ist eben nicht nur die Uefa, von der ich im \u00dcbrigen nichts anderes erwartet h\u00e4tte, sondern eben auch die britische Regierung, die durchaus auf ein geringeres Kontingent h\u00e4tte beharren k\u00f6nnen &#8211; und m\u00fcssen. Pustekuchen. In den n\u00e4chsten drei Spielen d\u00fcrfen jeweils 60.000 Zuschauer ins Wembley-Stadion &#8211; ohne Maskenpflicht wohlgemerkt. Das ist schlicht nicht nachvollziehbar. Dabei geht es auch anders, wie ein &#8211; zugegeben noch unvollendetes &#8211; Beispiel aus Japan zeigt. \u00c4hnlich wie die Uefa dr\u00e4ngt das IOC auf Zuschauer bei den Olympischen Spielen. Doch die japanische Regierung hat angesichts steigender Corona-Fallzahlen k\u00fcrzlich unter Vorbehalt ihr Veto eingelegt. Ich bin gespannt, wie sich die Debatte in den kommenden Wochen entwickelt.<\/p>\n\n\n\n<p><strong>EURO 2020 &#8211; Sch\u00f6ne Momente f\u00fcrs Buch<\/strong><\/p>\n\n\n\n<p>Neben den sportpolitischen Gegebenheiten m\u00f6chte ich aber auch betonen, dass die Europameisterschaft jene sch\u00f6nen Geschichten schreibt, die ich mir vorab erhofft habe. Nicht nur, dass mich die zum Teil fulminanten Spiele sportlich wirklich mitrei\u00dfen. Es gibt dar\u00fcber hinaus bereits zahlreiche nette Anekdoten. Zum Beispiel bringt jeder Halbfinalist etwas Besonderes mit sich. Sei es England, das in Begriff ist, das Turnier zu einer gelungenen Heim-EM zu gestalten. Oder D\u00e4nemark, das mit \u00fcberraschend erfolgreichem Fu\u00dfball noch immer f\u00fcr Christian Eriksen einsteht. Dann w\u00e4ren da noch die gef\u00fchlt ewig ungeschlagenen Italiener. Und Spanien, das in der Gruppenphase eigentlich schon mit dem R\u00fccken zur Wand stand.<\/p>\n\n\n\n<p>Von solchen kleinen Geschichten rund um das Turnier lebt der Fu\u00dfball. Darum ging es auch, als ich bei der EM 2004 den Sport als kleiner Bub erstmals lieben gelernt habe. Griechenland wurde Europameister, Portugal im eigenen Land zweiter. Das \u201eFu\u00dfball-EM-Buch\u201c, herausgegeben von keinem Geringeren als Gerhard Delling, mit den Geschichten rund um das Turnier habe ich erst k\u00fcrzlich wieder herausgekramt. Ob es sowas heutzutage noch gibt? Bestimmt. Und genug Material daf\u00fcr sowieso.<\/p>\n\n\n\n<p>Damit zu den Ansetzungen, in denen nat\u00fcrlich auch die Copa America auftaucht.&nbsp;<\/p>\n\n\n\n<hr class=\"wp-block-separator\"\/>\n\n\n\n<p><strong><em>Die Ansetzungen vom 06. Juli bis zum 07. Juli 2021<\/em><\/strong><\/p>\n\n\n\n<p><strong>Europameisterschaft 2020, Halbfinale<\/strong><\/p>\n\n\n\n<p><span style=\"text-decoration: underline;\">Dienstag, 06. Juli 2021, ab 20.15 Uhr (ARD)\/ ab 20.00 Uhr (MagentaTV)<\/span><\/p>\n\n\n\n<p><em><strong>Italien \u2013 Spanien (21.00 Uhr)<\/strong><\/em><\/p>\n\n\n\n<p>ARD: <img loading=\"lazy\" decoding=\"async\" width=\"10\" height=\"21\" class=\"wp-image-3656\" style=\"width: 10px;\" src=\"http:\/\/kommentatorenblog.de\/wp-content\/uploads\/2020\/09\/shure-55sh-ii-e1601485394796.jpg\" alt=\"\" srcset=\"https:\/\/kommentatorenblog.de\/wp-content\/uploads\/2020\/09\/shure-55sh-ii-e1601485394796.jpg 415w, https:\/\/kommentatorenblog.de\/wp-content\/uploads\/2020\/09\/shure-55sh-ii-e1601485394796-142x300.jpg 142w\" sizes=\"auto, (max-width: 10px) 100vw, 10px\" \/> Tom Bartels, Field-Reporter: Philipp Sohmer<\/p>\n\n\n\n<p>MagentaTV: <img loading=\"lazy\" decoding=\"async\" width=\"10\" height=\"21\" class=\"wp-image-3656\" style=\"width: 10px;\" src=\"http:\/\/kommentatorenblog.de\/wp-content\/uploads\/2020\/09\/shure-55sh-ii-e1601485394796.jpg\" alt=\"\" srcset=\"https:\/\/kommentatorenblog.de\/wp-content\/uploads\/2020\/09\/shure-55sh-ii-e1601485394796.jpg 415w, https:\/\/kommentatorenblog.de\/wp-content\/uploads\/2020\/09\/shure-55sh-ii-e1601485394796-142x300.jpg 142w\" sizes=\"auto, (max-width: 10px) 100vw, 10px\" \/> Wolff Fuss<\/p>\n\n\n\n<p>Moderation (ARD, Studio): Alexander Bommes, Jessy Welmer, Experten: Stefan Kuntz, Almuth Schult, Bastian Schweinsteiger<\/p>\n\n\n\n<p>Moderation (MagentaTV): Johannes B. Kerner, Experte: Fredi Bobic<\/p>\n\n\n\n<p><span style=\"text-decoration: underline;\">Mittwoch, 07. Juli 2021, ab 20.00 Uhr (ZDF\/MagentaTV)<\/span><\/p>\n\n\n\n<p><em><strong>England \u2013 D\u00e4nemark (21.00 Uhr)<\/strong><\/em><\/p>\n\n\n\n<p>ZDF: <img loading=\"lazy\" decoding=\"async\" width=\"10\" height=\"21\" class=\"wp-image-3656\" style=\"width: 10px;\" src=\"http:\/\/kommentatorenblog.de\/wp-content\/uploads\/2020\/09\/shure-55sh-ii-e1601485394796.jpg\" alt=\"\" srcset=\"https:\/\/kommentatorenblog.de\/wp-content\/uploads\/2020\/09\/shure-55sh-ii-e1601485394796.jpg 415w, https:\/\/kommentatorenblog.de\/wp-content\/uploads\/2020\/09\/shure-55sh-ii-e1601485394796-142x300.jpg 142w\" sizes=\"auto, (max-width: 10px) 100vw, 10px\" \/> B\u00e9la R\u00e9thy, Experte: Sandro Wagner, Field-Reporterin: Ute Koboldt<\/p>\n\n\n\n<p>MagentaTV: <img loading=\"lazy\" decoding=\"async\" width=\"10\" height=\"21\" class=\"wp-image-3656\" style=\"width: 10px;\" src=\"http:\/\/kommentatorenblog.de\/wp-content\/uploads\/2020\/09\/shure-55sh-ii-e1601485394796.jpg\" alt=\"\" srcset=\"https:\/\/kommentatorenblog.de\/wp-content\/uploads\/2020\/09\/shure-55sh-ii-e1601485394796.jpg 415w, https:\/\/kommentatorenblog.de\/wp-content\/uploads\/2020\/09\/shure-55sh-ii-e1601485394796-142x300.jpg 142w\" sizes=\"auto, (max-width: 10px) 100vw, 10px\" \/> Marco Hagemann<\/p>\n\n\n\n<p>Moderation (ZDF): Katrin M\u00fcller-Hohenstein, Experte: Per Mertesacker, Bjarne Goldbaek<\/p>\n\n\n\n<p>Moderation (MagentaTV): Johannes B. Kerner, Experte: Michael Ballack<\/p>\n\n\n\n<hr class=\"wp-block-separator\"\/>\n\n\n\n<p><strong>Internationaler Fussball (Sportdigital FUSSBALL)<\/strong><\/p>\n\n\n\n<p><span style=\"text-decoration: underline;\">Dienstag, 06. Juli 2021<\/span><\/p>\n\n\n\n<p>Copa Am\u00e9rica, Halbfinale: <strong><em>Brasilien <em><strong><em><strong>\u2013<\/strong><\/em><\/strong><\/em> Peru (01.00 Uhr)<\/em><\/strong><\/p>\n\n\n\n<p><img loading=\"lazy\" decoding=\"async\" width=\"10\" height=\"21\" class=\"wp-image-3656\" style=\"width: 10px;\" src=\"http:\/\/kommentatorenblog.de\/wp-content\/uploads\/2020\/09\/shure-55sh-ii-e1601485394796.jpg\" alt=\"\" srcset=\"https:\/\/kommentatorenblog.de\/wp-content\/uploads\/2020\/09\/shure-55sh-ii-e1601485394796.jpg 415w, https:\/\/kommentatorenblog.de\/wp-content\/uploads\/2020\/09\/shure-55sh-ii-e1601485394796-142x300.jpg 142w\" sizes=\"auto, (max-width: 10px) 100vw, 10px\" \/> Karsten Linke <\/p>\n\n\n\n<p><span style=\"text-decoration: underline;\">Mittwoch, 07. Juli 2021<\/span><\/p>\n\n\n\n<p>Copa Am\u00e9rica, Halbfinale: <strong><em>Argentinien <em><strong><em><strong>\u2013<\/strong><\/em><\/strong><\/em> Kolumbien (03.00 Uhr)<\/em><\/strong><\/p>\n\n\n\n<p><img loading=\"lazy\" decoding=\"async\" width=\"10\" height=\"21\" class=\"wp-image-3656\" style=\"width: 10px;\" src=\"http:\/\/kommentatorenblog.de\/wp-content\/uploads\/2020\/09\/shure-55sh-ii-e1601485394796.jpg\" alt=\"\" srcset=\"https:\/\/kommentatorenblog.de\/wp-content\/uploads\/2020\/09\/shure-55sh-ii-e1601485394796.jpg 415w, https:\/\/kommentatorenblog.de\/wp-content\/uploads\/2020\/09\/shure-55sh-ii-e1601485394796-142x300.jpg 142w\" sizes=\"auto, (max-width: 10px) 100vw, 10px\" \/> Christian Blunck<\/p>\n\n\n\n<hr class=\"wp-block-separator\"\/>\n\n\n\n<p><strong>Die Analyse<\/strong><\/p>\n\n\n\n<p><strong>Tom Bartels zum neunten Mal<\/strong><\/p>\n\n\n\n<p>Sowohl die ARD als auch das ZDF waren zu den Achtelfinal-Partien in London vor Ort, eigentlich dachten wir sie werden auch dieses Mal im Wembley-Stadion vor Ort sein, aber leider wurden wir zu Sendungsbeginn des ersten Halbfinals (live im Ersten) entt\u00e4uscht. Die Moderation kommt aus dem Studio, aber immerhin m\u00fcsste Tom Bartels vor Ort sein. Nun ja, dann eben Moderation aus dem Studio und nicht Stadion. Das letzte Spiel im Ersten, Spanien gegen Italien, bekommt Tom Bartels &#8211; der damit insgesamt bei dieser EM neunmal ran durfte. F\u00fcr Gerd Gottlob war die EM als Kommentator also schon mit dem Viertelfinale beendet. Er und Florian Na\u00df kommen jeweils auf sechs Eins\u00e4tze. Zum Abschluss setzt die ARD, wie eben erw\u00e4hnt, (fast) alle ihre Leute ins Studio. Sprich: Jessy Welmer und Bastian Schweinsteiger sitzen mit Alex Bommes &amp; Co. im Studio. Neben vermutlich Tom Bartels ist auch Philipp Sohmer als Field-Reporter im Wembley vor Ort. Wer die Partie lieber auf MagentaTV verfolgen will, lauscht Wolff Fuss. Im Studio begr\u00fc\u00dft Johannes B. Kerner als Experten Fredi Bobic.<\/p>\n\n\n\n<p><strong>R\u00e9thy mit \u201eGeneralprobe\u201c in London<\/strong><\/p>\n\n\n\n<p>Am Mittwoch kann sich Bela R\u00e9thy dann schonmal &#8211; so vermute ich es zumindest &#8211; aufs Finale einstimmen. Die Namen der Spieler kann er sich dann bereits aneignen, damit Sandro Wagner ihn am Sonntag nicht so h\u00e4ufig korrigieren muss. Spa\u00df beiseite. Es gibt schlechtere Generalproben. Das wei\u00df auch Marco Hagemann, der das Aufeinandertreffen von England und D\u00e4nemark im Pay-TV kommentiert. Johannes B. Kerner moderiert gemeinsam mit Michael Ballack f\u00fcr die Telekom-Tochter. Das ZDF setzt in Sachen Moderation auf Katrin M\u00fcller-Hohenstein, wie schon zuletzt, als B\u00e9la Rethy sich aus London meldete. Neben Per Mertesacker ist im Studio Bjarne Goldbaek zu Gast, der einst mit dem 1.FC Kaiserslautern deutscher Meister wurde.<\/p>\n\n\n\n<p><strong>Messis Titel-Mission mitten in der Nacht<\/strong><\/p>\n\n\n\n<p>Quasi im Gleichschritt mit der EM l\u00e4uft die Copa America, \u00fcbertragen von sportdigital.FUSSBALL. In der Nacht zum Dienstag trifft zun\u00e4chst Brasilien auf Peru. Karsten Linke meldet sich zu Wort. Auf die richtigen Nachteulen wartet dann das zweite Halbfinale in der Nacht zum Mittwoch. Argentinien bekommt es mit Kolumbien zu tun. Lionel Messi versucht bekanntlich immer noch, seine Titel-Mission im Nationaldress zu erf\u00fcllen. Ob der sechsmalige Weltfu\u00dfballer diesem Ziel ein gro\u00dfes St\u00fcckchen n\u00e4her r\u00fcckt, beantwortet uns Christian Blunck.<\/p>\n\n\n\n<p>In diesem Sinne Euch eine sch\u00f6ne Fu\u00dfball-Woche!<\/p>\n","protected":false},"excerpt":{"rendered":"<p>N\u2019Abend allerseits, wurden die Zuschauer am Anfang noch mit einem \u00dcberangebot an Fu\u00dfballspielen \u00fcberflutet, stehen inzwischen nur noch drei Partien der diesj\u00e4hrigen Europameisterschaft aus. Ein Spiel um Platz drei gibt es bei der EM bekanntlich nicht. Die drei \u00fcbrigen Spiele finden allesamt in London statt. Und zwar mit noch mehr Zuschauern als bislang. Ich habe [&hellip;]<\/p>\n","protected":false},"author":2,"featured_media":0,"comment_status":"open","ping_status":"open","sticky":false,"template":"","format":"standard","meta":{"footnotes":""},"categories":[562],"tags":[19,47,57,99,187,272,520,59,50,542,43,500,161,350,134,273,107,37],"class_list":["post-9714","post","type-post","status-publish","format-standard","hentry","category-em2020","tag-ard","tag-bela-rethy","tag-christian-blunck","tag-florian-nass","tag-fredi-bobic","tag-gerd-gottlob","tag-johannes-b-kerner","tag-karsten-linke","tag-katrin-mueller-hohenstein","tag-magentatv","tag-marco-hagemann","tag-michael-ballack","tag-per-mertesacker","tag-sandro-wagner","tag-sportdigital-fussball","tag-tom-bartels","tag-wolff-fuss","tag-zdf"],"_links":{"self":[{"href":"https:\/\/kommentatorenblog.de\/index.php?rest_route=\/wp\/v2\/posts\/9714","targetHints":{"allow":["GET"]}}],"collection":[{"href":"https:\/\/kommentatorenblog.de\/index.php?rest_route=\/wp\/v2\/posts"}],"about":[{"href":"https:\/\/kommentatorenblog.de\/index.php?rest_route=\/wp\/v2\/types\/post"}],"author":[{"embeddable":true,"href":"https:\/\/kommentatorenblog.de\/index.php?rest_route=\/wp\/v2\/users\/2"}],"replies":[{"embeddable":true,"href":"https:\/\/kommentatorenblog.de\/index.php?rest_route=%2Fwp%2Fv2%2Fcomments&post=9714"}],"version-history":[{"count":31,"href":"https:\/\/kommentatorenblog.de\/index.php?rest_route=\/wp\/v2\/posts\/9714\/revisions"}],"predecessor-version":[{"id":9757,"href":"https:\/\/kommentatorenblog.de\/index.php?rest_route=\/wp\/v2\/posts\/9714\/revisions\/9757"}],"wp:attachment":[{"href":"https:\/\/kommentatorenblog.de\/index.php?rest_route=%2Fwp%2Fv2%2Fmedia&parent=9714"}],"wp:term":[{"taxonomy":"category","embeddable":true,"href":"https:\/\/kommentatorenblog.de\/index.php?rest_route=%2Fwp%2Fv2%2Fcategories&post=9714"},{"taxonomy":"post_tag","embeddable":true,"href":"https:\/\/kommentatorenblog.de\/index.php?rest_route=%2Fwp%2Fv2%2Ftags&post=9714"}],"curies":[{"name":"wp","href":"https:\/\/api.w.org\/{rel}","templated":true}]}}