{"id":9758,"date":"2021-07-09T19:12:38","date_gmt":"2021-07-09T17:12:38","guid":{"rendered":"http:\/\/kommentatorenblog.de\/?p=9758"},"modified":"2021-08-25T16:54:12","modified_gmt":"2021-08-25T14:54:12","slug":"1182-finalzeit","status":"publish","type":"post","link":"https:\/\/kommentatorenblog.de\/?p=9758","title":{"rendered":"1182 &#8211; Finalzeit"},"content":{"rendered":"\n<p>N\u2019Abend allerseits,<\/p>\n\n\n\n<p>der Titel dieses Beitrags sagt eigentlich schon alles aus, deswegen will ich gar keine Zeit verlieren sondern direkt die Ansetzungen analysieren.<\/p>\n\n\n\n<p>Wir starten chronologisch mit dem Spiel um Platz 3 bei der Copa Am\u00e9rica, Karsten Linke k\u00fcmmert sich um Kolumbien gegen Peru. Vierundzwanzig Stunden sp\u00e4ter folgt dann das gro\u00dfe Finale zwischen Brasilien und Argentinien mit ihrem Weltstar Lionel Messi. Christian Blunck meldet sich mit der Begegnung, die im altehrw\u00fcrdigen Maracana stattfindet.<\/p>\n\n\n\n<p>Am Sonntag blickt dann die Sportwelt nach London, erst das Wimbledon Finale (Marcel Meinert und Michael Stich kommentieren, Yannick Erkenbrecher und Patrik K\u00fchnen moderieren) und am Abend dann ins Wembley zum Finale zwischen Italien und England. Nur soviel, die Vorfreude auf das Finale ist bei mir pers\u00f6nlich sportlich vorhanden, wird allerdings durch die viel zu vielen Zuschauer stark getr\u00fcbt. F\u00fcr mich sind Bilder wie die im Wembley in Zeiten einer Pandemie eine No-Go!<\/p>\n\n\n\n<p>Die fr\u00fcheste Einstimmung gibt es von MagentaTV, die sich bereits ab 19.30Uhr aus dem Studio melden. Johannes B. Kerner (der \u00fcbrigens auch bei der kommenden WM bei MagentaTV moderieren wird) meldet sich mit Michael Ballack und Fredi Bobic, hinzu wird Jan Henkel mit seinem Team sicherlich wieder interessante Analysen vorbereitet haben wird.<\/p>\n\n\n\n<figure class=\"wp-block-embed is-type-rich is-provider-twitter wp-block-embed-twitter\"><div class=\"wp-block-embed__wrapper\">\nhttps:\/\/twitter.com\/magentatv\/status\/1412850307348979714?s=21\n<\/div><\/figure>\n\n\n\n<p>Das ZDF meldet sich ab 20.15 Uhr aus Mainz mit Jochen Breyer, Per Mertesacker und tats\u00e4chlich auch Christoph Kramer, die Vorbereitung kann man f\u00fcr das Finale ja mal f\u00fcr 2-3 Tage unterbrechen \ud83d\ude09<\/p>\n\n\n\n<p>Der Kommentator bei ZDF ist durchaus eine \u00dcberraschung, nicht B\u00e9la R\u00e9thy sondern Oliver Schmidt (es stand ja bereits in den Kommentaren) meldet sich mit Sandro Wagner aus Wembley. Ich pers\u00f6nlich werde allerdings Wolff Fuss zuh\u00f6ren, der die Partie bei MagentaTV kommentieren wird. Alternativ gibt es auch hier das Taktik-Feed mit Benni Zander und Manuel Baum, h\u00f6chst interessant und empfehlenswert!<\/p>\n\n\n\n<p>Jetzt das ganze gesammelt in den Ansetzungen vom Wochenende, viel Vergn\u00fcgen euch allen! <\/p>\n\n\n\n<p><strong>-Update: Die Ansetzungen bis Donnerstag sind aktualisiert!<\/strong><\/p>\n\n\n\n<hr class=\"wp-block-separator\"\/>\n\n\n\n<p><strong><em>Die Ansetzungen vom 10. Juli bis zum 15. Juli 2021<\/em><\/strong><\/p>\n\n\n\n<p><strong>Europameisterschaft 2020, Finale<\/strong><\/p>\n\n\n\n<p><span style=\"text-decoration: underline;\">Sonntag, 11. Juli 2021, ab 20.15 Uhr (ZDF)\/ ab 19.30 Uhr (MagentaTV)<\/span><\/p>\n\n\n\n<p><em><strong>Italien \u2013 England (21.00 Uhr)<\/strong><\/em><\/p>\n\n\n\n<p>ZDF: <img loading=\"lazy\" decoding=\"async\" width=\"10\" height=\"21\" class=\"wp-image-3656\" style=\"width: 10px;\" src=\"http:\/\/kommentatorenblog.de\/wp-content\/uploads\/2020\/09\/shure-55sh-ii-e1601485394796.jpg\" alt=\"\" srcset=\"https:\/\/kommentatorenblog.de\/wp-content\/uploads\/2020\/09\/shure-55sh-ii-e1601485394796.jpg 415w, https:\/\/kommentatorenblog.de\/wp-content\/uploads\/2020\/09\/shure-55sh-ii-e1601485394796-142x300.jpg 142w\" sizes=\"auto, (max-width: 10px) 100vw, 10px\" \/> Oliver Schmidt, Experte: Sandro Wagner, Field-Reporterin: Ute Koboldt<\/p>\n\n\n\n<p>MagentaTV: <img loading=\"lazy\" decoding=\"async\" width=\"10\" height=\"21\" class=\"wp-image-3656\" style=\"width: 10px;\" src=\"http:\/\/kommentatorenblog.de\/wp-content\/uploads\/2020\/09\/shure-55sh-ii-e1601485394796.jpg\" alt=\"\" srcset=\"https:\/\/kommentatorenblog.de\/wp-content\/uploads\/2020\/09\/shure-55sh-ii-e1601485394796.jpg 415w, https:\/\/kommentatorenblog.de\/wp-content\/uploads\/2020\/09\/shure-55sh-ii-e1601485394796-142x300.jpg 142w\" sizes=\"auto, (max-width: 10px) 100vw, 10px\" \/> Wolff Fuss<\/p>\n\n\n\n<p>+Taktik-Feed: Benni Zander, Manuel Baum<\/p>\n\n\n\n<p>Moderation (ZDF): Jochen Breyer, Experten: Per Mertesacker, Christoph Kramer<\/p>\n\n\n\n<p>Moderation (MagentaTV): Johannes B. Kerner, Experten: Michael Ballack, Fredi Bobic<\/p>\n\n\n\n<hr class=\"wp-block-separator\"\/>\n\n\n\n<p><strong>Internationaler Fussball (Sportdigital FUSSBALL)<\/strong><\/p>\n\n\n\n<p><span style=\"text-decoration: underline;\">Samstag, 10. Juli 2021<\/span><\/p>\n\n\n\n<p>Copa Am\u00e9rica, Spiel um Platz 3: <strong><em>Kolumbien \u2013Peru (01.45 Uhr)<\/em><\/strong><\/p>\n\n\n\n<p><img loading=\"lazy\" decoding=\"async\" width=\"10\" height=\"21\" class=\"wp-image-3656\" style=\"width: 10px;\" src=\"http:\/\/kommentatorenblog.de\/wp-content\/uploads\/2020\/09\/shure-55sh-ii-e1601485394796.jpg\" alt=\"\" srcset=\"https:\/\/kommentatorenblog.de\/wp-content\/uploads\/2020\/09\/shure-55sh-ii-e1601485394796.jpg 415w, https:\/\/kommentatorenblog.de\/wp-content\/uploads\/2020\/09\/shure-55sh-ii-e1601485394796-142x300.jpg 142w\" sizes=\"auto, (max-width: 10px) 100vw, 10px\" \/> Karsten Linke <\/p>\n\n\n\n<p><span style=\"text-decoration: underline;\">Sonntag, 11. Juli 2021<\/span><\/p>\n\n\n\n<p>Copa Am\u00e9rica, Finale: <strong><em>Argentinien &#8211; Brasilien (01.45 Uhr)<\/em><\/strong><\/p>\n\n\n\n<p><img loading=\"lazy\" decoding=\"async\" width=\"10\" height=\"21\" class=\"wp-image-3656\" style=\"width: 10px;\" src=\"http:\/\/kommentatorenblog.de\/wp-content\/uploads\/2020\/09\/shure-55sh-ii-e1601485394796.jpg\" alt=\"\" srcset=\"https:\/\/kommentatorenblog.de\/wp-content\/uploads\/2020\/09\/shure-55sh-ii-e1601485394796.jpg 415w, https:\/\/kommentatorenblog.de\/wp-content\/uploads\/2020\/09\/shure-55sh-ii-e1601485394796-142x300.jpg 142w\" sizes=\"auto, (max-width: 10px) 100vw, 10px\" \/> Christian Blunck<\/p>\n\n\n\n<p><span style=\"text-decoration: underline;\">Montag, 12. Juli 2021<\/span><\/p>\n\n\n\n<p>Gold Cup, 1. Spieltag: <strong><em>Kanada \u2013 Martinique (00.15 Uhr)<\/em><\/strong><\/p>\n\n\n\n<p><img loading=\"lazy\" decoding=\"async\" width=\"10\" height=\"21\" class=\"wp-image-3656\" style=\"width: 10px;\" src=\"http:\/\/kommentatorenblog.de\/wp-content\/uploads\/2020\/09\/shure-55sh-ii-e1601485394796.jpg\" alt=\"\" srcset=\"https:\/\/kommentatorenblog.de\/wp-content\/uploads\/2020\/09\/shure-55sh-ii-e1601485394796.jpg 415w, https:\/\/kommentatorenblog.de\/wp-content\/uploads\/2020\/09\/shure-55sh-ii-e1601485394796-142x300.jpg 142w\" sizes=\"auto, (max-width: 10px) 100vw, 10px\" \/> Karsten Linke<\/p>\n\n\n\n<p>Gold Cup, 1. Spieltag: <strong><em>USA \u2013 Haiti (02.45Uhr)<\/em><\/strong><\/p>\n\n\n\n<p><img loading=\"lazy\" decoding=\"async\" width=\"10\" height=\"21\" class=\"wp-image-3656\" style=\"width: 10px;\" src=\"http:\/\/kommentatorenblog.de\/wp-content\/uploads\/2020\/09\/shure-55sh-ii-e1601485394796.jpg\" alt=\"\" srcset=\"https:\/\/kommentatorenblog.de\/wp-content\/uploads\/2020\/09\/shure-55sh-ii-e1601485394796.jpg 415w, https:\/\/kommentatorenblog.de\/wp-content\/uploads\/2020\/09\/shure-55sh-ii-e1601485394796-142x300.jpg 142w\" sizes=\"auto, (max-width: 10px) 100vw, 10px\" \/> Karsten Linke<\/p>\n\n\n\n<p>Gold Cup, 1. Spieltag: <strong><em>El Salvador <strong><em>\u2013<\/em><\/strong><\/em><\/strong> <strong><em>Curacao (04.45Uhr)<\/em><\/strong><\/p>\n\n\n\n<p><img loading=\"lazy\" decoding=\"async\" width=\"10\" height=\"21\" class=\"wp-image-3656\" style=\"width: 10px;\" src=\"http:\/\/kommentatorenblog.de\/wp-content\/uploads\/2020\/09\/shure-55sh-ii-e1601485394796.jpg\" alt=\"\" srcset=\"https:\/\/kommentatorenblog.de\/wp-content\/uploads\/2020\/09\/shure-55sh-ii-e1601485394796.jpg 415w, https:\/\/kommentatorenblog.de\/wp-content\/uploads\/2020\/09\/shure-55sh-ii-e1601485394796-142x300.jpg 142w\" sizes=\"auto, (max-width: 10px) 100vw, 10px\" \/> Karsten Linke<\/p>\n\n\n\n<p><span style=\"text-decoration: underline;\">Mittwoch, 14. Juli 2021<\/span><\/p>\n\n\n\n<p>Gold Cup, 1. Spieltag: <strong><em>Katar \u2013 Panama (01.00 Uhr)<\/em><\/strong><\/p>\n\n\n\n<p><img loading=\"lazy\" decoding=\"async\" width=\"10\" height=\"21\" class=\"wp-image-3656\" style=\"width: 10px;\" src=\"http:\/\/kommentatorenblog.de\/wp-content\/uploads\/2020\/09\/shure-55sh-ii-e1601485394796.jpg\" alt=\"\" srcset=\"https:\/\/kommentatorenblog.de\/wp-content\/uploads\/2020\/09\/shure-55sh-ii-e1601485394796.jpg 415w, https:\/\/kommentatorenblog.de\/wp-content\/uploads\/2020\/09\/shure-55sh-ii-e1601485394796-142x300.jpg 142w\" sizes=\"auto, (max-width: 10px) 100vw, 10px\" \/> Karsten Linke<\/p>\n\n\n\n<p>Gold Cup, 1. Spieltag: <strong><em>Honduras \u2013 Grenada (03.30 Uhr)<\/em><\/strong><\/p>\n\n\n\n<p><img loading=\"lazy\" decoding=\"async\" width=\"10\" height=\"21\" class=\"wp-image-3656\" style=\"width: 10px;\" src=\"http:\/\/kommentatorenblog.de\/wp-content\/uploads\/2020\/09\/shure-55sh-ii-e1601485394796.jpg\" alt=\"\" srcset=\"https:\/\/kommentatorenblog.de\/wp-content\/uploads\/2020\/09\/shure-55sh-ii-e1601485394796.jpg 415w, https:\/\/kommentatorenblog.de\/wp-content\/uploads\/2020\/09\/shure-55sh-ii-e1601485394796-142x300.jpg 142w\" sizes=\"auto, (max-width: 10px) 100vw, 10px\" \/> J\u00f6rg Steiger<\/p>\n\n\n\n<p><span style=\"text-decoration: underline;\">Donnerstag, 15. Juli 2021<\/span><\/p>\n\n\n\n<p>Gold Cup, 2. Spieltag: <strong><em>Trinidad und Tobago \u2013 El Salvador (01.30 Uhr)<\/em><\/strong><\/p>\n\n\n\n<p><img loading=\"lazy\" decoding=\"async\" width=\"10\" height=\"21\" class=\"wp-image-3656\" style=\"width: 10px;\" src=\"http:\/\/kommentatorenblog.de\/wp-content\/uploads\/2020\/09\/shure-55sh-ii-e1601485394796.jpg\" alt=\"\" srcset=\"https:\/\/kommentatorenblog.de\/wp-content\/uploads\/2020\/09\/shure-55sh-ii-e1601485394796.jpg 415w, https:\/\/kommentatorenblog.de\/wp-content\/uploads\/2020\/09\/shure-55sh-ii-e1601485394796-142x300.jpg 142w\" sizes=\"auto, (max-width: 10px) 100vw, 10px\" \/> Arne Malsch<\/p>\n\n\n\n<p>Gold Cup, 2. Spieltag: <strong><em>Guatemala \u2013 Mexiko (04.00 Uhr)<\/em><\/strong><\/p>\n\n\n\n<p><img loading=\"lazy\" decoding=\"async\" width=\"10\" height=\"21\" class=\"wp-image-3656\" style=\"width: 10px;\" src=\"http:\/\/kommentatorenblog.de\/wp-content\/uploads\/2020\/09\/shure-55sh-ii-e1601485394796.jpg\" alt=\"\" srcset=\"https:\/\/kommentatorenblog.de\/wp-content\/uploads\/2020\/09\/shure-55sh-ii-e1601485394796.jpg 415w, https:\/\/kommentatorenblog.de\/wp-content\/uploads\/2020\/09\/shure-55sh-ii-e1601485394796-142x300.jpg 142w\" sizes=\"auto, (max-width: 10px) 100vw, 10px\" \/> Arne Malsch<\/p>\n\n\n\n<hr class=\"wp-block-separator\"\/>\n\n\n\n<p><strong>Testspiele (SPORT1)<\/strong><\/p>\n\n\n\n<p><span style=\"text-decoration: underline;\">Mittwoch, 14. Juli 2021<\/span><\/p>\n\n\n\n<p><strong><em>VfL Wolfsburg \u2013 Holstein Kiel (16.00Uhr)<\/em><\/strong><\/p>\n\n\n\n<p><img loading=\"lazy\" decoding=\"async\" width=\"10\" height=\"21\" class=\"wp-image-3656\" style=\"width: 10px;\" src=\"http:\/\/kommentatorenblog.de\/wp-content\/uploads\/2020\/09\/shure-55sh-ii-e1601485394796.jpg\" alt=\"\" srcset=\"https:\/\/kommentatorenblog.de\/wp-content\/uploads\/2020\/09\/shure-55sh-ii-e1601485394796.jpg 415w, https:\/\/kommentatorenblog.de\/wp-content\/uploads\/2020\/09\/shure-55sh-ii-e1601485394796-142x300.jpg 142w\" sizes=\"auto, (max-width: 10px) 100vw, 10px\" \/> Oliver Forster<\/p>\n\n\n\n<p><strong><em>Bayer Leverkusen \u2013 VfL Wolfsburg (16.00Uhr)<\/em><\/strong><\/p>\n\n\n\n<p><img loading=\"lazy\" decoding=\"async\" width=\"10\" height=\"21\" class=\"wp-image-3656\" style=\"width: 10px;\" src=\"http:\/\/kommentatorenblog.de\/wp-content\/uploads\/2020\/09\/shure-55sh-ii-e1601485394796.jpg\" alt=\"\" srcset=\"https:\/\/kommentatorenblog.de\/wp-content\/uploads\/2020\/09\/shure-55sh-ii-e1601485394796.jpg 415w, https:\/\/kommentatorenblog.de\/wp-content\/uploads\/2020\/09\/shure-55sh-ii-e1601485394796-142x300.jpg 142w\" sizes=\"auto, (max-width: 10px) 100vw, 10px\" \/> Dirc Seemann<\/p>\n\n\n\n<hr class=\"wp-block-separator\"\/>\n","protected":false},"excerpt":{"rendered":"<p>N\u2019Abend allerseits, der Titel dieses Beitrags sagt eigentlich schon alles aus, deswegen will ich gar keine Zeit verlieren sondern direkt die Ansetzungen analysieren. Wir starten chronologisch mit dem Spiel um Platz 3 bei der Copa Am\u00e9rica, Karsten Linke k\u00fcmmert sich um Kolumbien gegen Peru. Vierundzwanzig Stunden sp\u00e4ter folgt dann das gro\u00dfe Finale zwischen Brasilien und [&hellip;]<\/p>\n","protected":false},"author":5,"featured_media":0,"comment_status":"open","ping_status":"open","sticky":false,"template":"","format":"standard","meta":{"footnotes":""},"categories":[562],"tags":[21,544,187,543,39,520,542,488,500,109,161,350,66,107,37],"class_list":["post-9758","post","type-post","status-publish","format-standard","hentry","category-em2020","tag-benni-zander","tag-christoph-kramer","tag-fredi-bobic","tag-jan-henkel","tag-jochen-breyer","tag-johannes-b-kerner","tag-magentatv","tag-manuel-baum","tag-michael-ballack","tag-oliver-schmidt","tag-per-mertesacker","tag-sandro-wagner","tag-sport1","tag-wolff-fuss","tag-zdf"],"_links":{"self":[{"href":"https:\/\/kommentatorenblog.de\/index.php?rest_route=\/wp\/v2\/posts\/9758","targetHints":{"allow":["GET"]}}],"collection":[{"href":"https:\/\/kommentatorenblog.de\/index.php?rest_route=\/wp\/v2\/posts"}],"about":[{"href":"https:\/\/kommentatorenblog.de\/index.php?rest_route=\/wp\/v2\/types\/post"}],"author":[{"embeddable":true,"href":"https:\/\/kommentatorenblog.de\/index.php?rest_route=\/wp\/v2\/users\/5"}],"replies":[{"embeddable":true,"href":"https:\/\/kommentatorenblog.de\/index.php?rest_route=%2Fwp%2Fv2%2Fcomments&post=9758"}],"version-history":[{"count":11,"href":"https:\/\/kommentatorenblog.de\/index.php?rest_route=\/wp\/v2\/posts\/9758\/revisions"}],"predecessor-version":[{"id":10436,"href":"https:\/\/kommentatorenblog.de\/index.php?rest_route=\/wp\/v2\/posts\/9758\/revisions\/10436"}],"wp:attachment":[{"href":"https:\/\/kommentatorenblog.de\/index.php?rest_route=%2Fwp%2Fv2%2Fmedia&parent=9758"}],"wp:term":[{"taxonomy":"category","embeddable":true,"href":"https:\/\/kommentatorenblog.de\/index.php?rest_route=%2Fwp%2Fv2%2Fcategories&post=9758"},{"taxonomy":"post_tag","embeddable":true,"href":"https:\/\/kommentatorenblog.de\/index.php?rest_route=%2Fwp%2Fv2%2Ftags&post=9758"}],"curies":[{"name":"wp","href":"https:\/\/api.w.org\/{rel}","templated":true}]}}