{"id":9791,"date":"2021-07-15T19:45:56","date_gmt":"2021-07-15T17:45:56","guid":{"rendered":"http:\/\/kommentatorenblog.de\/?p=9791"},"modified":"2021-07-17T14:52:29","modified_gmt":"2021-07-17T12:52:29","slug":"1183-einschaltquoten-der-euro-2020","status":"publish","type":"post","link":"https:\/\/kommentatorenblog.de\/?p=9791","title":{"rendered":"1183 &#8211; Einschaltquoten der Euro 2020"},"content":{"rendered":"\n<p>Hall\u00f6chen liebe Leser!<\/p>\n\n\n\n<p>Ich m\u00f6chte mich zu Beginn noch eben kurz vorstellen, da f\u00fcr mich heute eine Premiere ansteht: Mein erster eigener Eintrag!<\/p>\n\n\n\n<p>Mein Name ist Justin, ich bin 15 Jahre alt, sehr gro\u00dfer Fu\u00dfball-Fan und ich interessiere mich au\u00dferdem sehr f\u00fcr den Sportjournalismus. Ich bin Teil des Kommentatorenblog-Teams seit Anfang diesen Jahres, habe mich aber bisher nur eingearbeitet und meinen Kollegen bei den Eintr\u00e4gen etwas geholfen. Ein gro\u00dfes Dankesch\u00f6n auch nochmal an Leon der mir die Chance gegeben hat f\u00fcr diesen Blog zu arbeiten.<\/p>\n\n\n\n<p>Heute m\u00f6chte ich noch einmal ein bisschen auf die jetzt abgeschlossene Europameisterschaft in Sachen Einschaltquoten zur\u00fcckblicken. Auch von mir nochmal: Gl\u00fcckwunsch Italien zum Titel! Am langen Ende meiner Meinung nach hochverdient, weil mich die Azzurri spielerisch einfach am meisten \u00fcberzeugt hat. <\/p>\n\n\n\n<p><strong>TV-Quoten: Nach schwachem Start ein Topwert beim EM-Finale<\/strong><\/p>\n\n\n\n<p>Der Moment der Entscheidung: Die italienischen Spieler brechen in Jubel aus, als ihr Keeper Donnarumma den entscheidenden Elfmeter pariert. Knapp 21 Millionen TV-Zuschauer waren in Deutschland dabei.<br>Die Einschaltquoten der EM bleiben lange hinter denen des Turniers 2016 zur\u00fcck. Am Ende zog das Zuschauerinteresse allerdings an.<\/p>\n\n\n\n<p>Das Zuschauerinteresse ist in der Schlussphase der Fu\u00dfball- Europameisterschaft noch einmal deutlich angestiegen. Das Endspiel hat dem ZDF zum Abschluss des Turniers noch einmal eine Top-Einschaltquote und mehr Zuschauer als der ARD bei der EM 2016 beschert. Durchschnittlich 20,90 Millionen Menschen sahen am Sonntagabend den Sieg Italiens gegen England im Elfmeterschie\u00dfen. Der Marktanteil lag nach Angaben des Senders bei 64,4 Prozent. Nur drei Spiele der deutschen Nationalmannschaft hatten bei der EM mehr TV-Zuschauer als das Finale.<br>Das Endspiel der um ein Jahr verschobenen EM war erfolgreicher als das Finale 2016. Vor f\u00fcnf Jahren hatten nach Angaben der AGF Videoforschung im Schnitt 18,834 Millionen vor dem Fernseher gesessen. Der Marktanteil der ARD-\u00dcbertragung beim Sieg Portugals gegen Frankreich lag damals bei 59,5 Prozent.<\/p>\n\n\n\n<p>\u00dcber das gesamte Turnier betrachtet gab es weniger Fernsehzuschauer bei ARD und ZDF. Durchschnittlich 11,741 Millionen sahen 2016 zu, knapp 10,4 Millionen waren es dieses Mal.<br>Allerdings sind die \u2013 noch nicht endg\u00fcltig berechneten Streamingzahlen \u2013 in diesem Wert nicht enthalten. Zudem ver\u00f6ffentlicht die Telekom nicht, wie viele Menschen ihr zahlungspflichtiges Angebot Magenta TV genutzt haben, das alle Spiele \u00fcbertrug.<br>\u201eWir sind mit dem Zuspruch insgesamt zufrieden, im Fernsehen, aber auch in der ZDF-Mediathek und bei Social Media\u201c, kommentierte ZDF-Sportchef Thomas Fuhrmann. Au\u00dferhalb des klassischen TV habe es \u201eRekordwerte gegeben. Die Strahlkraft des Fu\u00dfballs hat sich wieder bewiesen\u201c, sagte Fuhrmann. \u201eDie EM hat einen Moment gebraucht, bis sie ihr Publikum gefunden hat.\u201c<\/p>\n\n\n\n<p>ARD-Sportkoordinator Axel Balkausky sagte: \u201eDas \u00fcber das gesamte Turnier sehr gro\u00dfe Zuschauerinteresse freut uns sehr und zeigt auch, welche Relevanz unsere \u00dcbertragungen in der \u00d6ffentlichkeit haben.\u201c Beide Sender waren vor allem bei j\u00fcngeren Zuschauern \u201esehr erfolgreich\u201c, wie Fuhrmann betonte.<br>Das erfolgreichste Spiel der EM war die ARD-\u00dcbertragung der Niederlage der deutschen Nationalmannschaft gegen England mit 27,49 Millionen (Marktanteil 76,3 Prozent). Welche Bedeutung die Livestreams im Internet inzwischen haben, zeigen die 4,6 Millionen Abrufe dieser Partie. <\/p>\n\n\n\n<p>Nun hab ich noch einmal aufgelistet wie viele Menschen die Spiele der deutschen Mannschaft im Free-TV verfolgten:<br>\u2022 ZDF: Frankreich \u2013 Deutschland (22,56 Mio Zuschauer)<br>\u2022 ARD: Portugal \u2013 Deutschland (20,11 Mio Zuschauer)<br>\u2022 ZDF: Deutschland \u2013 Ungarn (25,74 Mio Zuschauer)<br>\u2022 ARD: England \u2013 Deutschland (27,36 Mio Zuschauer)<\/p>\n\n\n\n<p>Dann werten wir das ganze Mal aus:<br>Den Turnierstart der deutschen Mannschaft schauten sich 22,56 Mio Zuschauer im ZDF an.<br>Wenn wir nun diese Zahle sehen k\u00f6nnen wir erkennen, dass nach dem ersten Gruppenspiel, warscheinlich aufgrund der Niederlage, das Interesse f\u00fcr die Partie gegen Portugal gesunken ist. Insgesamt ca. 2 Mio TV-Zuschauer weniger als beim Spiel gegen Frankreich.<br>Nachdem die deutsche Mannschaft jedoch ein starkes Spiel gegen die Portugiesen zeigte, war das Interesse am 3. Gruppenspiel deutlich gestiegen. Insgesamt sa\u00dfen knapp 5 Mio Zuschauer mehr vor den Bildschirmen als noch bei der Partie gegen die Portugiesen. Den Krimi gegen Ungarn sahen also knapp 25 Mio TV-Zuschauer. Getoppt wurde dieser Wert allerdings noch beim Achtelfinale im Wembley gegen England. 27,36 Mio Zuschauer sahen live in der ARD das Aus der deutschen Mannschaft.<\/p>\n\n\n\n<p>Wir k\u00f6nnen also erkennen, dass das Interesse an der diesj\u00e4hrigen EM im Verlauf des Turniers gestiegen ist.<br>Ein interessanter Fakt noch: Kein Gruppenspiel ohne Deutsche Beteiligung knackte die 10 Mio Zuschauer Marke.<\/p>\n\n\n\n<p>Hier noch ein paar weitere Einschaltquoten:<br>\u2022 ARD: T\u00fcrkei \u2013 Italien (9,83 Mio Zuschauer), beim Er\u00f6ffnungsspiel 2016 waren es 15,47 Mio Zuschauer<br>\u2022 ARD: England \u2013 Kroatien (4,88 Mio Zuschauer)<br>\u2022 ARD: \u00d6sterreich \u2013 Nordmazedonien (5,93 Mio Zuschauer)<br>\u2022 ARD: Niederlande \u2013 Ukraine (8,82 Mio Zuschauer)<br>\u2022 ZDF: Ukraine \u2013 Nordmazedonien (2,70 Mio Zuschauer), schw\u00e4chster Wert des Turniers<br>\u2022 ARD: Belgien \u2013 Portugal (12,90 Mio Zuschauer)<br>\u2022 ZDF: Frankreich \u2013 Schweiz (12,74 Mio Zuschauer)<br>\u2022 ZDF: Schweiz \u2013 Spanien (8,62 Mio Zuschauer)<br>\u2022 ZDF: Belgien \u2013 Italien (11,21 Mio Zuschauer)<br>\u2022 ARD: Tschechien \u2013 D\u00e4nemark (7,19 Mio Zuschauer)<br>\u2022 ARD: Ukraine \u2013 England (8,51 Mio Zuschauer)<br>\u2022 ARD: Italien \u2013 Spanien (14,59 Mio Zuschauer)<br>\u2022 ZDF: England \u2013 D\u00e4nemark (15,52 Mio Zuschauer)<br>\u2022 \u2026<\/p>\n\n\n\n<p>Und jetzt ihr! Wie sah euer Interesse zur diesj\u00e4hrigen EM aus? Habt ihr die EM verfolgt, wenn ja wo? Im \u00f6ffentlich rechtlichen Fernsehen oder mit Magenta-TV? Ab damit in die Kommentare! <\/p>\n\n\n\n<p>Nun aber zum Tagesgesch\u00e4ft! <\/p>\n\n\n\n<hr class=\"wp-block-separator\"\/>\n\n\n\n<p><strong><em>Die Ansetzungen vom 16. Juli bis zum 19. Juli 2021<\/em><\/strong><\/p>\n\n\n\n<p><strong>Schauinsland-Reisen Cup der Traditionen 2021 in Duisburg (Sky Sport News)<\/strong><\/p>\n\n\n\n<p><span style=\"text-decoration: underline;\">Samstag, 17. Juli 2021, ab 14.45 Uhr<\/span><\/p>\n\n\n\n<p><strong><em>Borussia Dortmund \u2013 VfL Bochum (15.00 Uhr)<\/em><\/strong><\/p>\n\n\n\n<p><img loading=\"lazy\" decoding=\"async\" width=\"10\" height=\"21\" class=\"wp-image-3656\" style=\"width: 10px;\" src=\"http:\/\/kommentatorenblog.de\/wp-content\/uploads\/2020\/09\/shure-55sh-ii-e1601485394796.jpg\" alt=\"\" srcset=\"https:\/\/kommentatorenblog.de\/wp-content\/uploads\/2020\/09\/shure-55sh-ii-e1601485394796.jpg 415w, https:\/\/kommentatorenblog.de\/wp-content\/uploads\/2020\/09\/shure-55sh-ii-e1601485394796-142x300.jpg 142w\" sizes=\"auto, (max-width: 10px) 100vw, 10px\" \/> Martin Weinberger<\/p>\n\n\n\n<p>Field-Reporter: Jesco von Eichmann <\/p>\n\n\n\n<hr class=\"wp-block-separator\"\/>\n\n\n\n<p><strong>Testspiele<\/strong><\/p>\n\n\n\n<p><span style=\"text-decoration: underline;\">Samstag, 17. Juli 2021, ab 15.45 Uhr (Magenta Sport<\/span>) <\/p>\n\n\n\n<p><strong><em>1. FC K\u00f6ln \u2013 FC Bayern M\u00fcnchen (16.00 Uhr)<\/em><\/strong><\/p>\n\n\n\n<p>Magenta Sport: <img loading=\"lazy\" decoding=\"async\" width=\"10\" height=\"21\" class=\"wp-image-3656\" style=\"width: 10px;\" src=\"http:\/\/kommentatorenblog.de\/wp-content\/uploads\/2020\/09\/shure-55sh-ii-e1601485394796.jpg\" alt=\"\" srcset=\"https:\/\/kommentatorenblog.de\/wp-content\/uploads\/2020\/09\/shure-55sh-ii-e1601485394796.jpg 415w, https:\/\/kommentatorenblog.de\/wp-content\/uploads\/2020\/09\/shure-55sh-ii-e1601485394796-142x300.jpg 142w\" sizes=\"auto, (max-width: 10px) 100vw, 10px\" \/> Stefan Fuckert<\/p>\n\n\n\n<p>Moderation: Cedric Pick, Experte: Martin Lanig<\/p>\n\n\n\n<p><span style=\"text-decoration: underline;\">ab 15.55 Uhr (Sport1) <\/span><\/p>\n\n\n\n<p><strong><em>FC St. Pauli \u2013 Hertha BSC (16.00 Uhr) <\/em><\/strong><\/p>\n\n\n\n<p>SPORT1: <img loading=\"lazy\" decoding=\"async\" width=\"10\" height=\"21\" class=\"wp-image-3656\" style=\"width: 10px;\" src=\"http:\/\/kommentatorenblog.de\/wp-content\/uploads\/2020\/09\/shure-55sh-ii-e1601485394796.jpg\" alt=\"\" srcset=\"https:\/\/kommentatorenblog.de\/wp-content\/uploads\/2020\/09\/shure-55sh-ii-e1601485394796.jpg 415w, https:\/\/kommentatorenblog.de\/wp-content\/uploads\/2020\/09\/shure-55sh-ii-e1601485394796-142x300.jpg 142w\" sizes=\"auto, (max-width: 10px) 100vw, 10px\" \/> Oliver Forster<\/p>\n\n\n\n<hr class=\"wp-block-separator\"\/>\n\n\n\n<p><strong>Internationaler Fussball (Sportdigital FUSSBALL)<\/strong><\/p>\n\n\n\n<p><span style=\"text-decoration: underline;\">Freitag, 16. Juli 2021<\/span><\/p>\n\n\n\n<p>Gold Cup, 2. Spieltag: <strong><em>Haiti \u2013 Kanada (01.30 Uhr) <\/em><\/strong><\/p>\n\n\n\n<p><img loading=\"lazy\" decoding=\"async\" width=\"10\" height=\"21\" class=\"wp-image-3656\" style=\"width: 10px;\" src=\"http:\/\/kommentatorenblog.de\/wp-content\/uploads\/2020\/09\/shure-55sh-ii-e1601485394796.jpg\" alt=\"\" srcset=\"https:\/\/kommentatorenblog.de\/wp-content\/uploads\/2020\/09\/shure-55sh-ii-e1601485394796.jpg 415w, https:\/\/kommentatorenblog.de\/wp-content\/uploads\/2020\/09\/shure-55sh-ii-e1601485394796-142x300.jpg 142w\" sizes=\"auto, (max-width: 10px) 100vw, 10px\" \/> Karsten Linke<\/p>\n\n\n\n<p>Gold Cup, 2. Spieltag: <strong><em>Martinique \u2013 USA (04.00 Uhr) <\/em><\/strong><\/p>\n\n\n\n<p><img loading=\"lazy\" decoding=\"async\" width=\"10\" height=\"21\" class=\"wp-image-3656\" style=\"width: 10px;\" src=\"http:\/\/kommentatorenblog.de\/wp-content\/uploads\/2020\/09\/shure-55sh-ii-e1601485394796.jpg\" alt=\"\" srcset=\"https:\/\/kommentatorenblog.de\/wp-content\/uploads\/2020\/09\/shure-55sh-ii-e1601485394796.jpg 415w, https:\/\/kommentatorenblog.de\/wp-content\/uploads\/2020\/09\/shure-55sh-ii-e1601485394796-142x300.jpg 142w\" sizes=\"auto, (max-width: 10px) 100vw, 10px\" \/> Karsten Linke <\/p>\n\n\n\n<p><span style=\"text-decoration: underline;\">Samstag, 17. Juli 2021 <\/span><\/p>\n\n\n\n<p>Gold Cup, 2. Spieltag: <strong><em>Guadeloupe \u2013 Jamaika (00.30 Uhr)<\/em><\/strong><\/p>\n\n\n\n<p><img loading=\"lazy\" decoding=\"async\" width=\"10\" height=\"21\" class=\"wp-image-3656\" style=\"width: 10px;\" src=\"http:\/\/kommentatorenblog.de\/wp-content\/uploads\/2020\/09\/shure-55sh-ii-e1601485394796.jpg\" alt=\"\" srcset=\"https:\/\/kommentatorenblog.de\/wp-content\/uploads\/2020\/09\/shure-55sh-ii-e1601485394796.jpg 415w, https:\/\/kommentatorenblog.de\/wp-content\/uploads\/2020\/09\/shure-55sh-ii-e1601485394796-142x300.jpg 142w\" sizes=\"auto, (max-width: 10px) 100vw, 10px\" \/> Jonathan Dreier<\/p>\n\n\n\n<p>Gold Cup, 2. Spieltag: <strong><em>Suriname \u2013 Costa Rica (03.00 Uhr)<\/em><\/strong><\/p>\n\n\n\n<p><img loading=\"lazy\" decoding=\"async\" width=\"10\" height=\"21\" class=\"wp-image-3656\" style=\"width: 10px;\" src=\"http:\/\/kommentatorenblog.de\/wp-content\/uploads\/2020\/09\/shure-55sh-ii-e1601485394796.jpg\" alt=\"\" srcset=\"https:\/\/kommentatorenblog.de\/wp-content\/uploads\/2020\/09\/shure-55sh-ii-e1601485394796.jpg 415w, https:\/\/kommentatorenblog.de\/wp-content\/uploads\/2020\/09\/shure-55sh-ii-e1601485394796-142x300.jpg 142w\" sizes=\"auto, (max-width: 10px) 100vw, 10px\" \/> Jonathan Dreier<\/p>\n\n\n\n<p>MLS, 13. Spieltag: <strong><em>Atalanta United \u2013 New England Revolution (23.00 Uhr)<\/em><\/strong><\/p>\n\n\n\n<p><img loading=\"lazy\" decoding=\"async\" width=\"10\" height=\"21\" class=\"wp-image-3656\" style=\"width: 10px;\" src=\"http:\/\/kommentatorenblog.de\/wp-content\/uploads\/2020\/09\/shure-55sh-ii-e1601485394796.jpg\" alt=\"\" srcset=\"https:\/\/kommentatorenblog.de\/wp-content\/uploads\/2020\/09\/shure-55sh-ii-e1601485394796.jpg 415w, https:\/\/kommentatorenblog.de\/wp-content\/uploads\/2020\/09\/shure-55sh-ii-e1601485394796-142x300.jpg 142w\" sizes=\"auto, (max-width: 10px) 100vw, 10px\" \/> Marcus Radefeld <\/p>\n\n\n\n<p><span style=\"text-decoration: underline;\">Sonntag, 18. Juli 2021<\/span><\/p>\n\n\n\n<p>Gold Cup, 2. Spieltag: <strong><em>Grenada \u2013 Katar (01.30 Uhr)<\/em><\/strong><\/p>\n\n\n\n<p><img loading=\"lazy\" decoding=\"async\" width=\"10\" height=\"21\" class=\"wp-image-3656\" style=\"width: 10px;\" src=\"http:\/\/kommentatorenblog.de\/wp-content\/uploads\/2020\/09\/shure-55sh-ii-e1601485394796.jpg\" alt=\"\" srcset=\"https:\/\/kommentatorenblog.de\/wp-content\/uploads\/2020\/09\/shure-55sh-ii-e1601485394796.jpg 415w, https:\/\/kommentatorenblog.de\/wp-content\/uploads\/2020\/09\/shure-55sh-ii-e1601485394796-142x300.jpg 142w\" sizes=\"auto, (max-width: 10px) 100vw, 10px\" \/> Jakob Vogel<\/p>\n\n\n\n<p>Gold Cup, 2. Spieltag: <strong><em>Panama \u2013 Honduras (04.00 Uhr)<\/em><\/strong><\/p>\n\n\n\n<p><img loading=\"lazy\" decoding=\"async\" width=\"10\" height=\"21\" class=\"wp-image-3656\" style=\"width: 10px;\" src=\"http:\/\/kommentatorenblog.de\/wp-content\/uploads\/2020\/09\/shure-55sh-ii-e1601485394796.jpg\" alt=\"\" srcset=\"https:\/\/kommentatorenblog.de\/wp-content\/uploads\/2020\/09\/shure-55sh-ii-e1601485394796.jpg 415w, https:\/\/kommentatorenblog.de\/wp-content\/uploads\/2020\/09\/shure-55sh-ii-e1601485394796-142x300.jpg 142w\" sizes=\"auto, (max-width: 10px) 100vw, 10px\" \/> Jakob Vogel<\/p>\n\n\n\n<p>Campeonato Brasileiro, 2. Spieltag: <strong><em>Atletico Goianiense \u2013 Palmeiras (21.00 Uhr)<\/em><\/strong><\/p>\n\n\n\n<p><img loading=\"lazy\" decoding=\"async\" width=\"10\" height=\"21\" class=\"wp-image-3656\" style=\"width: 10px;\" src=\"http:\/\/kommentatorenblog.de\/wp-content\/uploads\/2020\/09\/shure-55sh-ii-e1601485394796.jpg\" alt=\"\" srcset=\"https:\/\/kommentatorenblog.de\/wp-content\/uploads\/2020\/09\/shure-55sh-ii-e1601485394796.jpg 415w, https:\/\/kommentatorenblog.de\/wp-content\/uploads\/2020\/09\/shure-55sh-ii-e1601485394796-142x300.jpg 142w\" sizes=\"auto, (max-width: 10px) 100vw, 10px\" \/> Christian Blunck<\/p>\n\n\n\n<p>Gold Cup, 3. Spieltag:<strong><em> USA \u2013 Kanada (23.15 Uhr)<\/em><\/strong><\/p>\n\n\n\n<p><img loading=\"lazy\" decoding=\"async\" width=\"10\" height=\"21\" class=\"wp-image-3656\" style=\"width: 10px;\" src=\"http:\/\/kommentatorenblog.de\/wp-content\/uploads\/2020\/09\/shure-55sh-ii-e1601485394796.jpg\" alt=\"\" srcset=\"https:\/\/kommentatorenblog.de\/wp-content\/uploads\/2020\/09\/shure-55sh-ii-e1601485394796.jpg 415w, https:\/\/kommentatorenblog.de\/wp-content\/uploads\/2020\/09\/shure-55sh-ii-e1601485394796-142x300.jpg 142w\" sizes=\"auto, (max-width: 10px) 100vw, 10px\" \/> Karsten Linke <\/p>\n\n\n\n<p><span style=\"text-decoration: underline;\">Montag, 19. Juli 2021 <\/span><\/p>\n\n\n\n<p>Gold Cup, 3. Spieltag: <strong><em>Mexiko \u2013 El Salvador (04.15 Uhr<\/em><\/strong>) <\/p>\n\n\n\n<p><img loading=\"lazy\" decoding=\"async\" width=\"10\" height=\"21\" class=\"wp-image-3656\" style=\"width: 10px;\" src=\"http:\/\/kommentatorenblog.de\/wp-content\/uploads\/2020\/09\/shure-55sh-ii-e1601485394796.jpg\" alt=\"\" srcset=\"https:\/\/kommentatorenblog.de\/wp-content\/uploads\/2020\/09\/shure-55sh-ii-e1601485394796.jpg 415w, https:\/\/kommentatorenblog.de\/wp-content\/uploads\/2020\/09\/shure-55sh-ii-e1601485394796-142x300.jpg 142w\" sizes=\"auto, (max-width: 10px) 100vw, 10px\" \/> Arne Malsch<\/p>\n\n\n\n<hr class=\"wp-block-separator\"\/>\n\n\n\n<p><strong>Die Analyse<\/strong><\/p>\n\n\n\n<p>Heute gibt&#8217;s eigentlich nicht allzuviel zu analysieren. Hier und da finden ein paar Testspiele statt, beispielsweise am Samstag der Schauinsland-Reisen Cup der Traditionen in Duisburg. Sky Sport News wird dieses Mini-Tunier \u00fcbertragen. H\u00f6chstwahrscheinlich wird Jesco von Eichmann f\u00fcr SSN vor Ort sein. Die Kommentatoren versuchen wir nachzureichen. Au\u00dferdem gibt&#8217;s bei Magenta Sport das Testspiel der Bayern beim 1. FC K\u00f6ln zu sehen. Sendungsbeginn ist bereits 15 Minuten vor Anpfiff. Cedric Pick und Stefan Fuckert moderieren bzw. kommentieren f\u00fcr euch das Spiel. Sport1 \u00fcbertr\u00e4gt ebenfalls ein Testspiel. Oliver Forster kommentiert das Duell zwischen dem FC St. Pauli und Hertha BSC. Nat\u00fcrlich finden auch viele weitere Testspiele statt. Diese werden h\u00e4ufig auch auf den YouTube-Kan\u00e4len der jeweiligen Vereine \u00fcbertragen. <\/p>\n\n\n\n<p>Auch bei Sportdigital FUSSBALL l\u00e4uft dieses Wochenende einiges an Fu\u00dfball. Unter anderem ja auch der Gold Cup. Eure Kommentatoren sind Karsten Linke, Jonathan Dreier, Marcus Radefeld, Jakob Vogel, Christian Blunck und Arne Malsch. <\/p>\n\n\n\n<p>Ich w\u00fcnsche euch ein sch\u00f6nes und sportliches Wochende! <\/p>\n","protected":false},"excerpt":{"rendered":"<p>Hall\u00f6chen liebe Leser! Ich m\u00f6chte mich zu Beginn noch eben kurz vorstellen, da f\u00fcr mich heute eine Premiere ansteht: Mein erster eigener Eintrag! Mein Name ist Justin, ich bin 15 Jahre alt, sehr gro\u00dfer Fu\u00dfball-Fan und ich interessiere mich au\u00dferdem sehr f\u00fcr den Sportjournalismus. Ich bin Teil des Kommentatorenblog-Teams seit Anfang diesen Jahres, habe mich [&hellip;]<\/p>\n","protected":false},"author":7,"featured_media":0,"comment_status":"open","ping_status":"open","sticky":false,"template":"","format":"standard","meta":{"footnotes":""},"categories":[429],"tags":[19,263,256,57,558,405,507,59,9,542,503,183,66,134,394,37],"class_list":["post-9791","post","type-post","status-publish","format-standard","hentry","category-diverses","tag-ard","tag-arne-malsch","tag-cedric-pick","tag-christian-blunck","tag-euro-2020","tag-jakob-vogel","tag-jonathan-dreier","tag-karsten-linke","tag-magenta-sport","tag-magentatv","tag-marcus-radefeld","tag-oliver-forster","tag-sport1","tag-sportdigital-fussball","tag-stefan-fuckert","tag-zdf"],"_links":{"self":[{"href":"https:\/\/kommentatorenblog.de\/index.php?rest_route=\/wp\/v2\/posts\/9791","targetHints":{"allow":["GET"]}}],"collection":[{"href":"https:\/\/kommentatorenblog.de\/index.php?rest_route=\/wp\/v2\/posts"}],"about":[{"href":"https:\/\/kommentatorenblog.de\/index.php?rest_route=\/wp\/v2\/types\/post"}],"author":[{"embeddable":true,"href":"https:\/\/kommentatorenblog.de\/index.php?rest_route=\/wp\/v2\/users\/7"}],"replies":[{"embeddable":true,"href":"https:\/\/kommentatorenblog.de\/index.php?rest_route=%2Fwp%2Fv2%2Fcomments&post=9791"}],"version-history":[{"count":61,"href":"https:\/\/kommentatorenblog.de\/index.php?rest_route=\/wp\/v2\/posts\/9791\/revisions"}],"predecessor-version":[{"id":9867,"href":"https:\/\/kommentatorenblog.de\/index.php?rest_route=\/wp\/v2\/posts\/9791\/revisions\/9867"}],"wp:attachment":[{"href":"https:\/\/kommentatorenblog.de\/index.php?rest_route=%2Fwp%2Fv2%2Fmedia&parent=9791"}],"wp:term":[{"taxonomy":"category","embeddable":true,"href":"https:\/\/kommentatorenblog.de\/index.php?rest_route=%2Fwp%2Fv2%2Fcategories&post=9791"},{"taxonomy":"post_tag","embeddable":true,"href":"https:\/\/kommentatorenblog.de\/index.php?rest_route=%2Fwp%2Fv2%2Ftags&post=9791"}],"curies":[{"name":"wp","href":"https:\/\/api.w.org\/{rel}","templated":true}]}}