{"id":9864,"date":"2021-07-20T12:22:25","date_gmt":"2021-07-20T10:22:25","guid":{"rendered":"http:\/\/kommentatorenblog.de\/?p=9864"},"modified":"2021-07-25T17:21:22","modified_gmt":"2021-07-25T15:21:22","slug":"1184-olympia-personal-und-rolle-des-fussballs","status":"publish","type":"post","link":"https:\/\/kommentatorenblog.de\/?p=9864","title":{"rendered":"1184 \u2013 Olympia: Personal und Rolle des Fu\u00dfballs"},"content":{"rendered":"\n<p>N\u2019Abend allerseits,<\/p>\n\n\n\n<p>die Olympischen Sommerspiele in Tokio stehen vor der T\u00fcr. Das gr\u00f6\u00dfte Sportereignis der Welt kommt &#8211; schon wieder &#8211; zur Unzeit. Japan hat j\u00fcngst den Corona-Notstand ausgerufen, der sich \u00fcber die gesamte Dauer der Olympischen Spiele und dar\u00fcber hinaus erstreckt. Das IOC hat seine Hoffnung auf Zuschauer l\u00e4ngst begraben. Damit wird auch die Er\u00f6ffnungsfeier am Freitagmittag anders als gewohnt. In Anbetracht der Lage in Japan ist das absolut verst\u00e4ndlich. Auch Im Olympischen Dorf gelten strenge Regeln. Dass harte Ma\u00dfnahmen notwendig sind, zeigt der erste positive Corona-Fall, der dort am Samstag vermeldet wurde.<\/p>\n\n\n\n<p><strong>Dreigespann im deutschen TV<\/strong><\/p>\n\n\n\n<p>Die Corona-Situation hat nat\u00fcrlich auch Konsequenzen f\u00fcr ARD, ZDF und Eurosport, die allesamt von den Olympischen Spielen berichten. Als kleiner Reminder: Die Rechte liegen bei Discovery, dem Mutterkonzern von Eurosport. Doch auch die \u00f6ffentlich-rechtlichen Sender d\u00fcrfen nach z\u00e4hen Verhandlungen dank Sublizenzen \u00fcbertragen. <\/p>\n\n\n\n<p><strong>ARD und ZDF mit kleinem Team vor Ort<\/strong><\/p>\n\n\n\n<p>Schon bei der Fu\u00dfball-EM in London hat der \u00d6RR die ersten Spiele nicht aus London, sondern aus der Box kommentiert. Auch bei den Olympischen Spielen sitzt der Gro\u00dfteil der Kommentatoren in Mainz. Sowohl das ZDF als auch das Erste nutzen das National Broadcast Center auf dem Mainzer Lerchenberg. Beide Sender schicken jedoch ein kleines Team nach Tokio. In der N\u00e4he des Olympischen Dorfs befindet sich ein TV-Studio an der sogenannten Tokyo Bay. Von dort aus moderieren Jessy Wellmer, die gleich am ersten Tag ran darf, und Alexander Bommes (ARD) sowie Katrin M\u00fcller-Hohenstein und Rudi Cerne (ZDF).<\/p>\n\n\n\n<p><strong>Eurosport setzt auf Cube Studio<\/strong><\/p>\n\n\n\n<p>Die Eurosport-Crew um ihre Moderatoren Anna Kraft, Birgit N\u00f6ssing, Wolfgang Nadvornik, Oliver Sequen und Gerhard Leinauer\u00a0ist demgegen\u00fcber nicht vor Ort, will aber mit einer bew\u00e4hrten Technik \u201eeine zus\u00e4tzliche Perspektive auf das Olympiageschehen schaffen\u201c, wie es in einer Pressemitteilung von Discovery hei\u00dft. Gemeint ist der Eurosport Cube, der erm\u00f6glicht, dass Sportlerinnen und Sportler aus Tokio ins Studio holografiert werden. Die Technologie ist vor allem Tennis-Fans gel\u00e4ufig, zuletzt kam der Cube etwa bei den Grand-Slam-Turnieren zum Einsatz. Das Hauptaugenmerk des Medienunternehmens liegt bei der Olympia-Berichterstattung auf dem Free-TV-Sender Eurosport1, doch auch bei den Bezahlangeboten um Eurosport2, Eurosport Player und Joyn werden Spiele zu sehen sein. Insgesamt \u00fcbertr\u00e4gt Discovery damit alle Sessions. Das meiste wird nach eigenen Angaben auf Deutsch kommentiert.\u00a0Lediglich beim Surfen und nach jetzigem Stand bei Karate gibt es keinen deutschen Kommentator.<\/p>\n\n\n\n<p><strong>Besetzung zeigt Fokus der Sender<\/strong><\/p>\n\n\n\n<p>Insgesamt gibt es bei den Olympischen Spielen in diesem Jahr 33 Sportarten und 51 Disziplinen. Zum ersten Mal mit dabei sind Karate, Klettern, Skateboard und Surfen. Auch Base- und Softball wurde wieder ins Programm mit aufgenommen, nachdem der Sport schon von 1992 bis 2008 olympisch war. Schwerpunktm\u00e4\u00dfig \u201eentsenden\u201c die Sender jedoch das meiste Personal f\u00fcr jene Olympische Sportarten mit den meisten Disziplinen bzw. den meisten Wettk\u00e4mpfen. Dazu z\u00e4hlen bekanntlich Leichtathletik, Schwimmen oder Turnen. Unten habe ich das Personal der drei \u00fcbertragenden Sender je nach Sportart tabellarisch aufgef\u00fchrt. Ein Blick in die Tabelle zeigt auch, dass die Sender einen unterschiedlichen Fokus haben. Traditionell ist Eurosport bei Tennis und Radsport sehr gut besetzt. Doch auch Basketball wird offenbar zu einem Schwerpunkt.<\/p>\n\n\n\n<div class=\"wp-block-columns is-layout-flex wp-container-core-columns-is-layout-1 wp-block-columns-is-layout-flex\">\n<div class=\"wp-block-column is-layout-flow wp-block-column-is-layout-flow\" style=\"flex-basis:100%\">\n<figure class=\"wp-block-table\"><table><tbody><tr><td class=\"has-text-align-center\" data-align=\"center\"><strong><span style=\"text-decoration: underline;\">Sportart<\/span><\/strong><\/td><td class=\"has-text-align-center\" data-align=\"center\"><strong><span style=\"text-decoration: underline;\"><span class=\"has-inline-color has-vivid-cyan-blue-color\">ARD<\/span><\/span><\/strong><\/td><td class=\"has-text-align-center\" data-align=\"center\"><strong><span style=\"text-decoration: underline;\"><span class=\"has-inline-color has-luminous-vivid-orange-color\">ZDF<\/span><\/span><\/strong><\/td><td class=\"has-text-align-center\" data-align=\"center\"><strong><span style=\"text-decoration: underline;\"><span class=\"has-inline-color has-pale-cyan-blue-color\">Eurosport<\/span><\/span><\/strong><\/td><\/tr><tr><td class=\"has-text-align-center\" data-align=\"center\"><em>Badminton<\/em><\/td><td class=\"has-text-align-center\" data-align=\"center\"><span class=\"has-inline-color has-vivid-cyan-blue-color\">Christina Graf<\/span><\/td><td class=\"has-text-align-center\" data-align=\"center\"><span class=\"has-inline-color has-luminous-vivid-orange-color\">Martin Wolff<\/span><\/td><td class=\"has-text-align-center\" data-align=\"center\"><span class=\"has-inline-color has-pale-cyan-blue-color\">Harry Weber<\/span><\/td><\/tr><tr><td class=\"has-text-align-center\" data-align=\"center\"><em>Baseball<\/em><\/td><td class=\"has-text-align-center\" data-align=\"center\"><span class=\"has-inline-color has-vivid-cyan-blue-color\">Jan Neumann<\/span><\/td><td class=\"has-text-align-center\" data-align=\"center\"><span class=\"has-inline-color has-luminous-vivid-orange-color\">Daniel Pinschower<\/span><\/td><td class=\"has-text-align-center\" data-align=\"center\"><span class=\"has-inline-color has-pale-cyan-blue-color\">Markus Theil<\/span><\/td><\/tr><tr><td class=\"has-text-align-center\" data-align=\"center\"><em>Basketball<\/em><\/td><td class=\"has-text-align-center\" data-align=\"center\"><span class=\"has-inline-color has-vivid-cyan-blue-color\">Holger Sauer<\/span><\/td><td class=\"has-text-align-center\" data-align=\"center\"><span class=\"has-inline-color has-luminous-vivid-orange-color\">Daniel Pinschower, Gari Paubandt<\/span><\/td><td class=\"has-text-align-center\" data-align=\"center\"><span class=\"has-inline-color has-pale-cyan-blue-color\">Svenja Brunckhorst,&nbsp;Jezabel Ohanian,&nbsp;Markus Krawinkel, Henning Kuhl, Tobias Schimon<\/span><\/td><\/tr><tr><td class=\"has-text-align-center\" data-align=\"center\"><em>Bogenschie\u00dfen<\/em><\/td><td class=\"has-text-align-center\" data-align=\"center\"><span class=\"has-inline-color has-vivid-cyan-blue-color\">Bodo Boeck<\/span><\/td><td class=\"has-text-align-center\" data-align=\"center\"><span class=\"has-inline-color has-luminous-vivid-orange-color\">Heiko Klasen<\/span><\/td><td class=\"has-text-align-center\" data-align=\"center\"><span class=\"has-inline-color has-pale-cyan-blue-color\">Harry Weber<\/span><\/td><\/tr><tr><td class=\"has-text-align-center\" data-align=\"center\"><em>Boxen<\/em><\/td><td class=\"has-text-align-center\" data-align=\"center\"><span class=\"has-inline-color has-vivid-cyan-blue-color\">Eik Galley<\/span><\/td><td class=\"has-text-align-center\" data-align=\"center\"><span class=\"has-inline-color has-luminous-vivid-orange-color\">Michael Pfeffer<\/span><\/td><td class=\"has-text-align-center\" data-align=\"center\"><span class=\"has-inline-color has-pale-cyan-blue-color\">Tobias Drews<\/span><\/td><\/tr><tr><td class=\"has-text-align-center\" data-align=\"center\"><em>Fechten<\/em><\/td><td class=\"has-text-align-center\" data-align=\"center\"><span class=\"has-inline-color has-vivid-cyan-blue-color\">Michael Drevenstedt<\/span><\/td><td class=\"has-text-align-center\" data-align=\"center\"><span class=\"has-inline-color has-luminous-vivid-orange-color\">Julius Hilfenhaus<\/span><\/td><td class=\"has-text-align-center\" data-align=\"center\"><span class=\"has-inline-color has-pale-cyan-blue-color\">Roman Knoblauch<\/span><\/td><\/tr><tr><td class=\"has-text-align-center\" data-align=\"center\"><em>Fu\u00dfball<\/em><\/td><td class=\"has-text-align-center\" data-align=\"center\"><span class=\"has-inline-color has-vivid-cyan-blue-color\">Stephanie Baczyk, Bernd Schmelzer<\/span><\/td><td class=\"has-text-align-center\" data-align=\"center\"><span class=\"has-inline-color has-luminous-vivid-orange-color\">Claudia Neumann<\/span><\/td><td class=\"has-text-align-center\" data-align=\"center\"><span class=\"has-inline-color has-pale-cyan-blue-color\">Markus Theil, Oliver Fa\u00dfnacht, Tobi Fischbeck,&nbsp;Lenny Leonhard,&nbsp;Uwe Morawe, Matthias Stach<\/span><\/td><\/tr><tr><td class=\"has-text-align-center\" data-align=\"center\"><em>Gewichtheben<\/em><\/td><td class=\"has-text-align-center\" data-align=\"center\"><span class=\"has-inline-color has-vivid-cyan-blue-color\">Bodo Boeck<\/span><\/td><td class=\"has-text-align-center\" data-align=\"center\"><span class=\"has-inline-color has-luminous-vivid-orange-color\">Frank Gollenbeck<\/span><\/td><td class=\"has-text-align-center\" data-align=\"center\"><span class=\"has-inline-color has-pale-cyan-blue-color\">Ron Ringguth<\/span><\/td><\/tr><tr><td class=\"has-text-align-center\" data-align=\"center\"><em>Golf<\/em><\/td><td class=\"has-text-align-center\" data-align=\"center\"><span class=\"has-inline-color has-vivid-cyan-blue-color\">Matthias Cammann, Andreas K\u00f6stler<\/span><\/td><td class=\"has-text-align-center\" data-align=\"center\"><span class=\"has-inline-color has-luminous-vivid-orange-color\">Konstantin Klostermann<\/span><\/td><td class=\"has-text-align-center\" data-align=\"center\"><span class=\"has-inline-color has-pale-cyan-blue-color\">Stephan Gandl, Volker Schenk<\/span><\/td><\/tr><tr><td class=\"has-text-align-center\" data-align=\"center\"><em>Handball<\/em><\/td><td class=\"has-text-align-center\" data-align=\"center\"><span class=\"has-inline-color has-vivid-cyan-blue-color\">Hendrik Deichmann<\/span><\/td><td class=\"has-text-align-center\" data-align=\"center\"><span class=\"has-inline-color has-luminous-vivid-orange-color\">Christoph Hamm<\/span><\/td><td class=\"has-text-align-center\" data-align=\"center\"><span class=\"has-inline-color has-pale-cyan-blue-color\">Uwe Semrau,&nbsp;Sascha Staat<\/span><\/td><\/tr><tr><td class=\"has-text-align-center\" data-align=\"center\"><em>Hockey<\/em><\/td><td class=\"has-text-align-center\" data-align=\"center\"><span class=\"has-inline-color has-vivid-cyan-blue-color\">Christian Blunck&nbsp;<\/span><\/td><td class=\"has-text-align-center\" data-align=\"center\"><span class=\"has-inline-color has-luminous-vivid-orange-color\">B\u00e9la R\u00e9thy<\/span><\/td><td class=\"has-text-align-center\" data-align=\"center\"><span class=\"has-inline-color has-pale-cyan-blue-color\">Christoph Fetzer,&nbsp;Christoph Stadtler<\/span><\/td><\/tr><tr><td class=\"has-text-align-center\" data-align=\"center\"><em>Judo<\/em><\/td><td class=\"has-text-align-center\" data-align=\"center\"><span class=\"has-inline-color has-vivid-cyan-blue-color\">Guido De Santis<\/span><\/td><td class=\"has-text-align-center\" data-align=\"center\"><span class=\"has-inline-color has-luminous-vivid-orange-color\">Alexander von der Groeben<\/span><\/td><td class=\"has-text-align-center\" data-align=\"center\"><span class=\"has-inline-color has-pale-cyan-blue-color\">Andreas Spellig<\/span><\/td><\/tr><tr><td class=\"has-text-align-center\" data-align=\"center\"><em>Kanu<\/em><\/td><td class=\"has-text-align-center\" data-align=\"center\"><span class=\"has-inline-color has-vivid-cyan-blue-color\">J\u00f6rg Klawitter, Ann-Kathrin Rose<\/span><\/td><td class=\"has-text-align-center\" data-align=\"center\"><span class=\"has-inline-color has-luminous-vivid-orange-color\">Susanne Simon, Norbert Galeske<\/span><\/td><td class=\"has-text-align-center\" data-align=\"center\"><span class=\"has-inline-color has-pale-cyan-blue-color\">Marc Rohde<\/span><\/td><\/tr><tr><td class=\"has-text-align-center\" data-align=\"center\"><em>Karate<\/em><\/td><td class=\"has-text-align-center\" data-align=\"center\"><span class=\"has-inline-color has-vivid-cyan-blue-color\">Guido De Santis<\/span><\/td><td class=\"has-text-align-center\" data-align=\"center\"><span class=\"has-inline-color has-luminous-vivid-orange-color\">Alexander von der Groeben<\/span><\/td><td class=\"has-text-align-center\" data-align=\"center\"><strong><em>\u2013<\/em><\/strong><\/td><\/tr><tr><td class=\"has-text-align-center\" data-align=\"center\"><em>Leichtathletik<\/em><\/td><td class=\"has-text-align-center\" data-align=\"center\"><span class=\"has-inline-color has-vivid-cyan-blue-color\">Ralf Scholt, Wilfried Hark, Tim Tonder&nbsp;<\/span><\/td><td class=\"has-text-align-center\" data-align=\"center\"><span class=\"has-inline-color has-luminous-vivid-orange-color\">Peter Leissl, Marc Windgassen, Fabian Meseberg<\/span><\/td><td class=\"has-text-align-center\" data-align=\"center\"><span class=\"has-inline-color has-pale-cyan-blue-color\">Sigi Heinrich, Markus R\u00f6hrig<\/span><\/td><\/tr><tr><td class=\"has-text-align-center\" data-align=\"center\"><em>Moderner F\u00fcnfkampf<\/em><\/td><td class=\"has-text-align-center\" data-align=\"center\"><span class=\"has-inline-color has-vivid-cyan-blue-color\">Benedikt Brinsa<\/span><\/td><td class=\"has-text-align-center\" data-align=\"center\"><span class=\"has-inline-color has-luminous-vivid-orange-color\">Heiko Klasen<\/span><\/td><td class=\"has-text-align-center\" data-align=\"center\"><span class=\"has-inline-color has-pale-cyan-blue-color\">Roman Knoblauch<\/span><\/td><\/tr><tr><td class=\"has-text-align-center\" data-align=\"center\"><em>Radsport<\/em><\/td><td class=\"has-text-align-center\" data-align=\"center\"><span class=\"has-inline-color has-vivid-cyan-blue-color\">Florian Na\u00df, Jan Wiecken<\/span><\/td><td class=\"has-text-align-center\" data-align=\"center\"><span class=\"has-inline-color has-luminous-vivid-orange-color\">Michael Kr\u00e4mer, Michael Pfeffer, Peter Leissl<\/span><\/td><td class=\"has-text-align-center\" data-align=\"center\"><span class=\"has-inline-color has-pale-cyan-blue-color\">Guido Heuber, Christian Lichtenberg, Karsten Migels, Ron Ringguth, Nico Zacek<\/span><\/td><\/tr><tr><td class=\"has-text-align-center\" data-align=\"center\"><em>Reitsport<\/em><\/td><td class=\"has-text-align-center\" data-align=\"center\"><span class=\"has-inline-color has-vivid-cyan-blue-color\">Carsten Sostmeier<\/span><\/td><td class=\"has-text-align-center\" data-align=\"center\"><span class=\"has-inline-color has-luminous-vivid-orange-color\">Gert Herrmann<\/span><\/td><td class=\"has-text-align-center\" data-align=\"center\"><span class=\"has-inline-color has-pale-cyan-blue-color\">Dirk-Alexander Lude<\/span><\/td><\/tr><tr><td class=\"has-text-align-center\" data-align=\"center\"><em>Ringen<\/em><\/td><td class=\"has-text-align-center\" data-align=\"center\"><span class=\"has-inline-color has-vivid-cyan-blue-color\">Eik Galley<\/span><\/td><td class=\"has-text-align-center\" data-align=\"center\"><span class=\"has-inline-color has-luminous-vivid-orange-color\">Alexander von der Groeben<\/span><\/td><td class=\"has-text-align-center\" data-align=\"center\"><span class=\"has-inline-color has-pale-cyan-blue-color\">Andreas Spellig<\/span><\/td><\/tr><tr><td class=\"has-text-align-center\" data-align=\"center\"><em>Rudern<\/em><\/td><td class=\"has-text-align-center\" data-align=\"center\"><span class=\"has-inline-color has-vivid-cyan-blue-color\">J\u00f6rg Klawitter<\/span><\/td><td class=\"has-text-align-center\" data-align=\"center\"><span class=\"has-inline-color has-luminous-vivid-orange-color\">Norbert Galeske<\/span><\/td><td class=\"has-text-align-center\" data-align=\"center\"><span class=\"has-inline-color has-pale-cyan-blue-color\">Rolf Kalb<\/span><\/td><\/tr><tr><td class=\"has-text-align-center\" data-align=\"center\"><em>Rugby<\/em><\/td><td class=\"has-text-align-center\" data-align=\"center\"><span class=\"has-inline-color has-vivid-cyan-blue-color\">Peter Grube<\/span><\/td><td class=\"has-text-align-center\" data-align=\"center\"><span class=\"has-inline-color has-luminous-vivid-orange-color\">Oliver Schmidt<\/span><\/td><td class=\"has-text-align-center\" data-align=\"center\"><span class=\"has-inline-color has-pale-cyan-blue-color\">Jan L\u00fcdeke<\/span><\/td><\/tr><tr><td class=\"has-text-align-center\" data-align=\"center\"><em>Schie\u00dfen<\/em><\/td><td class=\"has-text-align-center\" data-align=\"center\"><span class=\"has-inline-color has-vivid-cyan-blue-color\">Eik Galley<\/span><\/td><td class=\"has-text-align-center\" data-align=\"center\"><span class=\"has-inline-color has-luminous-vivid-orange-color\">Tibor Meingast<\/span><\/td><td class=\"has-text-align-center\" data-align=\"center\"><span class=\"has-inline-color has-pale-cyan-blue-color\">Matthias Sandten<\/span><\/td><\/tr><tr><td class=\"has-text-align-center\" data-align=\"center\"><em>Schwimmsport<\/em><\/td><td class=\"has-text-align-center\" data-align=\"center\"><span class=\"has-inline-color has-vivid-cyan-blue-color\">Tom Bartels, Torsten P\u00fcschel, Peter Grube<\/span><\/td><td class=\"has-text-align-center\" data-align=\"center\"><span class=\"has-inline-color has-luminous-vivid-orange-color\">Volker Grube, Andreas K\u00fcrten, Sylvia Warnke, Tibor Meingast, Eike Papsdorf<\/span><\/td><td class=\"has-text-align-center\" data-align=\"center\"><span class=\"has-inline-color has-pale-cyan-blue-color\">Matthias Stach, Birgit Hasselbusch, Guido Heuber, Harry Weber<\/span><\/td><\/tr><tr><td class=\"has-text-align-center\" data-align=\"center\"><em>Segeln<\/em><\/td><td class=\"has-text-align-center\" data-align=\"center\"><span class=\"has-inline-color has-vivid-cyan-blue-color\">Peter Carstens<\/span><\/td><td class=\"has-text-align-center\" data-align=\"center\"><span class=\"has-inline-color has-luminous-vivid-orange-color\">Anna Markfort, Tobias Schadewaldt<\/span><\/td><td class=\"has-text-align-center\" data-align=\"center\"><strong><em>\u2013<\/em><\/strong><\/td><\/tr><tr><td class=\"has-text-align-center\" data-align=\"center\"><em>Skateboard<\/em><\/td><td class=\"has-text-align-center\" data-align=\"center\"><span class=\"has-inline-color has-vivid-cyan-blue-color\">Christian Schwechten<\/span><\/td><td class=\"has-text-align-center\" data-align=\"center\"><span class=\"has-inline-color has-luminous-vivid-orange-color\">Gari Paubandt<\/span><\/td><td class=\"has-text-align-center\" data-align=\"center\"><span class=\"has-inline-color has-pale-cyan-blue-color\">Alexander Schwan<\/span><\/td><\/tr><tr><td class=\"has-text-align-center\" data-align=\"center\"><em>Sportklettern<\/em><\/td><td class=\"has-text-align-center\" data-align=\"center\"><span class=\"has-inline-color has-vivid-cyan-blue-color\">Tobias Barnerssoi<\/span><\/td><td class=\"has-text-align-center\" data-align=\"center\"><span class=\"has-inline-color has-luminous-vivid-orange-color\">Julius Hilfenhaus<\/span><\/td><td class=\"has-text-align-center\" data-align=\"center\"><span class=\"has-inline-color has-pale-cyan-blue-color\">Nico Zacek<\/span><\/td><\/tr><tr><td class=\"has-text-align-center\" data-align=\"center\"><em>Surfen<\/em><\/td><td class=\"has-text-align-center\" data-align=\"center\"><span class=\"has-inline-color has-vivid-cyan-blue-color\">Jan Wiecken<\/span><\/td><td class=\"has-text-align-center\" data-align=\"center\"><span class=\"has-inline-color has-luminous-vivid-orange-color\">Anna Markfort, Tobias Schadewaldt<\/span><\/td><td class=\"has-text-align-center\" data-align=\"center\"><span class=\"has-inline-color has-pale-cyan-blue-color\">Nico Zacek<\/span><\/td><\/tr><tr><td class=\"has-text-align-center\" data-align=\"center\"><em>Taekwondo<\/em><\/td><td class=\"has-text-align-center\" data-align=\"center\"><span class=\"has-inline-color has-vivid-cyan-blue-color\">Guido De Santis<\/span><\/td><td class=\"has-text-align-center\" data-align=\"center\"><span class=\"has-inline-color has-luminous-vivid-orange-color\">Alexander von der Groeben<\/span><\/td><td class=\"has-text-align-center\" data-align=\"center\"><span class=\"has-inline-color has-pale-cyan-blue-color\">Harry Weber<\/span><\/td><\/tr><tr><td class=\"has-text-align-center\" data-align=\"center\"><em>Tennis<\/em><\/td><td class=\"has-text-align-center\" data-align=\"center\"><span class=\"has-inline-color has-vivid-cyan-blue-color\">Matthias Cammann<\/span><\/td><td class=\"has-text-align-center\" data-align=\"center\"><span class=\"has-inline-color has-luminous-vivid-orange-color\">Aris Donzelli<\/span><\/td><td class=\"has-text-align-center\" data-align=\"center\"><span class=\"has-inline-color has-pale-cyan-blue-color\">Philipp Eger, Markus Theil, Oliver Fa\u00dfnacht<\/span><\/td><\/tr><tr><td class=\"has-text-align-center\" data-align=\"center\"><em>Tischtennis<\/em><\/td><td class=\"has-text-align-center\" data-align=\"center\"><span class=\"has-inline-color has-vivid-cyan-blue-color\">Christian Adolph<\/span><\/td><td class=\"has-text-align-center\" data-align=\"center\"><span class=\"has-inline-color has-luminous-vivid-orange-color\">Michael Kreutz<\/span><\/td><td class=\"has-text-align-center\" data-align=\"center\"><span class=\"has-inline-color has-pale-cyan-blue-color\">Dennis Heinemann<\/span><\/td><\/tr><tr><td class=\"has-text-align-center\" data-align=\"center\"><em>Triathlon <\/em><\/td><td class=\"has-text-align-center\" data-align=\"center\"><span class=\"has-inline-color has-vivid-cyan-blue-color\">Dirk Froberg<\/span><\/td><td class=\"has-text-align-center\" data-align=\"center\"><span class=\"has-inline-color has-luminous-vivid-orange-color\">Martin Schneider, Marc Windgassen<\/span><\/td><td class=\"has-text-align-center\" data-align=\"center\"><span class=\"has-inline-color has-pale-cyan-blue-color\">Roman Knoblauch, Roland Knoll<\/span><\/td><\/tr><tr><td class=\"has-text-align-center\" data-align=\"center\"><em>Turnen<\/em><\/td><td class=\"has-text-align-center\" data-align=\"center\"><span class=\"has-inline-color has-vivid-cyan-blue-color\">Philipp Sohmer, Regina Saur<\/span><\/td><td class=\"has-text-align-center\" data-align=\"center\"><span class=\"has-inline-color has-luminous-vivid-orange-color\">Alexander Ruda, Sylvia Warnke<\/span><\/td><td class=\"has-text-align-center\" data-align=\"center\"><span class=\"has-inline-color has-pale-cyan-blue-color\">Sigi Heinrich, Petra Bindl, Guido Heuber, Andreas Spellig<\/span><\/td><\/tr><tr><td class=\"has-text-align-center\" data-align=\"center\"><em>Volleyball<\/em><\/td><td class=\"has-text-align-center\" data-align=\"center\"><span class=\"has-inline-color has-vivid-cyan-blue-color\">Claus Lufen, Thomas Kunze<\/span><\/td><td class=\"has-text-align-center\" data-align=\"center\"><span class=\"has-inline-color has-luminous-vivid-orange-color\">Dirk Berscheidt, Martin Schneider<\/span><\/td><td class=\"has-text-align-center\" data-align=\"center\"><span class=\"has-inline-color has-pale-cyan-blue-color\">Axel Chur, Daniel H\u00f6hr, Robby Hunke<\/span><\/td><\/tr><\/tbody><\/table><figcaption>Tabelle: Olympia-Kommentatoren der jeweiligen Sender nach Sportart<\/figcaption><\/figure>\n<\/div>\n<\/div>\n\n\n\n<p><strong>Ohne Gottlob, mit Kalb<\/strong><\/p>\n\n\n\n<p>Kommentatoren, die wir aus der Fu\u00dfball-Berichterstattung nur zu gut kennen, haben in den kommenden Wochen zum Teil ganz andere Aufgaben. Das zeigt ein Blick aufs ZDF, wo B\u00e9la R\u00e9thy sich um Hockey k\u00fcmmert und Oliver Schmidt sich Rugby zur Gem\u00fcte f\u00fchrt. Martin Schneider, der ja sowohl als Kommentator als auch Field-Reporter eingesetzt wird, begr\u00fc\u00dft die Zuschauer zum Triathlon und Beachvolleyball. ARD-Teamchef Gerd Gottlob&nbsp;setzt als Kommentator ganz aus, Tom Bartels h\u00f6ren wir beim Schwimmen, Florian Na\u00df wenig \u00fcberraschend beim Radsport. F\u00fcr Eurosport ist \u00fcbrigens auch Reporter-Legende Rolf Kalb mit an Bord, den viele blo\u00df vom Snooker kennen. Doch f\u00fcr Kalb ist es auch schon das siebte olympische Turnier, bei dem er Rudern kommentiert.<\/p>\n\n\n\n<p><strong>Gro\u00dfes Experten-Aufgebot bei Eurosport<\/strong><\/p>\n\n\n\n<p>Eurosport tut sich zudem ob seiner zahlreichen Experten f\u00fcr das anstehende Sportevent hervor. Fabian Hamb\u00fcchen spielt dabei eine besonders gro\u00dfe Rolle. Er testet mit den Olympioniken verschiedene Sportarten aus. Vor und w\u00e4hrend der Olympischen Spiele werden 16 Folgen der &#8222;Hamb\u00fcchen Challenge&#8220; in den Eurosport Shows &#8222;Big in Japan&#8220; und auf den Digitalkan\u00e4len von Eurosport zu sehen sein. Daneben setzt Eurosport auf zahlreiche Experten, die sich in ihrem Fach l\u00e4ngst bew\u00e4hrt haben &#8211; wie Mirko Slomka beim Fu\u00dfball und Pascal Hens beim Handball. Alle Experten findet ihr unten in einer kleinen \u00dcbersicht. <\/p>\n\n\n\n<p><strong>ARD<\/strong><\/p>\n\n\n\n<ul class=\"wp-block-list\"><li>Julius Brink<\/li><li>Frank Busemann<\/li><\/ul>\n\n\n\n<p class=\"has-text-align-left\"><strong>ZDF<\/strong><\/p>\n\n\n\n<ul class=\"wp-block-list\"><li>Kristina Vogel (Bahnrad)<\/li><li>Jonas Reckermann (Beachvolleyball)<\/li><li>Philipp Crone (Hockey)<\/li><li>Christian Keller (Schwimmen)<\/li><li>Ronny Ziesmer (Turnen)<\/li><\/ul>\n\n\n\n<p class=\"has-text-align-left\"><strong>Eurosport<\/strong><\/p>\n\n\n\n<ul class=\"wp-block-list\"><li>Fabian Hamb\u00fcchen (Turnen)<\/li><li>Pascal Hens, Maik Thiele (Handball)<\/li><li>Rico Freimuth und Thomas R\u00f6hler (Leichtathletik)<\/li><li>Jens Voigt und Rolf Aldag (Radsport)<\/li><li>Britta Heidemann (Fechten)<\/li><li>Fanny Rinne (Hockey)<\/li><li>Ole Bischof (Judo)<\/li><li>Thomas Rupprath (Schwimmen)<\/li><li>Barbara Rittner und Mischa Zverev (Tennis)<\/li><li>Steffen Fetzner (Tischtennis)<\/li><li>Jan Jagla (Basketball)<\/li><li>Sascha Klein (Wasserspringen)<\/li><li>Mirko Slomka (Fu\u00dfball)<\/li><li>Paul Becker (Beachvolleyball)<\/li><li>Sabine Spitz (Mountainbike)<\/li><li>Yannick Flohe (Klettern)<\/li><li>Quirin Rohleder (Surfen)<\/li><li>Yul Oeltze und Jasmin Schornberg (Kanu)<\/li><li>Thomas Eigenbrodt (Ringen)<\/li><\/ul>\n\n\n\n<p>Bei den Kommentatoren-Ansetzungen der kommenden Tage beschr\u00e4nke ich mich auf die Fu\u00dfballspiele, die Olympia zu bieten hat. Abseits dessen hat Sky Sport News ein paar Testspiele im Programm. Und wie so oft ist auch Sportdigital.FUSSBALL vertreten.<\/p>\n\n\n\n<hr class=\"wp-block-separator\"\/>\n\n\n\n<p><strong><em>Die Ansetzungen vom 20. Juli bis zum 22. Juli 2021<\/em><\/strong><\/p>\n\n\n\n<p><strong>Olympische Spiele, Fu\u00dfball, Frauen, Vorrunde<\/strong><\/p>\n\n\n\n<p><span style=\"text-decoration: underline;\">Mittwoch, 21. Juli 2021, ab 9 Uhr (Eurosport)<\/span><\/p>\n\n\n\n<p><strong><em>Olympia-Konferenz &#8222;Medal Zone&#8220;<\/em><\/strong><\/p>\n\n\n\n<p><span style=\"text-decoration: underline;\">Mittwoch, 21. Juli 2021 (Joyn)<\/span><\/p>\n\n\n\n<p><strong><em>Gro\u00dfbritannien <strong><em>\u2013<\/em><\/strong><\/em><\/strong> <strong><em>Chile&nbsp;(9.30 Uhr)<\/em><\/strong><\/p>\n\n\n\n<p><img loading=\"lazy\" decoding=\"async\" width=\"10\" height=\"21\" class=\"wp-image-3656\" style=\"width: 10px;\" src=\"http:\/\/kommentatorenblog.de\/wp-content\/uploads\/2020\/09\/shure-55sh-ii-e1601485394796.jpg\" alt=\"\" srcset=\"https:\/\/kommentatorenblog.de\/wp-content\/uploads\/2020\/09\/shure-55sh-ii-e1601485394796.jpg 415w, https:\/\/kommentatorenblog.de\/wp-content\/uploads\/2020\/09\/shure-55sh-ii-e1601485394796-142x300.jpg 142w\" sizes=\"auto, (max-width: 10px) 100vw, 10px\" \/> Tobi Fischbeck<\/p>\n\n\n\n<p><strong><em>China <strong><em>\u2013<\/em><\/strong><\/em><\/strong> <strong><em>Brasilien&nbsp;(10.00 Uhr)<\/em><\/strong><\/p>\n\n\n\n<p><img loading=\"lazy\" decoding=\"async\" width=\"10\" height=\"21\" class=\"wp-image-3656\" style=\"width: 10px;\" src=\"http:\/\/kommentatorenblog.de\/wp-content\/uploads\/2020\/09\/shure-55sh-ii-e1601485394796.jpg\" alt=\"\" srcset=\"https:\/\/kommentatorenblog.de\/wp-content\/uploads\/2020\/09\/shure-55sh-ii-e1601485394796.jpg 415w, https:\/\/kommentatorenblog.de\/wp-content\/uploads\/2020\/09\/shure-55sh-ii-e1601485394796-142x300.jpg 142w\" sizes=\"auto, (max-width: 10px) 100vw, 10px\" \/> Markus Theil<\/p>\n\n\n\n<p><strong><em>Schweden <strong><em>\u2013<\/em><\/strong><\/em><\/strong> <strong><em>USA (10.30 Uhr)<\/em><\/strong><\/p>\n\n\n\n<p><img loading=\"lazy\" decoding=\"async\" width=\"10\" height=\"21\" class=\"wp-image-3656\" style=\"width: 10px;\" src=\"http:\/\/kommentatorenblog.de\/wp-content\/uploads\/2020\/09\/shure-55sh-ii-e1601485394796.jpg\" alt=\"\" srcset=\"https:\/\/kommentatorenblog.de\/wp-content\/uploads\/2020\/09\/shure-55sh-ii-e1601485394796.jpg 415w, https:\/\/kommentatorenblog.de\/wp-content\/uploads\/2020\/09\/shure-55sh-ii-e1601485394796-142x300.jpg 142w\" sizes=\"auto, (max-width: 10px) 100vw, 10px\" \/> Matthias Stach<\/p>\n\n\n\n<p><strong><em>Japan <strong><em>\u2013<\/em><\/strong><\/em><\/strong> <strong><em>Kanada&nbsp;(12.30 Uhr)<\/em><\/strong><\/p>\n\n\n\n<p><img loading=\"lazy\" decoding=\"async\" width=\"10\" height=\"21\" class=\"wp-image-3656\" style=\"width: 10px;\" src=\"http:\/\/kommentatorenblog.de\/wp-content\/uploads\/2020\/09\/shure-55sh-ii-e1601485394796.jpg\" alt=\"\" srcset=\"https:\/\/kommentatorenblog.de\/wp-content\/uploads\/2020\/09\/shure-55sh-ii-e1601485394796.jpg 415w, https:\/\/kommentatorenblog.de\/wp-content\/uploads\/2020\/09\/shure-55sh-ii-e1601485394796-142x300.jpg 142w\" sizes=\"auto, (max-width: 10px) 100vw, 10px\" \/> Robby Hunke<\/p>\n\n\n\n<p><strong><em>Sambia <strong><em>\u2013<\/em><\/strong><\/em><\/strong> <strong><em>Niederlande&nbsp;(13.00 Uhr)<\/em><\/strong><\/p>\n\n\n\n<p><img loading=\"lazy\" decoding=\"async\" width=\"10\" height=\"21\" class=\"wp-image-3656\" style=\"width: 10px;\" src=\"http:\/\/kommentatorenblog.de\/wp-content\/uploads\/2020\/09\/shure-55sh-ii-e1601485394796.jpg\" alt=\"\" srcset=\"https:\/\/kommentatorenblog.de\/wp-content\/uploads\/2020\/09\/shure-55sh-ii-e1601485394796.jpg 415w, https:\/\/kommentatorenblog.de\/wp-content\/uploads\/2020\/09\/shure-55sh-ii-e1601485394796-142x300.jpg 142w\" sizes=\"auto, (max-width: 10px) 100vw, 10px\" \/> Lenny Leonhardt&nbsp;<\/p>\n\n\n\n<p><strong><em>Australien <strong><em>\u2013<\/em><\/strong><\/em><\/strong> <strong><em>Neuseeland&nbsp;(13.30 Uhr)<\/em><\/strong><\/p>\n\n\n\n<p><img loading=\"lazy\" decoding=\"async\" width=\"10\" height=\"21\" class=\"wp-image-3656\" style=\"width: 10px;\" src=\"http:\/\/kommentatorenblog.de\/wp-content\/uploads\/2020\/09\/shure-55sh-ii-e1601485394796.jpg\" alt=\"\" srcset=\"https:\/\/kommentatorenblog.de\/wp-content\/uploads\/2020\/09\/shure-55sh-ii-e1601485394796.jpg 415w, https:\/\/kommentatorenblog.de\/wp-content\/uploads\/2020\/09\/shure-55sh-ii-e1601485394796-142x300.jpg 142w\" sizes=\"auto, (max-width: 10px) 100vw, 10px\" \/> Uwe Morawe&nbsp;<\/p>\n\n\n\n<hr class=\"wp-block-separator\"\/>\n\n\n\n<p><strong>Olympische Spiele, Fu\u00dfball, M\u00e4nner, Vorrunde<\/strong><\/p>\n\n\n\n<p><span style=\"text-decoration: underline;\">Donnerstag, 22. Juli 2021, ab 9 Uhr (Eurosport)<\/span><\/p>\n\n\n\n<p><strong><em>Olympia-Konferenz &#8222;Medal Zone&#8220;<\/em><\/strong><\/p>\n\n\n\n<p><span style=\"text-decoration: underline;\">Donnerstag, 22. Juli 2021, ab 13.25 (ARD\/Eurosport)<\/span><\/p>\n\n\n\n<p><strong><em>Deutschland \u2013 Brasilien (13.30 Uhr)<\/em><\/strong><\/p>\n\n\n\n<p>ARD: <img loading=\"lazy\" decoding=\"async\" width=\"10\" height=\"21\" class=\"wp-image-3656\" style=\"width: 10px;\" src=\"http:\/\/kommentatorenblog.de\/wp-content\/uploads\/2020\/09\/shure-55sh-ii-e1601485394796.jpg\" alt=\"\" srcset=\"https:\/\/kommentatorenblog.de\/wp-content\/uploads\/2020\/09\/shure-55sh-ii-e1601485394796.jpg 415w, https:\/\/kommentatorenblog.de\/wp-content\/uploads\/2020\/09\/shure-55sh-ii-e1601485394796-142x300.jpg 142w\" sizes=\"auto, (max-width: 10px) 100vw, 10px\" \/> Bernd Schmelzer<\/p>\n\n\n\n<p>Eurosport: <img loading=\"lazy\" decoding=\"async\" width=\"10\" height=\"21\" class=\"wp-image-3656\" style=\"width: 10px;\" src=\"http:\/\/kommentatorenblog.de\/wp-content\/uploads\/2020\/09\/shure-55sh-ii-e1601485394796.jpg\" alt=\"\" srcset=\"https:\/\/kommentatorenblog.de\/wp-content\/uploads\/2020\/09\/shure-55sh-ii-e1601485394796.jpg 415w, https:\/\/kommentatorenblog.de\/wp-content\/uploads\/2020\/09\/shure-55sh-ii-e1601485394796-142x300.jpg 142w\" sizes=\"auto, (max-width: 10px) 100vw, 10px\" \/> Matthias Stach, Experte: Mirko Slomka<\/p>\n\n\n\n<p><span style=\"text-decoration: underline;\">ab 10.25 Uhr (ARD\/Eurosport)<\/span><\/p>\n\n\n\n<p><strong><em>Elfenbeink\u00fcste \u2013 Saudi-Arabien (10.30 Uhr)<\/em><\/strong><\/p>\n\n\n\n<p>ARD: <img loading=\"lazy\" decoding=\"async\" width=\"10\" height=\"21\" class=\"wp-image-3656\" style=\"width: 10px;\" src=\"http:\/\/kommentatorenblog.de\/wp-content\/uploads\/2020\/09\/shure-55sh-ii-e1601485394796.jpg\" alt=\"\" srcset=\"https:\/\/kommentatorenblog.de\/wp-content\/uploads\/2020\/09\/shure-55sh-ii-e1601485394796.jpg 415w, https:\/\/kommentatorenblog.de\/wp-content\/uploads\/2020\/09\/shure-55sh-ii-e1601485394796-142x300.jpg 142w\" sizes=\"auto, (max-width: 10px) 100vw, 10px\" \/> Stephanie&nbsp;Baczyk<\/p>\n\n\n\n<p>Eurosport: <img loading=\"lazy\" decoding=\"async\" width=\"10\" height=\"21\" class=\"wp-image-3656\" style=\"width: 10px;\" src=\"http:\/\/kommentatorenblog.de\/wp-content\/uploads\/2020\/09\/shure-55sh-ii-e1601485394796.jpg\" alt=\"\" srcset=\"https:\/\/kommentatorenblog.de\/wp-content\/uploads\/2020\/09\/shure-55sh-ii-e1601485394796.jpg 415w, https:\/\/kommentatorenblog.de\/wp-content\/uploads\/2020\/09\/shure-55sh-ii-e1601485394796-142x300.jpg 142w\" sizes=\"auto, (max-width: 10px) 100vw, 10px\" \/> Lenny Leonhardt<\/p>\n\n\n\n<p><span style=\"text-decoration: underline;\">Donnerstag, 22. Juli 2021 (Eurosport)<\/span><\/p>\n\n\n\n<p><strong><em>\u00c4gypten \u2013 Spanien (9.30 Uhr)<\/em><\/strong><\/p>\n\n\n\n<p><img loading=\"lazy\" decoding=\"async\" width=\"10\" height=\"21\" class=\"wp-image-3656\" style=\"width: 10px;\" src=\"http:\/\/kommentatorenblog.de\/wp-content\/uploads\/2020\/09\/shure-55sh-ii-e1601485394796.jpg\" alt=\"\" srcset=\"https:\/\/kommentatorenblog.de\/wp-content\/uploads\/2020\/09\/shure-55sh-ii-e1601485394796.jpg 415w, https:\/\/kommentatorenblog.de\/wp-content\/uploads\/2020\/09\/shure-55sh-ii-e1601485394796-142x300.jpg 142w\" sizes=\"auto, (max-width: 10px) 100vw, 10px\" \/> Markus Theil<\/p>\n\n\n\n<p><strong><em>Mexiko \u2013 Frankreich (10.00 Uhr)<\/em><\/strong><\/p>\n\n\n\n<p><img loading=\"lazy\" decoding=\"async\" width=\"10\" height=\"21\" class=\"wp-image-3656\" style=\"width: 10px;\" src=\"http:\/\/kommentatorenblog.de\/wp-content\/uploads\/2020\/09\/shure-55sh-ii-e1601485394796.jpg\" alt=\"\" srcset=\"https:\/\/kommentatorenblog.de\/wp-content\/uploads\/2020\/09\/shure-55sh-ii-e1601485394796.jpg 415w, https:\/\/kommentatorenblog.de\/wp-content\/uploads\/2020\/09\/shure-55sh-ii-e1601485394796-142x300.jpg 142w\" sizes=\"auto, (max-width: 10px) 100vw, 10px\" \/> Robby Hunke<\/p>\n\n\n\n<p><strong><em>Neuseeland \u2013 S\u00fcdkorea (10.00 Uhr)<\/em><\/strong><\/p>\n\n\n\n<p><img loading=\"lazy\" decoding=\"async\" width=\"10\" height=\"21\" class=\"wp-image-3656\" style=\"width: 10px;\" src=\"http:\/\/kommentatorenblog.de\/wp-content\/uploads\/2020\/09\/shure-55sh-ii-e1601485394796.jpg\" alt=\"\" srcset=\"https:\/\/kommentatorenblog.de\/wp-content\/uploads\/2020\/09\/shure-55sh-ii-e1601485394796.jpg 415w, https:\/\/kommentatorenblog.de\/wp-content\/uploads\/2020\/09\/shure-55sh-ii-e1601485394796-142x300.jpg 142w\" sizes=\"auto, (max-width: 10px) 100vw, 10px\" \/> Christoph Fetzer<\/p>\n\n\n\n<p><strong><em>Argentinien \u2013 Australien (12.30 Uhr)<\/em><\/strong><\/p>\n\n\n\n<p><img loading=\"lazy\" decoding=\"async\" width=\"10\" height=\"21\" class=\"wp-image-3656\" style=\"width: 10px;\" src=\"http:\/\/kommentatorenblog.de\/wp-content\/uploads\/2020\/09\/shure-55sh-ii-e1601485394796.jpg\" alt=\"\" srcset=\"https:\/\/kommentatorenblog.de\/wp-content\/uploads\/2020\/09\/shure-55sh-ii-e1601485394796.jpg 415w, https:\/\/kommentatorenblog.de\/wp-content\/uploads\/2020\/09\/shure-55sh-ii-e1601485394796-142x300.jpg 142w\" sizes=\"auto, (max-width: 10px) 100vw, 10px\" \/> Tobi Fischbeck<\/p>\n\n\n\n<p><strong><em>Honduras \u2013 Rum\u00e4nien (13.00 Uhr)<\/em><\/strong><\/p>\n\n\n\n<p><img loading=\"lazy\" decoding=\"async\" width=\"10\" height=\"21\" class=\"wp-image-3656\" style=\"width: 10px;\" src=\"http:\/\/kommentatorenblog.de\/wp-content\/uploads\/2020\/09\/shure-55sh-ii-e1601485394796.jpg\" alt=\"\" srcset=\"https:\/\/kommentatorenblog.de\/wp-content\/uploads\/2020\/09\/shure-55sh-ii-e1601485394796.jpg 415w, https:\/\/kommentatorenblog.de\/wp-content\/uploads\/2020\/09\/shure-55sh-ii-e1601485394796-142x300.jpg 142w\" sizes=\"auto, (max-width: 10px) 100vw, 10px\" \/> Oliver Fassnacht<\/p>\n\n\n\n<p><strong><em>Japan \u2013 S\u00fcdafrika (13.00 Uhr)<\/em><\/strong><\/p>\n\n\n\n<p><img loading=\"lazy\" decoding=\"async\" width=\"10\" height=\"21\" class=\"wp-image-3656\" style=\"width: 10px;\" src=\"http:\/\/kommentatorenblog.de\/wp-content\/uploads\/2020\/09\/shure-55sh-ii-e1601485394796.jpg\" alt=\"\" srcset=\"https:\/\/kommentatorenblog.de\/wp-content\/uploads\/2020\/09\/shure-55sh-ii-e1601485394796.jpg 415w, https:\/\/kommentatorenblog.de\/wp-content\/uploads\/2020\/09\/shure-55sh-ii-e1601485394796-142x300.jpg 142w\" sizes=\"auto, (max-width: 10px) 100vw, 10px\" \/> Uwe Morawe<\/p>\n\n\n\n<hr class=\"wp-block-separator\"\/>\n\n\n\n<p><strong>Testspiele<\/strong><\/p>\n\n\n\n<p><span style=\"text-decoration: underline;\">Dienstag, 20. Juli 2021, ab 15.55 Uhr (Sky Sport News)<\/span><\/p>\n\n\n\n<p><strong><em>Eintracht Frankfurt \u2013 FC Gie\u00dfen (16.00 Uhr)<\/em><\/strong><\/p>\n\n\n\n<p><img loading=\"lazy\" decoding=\"async\" width=\"10\" height=\"21\" class=\"wp-image-3656\" style=\"width: 10px;\" src=\"http:\/\/kommentatorenblog.de\/wp-content\/uploads\/2020\/09\/shure-55sh-ii-e1601485394796.jpg\" alt=\"\" srcset=\"https:\/\/kommentatorenblog.de\/wp-content\/uploads\/2020\/09\/shure-55sh-ii-e1601485394796.jpg 415w, https:\/\/kommentatorenblog.de\/wp-content\/uploads\/2020\/09\/shure-55sh-ii-e1601485394796-142x300.jpg 142w\" sizes=\"auto, (max-width: 10px) 100vw, 10px\" \/> tba<\/p>\n\n\n\n<p><span style=\"text-decoration: underline;\">ab 17.50 Uhr<\/span><\/p>\n\n\n\n<p><strong><em>Wacker Innsbruck \u2013 FC Liverpool (18.00 Uhr)<\/em><\/strong><\/p>\n\n\n\n<p><img loading=\"lazy\" decoding=\"async\" width=\"10\" height=\"21\" class=\"wp-image-3656\" style=\"width: 10px;\" src=\"http:\/\/kommentatorenblog.de\/wp-content\/uploads\/2020\/09\/shure-55sh-ii-e1601485394796.jpg\" alt=\"\" srcset=\"https:\/\/kommentatorenblog.de\/wp-content\/uploads\/2020\/09\/shure-55sh-ii-e1601485394796.jpg 415w, https:\/\/kommentatorenblog.de\/wp-content\/uploads\/2020\/09\/shure-55sh-ii-e1601485394796-142x300.jpg 142w\" sizes=\"auto, (max-width: 10px) 100vw, 10px\" \/> Joachim Hebel<\/p>\n\n\n\n<p><strong><em>VfB Stuttgart \u2013 FC Liverpool (18.45 Uhr)<\/em><\/strong><\/p>\n\n\n\n<p><img loading=\"lazy\" decoding=\"async\" width=\"10\" height=\"21\" class=\"wp-image-3656\" style=\"width: 10px;\" src=\"http:\/\/kommentatorenblog.de\/wp-content\/uploads\/2020\/09\/shure-55sh-ii-e1601485394796.jpg\" alt=\"\" srcset=\"https:\/\/kommentatorenblog.de\/wp-content\/uploads\/2020\/09\/shure-55sh-ii-e1601485394796.jpg 415w, https:\/\/kommentatorenblog.de\/wp-content\/uploads\/2020\/09\/shure-55sh-ii-e1601485394796-142x300.jpg 142w\" sizes=\"auto, (max-width: 10px) 100vw, 10px\" \/> Joachim Hebel<\/p>\n\n\n\n<p><strong><em>VfB Stuttgart \u2013 Wacker Innsbruck (19.30 Uhr)<\/em><\/strong><\/p>\n\n\n\n<p><img loading=\"lazy\" decoding=\"async\" width=\"10\" height=\"21\" class=\"wp-image-3656\" style=\"width: 10px;\" src=\"http:\/\/kommentatorenblog.de\/wp-content\/uploads\/2020\/09\/shure-55sh-ii-e1601485394796.jpg\" alt=\"\" srcset=\"https:\/\/kommentatorenblog.de\/wp-content\/uploads\/2020\/09\/shure-55sh-ii-e1601485394796.jpg 415w, https:\/\/kommentatorenblog.de\/wp-content\/uploads\/2020\/09\/shure-55sh-ii-e1601485394796-142x300.jpg 142w\" sizes=\"auto, (max-width: 10px) 100vw, 10px\" \/> Joachim Hebel<\/p>\n\n\n\n<hr class=\"wp-block-separator\"\/>\n\n\n\n<p><strong>Internationaler Fussball (Sportdigital FUSSBALL)<\/strong><\/p>\n\n\n\n<p><span style=\"text-decoration: underline;\">Mittwoch, 21. Juli 2021<\/span><\/p>\n\n\n\n<p>Gold Cup, Gruppe C, 3. Spieltag: <strong><em>Costa Rica \u2013 Jamaika (1.00 Uhr)<\/em><\/strong><\/p>\n\n\n\n<p><img loading=\"lazy\" decoding=\"async\" width=\"10\" height=\"21\" class=\"wp-image-3656\" style=\"width: 10px;\" src=\"http:\/\/kommentatorenblog.de\/wp-content\/uploads\/2020\/09\/shure-55sh-ii-e1601485394796.jpg\" alt=\"\" srcset=\"https:\/\/kommentatorenblog.de\/wp-content\/uploads\/2020\/09\/shure-55sh-ii-e1601485394796.jpg 415w, https:\/\/kommentatorenblog.de\/wp-content\/uploads\/2020\/09\/shure-55sh-ii-e1601485394796-142x300.jpg 142w\" sizes=\"auto, (max-width: 10px) 100vw, 10px\" \/> Jonathan Dreier<\/p>\n\n\n\n<p>Gold Cup, Gruppe D, 3. Spieltag: <strong><em>Honduras \u2013 Katar (3.30 Uhr)<\/em><\/strong><\/p>\n\n\n\n<p><img loading=\"lazy\" decoding=\"async\" width=\"10\" height=\"21\" class=\"wp-image-3656\" style=\"width: 10px;\" src=\"http:\/\/kommentatorenblog.de\/wp-content\/uploads\/2020\/09\/shure-55sh-ii-e1601485394796.jpg\" alt=\"\" srcset=\"https:\/\/kommentatorenblog.de\/wp-content\/uploads\/2020\/09\/shure-55sh-ii-e1601485394796.jpg 415w, https:\/\/kommentatorenblog.de\/wp-content\/uploads\/2020\/09\/shure-55sh-ii-e1601485394796-142x300.jpg 142w\" sizes=\"auto, (max-width: 10px) 100vw, 10px\" \/> Jonathan Dreier<\/p>\n\n\n\n<p>Champions League Qualifikation, 2. Runde: <strong><em>PSV Eindhoven \u2013 Galatasaray (21.00 Uhr)<\/em><\/strong><\/p>\n\n\n\n<p><img loading=\"lazy\" decoding=\"async\" width=\"10\" height=\"21\" class=\"wp-image-3656\" style=\"width: 10px;\" src=\"http:\/\/kommentatorenblog.de\/wp-content\/uploads\/2020\/09\/shure-55sh-ii-e1601485394796.jpg\" alt=\"\" srcset=\"https:\/\/kommentatorenblog.de\/wp-content\/uploads\/2020\/09\/shure-55sh-ii-e1601485394796.jpg 415w, https:\/\/kommentatorenblog.de\/wp-content\/uploads\/2020\/09\/shure-55sh-ii-e1601485394796-142x300.jpg 142w\" sizes=\"auto, (max-width: 10px) 100vw, 10px\" \/> Karsten Linke<\/p>\n\n\n\n<p><span style=\"text-decoration: underline;\">Donnerstag, 22. Juli 2021<\/span><\/p>\n\n\n\n<p>Copa Libertadores, Achtelfinale, R\u00fcckspiel: <strong><em>Palmeiras \u2013 Universidad Catolica (0.15 Uhr) <\/em><\/strong><\/p>\n\n\n\n<p><img loading=\"lazy\" decoding=\"async\" width=\"10\" height=\"21\" class=\"wp-image-3656\" style=\"width: 10px;\" src=\"http:\/\/kommentatorenblog.de\/wp-content\/uploads\/2020\/09\/shure-55sh-ii-e1601485394796.jpg\" alt=\"\" srcset=\"https:\/\/kommentatorenblog.de\/wp-content\/uploads\/2020\/09\/shure-55sh-ii-e1601485394796.jpg 415w, https:\/\/kommentatorenblog.de\/wp-content\/uploads\/2020\/09\/shure-55sh-ii-e1601485394796-142x300.jpg 142w\" sizes=\"auto, (max-width: 10px) 100vw, 10px\" \/> Christian Blunck<\/p>\n\n\n\n<p>Copa Libertadores, Achtelfinale, R\u00fcckspiel: <strong><em>Flamengo \u2013 Defensa y Justicia (2.30 Uhr)<\/em><\/strong><\/p>\n\n\n\n<p><img loading=\"lazy\" decoding=\"async\" width=\"10\" height=\"21\" class=\"wp-image-3656\" style=\"width: 10px;\" src=\"http:\/\/kommentatorenblog.de\/wp-content\/uploads\/2020\/09\/shure-55sh-ii-e1601485394796.jpg\" alt=\"\" srcset=\"https:\/\/kommentatorenblog.de\/wp-content\/uploads\/2020\/09\/shure-55sh-ii-e1601485394796.jpg 415w, https:\/\/kommentatorenblog.de\/wp-content\/uploads\/2020\/09\/shure-55sh-ii-e1601485394796-142x300.jpg 142w\" sizes=\"auto, (max-width: 10px) 100vw, 10px\" \/> Ulf Kahmke<\/p>\n\n\n\n<hr class=\"wp-block-separator\"\/>\n\n\n\n<p><strong>Die Analyse<\/strong><\/p>\n\n\n\n<p><strong>Fu\u00dfball schon vor Er\u00f6ffnungsfeier<\/strong><\/p>\n\n\n\n<p>Die Er\u00f6ffnungsfeier der Olympischen Spiele findet erst am Freitag statt. Trotzdem stehen am Mittwoch und Donnerstag bereits Fu\u00dfballspiele auf dem Programm, die wir in den Ansetzungen aufgelistet haben. Ich finde es symptomatisch f\u00fcr den niedrigen Stellenwert des Fu\u00dfballs bei Olympia, dass die Partien bereits vor der eigentlichen Er\u00f6ffnung und somit au\u00dferhalb des eigentlichen Turnier-Rahmens ausgetragen werden. Die Spiele erinnern somit an eine Qualifikation oder ein Preparty-Ticket. Dass einzig Olympia-R\u00fcckkehrer Softball auch schon am Donnerstag dran ist, best\u00e4rkt mich in diesem Eindruck.<\/p>\n\n\n\n<p>Allerdings variiert die Bedeutung des Fu\u00dfballs bei den Olympischen Spielen von Land zu Land. W\u00e4hrend Stefan Kuntz mangels Bereitschaft der Vereine und potenziellen Kandidaten f\u00fcrs DFB-Team nicht einmal die gew\u00fcnschte Anzahl an Spielern zusammenbekommen hat, stehen gleich sechs EM-Teilnehmer im Kader der Spanier. Das w\u00e4re in Deutschland gar nicht m\u00f6glich. In Spanien sind die Vereine dagegen verpflichtet, ihre Spieler f\u00fcr das Olympia-Turnier abzustellen.<\/p>\n\n\n\n<p><strong>Eurosport im Fu\u00dfball-Fieber<\/strong><\/p>\n\n\n\n<p>Und auch von Sender zu Sender wird der Olympia-Fu\u00dfball unterschiedlich gewichtet, wie wir aus den Kommentatoren-Ansetzungen ablesen k\u00f6nnen. Die ARD zeigt am Donnerstag die Partie zwischen Deutschland und Brasilien, versehen mit dem Kommentar von Bernd Schmelzer, sowie das Kr\u00e4ftemessen der deutschen Gruppengegner Elfenbeink\u00fcste und Saudi-Arabien. Stephanie&nbsp;Baczyk kommentiert.<\/p>\n\n\n\n<p>Ansonsten hat Eurosport bzw. Discovery beim Fu\u00dfball die Hoheit und bietet alle Spiele von M\u00e4nnern und Frauen im kostenlosen Live-Stream bei Joyn mit deutschem Kommentar an. Zus\u00e4tzlich gibt es mit der \u201eMedal Zone\u201c eine Art Konferenz, wie wir sie etwa von Dazn kennen. Es wird \u00fcber ein Red Zone Studio aus von Spiel zu Spiel geschaltet. Sprich: Es gibt keinen Konferenz-Kommentator, sondern alle kommentieren jeweils ein komplettes Match. Beim Deutschland-Spiel d\u00fcrfen Matthias Stach und Mirko Slomka ran.<\/p>\n\n\n\n<p><strong>Blunck zwischen Fu\u00dfball und Hockey<\/strong><\/p>\n\n\n\n<p>Abseits der Olympia-Welt zeigt Sky Sport News einige Testspiele am Dienstag. Den Testspiel-Gipfel mit Beteiligung des VfB Stuttgart begleitet Joachim Hebel. Der internationale Fu\u00dfball ist wie immer bunt durchmischt. Wer ein Sportdigital.FUSSBALL-Abo hat, darf sich auf den Gold Cup, die Copa Libertadores sowie die CL-Quali freuen. Unter anderem kommt Christian Blunck zum Zuge, f\u00fcr den es eine abwechslungsreiche Woche wird. F\u00fcr die ARD ist er ja auch beim Hockey im Einsatz.<\/p>\n\n\n\n<p>In diesem Sinne, euch eine sch\u00f6ne Woche und viel Spa\u00df mit den Olympischen Spielen!<\/p>\n","protected":false},"excerpt":{"rendered":"<p>N\u2019Abend allerseits, die Olympischen Sommerspiele in Tokio stehen vor der T\u00fcr. Das gr\u00f6\u00dfte Sportereignis der Welt kommt &#8211; schon wieder &#8211; zur Unzeit. Japan hat j\u00fcngst den Corona-Notstand ausgerufen, der sich \u00fcber die gesamte Dauer der Olympischen Spiele und dar\u00fcber hinaus erstreckt. Das IOC hat seine Hoffnung auf Zuschauer l\u00e4ngst begraben. Damit wird auch die [&hellip;]<\/p>\n","protected":false},"author":2,"featured_media":0,"comment_status":"open","ping_status":"open","sticky":false,"template":"","format":"standard","meta":{"footnotes":""},"categories":[429],"tags":[246,517,19,47,564,57,14,570,99,272,567,274,568,50,38,176,303,109,566,445,569,563,134,273,565,37],"class_list":["post-9864","post","type-post","status-publish","format-standard","hentry","category-diverses","tag-alexander-bommes","tag-anna-kraft","tag-ard","tag-bela-rethy","tag-birgit-noessing","tag-christian-blunck","tag-eurosport","tag-fabian-hambuechen","tag-florian-nass","tag-gerd-gottlob","tag-gerhard-leinauer","tag-jessy-wellmer","tag-joyn","tag-katrin-mueller-hohenstein","tag-martin-schneider","tag-matthias-stach","tag-mirko-slomka","tag-oliver-schmidt","tag-oliver-sequen","tag-pascal-hens","tag-rolf-kalb","tag-rudi-cerne","tag-sportdigital-fussball","tag-tom-bartels","tag-wolfgang-nadvornik","tag-zdf"],"_links":{"self":[{"href":"https:\/\/kommentatorenblog.de\/index.php?rest_route=\/wp\/v2\/posts\/9864","targetHints":{"allow":["GET"]}}],"collection":[{"href":"https:\/\/kommentatorenblog.de\/index.php?rest_route=\/wp\/v2\/posts"}],"about":[{"href":"https:\/\/kommentatorenblog.de\/index.php?rest_route=\/wp\/v2\/types\/post"}],"author":[{"embeddable":true,"href":"https:\/\/kommentatorenblog.de\/index.php?rest_route=\/wp\/v2\/users\/2"}],"replies":[{"embeddable":true,"href":"https:\/\/kommentatorenblog.de\/index.php?rest_route=%2Fwp%2Fv2%2Fcomments&post=9864"}],"version-history":[{"count":28,"href":"https:\/\/kommentatorenblog.de\/index.php?rest_route=\/wp\/v2\/posts\/9864\/revisions"}],"predecessor-version":[{"id":9947,"href":"https:\/\/kommentatorenblog.de\/index.php?rest_route=\/wp\/v2\/posts\/9864\/revisions\/9947"}],"wp:attachment":[{"href":"https:\/\/kommentatorenblog.de\/index.php?rest_route=%2Fwp%2Fv2%2Fmedia&parent=9864"}],"wp:term":[{"taxonomy":"category","embeddable":true,"href":"https:\/\/kommentatorenblog.de\/index.php?rest_route=%2Fwp%2Fv2%2Fcategories&post=9864"},{"taxonomy":"post_tag","embeddable":true,"href":"https:\/\/kommentatorenblog.de\/index.php?rest_route=%2Fwp%2Fv2%2Ftags&post=9864"}],"curies":[{"name":"wp","href":"https:\/\/api.w.org\/{rel}","templated":true}]}}