{"id":990,"date":"2019-12-30T16:19:59","date_gmt":"2019-12-30T16:19:59","guid":{"rendered":"http:\/\/kommentatorenblog.de\/?p=990"},"modified":"2020-12-30T15:46:38","modified_gmt":"2020-12-30T15:46:38","slug":"1044-danke","status":"publish","type":"post","link":"https:\/\/kommentatorenblog.de\/?p=990","title":{"rendered":"1044 \u2013 Danke!"},"content":{"rendered":"\n<p>N\u2019Abend allerseits,<\/p>\n\n\n\n<p>die Zeit zwischen den Jahren erlaubt uns immer mal durchzuatmen &#8211; deshalb gibt\u00b4s auch in dieser Woche einen gesammelten Eintrag f\u00fcr die gesamte Fu\u00dfballwoche. <\/p>\n\n\n\n<p>Hier noch ein paar <strong>Informationen zum Jahresende!<\/strong><\/p>\n\n\n\n<p><strong>zu unserer Website<\/strong><\/p>\n\n\n\n<p>Wir haben diese Woche wieder ein bisschen an unserer Webseite gebastelt. Unsere Social Media &#8211; Accounts sind verlinkt, die @komm_blog &#8211; Interviews mit Jogi Hebel und Christian Stra\u00dfburger findet ihr im Men\u00fc unter &#8222;Interviews&#8220; und den Punkt &#8222;Unter uns&#8220;, der bereits vor der Umgestaltung der Website existierte, f\u00fcllen wir in den n\u00e4chsten Wochen noch mit Leben. Insbesondere die PC-Version der Seite gibt einen guten \u00dcberblick \u00fcber unser Angebot.<\/p>\n\n\n\n<p><strong>zu unserem Konzept<\/strong><\/p>\n\n\n\n<p>Grunds\u00e4tzlich wird alles so weiterlaufen wie bisher bez\u00fcglich Ansetzungen  &amp; Co &#8211; schlie\u00dflich hat es ja \u00fcber ein Jahrzehnt so funktioniert. Wir listen jetzt auch \u00fcberall die Field-Reporter und Interviewer auf &#8211; ein absoluter Mehrwert. Ob wir k\u00fcnftig, wie auf Twitter gew\u00fcnscht, auch die Leiter der Sendungen\/Ablaufredakteure auflisten werden, lasse ich offen &#8211; f\u00fcr viele, viele Jahre \ud83d\ude42 Unsere Seite halten wir nach wie vor ziemlich simpel &#8211; ist ja immer noch ein schlichter Blog. Trotzdem arbeiten wir an neuen Ideen. Die Interviewreihe mit Moderatoren, Kommentatoren, Interviewern etc. f\u00fchren wir fort &#8211; also stay tuned. <\/p>\n\n\n\n<p><strong>zu den Kommentaren<\/strong><\/p>\n\n\n\n<p>Letzten Monat haben wir die Kommentarfunktion wieder dem Schicksal \u00fcberlassen. Die Monate zuvor hatte ich jeden Kommentar erst gelesen und dann freigegeben, weil zuvor sich teils beleidigend, unter anderem gegen\u00fcber dem Leser &#8222;Ralle&#8220;\/&#8220;Forenkult&#8220; , ge\u00e4u\u00dfert wurde. In dieser Woche musste ich wieder Kommentare mit folgenden Inhalten l\u00f6schen: &#8222;Verpiss dich&#8220; oder &#8222;Arschloch&#8220;. Ich denke, dass dies die falsche Plattform f\u00fcr Formulierungen dieser Art ist; Das wei\u00df glaube ich auch jeder &#8211; hoffe ich zumindest! Wenn ich sehe, dass unter einem neuen Beitrag diskutiert und sich ausgetauscht wird, freut mich das. Bleibt sachlich in eurer Kritik. Ich versuche es auch, obwohl ich einige Kommentare inhaltlich als belanglos empfinde. Das war das Wort zum Sonntag!<\/p>\n\n\n\n<p><strong>zu unserem Personal<\/strong><\/p>\n\n\n\n<p>Dennis und ich sind weiterhin mit an Bord. Dieses Jahr haben wir mit Erik und zuletzt mit Nico zwei neue Autoren f\u00fcr unsere Seite gewinnen k\u00f6nnen. Mit dieser Aufstellung gehen wir ins neue Jahr. Wir sind damit komplett und den neuen &#8222;Herausforderungen&#8220; rund um Social Media und der Kooperation mit den Kollegen von FUMS gewappnet. <\/p>\n\n\n\n<p><strong>pers\u00f6nliche Worte von mir<\/strong><\/p>\n\n\n\n<p>Anfang Dezember hatte ich ein sogenanntes Plugin installiert, welches uns aufzeigt, wie viel Aufrufe unser Blog so pro Tag eigentlich hat. Allein die Tatsache, das unter neuen Beitr\u00e4gen mittlerweile teils \u00fcber 50 Kommentare zu finden sind, erf\u00fcllt uns mit Stolz. Niemals h\u00e4tte ich doch damit gerechnet, dass wir teilweise an einem Tag um die 5000 Aufrufe haben. Wenn wir das hochrechnen und in der Zukunft vielleicht sogar noch steigern k\u00f6nnten &#8211; VERR\u00dcCKT!<\/p>\n\n\n\n<p>Danke an wirklich alle Leser &#8211; ob Leute aus der Branche oder einfach nur Fu\u00dfballfans, die unserer &#8222;Special-Interest-Seite&#8220; treu sind. Das motiviert unheimlich, da f\u00fcr einen neuen Eintrag schon mal vier Stunden draufgehen k\u00f6nnen. Ohne Motivation und ohne die Leidenschaft, die wir alle (Leser und Autoren) mitbringen, w\u00fcrde dieses Projekt nicht mehr existieren. <\/p>\n\n\n\n<p>Ich danke insbesondere den Kollegen von Sky, DAZN, thinXpool (verantwortlich f\u00fcr die \u00dcbertragungen bei Magenta Sport) und sportdigital FUSSBALL, die uns immer mit den wichtigste Infos versorgen, wenn wir sie mal wieder nerven. Ja klar ist unsere Seite auch in St\u00fcck weit Werbung f\u00fcr diese Anbieter &#8211; ich bin dennoch der Meinung, das diese Hilfe keine Selbstverst\u00e4ndlichkeit ist. Ich nenne jetzt hier keine Namen. Die Kollegen, die teils auch Leser unseres Blog sind, wissen Bescheid. <\/p>\n\n\n\n<p>Wir sind hier zwar nicht bei &#8222;Wetten, dass..?&#8220;, aber die Danksagung ist noch nicht zu Ende. Ich danke Jogi Hebel und Christian Stra\u00dfburger, dass sie \u00fcber eine Stunde ihres Leben mit mir &#8222;verschwendet&#8220; haben. Die Interviews haben einfach Spa\u00df gemacht und die Endprodukte empfinde ich als sehr gelungen. Hier nochmal der <a href=\"http:\/\/kommentatorenblog.de\/?page_id=1048\">Link zu den Interviews.<\/a><\/p>\n\n\n\n<p>Guten Rutsch w\u00fcnschen wir allen treuen Lesern des Kommentatorenblogs!<\/p>\n\n\n\n<p><em><strong>Die Ansetzungen vom 31. Dezember 2019 bis zum 06. Januar 2020<\/strong><\/em><\/p>\n\n\n\n<p><strong>Premier League<\/strong>,&nbsp;<strong>21. Spieltag<\/strong><\/p>\n\n\n\n<p><span style=\"text-decoration: underline;\">Mittwoch, 01. Januar, ab 13.20 Uhr (Sky)<\/span><\/p>\n\n\n\n<p><strong>Konferenz (13.30 Uhr)<\/strong><\/p>\n\n\n\n<p><em><strong>Brighton &amp; Hove Albion \u2013 FC Chelsea (13.30 Uhr)<\/strong><\/em> &#8211; Stefan Hempel<\/p>\n\n\n\n<p><strong><em>FC Burnley \u2013 Aston Villa (18.30 Uhr)<\/em><\/strong>&nbsp;\u2013 Jogi Hebel <\/p>\n\n\n\n<p><strong>Konferenz (15.30 Uhr)<\/strong><\/p>\n\n\n\n<p><strong><em>Newcastle United \u2013 Leicester City (16.00 Uhr)<\/em><\/strong>&nbsp;\u2013 Markus Gaupp<\/p>\n\n\n\n<p><strong><em>FC Southampton \u2013 Tottenham Hotspur (16.00 Uhr)<\/em><\/strong>&nbsp;\u2013 Toni Tomic<\/p>\n\n\n\n<p><strong><em>FC Watford \u2013 <\/em><\/strong><strong><em>Wolverhampton Wanderers (16.00 Uhr)<\/em><\/strong>&nbsp;\u2013 Klaus Veltmann <\/p>\n\n\n\n<p><strong>Konferenz (18.00 Uhr)<\/strong><\/p>\n\n\n\n<p><strong><em>Manchester City \u2013 FC Everton (18.30 Uhr)<\/em><\/strong>&nbsp;\u2013 Jogi Hebel<\/p>\n\n\n\n<p><em><strong>Norwich City \u2013 Crystal Palace (18.30 Uhr)<\/strong><\/em>&nbsp;\u2013 J\u00fcrgen Schmitz<\/p>\n\n\n\n<p><strong><em>West Ham United  \u2013 AFC Bournemouth (18.30 Uhr)<\/em><\/strong> <em><strong>\u2013<\/strong><\/em> Sven Schr\u00f6ter <\/p>\n\n\n\n<p><span style=\"text-decoration: underline;\">ab 20.30 Uhr (Sky)<\/span><\/p>\n\n\n\n<p><em><strong>FC Arsenal \u2013 <\/strong><\/em> <em><strong>Manchester United<\/strong><\/em> <em><strong>(21.00 Uhr)<\/strong><\/em><\/p>\n\n\n\n<p>Sky: Florian Schmidt-Sommerfeld, Experte: Ren\u00e9 Adler<\/p>\n\n\n\n<p><span style=\"text-decoration: underline;\">Donnerstag, 02. Januar 2020, ab 20.50 Uhr (Sky)<\/span><\/p>\n\n\n\n<p><em><strong>FC Liverpool <\/strong><\/em><em><strong>\u2013 Sheffield United (21.00 Uhr)<\/strong><\/em><\/p>\n\n\n\n<p>Sky: Toni Tomic<\/p>\n\n\n\n<p><strong>Internationaler Fu\u00dfball<\/strong><\/p>\n\n\n\n<p><span style=\"text-decoration: underline;\">Mittwoch, 01. Januar 2020<\/span><\/p>\n\n\n\n<p>Sky Bet Championship, 26. Spieltag:&nbsp;<strong><em>Queens Park Rangers \u2013 Cardiff City (16.00 Uhr)<\/em><\/strong><\/p>\n\n\n\n<p>sportdigital FUSSBALL: Christian Blunck<\/p>\n\n\n\n<p>Sky Bet Championship, 26. Spieltag&nbsp;<strong><em>West Bromwich Albion \u2013 Leeds United (18.15 Uhr)<\/em><\/strong><\/p>\n\n\n\n<p>sportdigital FUSSBALL: Florian Obst<\/p>\n\n\n\n<p>DAZN: Uli Hebel<\/p>\n\n\n\n<p><span style=\"text-decoration: underline;\">Donnerstag, 02. Januar 2020<\/span><\/p>\n\n\n\n<p>Sky Bet Championship, 26. Spieltag:&nbsp;<strong><em>Derby County \u2013 FC Barnsley<\/em><\/strong>&nbsp;<em><strong>(20.45 Uhr)<\/strong><\/em><\/p>\n\n\n\n<p>sportdigital FUSSBALL: Florian Obst<\/p>\n\n\n\n<p><span style=\"text-decoration: underline;\">Freitag, 03. Januar 2020<\/span><\/p>\n\n\n\n<p>La Liga, 19. Spieltag: <strong><em>FC Sevilla \u2013 Athletic Bilbao (21.00 Uhr)<\/em><\/strong><\/p>\n\n\n\n<p>DAZN: Uwe Morawe<\/p>\n\n\n\n<p><span style=\"text-decoration: underline;\">Samstag, 04. Januar 2020<\/span><\/p>\n\n\n\n<p>Hyundai A-League, 13.&nbsp;Spieltag:&nbsp;<strong><em>Sydney FC \u2013<\/em><\/strong>&nbsp;<strong><em>Adelaide United<\/em><\/strong>&nbsp;<strong><em>(09.35 Uhr)<\/em><\/strong><\/p>\n\n\n\n<p>sportdigital FUSSBALL: Florian Obst<\/p>\n\n\n\n<p>La Liga, 19. Spieltag: <strong><em>FC Valencia \u2013&nbsp;SD Eibar (13.00 Uhr)<\/em><\/strong><\/p>\n\n\n\n<p>DAZN: Marcel Seufert<\/p>\n\n\n\n<p>FA Cup, 1\/32-Finale:<strong><em> Rochdale AFC \u2013&nbsp; Newcastle United (13.30 Uhr)<\/em><\/strong><\/p>\n\n\n\n<p>DAZN: Franz B\u00fcchner<\/p>\n\n\n\n<p>La Liga, 19. Spieltag: <strong><em>FC<\/em><\/strong> <strong><em>Getafe \u2013&nbsp;Real Madrid (16.00 Uhr)<\/em><\/strong><\/p>\n\n\n\n<p>DAZN: Robby Hunke, Experte: Sebastian Knei\u00dfl <\/p>\n\n\n\n<p>FA Cup, 1\/32-Finale:<strong><em> FC Southampton \u2013&nbsp;Huddersfield Town (16.00 Uhr)<\/em><\/strong><\/p>\n\n\n\n<p>DAZN: Tobi Fischbeck<\/p>\n\n\n\n<p>FA Cup, 1\/32-Finale:<strong><em> FC Fulham \u2013&nbsp;Aston Villa (16.00 Uhr)<\/em><\/strong><\/p>\n\n\n\n<p>DAZN: Daniel G\u00fcnther<\/p>\n\n\n\n<p>FA Cup, 1\/32-Finale:<strong><em> Preston North End \u2013 Norwich City (16.00 Uhr)<\/em><\/strong><\/p>\n\n\n\n<p>DAZN: Andreas Renner&nbsp;<\/p>\n\n\n\n<p>La Liga, 19. Spieltag: <strong><em>Atl\u00e9tico Madrid \u2013 UD Levante (18.30 Uhr)<\/em><\/strong><\/p>\n\n\n\n<p>DAZN: Matthias Naebers <\/p>\n\n\n\n<p>FA Cup, 1\/32-Finale:<strong><em> Leicester City \u2013 Wigan Athletic (18.30 Uhr)<\/em><\/strong><\/p>\n\n\n\n<p>DAZN: Uwe Morawe<\/p>\n\n\n\n<p>FA Cup, 1\/32-Finale: <strong><em>Wolverhampton Wanderers \u2013 Manchester United (18.30 Uhr)<\/em><\/strong><\/p>\n\n\n\n<p>DAZN: Marco Hagemann, Experte: Ralph Gunesch<\/p>\n\n\n\n<p>FA Cup, 1\/32-Finale: <strong><em>Manchester City \u2013 Port Vale (18.30 Uhr)<\/em><\/strong><\/p>\n\n\n\n<p>DAZN: Uli Hebel<\/p>\n\n\n\n<p>La Liga, 19. Spieltag: <strong><em>Espanyol Barcelona \u2013 FC Barcelona (21.00 Uhr)<\/em><\/strong><\/p>\n\n\n\n<p>DAZN: Jan Platte, Experte: Benny Lauth <\/p>\n\n\n\n<p>Liga NOS, 15. Spieltag: <strong><em>Vitoria Guimaraes \u2013 Benfica Lissabon (21.30 Uhr)<\/em><\/strong><\/p>\n\n\n\n<p>sportdigital FUSSBALL: Christian Blunck <\/p>\n\n\n\n<p><span style=\"text-decoration: underline;\">Sonntag, 05. Januar 2020<\/span><\/p>\n\n\n\n<p>Serie A, 18. Spieltag: <strong><em>Brescia \u2013 Lazio Rom (12.30 Uhr)<\/em><\/strong><\/p>\n\n\n\n<p>DAZN: Daniel G\u00fcnther<\/p>\n\n\n\n<p>FA Cup, 1\/32-Finale: <strong><em>Crystal Palace \u2013 Derby County (15.00 Uhr)<\/em><\/strong><\/p>\n\n\n\n<p>DAZN: Marcel Seufert<\/p>\n\n\n\n<p>FA Cup, 1\/32-Finale:<strong><em> FC Chelsea \u2013 Nottingham Forest (15.00 Uhr)<\/em><\/strong><\/p>\n\n\n\n<p>DAZN: Uli Hebel<\/p>\n\n\n\n<p>FA Cup, 1\/32-Finale:<strong><em> Middlesbrough FC \u2013 Tottenham Hotspur (15.00 Uhr)<\/em><\/strong><\/p>\n\n\n\n<p>DAZN: Robby Hunke&nbsp;<\/p>\n\n\n\n<p>FA Cup, 1\/32-Finale:<strong><em> Sheffield United \u2013 Fylde (15.00 Uhr)<\/em><\/strong><\/p>\n\n\n\n<p>DAZN: David Ploch&nbsp;<\/p>\n\n\n\n<p>FA Cup, 1\/32-Finale:<strong><em> FC Liverpool \u2013 FC Everton (17.00 Uhr)<\/em><\/strong><\/p>\n\n\n\n<p>DAZN: Marco Hagemann, Experte: Sebastian Knei\u00dfl<\/p>\n\n\n\n<p>Moderation (DAZN): Tobi Wahnschaffe<\/p>\n\n\n\n<p>Liga NOS, 15. Spieltag: <strong><em>Sporting Lissabon \u2013 FC Porto (18.30 Uhr)<\/em><\/strong><\/p>\n\n\n\n<p>sportdigital FUSSBALL: Karsten Linke<\/p>\n\n\n\n<p>DAZN: Matthias Naebers <\/p>\n\n\n\n<p>Serie A, 18. Spieltag: <strong><em>AS Rom \u2013 FC Turin (20.45 Uhr)<\/em><\/strong><\/p>\n\n\n\n<p>DAZN: Flo Hauser<\/p>\n\n\n\n<p>Liga NOS, 15. Spieltag: <strong><em>FC Famalicao \u2013 Vitoria Setubal (21.00 Uhr)<\/em><\/strong><\/p>\n\n\n\n<p>sportdigital FUSSBALL: Karsten Linke <\/p>\n\n\n\n<p><span style=\"text-decoration: underline;\">Montag, 06. Januar 2020<\/span><\/p>\n\n\n\n<p>Serie A, 18. Spieltag: <strong><em>Juventus Turin \u2013 Cagliari Calcio (15.00 Uhr)<\/em><\/strong><\/p>\n\n\n\n<p>DAZN: Carsten Fu\u00df, Experte: Helge Payer<\/p>\n\n\n\n<p>Serie A, 18. Spieltag: <strong><em>SSC Neapel \u2013 Inter Mailand (20.45 Uhr)<\/em><\/strong><\/p>\n\n\n\n<p>DAZN: Marco Hagemann, Experte: Ralph Gunesch <\/p>\n\n\n\n<p>FA Cup, 1\/32-Finale:<strong><em> FC Arsenal \u2013 Leeds United (21.00 Uhr)<\/em><\/strong><\/p>\n\n\n\n<p>DAZN: Uli Hebel, Experte: Benny Lauth<\/p>\n\n\n\n<p><strong>Die Analyse<\/strong><\/p>\n\n\n\n<p><strong>Verschiedene Gem\u00fctslagen am Boxing Day<\/strong><\/p>\n\n\n\n<p>Die Konferenz am BoxingDay bei Sky schauten nur 90.000 im Schnitt &#8211; entt\u00e4uschende Quote. Ein voller Erfolg war hingegen das Topspiel zwischen Leicester und Liverpool. Im Schnitt verfolgten 230.000 Zuschauer die Partie. Nach dem Boxing Day und den Spielen am vergangenen Wochenende, stehen jetzt die Spiele an Neujahr an. Mann der Stunde nach wie vor: Jogi Hebel. Neujahr h\u00f6ren wir ihn sogar zweimal in unterschiedlichen Konferenzen &#8211; sonst gibt\u00b4s keine \u00dcberraschungen bei Sky. <\/p>\n\n\n\n<p><strong>Topspiel in der EFL<\/strong><\/p>\n\n\n\n<p>Das Topspiel in der EFL zwischen Leeds und West Bromwich \u00fcbernimmt bei DAZN nat\u00fcrlich Uli Hebel. Nach dem Wegfall der Premier League bei DAZN besitzt er quasi ein Dauerabo bei Championship-Spielen. sportdigital Fussball zeigt die Partie ebenfalls. Florian Obst \u00fcbernimmt sowohl hier, als auch am Donnerstag bei Barnsley gegen Derby County,  den Kommentar. <\/p>\n\n\n\n<p><strong>Die volle Dr\u00f6hnung FA-Cup, Stadtderbys in La Liga und Inter-Napoli<\/strong><\/p>\n\n\n\n<p>Gro\u00dfkampftage gibt\u00b4s am Wochenende bei DAZN aufgrund des FA-Cups. Der Streamingdienst \u00fcbertr\u00e4gt die wichtigsten Spiele &#8211; insgesamt 13 an der Zahl. Ein Spiel ist den Programmchefs des Senders &#8222;sogar&#8220; einen Moderator wert. Allzweckwaffe Tobi Wahnschaffe moderiert Everton gegen Liverpool zusammen mit Experte Sebastian Knei\u00dfl. Kommentar zu dieser Begegnung liefert der Ex-Profi mit Marco Hagemann. <\/p>\n\n\n\n<p>Dazu kommen noch die \u00fcblichen \u00dcbertragungen der Serie A und von La Liga. Das Stadtderby zwischen dem FC und Espanyol Barcelona kommentiert nat\u00fcrlich Jan Platte &#8211; nicht Jonas Hummels, sondern Benny Lauth ist Experte an seiner Seite. Real Madrid, die gegen den Madrider Vorstadtklub aus Getafe antreteten, \u00fcbernehmen Hunke und Knei\u00dfl. Das eingespielte Duo Hagemann und Gunesch, werden das Topspiel der Serie A zwischen Inter Mailand und dem SSC Neapel kommentieren. <\/p>\n\n\n\n<p>Sch\u00f6ne Fu\u00dfballwoche und einen guten Rutsch!<\/p>\n","protected":false},"excerpt":{"rendered":"<p>N\u2019Abend allerseits, die Zeit zwischen den Jahren erlaubt uns immer mal durchzuatmen &#8211; deshalb gibt\u00b4s auch in dieser Woche einen gesammelten Eintrag f\u00fcr die gesamte Fu\u00dfballwoche. Hier noch ein paar Informationen zum Jahresende! zu unserer Website Wir haben diese Woche wieder ein bisschen an unserer Webseite gebastelt. Unsere Social Media &#8211; Accounts sind verlinkt, die [&hellip;]<\/p>\n","protected":false},"author":3,"featured_media":0,"comment_status":"open","ping_status":"open","sticky":false,"template":"","format":"standard","meta":{"footnotes":""},"categories":[429],"tags":[57,13,221,220,89,179,48,103,86,59,53,159,79,43,223,23,108,84,162,222,127,22,81,134,28,27,24,105,149],"class_list":["post-990","post","type-post","status-publish","format-standard","hentry","category-diverses","tag-christian-blunck","tag-dazn","tag-fa-cup","tag-florian-obst","tag-florian-schmidt-sommerfeld","tag-hyundai-a-league","tag-jan-platte","tag-jogi-hebel","tag-juergen-schmitz","tag-karsten-linke","tag-klaus-veltmann","tag-la-liga","tag-liga-nos","tag-marco-hagemann","tag-matthias-naebers","tag-premier-league","tag-ralph-gunesch","tag-rene-adler","tag-robby-hunke","tag-sebastian-kneissl","tag-serie-a","tag-sky","tag-sky-bet-championship","tag-sportdigital-fussball","tag-stefan-hempel","tag-sven-schroeter","tag-toni-tomic","tag-uli-hebel","tag-uwe-morawe"],"_links":{"self":[{"href":"https:\/\/kommentatorenblog.de\/index.php?rest_route=\/wp\/v2\/posts\/990","targetHints":{"allow":["GET"]}}],"collection":[{"href":"https:\/\/kommentatorenblog.de\/index.php?rest_route=\/wp\/v2\/posts"}],"about":[{"href":"https:\/\/kommentatorenblog.de\/index.php?rest_route=\/wp\/v2\/types\/post"}],"author":[{"embeddable":true,"href":"https:\/\/kommentatorenblog.de\/index.php?rest_route=\/wp\/v2\/users\/3"}],"replies":[{"embeddable":true,"href":"https:\/\/kommentatorenblog.de\/index.php?rest_route=%2Fwp%2Fv2%2Fcomments&post=990"}],"version-history":[{"count":43,"href":"https:\/\/kommentatorenblog.de\/index.php?rest_route=\/wp\/v2\/posts\/990\/revisions"}],"predecessor-version":[{"id":1103,"href":"https:\/\/kommentatorenblog.de\/index.php?rest_route=\/wp\/v2\/posts\/990\/revisions\/1103"}],"wp:attachment":[{"href":"https:\/\/kommentatorenblog.de\/index.php?rest_route=%2Fwp%2Fv2%2Fmedia&parent=990"}],"wp:term":[{"taxonomy":"category","embeddable":true,"href":"https:\/\/kommentatorenblog.de\/index.php?rest_route=%2Fwp%2Fv2%2Fcategories&post=990"},{"taxonomy":"post_tag","embeddable":true,"href":"https:\/\/kommentatorenblog.de\/index.php?rest_route=%2Fwp%2Fv2%2Ftags&post=990"}],"curies":[{"name":"wp","href":"https:\/\/api.w.org\/{rel}","templated":true}]}}