{"id":9939,"date":"2021-07-29T21:47:34","date_gmt":"2021-07-29T19:47:34","guid":{"rendered":"http:\/\/kommentatorenblog.de\/?p=9939"},"modified":"2021-08-01T14:46:31","modified_gmt":"2021-08-01T12:46:31","slug":"1186-die-medaillen-hoffnungen-der-naechsten-tage","status":"publish","type":"post","link":"https:\/\/kommentatorenblog.de\/?p=9939","title":{"rendered":"1186 \u2013 Die Medaillen-Hoffnungen der n\u00e4chsten Tage"},"content":{"rendered":"\n<p>N\u2019Abend allerseits,<\/p>\n\n\n\n<p>wer lediglich Fu\u00dfball verfolgt, f\u00fcr den sind die Olympischen Spiele in Tokio zumindest aus deutscher Sicht bereits gegessen. Die deutschen Frauen haben sich durch das Ausscheiden im Viertelfinale der EM 2019 gar nicht erst qualifiziert. F\u00fcr die Mannschaft von Stefan Kuntz ist nach einer entt\u00e4uschenden Vorrunde Schluss. Alle drei Partien waren bezeichnend f\u00fcr das holprige Auftreten der \u201eDFB-Notauswahl\u201c bei den Sommerspielen in Tokio.<\/p>\n\n\n\n<p><strong>Viele Wettkampf-Entscheidungen stehen an<\/strong><\/p>\n\n\n\n<p>Doch die meisten von euch haben sich nicht ausschlie\u00dflich dem Fu\u00dfball verschrieben, sondern verfolgen auch gebannt die entscheidenden Wettkampftage der anderen Sportarten. Davon gibt es in den kommenden Tagen einige. Deshalb habe ich mal versucht aufzuf\u00fchren, wann deutsche Athletinnen und Athleten in den kommenden Tagen Chancen auf eine Medaille haben und wann ihr dementsprechend den Fernseher oder Stream anschmei\u00dfen solltet.<\/p>\n\n\n\n<p>Angegeben sind immer die Finalspiele zur deutschen Zeit. Seht es mir nach, dass ich mich auf den Zeitraum unserer Ansetzungen beschr\u00e4nke und kein Anspruch auf Vollst\u00e4ndigkeit besteht. In den Kommentaren k\u00f6nnt ihr gerne erg\u00e4nzen! Und wie immer gilt: Wer will, springt sofort unten in die Ansetzungen.&nbsp;<\/p>\n\n\n\n<p><strong>Leichtathletik<\/strong><\/p>\n\n\n\n<p>Ich beginne mit Leichtathletik, da mich diese Sportarten bei Olympia am meisten begeistern und aktuell noch keine Wettbewerbe stattfanden. Das \u00e4ndert sich am Samstag. In der Disziplin <strong><em>Diskuswerfen<\/em><\/strong> ruhen die Hoffnungen auf <strong>Daniel Jasinski<\/strong>, der sich in Rio 2016 Bronze sicherte. Ob er seinen Erfolg wiederholen oder gar \u00fcberbieten kann, sehen wir im Finale am <strong>Samstag ab 13.15 Uhr<\/strong>, sofern er sich daf\u00fcr qualifiziert. Bei den Damen ist&nbsp;<strong>Kristin Pudenz<\/strong>&nbsp;f\u00fcr eine Medaille gut, sie darf hoffentlich am <strong>Montag ab 13 Uhr<\/strong> ran.<\/p>\n\n\n\n<p>Noch besser stehen die Chancen bei <strong>Christina Schwanitz<\/strong>, die im <strong><em>Kugelsto\u00dfen<\/em><\/strong> auf Rang zwei der Weltrangliste steht. Bei ihren vierten Olympischen Spielen will die 35-J\u00e4hrige ganz oben mitmischen. Wer zuschauen will, muss allerdings Nachteule sein oder eine langweilige Nachtschicht schieben. Denn das Finale findet am fr\u00fchen <strong>Sonntagmorgen um 3.35 Uhr<\/strong> statt.<\/p>\n\n\n\n<p>Gespannt bin ich auch auf <strong>Mateusz Przybylko<\/strong>. Der Bielefelder ist beim <strong><em>Hochsprung<\/em><\/strong> zwar kein Favorit auf die Medaillenpl\u00e4tze, hat aber 2018 schon gezeigt, dass er es drauf hat. Damals wurde er Europameister. In seinem ersten Versuch, bei Olympia zu brillieren, schaffte er es 2016 nicht ins Finale. Sollte es \u201ePritsche\u201c in diesem Jahr packen, k\u00f6nnen wir ihn am <strong>Sonntagmittag um 12.10 Uhr<\/strong> sehen. Daf\u00fcr muss er seiner eigenen Bestmarke (2,35 Meter) aber schon sehr nahe kommen.<\/p>\n\n\n\n<p><strong>Radsport<\/strong><\/p>\n\n\n\n<p>Immer f\u00fcr eine Medaille gut sind die deutschen Athletinnen und Athleten in der Disziplin <strong><em>Bahnrad<\/em><\/strong>. Am <strong>Montag um 11 Uhr<\/strong> l\u00e4uft das Finale im Teamsprint. <strong>Emma Hinze <\/strong>hat den Auftrag, die deutschen Frauen zu einer Medaille zu f\u00fchren. Bei der WM 2020 gewann sie gleich drei Goldmedaillen &#8211; unter anderem im Teamsprint.<\/p>\n\n\n\n<p><strong>Reitsport<\/strong><\/p>\n\n\n\n<p>Ebenfalls gute Chancen haben die Deutschen im Reitsport. Am Montag ist <strong>Michael Jung<\/strong> &#8211; Olympiasieger von London und Rio &#8211; in der Disziplin <strong><em>Vielseitigkeit<\/em><\/strong> gefordert. Sein Ziel ist eine Medaille. Ob der mehrfache Vielseitigkeits-Champion sein Vorhaben umsetzen kann, sehen wir am <strong>Montag<\/strong>. Zun\u00e4chst ab <strong>10 Uhr<\/strong> im Team- und dann ab <strong>13.45 Uhr<\/strong> im Einzelwettbewerb.&nbsp;<\/p>\n\n\n\n<p><strong>Rudern<\/strong><\/p>\n\n\n\n<p>Ich mag grunds\u00e4tzlich jene Sportarten und Disziplinen, wo es darum geht, wer als erstes die Ziellinie \u00fcberquert. Also auch Rudern. Doch aufgrund der Uhrzeit werde ich es nicht mehr live verfolgen. Heute Morgen ist Ruder-Ass Oliver Zeidler \u00fcberraschend im Einer-Halbfinale ausgeschieden. Den Deutschen bleibt in der Nacht jedoch die Medaillen-Hoffnung beim <strong><em>Achter<\/em><\/strong>. Am <strong>Freitag ab 3.25 Uhr<\/strong> wird sich zeigen, ob die Hoffnungen berechtigt sind.<\/p>\n\n\n\n<p><strong>Gewichtheben<\/strong><\/p>\n\n\n\n<p>Wer sich am Samstagmorgen mit Olympia berieseln lassen m\u00f6chte, kann <strong>Nico M\u00fcller<\/strong> verfolgen, der im Gewichtheben sein K\u00f6nnen beweisen will. Laut seinem Coach Oliver Caruso, der selbst einst Bronze holte, hat sich M\u00fcller zu einem der besten Athleten in seiner Klasse (<strong><em>Mittelgewicht<\/em><\/strong>) entwickelt. Doch die Leistungsdichte sei enorm. Sein Auftritt am <strong>Samstag ab 9 Uhr<\/strong> d\u00fcrfte eine Wundert\u00fcte werden.&nbsp;<\/p>\n\n\n\n<p><strong>Schie\u00dfen<\/strong><\/p>\n\n\n\n<p>Im Schie\u00dfen war Deutschland 2016 in Rio sehr erfolgreich. Damals gab es drei Gold- und zwei Silbermedaillen. In diesem Jahr warten wir noch auf die erste Medaille &#8211; und es stehen nur noch f\u00fcnf Wettbewerbe aus. Immerhin: An der <strong><em>Schnellfeuerpistole <\/em><\/strong>\u00fcber 25 Meter<strong> <\/strong>z\u00e4hlen&nbsp;<strong>Christian Reitz<\/strong>&nbsp;und&nbsp;<strong>Oliver Geis<\/strong>&nbsp;zu den Top-Favoriten. Das Finale erwartet uns am <strong>Montag um 7.30 Uhr<\/strong>.<\/p>\n\n\n\n<p><strong>Schwimmsport<\/strong><\/p>\n\n\n\n<p>Beim Schwimmen stechen insbesondere <strong>Florian Wellbrock<\/strong> und <strong>Sarah K\u00f6hler<\/strong> hervor &#8211; die \u00fcbrigens frisch miteinander verlobt sind. Das tut nichts weiter zur Sache, k\u00f6nnte aber eine sch\u00f6ne Olympia-Geschichte werden, wenn sie denn am Ende triumphieren. Die Finals im <strong><em>Freistil-Schwimmen <\/em><\/strong>gibt es in Tokio am Morgen, also bei uns mitten in der Nacht. Sarah K\u00f6hler will am <strong>Samstag ab 3.45 Uhr<\/strong> \u00fcber 800 Meter nach einer Medaille greifen, Wellbrock ist einen Tag sp\u00e4ter dran. Ebenfalls um <strong>3.45 Uhr, am Sonntag<\/strong>, m\u00f6chte er sich \u00fcber 1500 Meter beweisen.<\/p>\n\n\n\n<p>In einer der vielleicht \u00e4sthetischsten Disziplinen, <strong><em>Wasserspringen<\/em><\/strong>, haben Tina Punzel und Lena Hentschel die Bronze-Medaille einget\u00fctet. Vielleicht gibt der Erfolg im Synchronspringen vom Drei-Meter-Brett dem Team Auftrieb. Am <strong>Sonntag um 8 Uhr<\/strong> will sich <strong>Tina Punzel<\/strong> allein behaupten &#8211; beim Kunstspringen vom 3-Meter-Brett.<\/p>\n\n\n\n<p><strong>Segeln<\/strong><\/p>\n\n\n\n<p>Auf dem Wasser pochen auch die Segler auf eine Medaille.&nbsp;<strong>Philipp Buhl<\/strong>&nbsp;geh\u00f6rt als <em><strong>Laser<\/strong><\/em>-Weltmeister zum Favoritenkreis. F\u00fcr ihn wird es Sonntag ab 7.30 Uhr ernst. Und auch im <strong><em>49er<\/em><\/strong> will das Bronze-Duo aus Rio seine St\u00e4rke demonstrieren. <strong>Erik Heil <\/strong>und<strong> Thomas Pl\u00f6\u00dfel<\/strong> werden am Montag ab 8.30 Uhr auf die entscheidende Probe gestellt, sofern die zweite Halbzeit ihrer Serie (ab Freitag) gut l\u00e4uft.<\/p>\n\n\n\n<p><strong>Tischtennis<\/strong><\/p>\n\n\n\n<p>In einem regelrechten Drama ist <strong>Dimitrij Ovtcharov<\/strong> heute im Tischtennis-Halbfinale am Chinesen Ma Long gescheitert. Auch wenn sich das Finale f\u00fcr ihn damit erledigt hat, k\u00e4mpft der 32-J\u00e4hrige am <strong>Freitag um 13 Uhr<\/strong> immerhin noch um die Bronze-Medaille.<\/p>\n\n\n\n<p><strong>Turnen<\/strong><\/p>\n\n\n\n<p>Ich schlie\u00dfe ab, wie ich begonnen habe: n\u00e4mlich mit einer meiner olympischen Lieblingssportarten: Turnen. Am Reck sind leider alle Deutschen schon ausgeschieden. Am <strong><em>Stufenbarren<\/em><\/strong> ist <strong>Elisabeth Seitz<\/strong> die verbleibende deutsche Medaillenhoffnung. Sie hat im Mehrkampf-Finale die Top Ten erreicht. Vielleicht geht beim Stufenbarren-Finale am <strong>Sonntag um 12.30 Uhr<\/strong> ja noch mehr.<\/p>\n\n\n\n<p>Und nun weiter mit dem Tagesgesch\u00e4ft.<\/p>\n\n\n\n<p><strong><em>Die Ansetzungen vom 30. Juli bis zum 2. August 2021<\/em><\/strong><\/p>\n\n\n\n<p><strong>2<\/strong>. <strong>Bundesliga, 02. Spieltag<\/strong><\/p>\n\n\n\n<p><span style=\"text-decoration: underline;\">Freitag, 30. Juli 2021, ab 18.00 Uhr (Sky)<\/span> <\/p>\n\n\n\n<p><strong><em>Konferenz (18.30 Uhr) <\/em><\/strong><\/p>\n\n\n\n<p><img loading=\"lazy\" decoding=\"async\" width=\"10\" height=\"21\" class=\"wp-image-3656\" style=\"width: 10px;\" src=\"http:\/\/kommentatorenblog.de\/wp-content\/uploads\/2020\/09\/shure-55sh-ii-e1601485394796.jpg\" alt=\"\" srcset=\"https:\/\/kommentatorenblog.de\/wp-content\/uploads\/2020\/09\/shure-55sh-ii-e1601485394796.jpg 415w, https:\/\/kommentatorenblog.de\/wp-content\/uploads\/2020\/09\/shure-55sh-ii-e1601485394796-142x300.jpg 142w\" sizes=\"auto, (max-width: 10px) 100vw, 10px\" \/> Klaus Veltman <\/p>\n\n\n\n<p><strong><em>Karlsruher SC \u2013 SV Darmstadt 98 (18.30 Uhr) <\/em><\/strong><\/p>\n\n\n\n<p><img loading=\"lazy\" decoding=\"async\" width=\"10\" height=\"21\" class=\"wp-image-3656\" style=\"width: 10px;\" src=\"http:\/\/kommentatorenblog.de\/wp-content\/uploads\/2020\/09\/shure-55sh-ii-e1601485394796.jpg\" alt=\"\" srcset=\"https:\/\/kommentatorenblog.de\/wp-content\/uploads\/2020\/09\/shure-55sh-ii-e1601485394796.jpg 415w, https:\/\/kommentatorenblog.de\/wp-content\/uploads\/2020\/09\/shure-55sh-ii-e1601485394796-142x300.jpg 142w\" sizes=\"auto, (max-width: 10px) 100vw, 10px\" \/> Sven Schr\u00f6ter, Interviews: Schalte<\/p>\n\n\n\n<p><strong><em>SC Paderborn \u2013 1. FC N\u00fcrnberg (18.30 Uhr) <\/em><\/strong><\/p>\n\n\n\n<p><img loading=\"lazy\" decoding=\"async\" width=\"10\" height=\"21\" class=\"wp-image-3656\" style=\"width: 10px;\" src=\"http:\/\/kommentatorenblog.de\/wp-content\/uploads\/2020\/09\/shure-55sh-ii-e1601485394796.jpg\" alt=\"\" srcset=\"https:\/\/kommentatorenblog.de\/wp-content\/uploads\/2020\/09\/shure-55sh-ii-e1601485394796.jpg 415w, https:\/\/kommentatorenblog.de\/wp-content\/uploads\/2020\/09\/shure-55sh-ii-e1601485394796-142x300.jpg 142w\" sizes=\"auto, (max-width: 10px) 100vw, 10px\" \/> Joachim Hebel, Field-Reporter: Dirk gro\u00dfe Schlarmann<\/p>\n\n\n\n<p>Moderation (Sky): Hartmut von Kameke, Experte: Dirk Schuster<\/p>\n\n\n\n<p><span style=\"text-decoration: underline;\">Samstag, 31. Juli 2021, ab 13.00 Uhr (Sky)<\/span><\/p>\n\n\n\n<p><strong><em>Konferenz (13.30 Uhr)<\/em><\/strong><\/p>\n\n\n\n<p><img loading=\"lazy\" decoding=\"async\" width=\"10\" height=\"21\" class=\"wp-image-3656\" style=\"width: 10px;\" src=\"http:\/\/kommentatorenblog.de\/wp-content\/uploads\/2020\/09\/shure-55sh-ii-e1601485394796.jpg\" alt=\"\" srcset=\"https:\/\/kommentatorenblog.de\/wp-content\/uploads\/2020\/09\/shure-55sh-ii-e1601485394796.jpg 415w, https:\/\/kommentatorenblog.de\/wp-content\/uploads\/2020\/09\/shure-55sh-ii-e1601485394796-142x300.jpg 142w\" sizes=\"auto, (max-width: 10px) 100vw, 10px\" \/> Klaus Veltman, Experte: Max Ahlschwede<\/p>\n\n\n\n<p><strong><em>Hannover 96 <strong><em>\u2013<\/em><\/strong><\/em><\/strong> <strong><em>Hansa Rostock (13.30 Uhr)<\/em><\/strong><\/p>\n\n\n\n<p><img loading=\"lazy\" decoding=\"async\" width=\"10\" height=\"21\" class=\"wp-image-3656\" style=\"width: 10px;\" src=\"http:\/\/kommentatorenblog.de\/wp-content\/uploads\/2020\/09\/shure-55sh-ii-e1601485394796.jpg\" alt=\"\" srcset=\"https:\/\/kommentatorenblog.de\/wp-content\/uploads\/2020\/09\/shure-55sh-ii-e1601485394796.jpg 415w, https:\/\/kommentatorenblog.de\/wp-content\/uploads\/2020\/09\/shure-55sh-ii-e1601485394796-142x300.jpg 142w\" sizes=\"auto, (max-width: 10px) 100vw, 10px\" \/> J\u00fcrgen Schmitz, Field-Reporter: Marcus J\u00fcrgensen<\/p>\n\n\n\n<p><strong><em>1. FC Ingolstadt \u2013 1. FC Heidenheim (13.30 Uhr)<\/em><\/strong><\/p>\n\n\n\n<p><img loading=\"lazy\" decoding=\"async\" width=\"10\" height=\"21\" class=\"wp-image-3656\" style=\"width: 10px;\" src=\"http:\/\/kommentatorenblog.de\/wp-content\/uploads\/2020\/09\/shure-55sh-ii-e1601485394796.jpg\" alt=\"\" srcset=\"https:\/\/kommentatorenblog.de\/wp-content\/uploads\/2020\/09\/shure-55sh-ii-e1601485394796.jpg 415w, https:\/\/kommentatorenblog.de\/wp-content\/uploads\/2020\/09\/shure-55sh-ii-e1601485394796-142x300.jpg 142w\" sizes=\"auto, (max-width: 10px) 100vw, 10px\" \/> Hannes Herrmann, Interviews: Schalte<\/p>\n\n\n\n<p><strong><em>SSV Jahn Regensburg <strong><em>\u2013<\/em><\/strong><\/em><\/strong> <strong><em>SV Sandhausen (13.30 Uhr)<\/em><\/strong><\/p>\n\n\n\n<p><img loading=\"lazy\" decoding=\"async\" width=\"10\" height=\"21\" class=\"wp-image-3656\" style=\"width: 10px;\" src=\"http:\/\/kommentatorenblog.de\/wp-content\/uploads\/2020\/09\/shure-55sh-ii-e1601485394796.jpg\" alt=\"\" srcset=\"https:\/\/kommentatorenblog.de\/wp-content\/uploads\/2020\/09\/shure-55sh-ii-e1601485394796.jpg 415w, https:\/\/kommentatorenblog.de\/wp-content\/uploads\/2020\/09\/shure-55sh-ii-e1601485394796-142x300.jpg 142w\" sizes=\"auto, (max-width: 10px) 100vw, 10px\" \/> Markus Gaupp<\/p>\n\n\n\n<p>Moderation: Yannick Erkenbrecher, Experte: Max Ahlschwede<\/p>\n\n\n\n<p><span style=\"text-decoration: underline;\">ab 19.30 Uhr (SPORT1) \/ ab 20.00 Uhr (Sky)<\/span><\/p>\n\n\n\n<p><strong><em>Fortuna D\u00fcsseldorf <strong><em>\u2013<\/em><\/strong><\/em><\/strong> <strong><em>SV Werder Bremen (20.30 Uhr)<\/em><\/strong><\/p>\n\n\n\n<p>SPORT1: <img loading=\"lazy\" decoding=\"async\" width=\"10\" height=\"21\" class=\"wp-image-3656\" style=\"width: 10px;\" src=\"http:\/\/kommentatorenblog.de\/wp-content\/uploads\/2020\/09\/shure-55sh-ii-e1601485394796.jpg\" alt=\"\" srcset=\"https:\/\/kommentatorenblog.de\/wp-content\/uploads\/2020\/09\/shure-55sh-ii-e1601485394796.jpg 415w, https:\/\/kommentatorenblog.de\/wp-content\/uploads\/2020\/09\/shure-55sh-ii-e1601485394796-142x300.jpg 142w\" sizes=\"auto, (max-width: 10px) 100vw, 10px\" \/> Markus H\u00f6hner, Field-Reporter: Oliver M\u00fcller<\/p>\n\n\n\n<p>Sky: <img loading=\"lazy\" decoding=\"async\" width=\"10\" height=\"21\" class=\"wp-image-3656\" style=\"width: 10px;\" src=\"http:\/\/kommentatorenblog.de\/wp-content\/uploads\/2020\/09\/shure-55sh-ii-e1601485394796.jpg\" alt=\"\" srcset=\"https:\/\/kommentatorenblog.de\/wp-content\/uploads\/2020\/09\/shure-55sh-ii-e1601485394796.jpg 415w, https:\/\/kommentatorenblog.de\/wp-content\/uploads\/2020\/09\/shure-55sh-ii-e1601485394796-142x300.jpg 142w\" sizes=\"auto, (max-width: 10px) 100vw, 10px\" \/> Stefan Hempel, Experte: Torsten Mattuschka<\/p>\n\n\n\n<p>Moderation (SPORT1): Ruth Hofmann, Experte: Friedhelm Funkel<\/p>\n\n\n\n<p><span style=\"text-decoration: underline;\">Sonntag, 1. August 2021, ab 13.00 Uhr (Sky)<\/span><\/p>\n\n\n\n<p><strong><em>Konferenz (13.30Uhr)<\/em><\/strong><\/p>\n\n\n\n<p><img loading=\"lazy\" decoding=\"async\" width=\"10\" height=\"21\" class=\"wp-image-3656\" style=\"width: 10px;\" src=\"http:\/\/kommentatorenblog.de\/wp-content\/uploads\/2020\/09\/shure-55sh-ii-e1601485394796.jpg\" alt=\"\" srcset=\"https:\/\/kommentatorenblog.de\/wp-content\/uploads\/2020\/09\/shure-55sh-ii-e1601485394796.jpg 415w, https:\/\/kommentatorenblog.de\/wp-content\/uploads\/2020\/09\/shure-55sh-ii-e1601485394796-142x300.jpg 142w\" sizes=\"auto, (max-width: 10px) 100vw, 10px\" \/> Roland Evers <\/p>\n\n\n\n<p><strong><em>Holstein Kiel \u2013 FC Schalke 04 (13.30 Uhr)<\/em><\/strong><\/p>\n\n\n\n<p><img loading=\"lazy\" decoding=\"async\" width=\"10\" height=\"21\" class=\"wp-image-3656\" style=\"width: 10px;\" src=\"http:\/\/kommentatorenblog.de\/wp-content\/uploads\/2020\/09\/shure-55sh-ii-e1601485394796.jpg\" alt=\"\" srcset=\"https:\/\/kommentatorenblog.de\/wp-content\/uploads\/2020\/09\/shure-55sh-ii-e1601485394796.jpg 415w, https:\/\/kommentatorenblog.de\/wp-content\/uploads\/2020\/09\/shure-55sh-ii-e1601485394796-142x300.jpg 142w\" sizes=\"auto, (max-width: 10px) 100vw, 10px\" \/> Hansi K\u00fcpper, Field-Reporter: Dirk gro\u00dfe Schlarmann<\/p>\n\n\n\n<p><strong><em>Hamburger SV \u2013&nbsp;Dynamo Dresden<\/em><\/strong> <strong><em>(13.30 Uhr)<\/em><\/strong><\/p>\n\n\n\n<p><img loading=\"lazy\" decoding=\"async\" width=\"10\" height=\"21\" class=\"wp-image-3656\" style=\"width: 10px;\" src=\"http:\/\/kommentatorenblog.de\/wp-content\/uploads\/2020\/09\/shure-55sh-ii-e1601485394796.jpg\" alt=\"\" srcset=\"https:\/\/kommentatorenblog.de\/wp-content\/uploads\/2020\/09\/shure-55sh-ii-e1601485394796.jpg 415w, https:\/\/kommentatorenblog.de\/wp-content\/uploads\/2020\/09\/shure-55sh-ii-e1601485394796-142x300.jpg 142w\" sizes=\"auto, (max-width: 10px) 100vw, 10px\" \/> Torsten Kunde, Field-Reporter: Sven T\u00f6llner<\/p>\n\n\n\n<p><strong><em>Erzgebirge Aue \u2013&nbsp;FC St. Pauli (13.30 Uhr)<\/em><\/strong><\/p>\n\n\n\n<p><img loading=\"lazy\" decoding=\"async\" width=\"10\" height=\"21\" class=\"wp-image-3656\" style=\"width: 10px;\" src=\"http:\/\/kommentatorenblog.de\/wp-content\/uploads\/2020\/09\/shure-55sh-ii-e1601485394796.jpg\" alt=\"\" srcset=\"https:\/\/kommentatorenblog.de\/wp-content\/uploads\/2020\/09\/shure-55sh-ii-e1601485394796.jpg 415w, https:\/\/kommentatorenblog.de\/wp-content\/uploads\/2020\/09\/shure-55sh-ii-e1601485394796-142x300.jpg 142w\" sizes=\"auto, (max-width: 10px) 100vw, 10px\" \/> Marcel Meinert<\/p>\n\n\n\n<p>Moderation: Yannick Erkenbrecher, Experte: Torsten Mattuschka<\/p>\n\n\n\n<hr class=\"wp-block-separator\"\/>\n\n\n\n<p><strong>3. Liga, 2. Spieltag<\/strong><\/p>\n\n\n\n<p><span style=\"text-decoration: underline;\">Freitag, 30. Juli 2021, ab 18.30 Uhr (Magenta Sport)<\/span><\/p>\n\n\n\n<p><strong><em>MSV Duisburg \u2013 TSV Havelse (19.00 Uhr)<\/em><\/strong><\/p>\n\n\n\n<p><img loading=\"lazy\" decoding=\"async\" width=\"10\" height=\"21\" class=\"wp-image-3656\" style=\"width: 10px;\" src=\"http:\/\/kommentatorenblog.de\/wp-content\/uploads\/2020\/09\/shure-55sh-ii-e1601485394796.jpg\" alt=\"\" srcset=\"https:\/\/kommentatorenblog.de\/wp-content\/uploads\/2020\/09\/shure-55sh-ii-e1601485394796.jpg 415w, https:\/\/kommentatorenblog.de\/wp-content\/uploads\/2020\/09\/shure-55sh-ii-e1601485394796-142x300.jpg 142w\" sizes=\"auto, (max-width: 10px) 100vw, 10px\" \/> Christian Stra\u00dfburger<\/p>\n\n\n\n<p>Moderation: Thomas Wagner, Experte: Thomas Kraus<\/p>\n\n\n\n<p><span style=\"text-decoration: underline;\">Samstag, 31. Juli 2021, ab 13.45 Uhr (Magenta Sport)<\/span><\/p>\n\n\n\n<p><strong><em>Konferenz (14.00 Uhr)<\/em><\/strong><\/p>\n\n\n\n<p><img loading=\"lazy\" decoding=\"async\" width=\"10\" height=\"21\" class=\"wp-image-3656\" style=\"width: 10px;\" src=\"http:\/\/kommentatorenblog.de\/wp-content\/uploads\/2020\/09\/shure-55sh-ii-e1601485394796.jpg\" alt=\"\" srcset=\"https:\/\/kommentatorenblog.de\/wp-content\/uploads\/2020\/09\/shure-55sh-ii-e1601485394796.jpg 415w, https:\/\/kommentatorenblog.de\/wp-content\/uploads\/2020\/09\/shure-55sh-ii-e1601485394796-142x300.jpg 142w\" sizes=\"auto, (max-width: 10px) 100vw, 10px\" \/> Martin Piller und Sascha Bandermann<\/p>\n\n\n\n<p><strong><em>FC Viktoria K\u00f6ln \u2013 FSV Zwickau (14.00 Uhr)<\/em><\/strong><\/p>\n\n\n\n<p><img loading=\"lazy\" decoding=\"async\" width=\"10\" height=\"21\" class=\"wp-image-3656\" style=\"width: 10px;\" src=\"http:\/\/kommentatorenblog.de\/wp-content\/uploads\/2020\/09\/shure-55sh-ii-e1601485394796.jpg\" alt=\"\" srcset=\"https:\/\/kommentatorenblog.de\/wp-content\/uploads\/2020\/09\/shure-55sh-ii-e1601485394796.jpg 415w, https:\/\/kommentatorenblog.de\/wp-content\/uploads\/2020\/09\/shure-55sh-ii-e1601485394796-142x300.jpg 142w\" sizes=\"auto, (max-width: 10px) 100vw, 10px\" \/> Mario Bast<\/p>\n\n\n\n<p>Moderation: Kamila Benschop<\/p>\n\n\n\n<p><strong><em>SV Meppen \u2013 1.FC Kaiserslautern (14.00 Uhr)<\/em><\/strong><\/p>\n\n\n\n<p><img loading=\"lazy\" decoding=\"async\" width=\"10\" height=\"21\" class=\"wp-image-3656\" style=\"width: 10px;\" src=\"http:\/\/kommentatorenblog.de\/wp-content\/uploads\/2020\/09\/shure-55sh-ii-e1601485394796.jpg\" alt=\"\" srcset=\"https:\/\/kommentatorenblog.de\/wp-content\/uploads\/2020\/09\/shure-55sh-ii-e1601485394796.jpg 415w, https:\/\/kommentatorenblog.de\/wp-content\/uploads\/2020\/09\/shure-55sh-ii-e1601485394796-142x300.jpg 142w\" sizes=\"auto, (max-width: 10px) 100vw, 10px\" \/> Mike M\u00fcnkel<\/p>\n\n\n\n<p>Moderation: Tobi Sch\u00e4fer<\/p>\n\n\n\n<p><strong><em><strong><em><strong><em>SV Wehen Wiesbaden<\/em><\/strong> \u2013 <strong><em>TSV 1860 M\u00fcnchen<\/em><\/strong> (14.00 Uhr)<\/em><\/strong><\/em><\/strong><\/p>\n\n\n\n<p><img loading=\"lazy\" decoding=\"async\" width=\"10\" height=\"21\" class=\"wp-image-3656\" style=\"width: 10px;\" src=\"http:\/\/kommentatorenblog.de\/wp-content\/uploads\/2020\/09\/shure-55sh-ii-e1601485394796.jpg\" alt=\"\" srcset=\"https:\/\/kommentatorenblog.de\/wp-content\/uploads\/2020\/09\/shure-55sh-ii-e1601485394796.jpg 415w, https:\/\/kommentatorenblog.de\/wp-content\/uploads\/2020\/09\/shure-55sh-ii-e1601485394796-142x300.jpg 142w\" sizes=\"auto, (max-width: 10px) 100vw, 10px\" \/> Basti Schwele<\/p>\n\n\n\n<p>Moderation: Anett Sattler<\/p>\n\n\n\n<p><strong><em><strong><em>Borussia Dortmund II<\/em><\/strong> \u2013 Waldhof Mannheim (14.00 Uhr)<\/em><\/strong><\/p>\n\n\n\n<p><img loading=\"lazy\" decoding=\"async\" width=\"10\" height=\"21\" class=\"wp-image-3656\" style=\"width: 10px;\" src=\"http:\/\/kommentatorenblog.de\/wp-content\/uploads\/2020\/09\/shure-55sh-ii-e1601485394796.jpg\" alt=\"\" srcset=\"https:\/\/kommentatorenblog.de\/wp-content\/uploads\/2020\/09\/shure-55sh-ii-e1601485394796.jpg 415w, https:\/\/kommentatorenblog.de\/wp-content\/uploads\/2020\/09\/shure-55sh-ii-e1601485394796-142x300.jpg 142w\" sizes=\"auto, (max-width: 10px) 100vw, 10px\" \/> Edgar Mielke<\/p>\n\n\n\n<p>Moderation: Cedric Pick<\/p>\n\n\n\n<p><span style=\"text-decoration: underline;\">ab 13.45 Uhr (Magenta Sport) \/ ab 14 Uhr (SR\/MDR)<\/span><\/p>\n\n\n\n<p><strong><em>1. FC Magdeburg \u2013 SC Freiburg II (14.00 Uhr)<\/em><\/strong><\/p>\n\n\n\n<p><img loading=\"lazy\" decoding=\"async\" width=\"10\" height=\"21\" class=\"wp-image-3656\" style=\"width: 10px;\" src=\"http:\/\/kommentatorenblog.de\/wp-content\/uploads\/2020\/09\/shure-55sh-ii-e1601485394796.jpg\" alt=\"\" srcset=\"https:\/\/kommentatorenblog.de\/wp-content\/uploads\/2020\/09\/shure-55sh-ii-e1601485394796.jpg 415w, https:\/\/kommentatorenblog.de\/wp-content\/uploads\/2020\/09\/shure-55sh-ii-e1601485394796-142x300.jpg 142w\" sizes=\"auto, (max-width: 10px) 100vw, 10px\" \/> Magenta Sport: Alex K\u00fcpper<\/p>\n\n\n\n<p><img loading=\"lazy\" decoding=\"async\" width=\"10\" height=\"21\" class=\"wp-image-3656\" style=\"width: 10px;\" src=\"http:\/\/kommentatorenblog.de\/wp-content\/uploads\/2020\/09\/shure-55sh-ii-e1601485394796.jpg\" alt=\"\" srcset=\"https:\/\/kommentatorenblog.de\/wp-content\/uploads\/2020\/09\/shure-55sh-ii-e1601485394796.jpg 415w, https:\/\/kommentatorenblog.de\/wp-content\/uploads\/2020\/09\/shure-55sh-ii-e1601485394796-142x300.jpg 142w\" sizes=\"auto, (max-width: 10px) 100vw, 10px\" \/> MDR: Florian Weichert<\/p>\n\n\n\n<p>Moderation (Magenta Sport): Stefanie Blochwitz<\/p>\n\n\n\n<p>Moderation (MDR): Tom Scheunemann, Experte: Lutz Lindemann<\/p>\n\n\n\n<p><strong><em>1.FC Saarbr\u00fccken \u2013 VfL Osnabr\u00fcck (14.00 Uhr)<\/em><\/strong><\/p>\n\n\n\n<p><img loading=\"lazy\" decoding=\"async\" width=\"10\" height=\"21\" class=\"wp-image-3656\" style=\"width: 10px;\" src=\"http:\/\/kommentatorenblog.de\/wp-content\/uploads\/2020\/09\/shure-55sh-ii-e1601485394796.jpg\" alt=\"\" srcset=\"https:\/\/kommentatorenblog.de\/wp-content\/uploads\/2020\/09\/shure-55sh-ii-e1601485394796.jpg 415w, https:\/\/kommentatorenblog.de\/wp-content\/uploads\/2020\/09\/shure-55sh-ii-e1601485394796-142x300.jpg 142w\" sizes=\"auto, (max-width: 10px) 100vw, 10px\" \/> Magenta Sport: Alex Kunz<\/p>\n\n\n\n<p><img loading=\"lazy\" decoding=\"async\" width=\"10\" height=\"21\" class=\"wp-image-3656\" style=\"width: 10px;\" src=\"http:\/\/kommentatorenblog.de\/wp-content\/uploads\/2020\/09\/shure-55sh-ii-e1601485394796.jpg\" alt=\"\" srcset=\"https:\/\/kommentatorenblog.de\/wp-content\/uploads\/2020\/09\/shure-55sh-ii-e1601485394796.jpg 415w, https:\/\/kommentatorenblog.de\/wp-content\/uploads\/2020\/09\/shure-55sh-ii-e1601485394796-142x300.jpg 142w\" sizes=\"auto, (max-width: 10px) 100vw, 10px\" \/> SR: Frank Grundhever<\/p>\n\n\n\n<p>Moderation (Magenta Sport): Kevin Gerwin<\/p>\n\n\n\n<p>Moderation (SR): Thomas Braml, Experte: Philipp Wollscheid<\/p>\n\n\n\n<p><span style=\"text-decoration: underline;\">Sonntag, 1. August 2021, 12.45 Uhr (Magenta Sport)<\/span><\/p>\n\n\n\n<p><strong><em><strong><em>T\u00fcrkg\u00fcc\u00fc M\u00fcnchen<\/em><\/strong> \u2013 Hallescher FC (13.00 Uhr)<\/em><\/strong><\/p>\n\n\n\n<p><img loading=\"lazy\" decoding=\"async\" width=\"10\" height=\"21\" class=\"wp-image-3656\" style=\"width: 10px;\" src=\"http:\/\/kommentatorenblog.de\/wp-content\/uploads\/2020\/09\/shure-55sh-ii-e1601485394796.jpg\" alt=\"\" srcset=\"https:\/\/kommentatorenblog.de\/wp-content\/uploads\/2020\/09\/shure-55sh-ii-e1601485394796.jpg 415w, https:\/\/kommentatorenblog.de\/wp-content\/uploads\/2020\/09\/shure-55sh-ii-e1601485394796-142x300.jpg 142w\" sizes=\"auto, (max-width: 10px) 100vw, 10px\" \/> Franz B\u00fcchner<\/p>\n\n\n\n<p>Moderation: Sascha Bandermann<\/p>\n\n\n\n<p><span style=\"text-decoration: underline;\">ab 13.45 Uhr (Magenta Sport)<\/span><\/p>\n\n\n\n<p><strong><em>Eintracht Braunschweig \u2013 <strong><em>FC Viktoria Berlin<\/em><\/strong> (14.00 Uhr)<\/em><\/strong><\/p>\n\n\n\n<p><img loading=\"lazy\" decoding=\"async\" width=\"10\" height=\"21\" class=\"wp-image-3656\" style=\"width: 10px;\" src=\"http:\/\/kommentatorenblog.de\/wp-content\/uploads\/2020\/09\/shure-55sh-ii-e1601485394796.jpg\" alt=\"\" srcset=\"https:\/\/kommentatorenblog.de\/wp-content\/uploads\/2020\/09\/shure-55sh-ii-e1601485394796.jpg 415w, https:\/\/kommentatorenblog.de\/wp-content\/uploads\/2020\/09\/shure-55sh-ii-e1601485394796-142x300.jpg 142w\" sizes=\"auto, (max-width: 10px) 100vw, 10px\" \/> Andreas Mann<\/p>\n\n\n\n<p>Moderation: Christian Stra\u00dfburger<\/p>\n\n\n\n<p><span style=\"text-decoration: underline;\">Montag, 2. August 2021, 18.45 Uhr (Magenta Sport)<\/span><\/p>\n\n\n\n<p><strong><em><strong><em>FC W\u00fcrzburger Kickers<\/em><\/strong> \u2013 SC Verl (19.00 Uhr)<\/em><\/strong><\/p>\n\n\n\n<p><img loading=\"lazy\" decoding=\"async\" width=\"10\" height=\"21\" class=\"wp-image-3656\" style=\"width: 10px;\" src=\"http:\/\/kommentatorenblog.de\/wp-content\/uploads\/2020\/09\/shure-55sh-ii-e1601485394796.jpg\" alt=\"\" srcset=\"https:\/\/kommentatorenblog.de\/wp-content\/uploads\/2020\/09\/shure-55sh-ii-e1601485394796.jpg 415w, https:\/\/kommentatorenblog.de\/wp-content\/uploads\/2020\/09\/shure-55sh-ii-e1601485394796-142x300.jpg 142w\" sizes=\"auto, (max-width: 10px) 100vw, 10px\" \/> Alex Klich<\/p>\n\n\n\n<p>Moderation: Cedric Pick, Experte: Martin Lanig<\/p>\n\n\n\n<hr class=\"wp-block-separator\"\/>\n\n\n\n<p><strong>Olympische Spiele, Fu\u00dfball, Frauen, Viertelfinale<\/strong><\/p>\n\n\n\n<p><span style=\"text-decoration: underline;\">Freitag, 30. Juli 2021, ab 9 Uhr (Eurosport)<\/span><\/p>\n\n\n\n<p><strong><em>Olympia-Konferenz &#8222;Medal Zone&#8220;<\/em><\/strong><\/p>\n\n\n\n<p><span style=\"text-decoration: underline;\">Freitag, 30. Juli 2021 (Eurosport)<\/span><\/p>\n\n\n\n<p><strong><em>Kanada <strong><em>\u2013<\/em><\/strong><\/em><\/strong> <strong><em>Brasilien (10.00 Uhr)<\/em><\/strong><\/p>\n\n\n\n<p><img loading=\"lazy\" decoding=\"async\" width=\"10\" height=\"21\" class=\"wp-image-3656\" style=\"width: 10px;\" src=\"http:\/\/kommentatorenblog.de\/wp-content\/uploads\/2020\/09\/shure-55sh-ii-e1601485394796.jpg\" alt=\"\" srcset=\"https:\/\/kommentatorenblog.de\/wp-content\/uploads\/2020\/09\/shure-55sh-ii-e1601485394796.jpg 415w, https:\/\/kommentatorenblog.de\/wp-content\/uploads\/2020\/09\/shure-55sh-ii-e1601485394796-142x300.jpg 142w\" sizes=\"auto, (max-width: 10px) 100vw, 10px\" \/> tba<\/p>\n\n\n\n<p><strong><em>Gro\u00dfbritannien <strong><em>\u2013<\/em><\/strong><\/em><\/strong> <strong><em>Australien&nbsp;(11.00 Uhr)<\/em><\/strong><\/p>\n\n\n\n<p><img loading=\"lazy\" decoding=\"async\" width=\"10\" height=\"21\" class=\"wp-image-3656\" style=\"width: 10px;\" src=\"http:\/\/kommentatorenblog.de\/wp-content\/uploads\/2020\/09\/shure-55sh-ii-e1601485394796.jpg\" alt=\"\" srcset=\"https:\/\/kommentatorenblog.de\/wp-content\/uploads\/2020\/09\/shure-55sh-ii-e1601485394796.jpg 415w, https:\/\/kommentatorenblog.de\/wp-content\/uploads\/2020\/09\/shure-55sh-ii-e1601485394796-142x300.jpg 142w\" sizes=\"auto, (max-width: 10px) 100vw, 10px\" \/> Tobi Fischbeck<\/p>\n\n\n\n<p><strong><em>Schweden \u2013 Japan (12.00 Uhr)<\/em><\/strong><\/p>\n\n\n\n<p><img loading=\"lazy\" decoding=\"async\" width=\"10\" height=\"21\" class=\"wp-image-3656\" style=\"width: 10px;\" src=\"http:\/\/kommentatorenblog.de\/wp-content\/uploads\/2020\/09\/shure-55sh-ii-e1601485394796.jpg\" alt=\"\" srcset=\"https:\/\/kommentatorenblog.de\/wp-content\/uploads\/2020\/09\/shure-55sh-ii-e1601485394796.jpg 415w, https:\/\/kommentatorenblog.de\/wp-content\/uploads\/2020\/09\/shure-55sh-ii-e1601485394796-142x300.jpg 142w\" sizes=\"auto, (max-width: 10px) 100vw, 10px\" \/> tba<\/p>\n\n\n\n<p><strong><em>Niederlande \u2013 USA (13.00 Uhr)<\/em><\/strong><\/p>\n\n\n\n<p><img loading=\"lazy\" decoding=\"async\" width=\"10\" height=\"21\" class=\"wp-image-3656\" style=\"width: 10px;\" src=\"http:\/\/kommentatorenblog.de\/wp-content\/uploads\/2020\/09\/shure-55sh-ii-e1601485394796.jpg\" alt=\"\" srcset=\"https:\/\/kommentatorenblog.de\/wp-content\/uploads\/2020\/09\/shure-55sh-ii-e1601485394796.jpg 415w, https:\/\/kommentatorenblog.de\/wp-content\/uploads\/2020\/09\/shure-55sh-ii-e1601485394796-142x300.jpg 142w\" sizes=\"auto, (max-width: 10px) 100vw, 10px\" \/> Uwe Morawe<\/p>\n\n\n\n<hr class=\"wp-block-separator\"\/>\n\n\n\n<p><strong>Olympische Spiele, Fu\u00dfball, M\u00e4nner, Viertelfinale<\/strong><\/p>\n\n\n\n<p><span style=\"text-decoration: underline;\">Samstag, 31. Juli 2021, ab 9 Uhr (Eurosport)<\/span><\/p>\n\n\n\n<p><strong><em>Olympia-Konferenz &#8222;Medal Zone&#8220;<\/em><\/strong><\/p>\n\n\n\n<p><span style=\"text-decoration: underline;\">Samstag, 31. Juli 2021 (Eurosport)<\/span><\/p>\n\n\n\n<p><strong><em>Spanien <strong><em>\u2013<\/em><\/strong><\/em><\/strong> <strong><em>Elfenbeink\u00fcste (10.00 Uhr)<\/em><\/strong><\/p>\n\n\n\n<p><img loading=\"lazy\" decoding=\"async\" width=\"10\" height=\"21\" class=\"wp-image-3656\" style=\"width: 10px;\" src=\"http:\/\/kommentatorenblog.de\/wp-content\/uploads\/2020\/09\/shure-55sh-ii-e1601485394796.jpg\" alt=\"\" srcset=\"https:\/\/kommentatorenblog.de\/wp-content\/uploads\/2020\/09\/shure-55sh-ii-e1601485394796.jpg 415w, https:\/\/kommentatorenblog.de\/wp-content\/uploads\/2020\/09\/shure-55sh-ii-e1601485394796-142x300.jpg 142w\" sizes=\"auto, (max-width: 10px) 100vw, 10px\" \/> Lenny Leonhardt<\/p>\n\n\n\n<p><strong><em>Japan <strong><em>\u2013<\/em><\/strong><\/em><\/strong> <strong><em>Neuseeland&nbsp;(11.00 Uhr)<\/em><\/strong><\/p>\n\n\n\n<p><img loading=\"lazy\" decoding=\"async\" width=\"10\" height=\"21\" class=\"wp-image-3656\" style=\"width: 10px;\" src=\"http:\/\/kommentatorenblog.de\/wp-content\/uploads\/2020\/09\/shure-55sh-ii-e1601485394796.jpg\" alt=\"\" srcset=\"https:\/\/kommentatorenblog.de\/wp-content\/uploads\/2020\/09\/shure-55sh-ii-e1601485394796.jpg 415w, https:\/\/kommentatorenblog.de\/wp-content\/uploads\/2020\/09\/shure-55sh-ii-e1601485394796-142x300.jpg 142w\" sizes=\"auto, (max-width: 10px) 100vw, 10px\" \/> Tobi Fischbeck<\/p>\n\n\n\n<p><strong><em>Brasilien \u2013 \u00c4gypten (12.00 Uhr)<\/em><\/strong><\/p>\n\n\n\n<p><img loading=\"lazy\" decoding=\"async\" width=\"10\" height=\"21\" class=\"wp-image-3656\" style=\"width: 10px;\" src=\"http:\/\/kommentatorenblog.de\/wp-content\/uploads\/2020\/09\/shure-55sh-ii-e1601485394796.jpg\" alt=\"\" srcset=\"https:\/\/kommentatorenblog.de\/wp-content\/uploads\/2020\/09\/shure-55sh-ii-e1601485394796.jpg 415w, https:\/\/kommentatorenblog.de\/wp-content\/uploads\/2020\/09\/shure-55sh-ii-e1601485394796-142x300.jpg 142w\" sizes=\"auto, (max-width: 10px) 100vw, 10px\" \/> Christoph Fetzer<\/p>\n\n\n\n<p><strong><em>S\u00fcdkorea \u2013 Mexiko (13.00 Uhr)<\/em><\/strong><\/p>\n\n\n\n<p><img loading=\"lazy\" decoding=\"async\" width=\"10\" height=\"21\" class=\"wp-image-3656\" style=\"width: 10px;\" src=\"http:\/\/kommentatorenblog.de\/wp-content\/uploads\/2020\/09\/shure-55sh-ii-e1601485394796.jpg\" alt=\"\" srcset=\"https:\/\/kommentatorenblog.de\/wp-content\/uploads\/2020\/09\/shure-55sh-ii-e1601485394796.jpg 415w, https:\/\/kommentatorenblog.de\/wp-content\/uploads\/2020\/09\/shure-55sh-ii-e1601485394796-142x300.jpg 142w\" sizes=\"auto, (max-width: 10px) 100vw, 10px\" \/> Uwe Morawe<\/p>\n\n\n\n<hr class=\"wp-block-separator\"\/>\n\n\n\n<p><strong>Olympische Spiele, Fu\u00dfball, Frauen, Halbfinale<\/strong><\/p>\n\n\n\n<p><span style=\"text-decoration: underline;\">Montag, 2. August 2021 (Eurosport)<\/span><\/p>\n\n\n\n<p><strong><em>? \u2013 ? (10.00 Uhr)<\/em><\/strong><\/p>\n\n\n\n<p><img loading=\"lazy\" decoding=\"async\" width=\"10\" height=\"21\" class=\"wp-image-3656\" style=\"width: 10px;\" src=\"http:\/\/kommentatorenblog.de\/wp-content\/uploads\/2020\/09\/shure-55sh-ii-e1601485394796.jpg\" alt=\"\" srcset=\"https:\/\/kommentatorenblog.de\/wp-content\/uploads\/2020\/09\/shure-55sh-ii-e1601485394796.jpg 415w, https:\/\/kommentatorenblog.de\/wp-content\/uploads\/2020\/09\/shure-55sh-ii-e1601485394796-142x300.jpg 142w\" sizes=\"auto, (max-width: 10px) 100vw, 10px\" \/> Matthias Stach<\/p>\n\n\n\n<p><strong><em>? \u2013 ? (13.00 Uhr)<\/em><\/strong><\/p>\n\n\n\n<p><img loading=\"lazy\" decoding=\"async\" width=\"10\" height=\"21\" class=\"wp-image-3656\" style=\"width: 10px;\" src=\"http:\/\/kommentatorenblog.de\/wp-content\/uploads\/2020\/09\/shure-55sh-ii-e1601485394796.jpg\" alt=\"\" srcset=\"https:\/\/kommentatorenblog.de\/wp-content\/uploads\/2020\/09\/shure-55sh-ii-e1601485394796.jpg 415w, https:\/\/kommentatorenblog.de\/wp-content\/uploads\/2020\/09\/shure-55sh-ii-e1601485394796-142x300.jpg 142w\" sizes=\"auto, (max-width: 10px) 100vw, 10px\" \/> Markus Theil<\/p>\n\n\n\n<hr class=\"wp-block-separator\"\/>\n\n\n\n<p><strong>Internationaler Fu\u00dfball<\/strong><\/p>\n\n\n\n<p><span style=\"text-decoration: underline;\">Freitag, 30. Juli 2021<\/span><\/p>\n\n\n\n<p>Gold Cup, Halbfinale: <strong><em>Katar \u2013 USA (1.30 Uhr)<\/em><\/strong><\/p>\n\n\n\n<p><img loading=\"lazy\" decoding=\"async\" width=\"10\" height=\"21\" class=\"wp-image-3656\" style=\"width: 10px;\" src=\"http:\/\/kommentatorenblog.de\/wp-content\/uploads\/2020\/09\/shure-55sh-ii-e1601485394796.jpg\" alt=\"\" srcset=\"https:\/\/kommentatorenblog.de\/wp-content\/uploads\/2020\/09\/shure-55sh-ii-e1601485394796.jpg 415w, https:\/\/kommentatorenblog.de\/wp-content\/uploads\/2020\/09\/shure-55sh-ii-e1601485394796-142x300.jpg 142w\" sizes=\"auto, (max-width: 10px) 100vw, 10px\" \/> Karsten Linke<\/p>\n\n\n\n<p>Gold Cup, Halbfinale: <strong><em>Mexiko \u2013 Kanada (4.15 Uhr)<\/em><\/strong><\/p>\n\n\n\n<p><img loading=\"lazy\" decoding=\"async\" width=\"10\" height=\"21\" class=\"wp-image-3656\" style=\"width: 10px;\" src=\"http:\/\/kommentatorenblog.de\/wp-content\/uploads\/2020\/09\/shure-55sh-ii-e1601485394796.jpg\" alt=\"\" srcset=\"https:\/\/kommentatorenblog.de\/wp-content\/uploads\/2020\/09\/shure-55sh-ii-e1601485394796.jpg 415w, https:\/\/kommentatorenblog.de\/wp-content\/uploads\/2020\/09\/shure-55sh-ii-e1601485394796-142x300.jpg 142w\" sizes=\"auto, (max-width: 10px) 100vw, 10px\" \/> Arne Malsch<\/p>\n\n\n\n<p>Ekstraklasa, 2. Spieltag: <strong><em>Gornik Zabrze \u2013 Lech Posen (20.30 Uhr)<\/em><\/strong><\/p>\n\n\n\n<p><img loading=\"lazy\" decoding=\"async\" width=\"10\" height=\"21\" class=\"wp-image-3656\" style=\"width: 10px;\" src=\"http:\/\/kommentatorenblog.de\/wp-content\/uploads\/2020\/09\/shure-55sh-ii-e1601485394796.jpg\" alt=\"\" srcset=\"https:\/\/kommentatorenblog.de\/wp-content\/uploads\/2020\/09\/shure-55sh-ii-e1601485394796.jpg 415w, https:\/\/kommentatorenblog.de\/wp-content\/uploads\/2020\/09\/shure-55sh-ii-e1601485394796-142x300.jpg 142w\" sizes=\"auto, (max-width: 10px) 100vw, 10px\" \/> J\u00f6rg Steiger<\/p>\n\n\n\n<p><span style=\"text-decoration: underline;\">Samstag, 31. Juli 2021<\/span><\/p>\n\n\n\n<p>K League, 22. Spieltag: <strong><em>FC Seoul \u2013 Ulsan Hyundai FC (13.00 Uhr)<\/em><\/strong><\/p>\n\n\n\n<p><img loading=\"lazy\" decoding=\"async\" width=\"10\" height=\"21\" class=\"wp-image-3656\" style=\"width: 10px;\" src=\"http:\/\/kommentatorenblog.de\/wp-content\/uploads\/2020\/09\/shure-55sh-ii-e1601485394796.jpg\" alt=\"\" srcset=\"https:\/\/kommentatorenblog.de\/wp-content\/uploads\/2020\/09\/shure-55sh-ii-e1601485394796.jpg 415w, https:\/\/kommentatorenblog.de\/wp-content\/uploads\/2020\/09\/shure-55sh-ii-e1601485394796-142x300.jpg 142w\" sizes=\"auto, (max-width: 10px) 100vw, 10px\" \/> Ulf Kahmke<\/p>\n\n\n\n<p>Ekstraklasa, 2. Spieltag: <strong><em>Radomiak Radom \u2013 Legia Warschau (20.00 Uhr)<\/em><\/strong><\/p>\n\n\n\n<p><img loading=\"lazy\" decoding=\"async\" width=\"10\" height=\"21\" class=\"wp-image-3656\" style=\"width: 10px;\" src=\"http:\/\/kommentatorenblog.de\/wp-content\/uploads\/2020\/09\/shure-55sh-ii-e1601485394796.jpg\" alt=\"\" srcset=\"https:\/\/kommentatorenblog.de\/wp-content\/uploads\/2020\/09\/shure-55sh-ii-e1601485394796.jpg 415w, https:\/\/kommentatorenblog.de\/wp-content\/uploads\/2020\/09\/shure-55sh-ii-e1601485394796-142x300.jpg 142w\" sizes=\"auto, (max-width: 10px) 100vw, 10px\" \/> Jakob Vogel<\/p>\n\n\n\n<p>MLS, 16. Spieltag: <strong><em>Seattle Sounders FC \u2013 San Jose Earthquakes (23.08 Uhr)<\/em><\/strong><\/p>\n\n\n\n<p><img loading=\"lazy\" decoding=\"async\" width=\"10\" height=\"21\" class=\"wp-image-3656\" style=\"width: 10px;\" src=\"http:\/\/kommentatorenblog.de\/wp-content\/uploads\/2020\/09\/shure-55sh-ii-e1601485394796.jpg\" alt=\"\" srcset=\"https:\/\/kommentatorenblog.de\/wp-content\/uploads\/2020\/09\/shure-55sh-ii-e1601485394796.jpg 415w, https:\/\/kommentatorenblog.de\/wp-content\/uploads\/2020\/09\/shure-55sh-ii-e1601485394796-142x300.jpg 142w\" sizes=\"auto, (max-width: 10px) 100vw, 10px\" \/> Karsten Linke<\/p>\n\n\n\n<p><span style=\"text-decoration: underline;\">Sonntag, 01. August 2021<\/span><\/p>\n\n\n\n<p>Campeonato Brasileiro, 14. Spieltag: <strong><em>Corinthians \u2013 Flamengo (21.00 Uhr)<\/em><\/strong><\/p>\n\n\n\n<p><img loading=\"lazy\" decoding=\"async\" width=\"10\" height=\"21\" class=\"wp-image-3656\" style=\"width: 10px;\" src=\"http:\/\/kommentatorenblog.de\/wp-content\/uploads\/2020\/09\/shure-55sh-ii-e1601485394796.jpg\" alt=\"\" srcset=\"https:\/\/kommentatorenblog.de\/wp-content\/uploads\/2020\/09\/shure-55sh-ii-e1601485394796.jpg 415w, https:\/\/kommentatorenblog.de\/wp-content\/uploads\/2020\/09\/shure-55sh-ii-e1601485394796-142x300.jpg 142w\" sizes=\"auto, (max-width: 10px) 100vw, 10px\" \/> Arne Malsch<\/p>\n\n\n\n<p>Liga Profesional, 4. Spieltag: <strong><em>CA River Plate \u2013 CA Huracan (23.00 Uhr)<\/em><\/strong><\/p>\n\n\n\n<p><img loading=\"lazy\" decoding=\"async\" width=\"10\" height=\"21\" class=\"wp-image-3656\" style=\"width: 10px;\" src=\"http:\/\/kommentatorenblog.de\/wp-content\/uploads\/2020\/09\/shure-55sh-ii-e1601485394796.jpg\" alt=\"\" srcset=\"https:\/\/kommentatorenblog.de\/wp-content\/uploads\/2020\/09\/shure-55sh-ii-e1601485394796.jpg 415w, https:\/\/kommentatorenblog.de\/wp-content\/uploads\/2020\/09\/shure-55sh-ii-e1601485394796-142x300.jpg 142w\" sizes=\"auto, (max-width: 10px) 100vw, 10px\" \/> Ulf Kahmke<\/p>\n\n\n\n<p><span style=\"text-decoration: underline;\">Montag, 02. August 2021<\/span><\/p>\n\n\n\n<p>Gold Cup, Finale: <strong><em>? \u2013 ? (3.00 Uhr)<\/em><\/strong><\/p>\n\n\n\n<p><img loading=\"lazy\" decoding=\"async\" width=\"10\" height=\"21\" class=\"wp-image-3656\" style=\"width: 10px;\" src=\"http:\/\/kommentatorenblog.de\/wp-content\/uploads\/2020\/09\/shure-55sh-ii-e1601485394796.jpg\" alt=\"\" srcset=\"https:\/\/kommentatorenblog.de\/wp-content\/uploads\/2020\/09\/shure-55sh-ii-e1601485394796.jpg 415w, https:\/\/kommentatorenblog.de\/wp-content\/uploads\/2020\/09\/shure-55sh-ii-e1601485394796-142x300.jpg 142w\" sizes=\"auto, (max-width: 10px) 100vw, 10px\" \/> Karsten Linke<\/p>\n\n\n\n<hr class=\"wp-block-separator\"\/>\n\n\n\n<p><strong>Die Analyse<\/strong> <\/p>\n\n\n\n<p>Der 1. Spieltag der 2. Bundesliga hat Lust gemacht auf mehr. Die Konferenz hat mich ehrlich gesagt nicht vom Hocker gerissen, aber es war nat\u00fcrlich auch nicht zu erwarten, dass die neue Konferenz an das alte Format &#8211; wie wir es im Oberhaus ja zum Gl\u00fcck noch erleben &#8211; herankommt. Schreibt eure Eindr\u00fccke zur neuen Konferenz gerne in die Kommentare.<\/p>\n\n\n\n<p><strong>Veltman wieder in der Konferenz zu h\u00f6ren<\/strong><\/p>\n\n\n\n<p>Diesmal geht es mit zwei zeitgleichen Spielen am Freitagabend los. Moderator Hartmut von Kameke meldet sich dann unter anderem mit der Partie des SC Paderborn gegen den 1. FC N\u00fcrnberg. Beide haben Nullnummern hinter sich. Vielleicht sieht Jogi Hebel ja ein paar Tore mehr. Wie sich die Lilien nach ihrer Auftaktpleite schlagen, sagt uns Sven Schr\u00f6ter. Die Konferenz leitet wieder Klaus Veltman, diesmal im Zusammenspiel mit Dirk Schuster. Dessen Expertise passt qua Vergangenheit nat\u00fcrlich gut rein.<\/p>\n\n\n\n<p><strong>Topspiel verdient seinen Namen<\/strong><\/p>\n\n\n\n<p>Am Samstag begleitet J\u00fcrgen Schmitz das Aufeinandertreffen von Hannover und Aufsteiger Rostock. Hannes Hermann freut sich auf das Kr\u00e4ftemessen von Ingolstadt und Heidenheim. Auch Markus Gaupp ist im Einsatz, er bekommt Regensburg und Sandhausen zu Gesicht. Wie schon am Vortag ist Klaus Veltman Konferenz-Kommentator. Er erf\u00e4hrt Unterst\u00fctzung von Max Ahlschwede. Am Abend wartet mit D\u00fcsseldorf gegen Bremen ein Topspiel, wie es im Buche steht. Stefan Hempel und Torsten Mattuschka bekommen dabei Konkurrenz von Sport1. Der Job f\u00e4llt dort nat\u00fcrlich auf Markus H\u00f6hner zur\u00fcck. Als Experten begr\u00fc\u00dft Ruth Hofmann keinen Geringeren als Friedhelm Funkel.<\/p>\n\n\n\n<p><strong>K\u00fcpper kommentiert wieder Schalke<\/strong><\/p>\n\n\n\n<p>Erstmalig in dieser Saison erleben wir in der Sky-Konferenz dann am Sonntag die erste Rotation. Roland Evers darf in der Konferenz ran, gemeinsam mit Torsten Mattuschka. Die beiden k\u00f6nnte es schlechter erwischen. Unter anderem messen sich Kiel und Schalke. Hansi K\u00fcpper ist wieder beim S04 mit von der Partie, und auch Dirk gro\u00dfe Schlarmann darf diesmal auf Stimmenfang gehen. Zeitgleich messen sich Hamburg und Dresden, eine Sache f\u00fcr Torsten Kunde. Eine Partie bleibt: Aue gegen Pauli. Marcel Meinert \u00fcbernimmt.&nbsp;<\/p>\n\n\n\n<p><strong>Keine Neuen in Liga drei<\/strong><\/p>\n\n\n\n<p>In der 3. Liga sto\u00dfen wir auf das gewohnte Personal bei Magenta Sport. Den \u00d6ffentlich Rechtlichen sind an diesem Spieltag nur zwei Spiele verg\u00f6nnt. Das mag auch an den Olympischen Spielen liegen. Als besonders interessant wertet der \u00d6RR das Spiel zwischen Magdeburg und Freiburg II. Florian Weichert kommentiert f\u00fcr den MDR, parallel verleiht dem Spiel Alex K\u00fcpper f\u00fcr Magenta Sport seine Stimme. Auch das Duell der beiden Traditionsklubs Saarbr\u00fccken und Osnabr\u00fcck l\u00e4uft auf zwei Sendern. W\u00e4hrend f\u00fcr Magenta Sport Alex Kunz berichtet, k\u00fcmmert sich Frank Grundhever f\u00fcr den SR.<\/p>\n\n\n\n<p><strong>Olympia-Fu\u00dfball ohne deutsche Beteiligung<\/strong><\/p>\n\n\n\n<p>Auch wenn Deutschland nicht mehr vertreten ist, stehen nach wie vor nat\u00fcrlich noch einige Olympia-Partien auf dem Programmzettel von Eurosport. Bei den Ansetzungen sind aktuell noch L\u00fccken ob der spontanen Planung der Discovery-Tochter.<\/p>\n\n\n\n<p>Wie immer hat auch Sportdigital.FUSSBALL einige interessante Spiele zu bieten. Wer in der kommenden Nacht l\u00e4nger wach bleiben will, kann etwa den Gold Cup verfolgen. Die USA treffen im Halbfinale auf Katar, Karsten Linke ist mit von der Partie. Wenig sp\u00e4ter bekommt es Mexiko mit Katar zu tun. Arne Malsch ist im Einsatz. Das Finale gibt es am Montag, Sportdigital.FUSSBALL setzt dann wieder auf Karsten Linke.<\/p>\n\n\n\n<p>In diesem Sinne w\u00fcnsche ich euch ein sch\u00f6nes Fu\u00dfball- und\/oder Olympia-Wochenende.<\/p>\n","protected":false},"excerpt":{"rendered":"<p>N\u2019Abend allerseits, wer lediglich Fu\u00dfball verfolgt, f\u00fcr den sind die Olympischen Spiele in Tokio zumindest aus deutscher Sicht bereits gegessen. Die deutschen Frauen haben sich durch das Ausscheiden im Viertelfinale der EM 2019 gar nicht erst qualifiziert. F\u00fcr die Mannschaft von Stefan Kuntz ist nach einer entt\u00e4uschenden Vorrunde Schluss. Alle drei Partien waren bezeichnend f\u00fcr [&hellip;]<\/p>\n","protected":false},"author":2,"featured_media":0,"comment_status":"open","ping_status":"open","sticky":false,"template":"","format":"standard","meta":{"footnotes":""},"categories":[424],"tags":[20,10,292,577,263,392,578,420,104,25,211,347,86,59,53,9,70,121,67,17,45,22,66,134,28,27,16,87,346],"class_list":["post-9939","post","type-post","status-publish","format-standard","hentry","category-bundesliga-und-co","tag-2-bundesliga","tag-3-liga","tag-alex-kunz","tag-alex-kuepper","tag-arne-malsch","tag-dirk-grosse-schlarmann","tag-florian-weichert","tag-frank-grundhever","tag-hannes-herrmann","tag-hansi-kuepper","tag-hartmut-von-kameke","tag-joachim-hebel","tag-juergen-schmitz","tag-karsten-linke","tag-klaus-veltmann","tag-magenta-sport","tag-marcel-meinert","tag-markus-gaupp","tag-markus-hoehner","tag-mdr","tag-roland-evers","tag-sky","tag-sport1","tag-sportdigital-fussball","tag-stefan-hempel","tag-sven-schroeter","tag-swr","tag-torsten-kunde","tag-torsten-mattuschka"],"_links":{"self":[{"href":"https:\/\/kommentatorenblog.de\/index.php?rest_route=\/wp\/v2\/posts\/9939","targetHints":{"allow":["GET"]}}],"collection":[{"href":"https:\/\/kommentatorenblog.de\/index.php?rest_route=\/wp\/v2\/posts"}],"about":[{"href":"https:\/\/kommentatorenblog.de\/index.php?rest_route=\/wp\/v2\/types\/post"}],"author":[{"embeddable":true,"href":"https:\/\/kommentatorenblog.de\/index.php?rest_route=\/wp\/v2\/users\/2"}],"replies":[{"embeddable":true,"href":"https:\/\/kommentatorenblog.de\/index.php?rest_route=%2Fwp%2Fv2%2Fcomments&post=9939"}],"version-history":[{"count":39,"href":"https:\/\/kommentatorenblog.de\/index.php?rest_route=\/wp\/v2\/posts\/9939\/revisions"}],"predecessor-version":[{"id":9999,"href":"https:\/\/kommentatorenblog.de\/index.php?rest_route=\/wp\/v2\/posts\/9939\/revisions\/9999"}],"wp:attachment":[{"href":"https:\/\/kommentatorenblog.de\/index.php?rest_route=%2Fwp%2Fv2%2Fmedia&parent=9939"}],"wp:term":[{"taxonomy":"category","embeddable":true,"href":"https:\/\/kommentatorenblog.de\/index.php?rest_route=%2Fwp%2Fv2%2Fcategories&post=9939"},{"taxonomy":"post_tag","embeddable":true,"href":"https:\/\/kommentatorenblog.de\/index.php?rest_route=%2Fwp%2Fv2%2Ftags&post=9939"}],"curies":[{"name":"wp","href":"https:\/\/api.w.org\/{rel}","templated":true}]}}